{"id":45330,"date":"2026-04-25T17:02:56","date_gmt":"2026-04-25T20:02:56","guid":{"rendered":"https:\/\/larevistadigital.com.ar\/blog\/?p=45330"},"modified":"2026-04-25T17:02:56","modified_gmt":"2026-04-25T20:02:56","slug":"tragedia-a-bordo-en-mar-del-plata-hallan-muerto-a-un-tripulante-de-37-anos-y-activan-un-operativo-en-el-puerto","status":"publish","type":"post","link":"https:\/\/larevistadigital.com.ar\/blog\/tragedia-a-bordo-en-mar-del-plata-hallan-muerto-a-un-tripulante-de-37-anos-y-activan-un-operativo-en-el-puerto\/","title":{"rendered":"Tragedia a bordo en Mar del Plata: hallan muerto a un tripulante de 37 a\u00f1os y activan un operativo en el puerto"},"content":{"rendered":"<div class=\"flex h-svh w-screen flex-col\">\n<div class=\"relative z-0 flex min-h-0 w-full flex-1\">\n<div class=\"relative flex min-h-0 w-full flex-1\">\n<div class=\"@container\/main relative flex min-w-0 flex-1 flex-col -translate-y-[calc(env(safe-area-inset-bottom,0px)\/2)] pt-[calc(env(safe-area-inset-bottom,0px)\/2)]\">\n<div class=\"@w-sm\/main:[scrollbar-gutter:var(--stage-scroll-gutter)] touch:[scrollbar-width:none] group\/scroll-root relative flex min-h-0 min-w-0 flex-1 flex-col [scrollbar-gutter:stable] not-print:overflow-x-clip not-print:overflow-y-auto group-data-stream-active\/scroll-root:[overflow-anchor:none] scroll-pt-(--header-height) [--sticky-padding-top:var(--header-height)] [--sticky-padding-bottom:0px] [--scroll-root-safe-area-inset-top:calc(var(--sticky-padding-top)+env(safe-area-inset-top,0px))] [--scroll-root-safe-area-inset-bottom:calc(var(--sticky-padding-bottom)+var(--screen-keyboard-height,0px)+env(safe-area-inset-bottom,0px))] [--scroll-root-safe-area-height:calc(100lvh-var(--scroll-root-safe-area-inset-top)-var(--scroll-root-safe-area-inset-bottom))] has-data-[fixed-header=less-than-xl]:@w-xl\/main:scroll-pt-0 has-data-[fixed-header=less-than-xl]:@w-xl\/main:[--sticky-padding-top:0px] has-data-[fixed-header=less-than-xxl]:@w-2xl\/main:scroll-pt-0 has-data-[fixed-header=less-than-xxl]:@w-2xl\/main:[--sticky-padding-top:0px]\" data-scroll-root=\"\" data-scroll-from-top=\"\"><main id=\"main\" class=\"min-h-0 flex-1\"><\/p>\n<div id=\"thread\" class=\"group\/thread flex flex-col min-h-full\">\n<div class=\"composer-parent flex flex-1 flex-col focus-visible:outline-0\" role=\"presentation\">\n<div class=\"relative basis-auto flex-col -mb-(--composer-overlap-px) pb-(--composer-overlap-px) [--composer-overlap-px:28px] grow flex\">\n<div class=\"flex flex-col text-sm\">\n<div class=\"\" data-turn-id-container=\"request-69e58da6-ad78-83e9-a8b2-e310aa1f317e-0\" data-is-intersecting=\"true\">\n<section class=\"text-token-text-primary w-full focus:outline-none [--shadow-height:45px] has-data-writing-block:pointer-events-none has-data-writing-block:-mt-(--shadow-height) has-data-writing-block:pt-(--shadow-height) [&amp;:has([data-writing-block])&gt;*]:pointer-events-auto R6Vx5W_threadScrollVars scroll-mb-[calc(var(--scroll-root-safe-area-inset-bottom,0px)+var(--thread-response-height))] scroll-mt-[calc(var(--header-height)+min(200px,max(70px,20svh)))]\" dir=\"auto\" data-turn-id=\"request-69e58da6-ad78-83e9-a8b2-e310aa1f317e-0\" data-testid=\"conversation-turn-36\" data-scroll-anchor=\"false\" data-turn=\"assistant\">\n<div class=\"text-base my-auto mx-auto pb-10 [--thread-content-margin:var(--thread-content-margin-xs,calc(var(--spacing)*4))] @w-sm\/main:[--thread-content-margin:var(--thread-content-margin-sm,calc(var(--spacing)*6))] @w-lg\/main:[--thread-content-margin:var(--thread-content-margin-lg,calc(var(--spacing)*16))] px-(--thread-content-margin)\">\n<div class=\"[--thread-content-max-width:40rem] @w-lg\/main:[--thread-content-max-width:48rem] mx-auto max-w-(--thread-content-max-width) flex-1 group\/turn-messages focus-visible:outline-hidden relative flex w-full min-w-0 flex-col agent-turn\">\n<div class=\"flex max-w-full flex-col gap-4 grow\">\n<div class=\"min-h-8 text-message relative flex w-full flex-col items-end gap-2 text-start break-words whitespace-normal outline-none keyboard-focused:focus-ring [.text-message+&amp;]:mt-1\" dir=\"auto\" data-message-author-role=\"assistant\" data-message-id=\"745e2473-aa66-4f72-87d9-275280aef7ec\" data-message-model-slug=\"gpt-5-3\" data-turn-start-message=\"true\">\n<div class=\"flex w-full flex-col gap-1 empty:hidden\">\n<div class=\"markdown prose dark:prose-invert w-full wrap-break-word light markdown-new-styling\">\n<p data-start=\"100\" data-end=\"264\"><strong data-start=\"100\" data-end=\"264\">El hombre hab\u00eda manifestado s\u00edntomas previos y no despert\u00f3 este s\u00e1bado. Prefectura coordin\u00f3 el traslado del cuerpo y se investigan las causas del fallecimiento.<\/strong><\/p>\n<p data-start=\"100\" data-end=\"264\">25 de abril de 2026<\/p>\n<p data-start=\"266\" data-end=\"475\"><strong>MAR DEL PLATA &#8211;\u00a0<\/strong> \u00a0Un dram\u00e1tico episodio se registr\u00f3 en las \u00faltimas horas cuando un hombre de 37 a\u00f1os fue hallado sin vida a bordo de un buque, lo que deriv\u00f3 en un operativo coordinado para el desembarco del cuerpo en el puerto.<\/p>\n<p data-start=\"477\" data-end=\"745\">Seg\u00fan la informaci\u00f3n preliminar, el tripulante hab\u00eda presentado s\u00edntomas durante la jornada previa: dolor en el pecho, molestias en la garganta y n\u00e1useas. Incluso, habr\u00eda realizado consultas m\u00e9dicas ante ese cuadro, aunque su estado no hac\u00eda prever un desenlace fatal.<\/p>\n<blockquote>\n<h3 data-start=\"747\" data-end=\"969\">La situaci\u00f3n cambi\u00f3 por completo en la ma\u00f1ana de este s\u00e1bado, cuando sus compa\u00f1eros advirtieron que el hombre no despertaba. De inmediato se dio aviso a la Prefectura Naval Argentina, que activ\u00f3 el protocolo de emergencia.<\/h3>\n<\/blockquote>\n<p data-start=\"971\" data-end=\"1230\">A partir de all\u00ed, se organiz\u00f3 un operativo con intervenci\u00f3n m\u00e9dica: una unidad sanitaria estableci\u00f3 un punto de encuentro con la embarcaci\u00f3n y posteriormente se procedi\u00f3 al traslado del cuerpo hacia la escollera, donde finalmente se constat\u00f3 el fallecimiento.<\/p>\n<blockquote>\n<h3 data-start=\"1232\" data-end=\"1441\">Por estas horas, las autoridades trabajan para determinar qu\u00e9 ocurri\u00f3. El caso fue inicialmente caratulado como \u00f3bito, a la espera de las pericias que permitan establecer con precisi\u00f3n las causas de la muerte.<\/h3>\n<\/blockquote>\n<p data-start=\"1443\" data-end=\"1643\" data-is-last-node=\"\" data-is-only-node=\"\">El hecho genera impacto en el \u00e1mbito portuario, donde el trabajo en altamar implica condiciones exigentes y, muchas veces, situaciones de salud que requieren respuestas r\u00e1pidas en contextos complejos.<\/p>\n<\/div>\n<\/div>\n<\/div>\n<\/div>\n<div class=\"z-0 flex min-h-[46px] justify-start\">Fuente e imagen: 0223.com.ar<\/div>\n<div class=\"mt-3 w-full empty:hidden\">\n<div class=\"text-center\"><\/div>\n<\/div>\n<\/div>\n<\/div>\n<\/section>\n<\/div>\n<\/div>\n<\/div>\n<\/div>\n<\/div>\n<p><\/main><\/div>\n<\/div>\n<\/div>\n<\/div>\n<\/div>\n","protected":false},"excerpt":{"rendered":"<div class=\"mh-excerpt\"><p>El hombre hab\u00eda manifestado s\u00edntomas previos y no despert\u00f3 este s\u00e1bado. Prefectura coordin\u00f3 el traslado del cuerpo y se investigan las causas del fallecimiento. 25 de abril de 2026 MAR DEL PLATA &#8211;\u00a0 \u00a0Un dram\u00e1tico <a class=\"mh-excerpt-more\" href=\"https:\/\/larevistadigital.com.ar\/blog\/tragedia-a-bordo-en-mar-del-plata-hallan-muerto-a-un-tripulante-de-37-anos-y-activan-un-operativo-en-el-puerto\/\" title=\"Tragedia a bordo en Mar del Plata: hallan muerto a un tripulante de 37 a\u00f1os y activan un operativo en el puerto\">[Leer M\u00e1s]<\/a><\/p>\n<\/div>","protected":false},"author":3,"featured_media":45331,"comment_status":"open","ping_status":"open","sticky":false,"template":"","format":"standard","meta":{"_jetpack_memberships_contains_paid_content":false,"footnotes":"","jetpack_publicize_message":"","jetpack_publicize_feature_enabled":true,"jetpack_social_post_already_shared":true,"jetpack_social_options":{"image_generator_settings":{"template":"highway","default_image_id":0,"font":"","enabled":false},"version":2}},"categories":[44,51],"tags":[],"class_list":{"0":"post-45330","1":"post","2":"type-post","3":"status-publish","4":"format-standard","5":"has-post-thumbnail","7":"category-policiales","8":"category-regionales"},"jetpack_publicize_connections":[],"jetpack_featured_media_url":"https:\/\/i0.wp.com\/larevistadigital.com.ar\/blog\/wp-content\/uploads\/Captura-de-pantalla-2026-04-25-170035.jpg?fit=807%2C407&ssl=1","jetpack_sharing_enabled":true,"jetpack_shortlink":"https:\/\/wp.me\/p8qtrQ-bN8","jetpack-related-posts":[{"id":28708,"url":"https:\/\/larevistadigital.com.ar\/blog\/mar-del-plata-hallan-muerto-en-el-puerto-a-un-joven-de-balcarce\/","url_meta":{"origin":45330,"position":0},"title":"MAR DEL PLATA: HALLAN MUERTO EN EL PUERTO A UN JOVEN DE BALCARCE","author":"Alejandro Sosa Ruda","date":"31 octubre, 2022","format":false,"excerpt":"Se trata de establecer las causas pero se presume que fue atropellado por un automovilista que huy\u00f3 del lugar. 31 de octubre de 2022 MAR DEL PLATA -\u00a0 Un joven de 24 a\u00f1os, oriundo de la localidad de Balcarce, fue hallado sin vida en una calle del Puerto y por\u2026","rel":"","context":"En \u00abINTERES GENERAL\u00bb","block_context":{"text":"INTERES GENERAL","link":"https:\/\/larevistadigital.com.ar\/blog\/category\/interes-general\/"},"img":{"alt_text":"","src":"https:\/\/i0.wp.com\/larevistadigital.com.ar\/blog\/wp-content\/uploads\/ambulancia-same.png?fit=806%2C432&ssl=1&resize=350%2C200","width":350,"height":200,"srcset":"https:\/\/i0.wp.com\/larevistadigital.com.ar\/blog\/wp-content\/uploads\/ambulancia-same.png?fit=806%2C432&ssl=1&resize=350%2C200 1x, https:\/\/i0.wp.com\/larevistadigital.com.ar\/blog\/wp-content\/uploads\/ambulancia-same.png?fit=806%2C432&ssl=1&resize=525%2C300 1.5x, https:\/\/i0.wp.com\/larevistadigital.com.ar\/blog\/wp-content\/uploads\/ambulancia-same.png?fit=806%2C432&ssl=1&resize=700%2C400 2x"},"classes":[]},{"id":37577,"url":"https:\/\/larevistadigital.com.ar\/blog\/tragedia-en-castelli-un-muerto-y-cuatro-heridos-tras-el-despiste-de-un-micro-en-la-ruta-2\/","url_meta":{"origin":45330,"position":1},"title":"Tragedia en Castelli: un muerto y cuatro heridos tras el despiste de un micro en la ruta 2","author":"Alejandro Sosa Ruda","date":"20 octubre, 2024","format":false,"excerpt":"Accidente fatal, se desconocen a\u00fan las causas que lo originaron. 20 de Octubre de 2024 CASTELLI -\u00a0 \u00a0En un fatal accidente un colectivo de la empresa PlataBus,\u00a0\u200bdespist\u00f3 a la altura del kil\u00f3metro 185 de la Autov\u00eda 2\u00a0en la mano hacia\u00a0 Mar del Plata.\u00a0 La causa del siniestro, habr\u00eda sido una\u2026","rel":"","context":"En \u00abCASTELLI\u00bb","block_context":{"text":"CASTELLI","link":"https:\/\/larevistadigital.com.ar\/blog\/category\/castelli\/"},"img":{"alt_text":"","src":"https:\/\/i0.wp.com\/larevistadigital.com.ar\/blog\/wp-content\/uploads\/fb6419854f90c4174408b94ad6806f38f4326539.jpg?fit=1140%2C630&ssl=1&resize=350%2C200","width":350,"height":200,"srcset":"https:\/\/i0.wp.com\/larevistadigital.com.ar\/blog\/wp-content\/uploads\/fb6419854f90c4174408b94ad6806f38f4326539.jpg?fit=1140%2C630&ssl=1&resize=350%2C200 1x, https:\/\/i0.wp.com\/larevistadigital.com.ar\/blog\/wp-content\/uploads\/fb6419854f90c4174408b94ad6806f38f4326539.jpg?fit=1140%2C630&ssl=1&resize=525%2C300 1.5x, https:\/\/i0.wp.com\/larevistadigital.com.ar\/blog\/wp-content\/uploads\/fb6419854f90c4174408b94ad6806f38f4326539.jpg?fit=1140%2C630&ssl=1&resize=700%2C400 2x, https:\/\/i0.wp.com\/larevistadigital.com.ar\/blog\/wp-content\/uploads\/fb6419854f90c4174408b94ad6806f38f4326539.jpg?fit=1140%2C630&ssl=1&resize=1050%2C600 3x"},"classes":[]},{"id":44534,"url":"https:\/\/larevistadigital.com.ar\/blog\/mar-del-plata-hallaron-muerto-a-un-nadador-en-el-mar-tras-un-amplio-operativo-de-busqueda\/","url_meta":{"origin":45330,"position":2},"title":"Mar del Plata: Hallaron muerto a un nadador en el mar tras un amplio operativo de b\u00fasqueda","author":"Alejandro Sosa Ruda","date":"16 marzo, 2026","format":false,"excerpt":"El hombre hab\u00eda ingresado a nadar por la escollera de Cabo Corrientes. Su cuerpo fue encontrado a unos 1700 metros del lugar donde dej\u00f3 sus pertenencias. 16 de marzo de 2026 MAR DEL PLATA -\u00a0 \u00a0Un intenso operativo de b\u00fasqueda termin\u00f3 este lunes con el hallazgo del cuerpo de un\u2026","rel":"","context":"En \u00abPOLICIALES\u00bb","block_context":{"text":"POLICIALES","link":"https:\/\/larevistadigital.com.ar\/blog\/category\/policiales\/"},"img":{"alt_text":"","src":"https:\/\/i0.wp.com\/larevistadigital.com.ar\/blog\/wp-content\/uploads\/Captura-de-pantalla-2026-03-16-145317.jpg?fit=815%2C334&ssl=1&resize=350%2C200","width":350,"height":200,"srcset":"https:\/\/i0.wp.com\/larevistadigital.com.ar\/blog\/wp-content\/uploads\/Captura-de-pantalla-2026-03-16-145317.jpg?fit=815%2C334&ssl=1&resize=350%2C200 1x, https:\/\/i0.wp.com\/larevistadigital.com.ar\/blog\/wp-content\/uploads\/Captura-de-pantalla-2026-03-16-145317.jpg?fit=815%2C334&ssl=1&resize=525%2C300 1.5x, https:\/\/i0.wp.com\/larevistadigital.com.ar\/blog\/wp-content\/uploads\/Captura-de-pantalla-2026-03-16-145317.jpg?fit=815%2C334&ssl=1&resize=700%2C400 2x"},"classes":[]},{"id":43758,"url":"https:\/\/larevistadigital.com.ar\/blog\/conmocion-hallan-a-un-hombre-muerto-dentro-de-una-vivienda-y-se-investiga-un-homicidio\/","url_meta":{"origin":45330,"position":3},"title":"Conmoci\u00f3n: hallan a un hombre muerto dentro de una vivienda y se investiga un homicidio","author":"Alejandro Sosa Ruda","date":"4 febrero, 2026","format":false,"excerpt":"La v\u00edctima, de entre 40 y 50 a\u00f1os, fue encontrada desnuda, con las manos atadas y un trapo en el rostro. Interviene el fiscal Leandro Ar\u00e9valo. 04 de febrero de 2026 MAR DEL PLATA -\u00a0 \u00a0Un hombre fue hallado sin vida en el interior de una casa del barrio Los\u2026","rel":"","context":"En \u00abPOLICIALES\u00bb","block_context":{"text":"POLICIALES","link":"https:\/\/larevistadigital.com.ar\/blog\/category\/policiales\/"},"img":{"alt_text":"","src":"https:\/\/i0.wp.com\/larevistadigital.com.ar\/blog\/wp-content\/uploads\/Captura-de-pantalla-2026-02-04-135451.jpg?fit=804%2C322&ssl=1&resize=350%2C200","width":350,"height":200,"srcset":"https:\/\/i0.wp.com\/larevistadigital.com.ar\/blog\/wp-content\/uploads\/Captura-de-pantalla-2026-02-04-135451.jpg?fit=804%2C322&ssl=1&resize=350%2C200 1x, https:\/\/i0.wp.com\/larevistadigital.com.ar\/blog\/wp-content\/uploads\/Captura-de-pantalla-2026-02-04-135451.jpg?fit=804%2C322&ssl=1&resize=525%2C300 1.5x, https:\/\/i0.wp.com\/larevistadigital.com.ar\/blog\/wp-content\/uploads\/Captura-de-pantalla-2026-02-04-135451.jpg?fit=804%2C322&ssl=1&resize=700%2C400 2x"},"classes":[]},{"id":37436,"url":"https:\/\/larevistadigital.com.ar\/blog\/tragedia-un-hombre-murio-en-mar-del-plata-por-la-explosion-del-neumatico-de-un-camion\/","url_meta":{"origin":45330,"position":4},"title":"Tragedia: Un hombre muri\u00f3 en Mar del Plata por la explosi\u00f3n del neum\u00e1tico de un cami\u00f3n.","author":"Alejandro Sosa Ruda","date":"6 octubre, 2024","format":false,"excerpt":"La v\u00edctima estaba inflando el neum\u00e1tico cuando explot\u00f3. Lo llevaron pero no pudieron reanimarlo. 6 de Octubre de 2024 MAR DEL PLATA -\u00a0\u00a0 Una tragedia poco com\u00fan conmocion\u00f3 a la ciudad de Mar del Plata, cuando un hombre de 53 a\u00f1os de edad y empleado de una gomer\u00eda ubicada en\u2026","rel":"","context":"En \u00abPOLICIALES\u00bb","block_context":{"text":"POLICIALES","link":"https:\/\/larevistadigital.com.ar\/blog\/category\/policiales\/"},"img":{"alt_text":"","src":"https:\/\/i0.wp.com\/larevistadigital.com.ar\/blog\/wp-content\/uploads\/c84f8a2c095ae6fbf44a61ab3ebcb4093876bac5.png?fit=1140%2C638&ssl=1&resize=350%2C200","width":350,"height":200,"srcset":"https:\/\/i0.wp.com\/larevistadigital.com.ar\/blog\/wp-content\/uploads\/c84f8a2c095ae6fbf44a61ab3ebcb4093876bac5.png?fit=1140%2C638&ssl=1&resize=350%2C200 1x, https:\/\/i0.wp.com\/larevistadigital.com.ar\/blog\/wp-content\/uploads\/c84f8a2c095ae6fbf44a61ab3ebcb4093876bac5.png?fit=1140%2C638&ssl=1&resize=525%2C300 1.5x, https:\/\/i0.wp.com\/larevistadigital.com.ar\/blog\/wp-content\/uploads\/c84f8a2c095ae6fbf44a61ab3ebcb4093876bac5.png?fit=1140%2C638&ssl=1&resize=700%2C400 2x, https:\/\/i0.wp.com\/larevistadigital.com.ar\/blog\/wp-content\/uploads\/c84f8a2c095ae6fbf44a61ab3ebcb4093876bac5.png?fit=1140%2C638&ssl=1&resize=1050%2C600 3x"},"classes":[]},{"id":26380,"url":"https:\/\/larevistadigital.com.ar\/blog\/mar-del-plata-quiso-robar-y-murio-electrocutado\/","url_meta":{"origin":45330,"position":5},"title":"MAR DEL PLATA: QUISO ROBAR Y MURI\u00d3 ELECTROCUTADO","author":"Alejandro Sosa Ruda","date":"5 julio, 2022","format":false,"excerpt":"Era un hombre de 37 a\u00f1os- Ya fue detenido por robar un cartel en la v\u00eda p\u00fablica, hace una semana. El hombre ten\u00eda 37 a\u00f1os, y\u00a0falleci\u00f3 luego de sufrir una descarga el\u00e9ctrica cuando intentaba sustraer cables de una f\u00e1brica ubicada en el puerto de\u00a0Mar del Plata. Sucedi\u00f3 el\u00a0 pasado domingo,\u00a0\u2026","rel":"","context":"En \u00abPOLICIALES\u00bb","block_context":{"text":"POLICIALES","link":"https:\/\/larevistadigital.com.ar\/blog\/category\/policiales\/"},"img":{"alt_text":"","src":"https:\/\/i0.wp.com\/larevistadigital.com.ar\/blog\/wp-content\/uploads\/Screenshot_1-121.jpg?fit=1007%2C565&ssl=1&resize=350%2C200","width":350,"height":200,"srcset":"https:\/\/i0.wp.com\/larevistadigital.com.ar\/blog\/wp-content\/uploads\/Screenshot_1-121.jpg?fit=1007%2C565&ssl=1&resize=350%2C200 1x, https:\/\/i0.wp.com\/larevistadigital.com.ar\/blog\/wp-content\/uploads\/Screenshot_1-121.jpg?fit=1007%2C565&ssl=1&resize=525%2C300 1.5x, https:\/\/i0.wp.com\/larevistadigital.com.ar\/blog\/wp-content\/uploads\/Screenshot_1-121.jpg?fit=1007%2C565&ssl=1&resize=700%2C400 2x"},"classes":[]}],"_links":{"self":[{"href":"https:\/\/larevistadigital.com.ar\/blog\/wp-json\/wp\/v2\/posts\/45330","targetHints":{"allow":["GET"]}}],"collection":[{"href":"https:\/\/larevistadigital.com.ar\/blog\/wp-json\/wp\/v2\/posts"}],"about":[{"href":"https:\/\/larevistadigital.com.ar\/blog\/wp-json\/wp\/v2\/types\/post"}],"author":[{"embeddable":true,"href":"https:\/\/larevistadigital.com.ar\/blog\/wp-json\/wp\/v2\/users\/3"}],"replies":[{"embeddable":true,"href":"https:\/\/larevistadigital.com.ar\/blog\/wp-json\/wp\/v2\/comments?post=45330"}],"version-history":[{"count":1,"href":"https:\/\/larevistadigital.com.ar\/blog\/wp-json\/wp\/v2\/posts\/45330\/revisions"}],"predecessor-version":[{"id":45332,"href":"https:\/\/larevistadigital.com.ar\/blog\/wp-json\/wp\/v2\/posts\/45330\/revisions\/45332"}],"wp:featuredmedia":[{"embeddable":true,"href":"https:\/\/larevistadigital.com.ar\/blog\/wp-json\/wp\/v2\/media\/45331"}],"wp:attachment":[{"href":"https:\/\/larevistadigital.com.ar\/blog\/wp-json\/wp\/v2\/media?parent=45330"}],"wp:term":[{"taxonomy":"category","embeddable":true,"href":"https:\/\/larevistadigital.com.ar\/blog\/wp-json\/wp\/v2\/categories?post=45330"},{"taxonomy":"post_tag","embeddable":true,"href":"https:\/\/larevistadigital.com.ar\/blog\/wp-json\/wp\/v2\/tags?post=45330"}],"curies":[{"name":"wp","href":"https:\/\/api.w.org\/{rel}","templated":true}]}}