{"id":45334,"date":"2026-04-25T17:18:43","date_gmt":"2026-04-25T20:18:43","guid":{"rendered":"https:\/\/larevistadigital.com.ar\/blog\/?p=45334"},"modified":"2026-04-25T17:18:43","modified_gmt":"2026-04-25T20:18:43","slug":"kicillof-presidente-del-pj-bonaerense-el-peronismo-va-a-terminar-con-este-modelo-de-destruccion","status":"publish","type":"post","link":"https:\/\/larevistadigital.com.ar\/blog\/kicillof-presidente-del-pj-bonaerense-el-peronismo-va-a-terminar-con-este-modelo-de-destruccion\/","title":{"rendered":"Kicillof presidente del PJ bonaerense: \u201cEl peronismo va a terminar con este modelo de destrucci\u00f3n\u201d"},"content":{"rendered":"<h3 class=\"fparrafo cbajada fz18 lh25\">El gobernador provincial asumi\u00f3 el mando frente al Partido Justicialista bonaerense, en un acto rodeado de dirigentes kicillofistas en la capital de la Provincia de Buenos Aires.<\/h3>\n<p>25 de abril de 2026<\/p>\n<p class=\"selectionShareable\"><strong>Axel Kicillof<\/strong>, gobernador de la\u00a0<strong>Provincia de Buenos Aires<\/strong>, asumi\u00f3 el mando frente al\u00a0<strong>Partido Justicialista bonaerense<\/strong>, en un acto a puertas cerradas que cont\u00f3 con una fuerte presencia de los\u00a0<strong>dirigentes kicillofistas<\/strong>, aunque tambi\u00e9n hubo referentes de\u00a0<strong>La C\u00e1mpora<\/strong>\u00a0presentes.<\/p>\n<p class=\"selectionShareable\"><strong><em>\u201cEl plan que exist\u00eda para ocultar la crisis que sufre la\u00a0Argentina\u00a0se ha derrumbado: el desastre productivo, laboral, social y alimentario ya es innegable y tiene como \u00fanico responsable a\u00a0Javier Milei\u201d<\/em><\/strong>, afirm\u00f3 el gobernador\u00a0<strong>Axel Kicillof<\/strong>, al presidir la primera reuni\u00f3n del\u00a0<strong>Consejo del Partido Justicialista\u00a0<\/strong>de la\u00a0<strong>provincia de Buenos Aires<\/strong>.<\/p>\n<p class=\"selectionShareable\"><em><strong>\u201cNo fue ni el\u00a0riesgo kuka\u00a0ni la\u00a0pesada herencia\u00a0los que nos trajeron a esta situaci\u00f3n: desde el partido, desde la militancia, nuestra tarea es explicar en todos los barrios que la \u00fanica causa es la\u00a0pol\u00edtica econ\u00f3mica\u00a0del\u00a0Gobierno nacional\u201d<\/strong><\/em>, remarc\u00f3 el\u00a0<strong>Gobernador<\/strong>.<\/p>\n<p class=\"selectionShareable\"><em><strong>\u201cEstamos en una etapa de construcci\u00f3n en la que tenemos que ampliarnos hacia\u00a0sectores econ\u00f3micos, sociales y culturales\u00a0que muchas veces nos han sido adversos. No me refiero a\u00a0alianzas electorales, sino a salir al encuentro de todos aquellos que hoy se encuentran frustrados o espantados por el\u00a0programa de Milei. Esa es la tarea del peronismo: escucharlos, discutir y convencerlos\u201d<\/strong><\/em>, sostuvo\u00a0<strong>Kicillof<\/strong>.<\/p>\n<p class=\"selectionShareable\">Durante la reuni\u00f3n se design\u00f3 a\u00a0<strong>Ver\u00f3nica Magario<\/strong>\u00a0como vicepresidenta 1\u00ba y a\u00a0<strong>Federico Oterm\u00edn<\/strong>\u00a0como vicepresidente 2\u00ba, en tanto que\u00a0<strong>Mariano Cascallares<\/strong>\u00a0estar\u00e1 al frente de la Secretar\u00eda General,\u00a0<strong>Julio Alak de<\/strong>\u00a0la Secretar\u00eda de Formaci\u00f3n Pol\u00edtica y\u00a0<strong>Mariel Fern\u00e1ndez<\/strong>\u00a0de la Secretar\u00eda de las Mujeres y G\u00e9nero. Asimismo, se ratific\u00f3 a\u00a0<strong>Ariel Sujarchuk<\/strong>\u00a0como secretario de Finanzas y Tesorer\u00eda, y a\u00a0<strong>Noelia Casta\u00f1o<\/strong>\u00a0como subtesorera del partido. Adem\u00e1s, se abordaron cuestiones vinculadas a las campa\u00f1as de afiliaciones y a la formaci\u00f3n y capacitaci\u00f3n pol\u00edtica.<\/p>\n<p class=\"selectionShareable\">Por \u00faltimo,\u00a0<strong>Kicillof\u00a0<\/strong>afirm\u00f3: <em><strong>\u201cNuestro trabajo principal e hist\u00f3rico es terminar con esta pesadilla, y nada mejor para hacerlo que ofrecer un sue\u00f1o y una alternativa para devolverle la\u00a0esperanza al pueblo. Frente a la antipol\u00edtica, tenemos que estar en la calle, acompa\u00f1ando y resistiendo: el peronismo de la\u00a0provincia de Buenos Aires\u00a0va a ser el responsable de terminar con este modelo de\u00a0destrucci\u00f3n\u201d.<\/strong><\/em><\/p>\n<p>Finalmente, se inform\u00f3 que el\u00a0<strong>pr\u00f3ximo mi\u00e9rcoles<\/strong>\u00a0se realizar\u00e1 una movilizaci\u00f3n junto a\u00a0<strong>intendentes\u00a0<\/strong>hacia el\u00a0<strong>Ministerio de Capital Humano<\/strong>\u00a0para reclamar por los recursos que le corresponden a la\u00a0<strong>Provincia\u00a0<\/strong>para sostener los servicios alimentarios en las\u00a0<strong>escuelas<\/strong>.<\/p>\n","protected":false},"excerpt":{"rendered":"<div class=\"mh-excerpt\"><p>El gobernador provincial asumi\u00f3 el mando frente al Partido Justicialista bonaerense, en un acto rodeado de dirigentes kicillofistas en la capital de la Provincia de Buenos Aires. 25 de abril de 2026 Axel Kicillof, gobernador <a class=\"mh-excerpt-more\" href=\"https:\/\/larevistadigital.com.ar\/blog\/kicillof-presidente-del-pj-bonaerense-el-peronismo-va-a-terminar-con-este-modelo-de-destruccion\/\" title=\"Kicillof presidente del PJ bonaerense: \u201cEl peronismo va a terminar con este modelo de destrucci\u00f3n\u201d\">[Leer M\u00e1s]<\/a><\/p>\n<\/div>","protected":false},"author":3,"featured_media":45335,"comment_status":"open","ping_status":"open","sticky":false,"template":"","format":"standard","meta":{"_jetpack_memberships_contains_paid_content":false,"footnotes":"","jetpack_publicize_message":"","jetpack_publicize_feature_enabled":true,"jetpack_social_post_already_shared":true,"jetpack_social_options":{"image_generator_settings":{"template":"highway","default_image_id":0,"font":"","enabled":false},"version":2}},"categories":[12,51],"tags":[],"class_list":{"0":"post-45334","1":"post","2":"type-post","3":"status-publish","4":"format-standard","5":"has-post-thumbnail","7":"category-politica","8":"category-regionales"},"jetpack_publicize_connections":[],"jetpack_featured_media_url":"https:\/\/i0.wp.com\/larevistadigital.com.ar\/blog\/wp-content\/uploads\/Captura-de-pantalla-2026-04-25-171400.jpg?fit=870%2C375&ssl=1","jetpack_sharing_enabled":true,"jetpack_shortlink":"https:\/\/wp.me\/p8qtrQ-bNc","jetpack-related-posts":[{"id":43855,"url":"https:\/\/larevistadigital.com.ar\/blog\/el-pj-bonaerense-firmo-la-unidad-axel-kicillof-como-presidente-y-magario-vice\/","url_meta":{"origin":45334,"position":0},"title":"El PJ Bonaerense firm\u00f3 la unidad: Axel Kicillof como presidente y Magario \u201cvice\u201d","author":"Alejandro Sosa Ruda","date":"7 febrero, 2026","format":false,"excerpt":"Tras arduas negociaciones, el PJ Bonaerense sell\u00f3 la unidad con Axel Kicillof como candidato \u00fanico a presidente del partido. 07 de febrero de 2026 A horas del cierre de listas, el PJ Bonaerense oficializ\u00f3 el acuerdo. Axel Kicillof presidir\u00e1 el partido en relevo de M\u00e1ximo Kirchner, mientras que lo acompa\u00f1ar\u00e1\u2026","rel":"","context":"En \u00abINTERES GENERAL\u00bb","block_context":{"text":"INTERES GENERAL","link":"https:\/\/larevistadigital.com.ar\/blog\/category\/interes-general\/"},"img":{"alt_text":"","src":"https:\/\/i0.wp.com\/larevistadigital.com.ar\/blog\/wp-content\/uploads\/Captura-de-pantalla-2026-02-07-143723.jpg?fit=773%2C432&ssl=1&resize=350%2C200","width":350,"height":200,"srcset":"https:\/\/i0.wp.com\/larevistadigital.com.ar\/blog\/wp-content\/uploads\/Captura-de-pantalla-2026-02-07-143723.jpg?fit=773%2C432&ssl=1&resize=350%2C200 1x, https:\/\/i0.wp.com\/larevistadigital.com.ar\/blog\/wp-content\/uploads\/Captura-de-pantalla-2026-02-07-143723.jpg?fit=773%2C432&ssl=1&resize=525%2C300 1.5x, https:\/\/i0.wp.com\/larevistadigital.com.ar\/blog\/wp-content\/uploads\/Captura-de-pantalla-2026-02-07-143723.jpg?fit=773%2C432&ssl=1&resize=700%2C400 2x"},"classes":[]},{"id":33863,"url":"https:\/\/larevistadigital.com.ar\/blog\/axel-kicillof-encabezara-una-caravana-desde-berisso-hasta-la-matanza\/","url_meta":{"origin":45334,"position":1},"title":"AXEL KICILLOF ENCABEZAR\u00c1 UNA CARAVANA DESDE BERISSO HASTA LA MATANZA","author":"Alejandro Sosa Ruda","date":"5 octubre, 2023","format":false,"excerpt":"La movilizaci\u00f3n partir\u00e1 desde el famoso \"kil\u00f3metro cero del peronismo\". Axel Kicillof dar\u00e1 un discurso junto a Julio Alak y Fabi\u00e1n Cagliardi. 05 de Otubre de 2023 BUENOS AIRES -\u00a0 El gobernador y candidato a la reelecci\u00f3n de la provincia de Buenos Aires por Uni\u00f3n por la Patria (UxP), Axel\u2026","rel":"","context":"En \u00abDESTACADAS\u00bb","block_context":{"text":"DESTACADAS","link":"https:\/\/larevistadigital.com.ar\/blog\/category\/destacadas\/"},"img":{"alt_text":"","src":"https:\/\/i0.wp.com\/larevistadigital.com.ar\/blog\/wp-content\/uploads\/Captura-de-pantalla-2023-10-05-210030.png?fit=887%2C520&ssl=1&resize=350%2C200","width":350,"height":200,"srcset":"https:\/\/i0.wp.com\/larevistadigital.com.ar\/blog\/wp-content\/uploads\/Captura-de-pantalla-2023-10-05-210030.png?fit=887%2C520&ssl=1&resize=350%2C200 1x, https:\/\/i0.wp.com\/larevistadigital.com.ar\/blog\/wp-content\/uploads\/Captura-de-pantalla-2023-10-05-210030.png?fit=887%2C520&ssl=1&resize=525%2C300 1.5x, https:\/\/i0.wp.com\/larevistadigital.com.ar\/blog\/wp-content\/uploads\/Captura-de-pantalla-2023-10-05-210030.png?fit=887%2C520&ssl=1&resize=700%2C400 2x"},"classes":[]},{"id":43787,"url":"https:\/\/larevistadigital.com.ar\/blog\/el-acuerdo-para-que-kicillof-presida-el-pj-bonaerense-avanza-reunion-y-aspectos-cruciales-en-la-mesa\/","url_meta":{"origin":45334,"position":2},"title":"El acuerdo para que Kicillof presida el PJ bonaerense avanza: reuni\u00f3n y aspectos cruciales en la mesa","author":"Alejandro Sosa Ruda","date":"4 febrero, 2026","format":false,"excerpt":"En un encuentro realizado ayer, el kicillofismo y La C\u00e1mpora dieron un nuevo paso para que se concrete el acuerdo que le de luz verde a la candidatura de Kicillof como presidente del justicialismo provincial. 04 de febrero de 2026 BUENOS AIRES\u00a0 -\u00a0 \u00a0Aunque la fecha l\u00edmite para la presentaci\u00f3n\u2026","rel":"","context":"En \u00abPOLITICA PROVINCIAL\u00bb","block_context":{"text":"POLITICA PROVINCIAL","link":"https:\/\/larevistadigital.com.ar\/blog\/category\/politica\/politica-provincial\/"},"img":{"alt_text":"","src":"https:\/\/i0.wp.com\/larevistadigital.com.ar\/blog\/wp-content\/uploads\/Captura-de-pantalla-2026-02-04-233439.jpg?fit=779%2C444&ssl=1&resize=350%2C200","width":350,"height":200,"srcset":"https:\/\/i0.wp.com\/larevistadigital.com.ar\/blog\/wp-content\/uploads\/Captura-de-pantalla-2026-02-04-233439.jpg?fit=779%2C444&ssl=1&resize=350%2C200 1x, https:\/\/i0.wp.com\/larevistadigital.com.ar\/blog\/wp-content\/uploads\/Captura-de-pantalla-2026-02-04-233439.jpg?fit=779%2C444&ssl=1&resize=525%2C300 1.5x, https:\/\/i0.wp.com\/larevistadigital.com.ar\/blog\/wp-content\/uploads\/Captura-de-pantalla-2026-02-04-233439.jpg?fit=779%2C444&ssl=1&resize=700%2C400 2x"},"classes":[]},{"id":35080,"url":"https:\/\/larevistadigital.com.ar\/blog\/el-ex-diputado-chascomunense-jose-ignacio-cote-rossi-asumio-como-viceministro-de-cultura-de-la-provincia-de-buenos-aires\/","url_meta":{"origin":45334,"position":3},"title":"EL EX DIPUTADO CHASCOMUNENSE JOSE IGNACIO \u00abCOTE\u00bb ROSSI ASUMI\u00d3 COMO VICEMINISTRO DE CULTURA DE LA PROVINCIA DE BUENOS AIRES","author":"Alejandro Sosa Ruda","date":"22 enero, 2024","format":false,"excerpt":"Otra vez un representante de Chascom\u00fas ocupa una importante posici\u00f3n pol\u00edtica, ahora en el gabinete de Axel Kicillof. 22 de enero de 2023 BUENOS AIRES -\u00a0 Originario de Chascom\u00fas, \"Cote\" Rossi, quien ocup\u00f3 el cargo de legislador provincial hasta el 10 de diciembre, ha sido seleccionado para desempe\u00f1ar el rol\u2026","rel":"","context":"En \u00abINTERES GENERAL\u00bb","block_context":{"text":"INTERES GENERAL","link":"https:\/\/larevistadigital.com.ar\/blog\/category\/interes-general\/"},"img":{"alt_text":"","src":"https:\/\/i0.wp.com\/larevistadigital.com.ar\/blog\/wp-content\/uploads\/WhatsApp-Image-2024-01-22-at-20.23.03.jpeg?fit=600%2C400&ssl=1&resize=350%2C200","width":350,"height":200,"srcset":"https:\/\/i0.wp.com\/larevistadigital.com.ar\/blog\/wp-content\/uploads\/WhatsApp-Image-2024-01-22-at-20.23.03.jpeg?fit=600%2C400&ssl=1&resize=350%2C200 1x, https:\/\/i0.wp.com\/larevistadigital.com.ar\/blog\/wp-content\/uploads\/WhatsApp-Image-2024-01-22-at-20.23.03.jpeg?fit=600%2C400&ssl=1&resize=525%2C300 1.5x"},"classes":[]},{"id":33840,"url":"https:\/\/larevistadigital.com.ar\/blog\/kicillof-encabeza-a-las-16-un-acto-en-el-estadio-atenas-de-la-plata\/","url_meta":{"origin":45334,"position":4},"title":"KICILLOF ENCABEZA A LAS 16 UN ACTO EN EL ESTADIO ATENAS DE LA PLATA","author":"Alejandro Sosa Ruda","date":"5 octubre, 2023","format":false,"excerpt":"El encuentro es organizado por el ministro de Salud bonaerense, Nicol\u00e1s Kreplak, de cara a las pr\u00f3ximos elecciones. Axel Kicillof ser\u00e1 el orador principal. 05 de Octubre de 2023 LA PLATA -\u00a0 El gobernador de la Provincia de Buenos Aires, Axel Kicillof, encabezar\u00e1 el acto \"Salud por la Patria\", que\u2026","rel":"","context":"En \u00abDESTACADAS\u00bb","block_context":{"text":"DESTACADAS","link":"https:\/\/larevistadigital.com.ar\/blog\/category\/destacadas\/"},"img":{"alt_text":"","src":"https:\/\/i0.wp.com\/larevistadigital.com.ar\/blog\/wp-content\/uploads\/Captura-de-pantalla-2023-10-05-123952.png?fit=884%2C524&ssl=1&resize=350%2C200","width":350,"height":200,"srcset":"https:\/\/i0.wp.com\/larevistadigital.com.ar\/blog\/wp-content\/uploads\/Captura-de-pantalla-2023-10-05-123952.png?fit=884%2C524&ssl=1&resize=350%2C200 1x, https:\/\/i0.wp.com\/larevistadigital.com.ar\/blog\/wp-content\/uploads\/Captura-de-pantalla-2023-10-05-123952.png?fit=884%2C524&ssl=1&resize=525%2C300 1.5x, https:\/\/i0.wp.com\/larevistadigital.com.ar\/blog\/wp-content\/uploads\/Captura-de-pantalla-2023-10-05-123952.png?fit=884%2C524&ssl=1&resize=700%2C400 2x"},"classes":[]},{"id":42874,"url":"https:\/\/larevistadigital.com.ar\/blog\/kicillof-y-maximo-kirchner-negocian-en-silencio-quien-se-queda-con-el-pj-bonaerense\/","url_meta":{"origin":45334,"position":5},"title":"Kicillof y M\u00e1ximo Kirchner negocian en silencio: qui\u00e9n se queda con el PJ bonaerense","author":"Alejandro Sosa Ruda","date":"12 diciembre, 2025","format":false,"excerpt":"El Gobernador y el l\u00edder camporista exploran un acuerdo para evitar una ruptura total en el peronismo bonaerense. Suenan Oterm\u00edn y Ach\u00e1val como posibles reemplazos y La C\u00e1mpora ya pone condiciones. 12 de Diciembre de 2025 El gobernador\u00a0Axel Kicillof\u00a0y el diputado nacional\u00a0M\u00e1ximo Kirchner\u00a0reactivaron conversaciones reservadas para intentar contener la crisis\u2026","rel":"","context":"En \u00abPOLITICA\u00bb","block_context":{"text":"POLITICA","link":"https:\/\/larevistadigital.com.ar\/blog\/category\/politica\/"},"img":{"alt_text":"","src":"https:\/\/i0.wp.com\/larevistadigital.com.ar\/blog\/wp-content\/uploads\/Captura-de-pantalla-2025-12-12-183454.jpg?fit=736%2C457&ssl=1&resize=350%2C200","width":350,"height":200,"srcset":"https:\/\/i0.wp.com\/larevistadigital.com.ar\/blog\/wp-content\/uploads\/Captura-de-pantalla-2025-12-12-183454.jpg?fit=736%2C457&ssl=1&resize=350%2C200 1x, https:\/\/i0.wp.com\/larevistadigital.com.ar\/blog\/wp-content\/uploads\/Captura-de-pantalla-2025-12-12-183454.jpg?fit=736%2C457&ssl=1&resize=525%2C300 1.5x, https:\/\/i0.wp.com\/larevistadigital.com.ar\/blog\/wp-content\/uploads\/Captura-de-pantalla-2025-12-12-183454.jpg?fit=736%2C457&ssl=1&resize=700%2C400 2x"},"classes":[]}],"_links":{"self":[{"href":"https:\/\/larevistadigital.com.ar\/blog\/wp-json\/wp\/v2\/posts\/45334","targetHints":{"allow":["GET"]}}],"collection":[{"href":"https:\/\/larevistadigital.com.ar\/blog\/wp-json\/wp\/v2\/posts"}],"about":[{"href":"https:\/\/larevistadigital.com.ar\/blog\/wp-json\/wp\/v2\/types\/post"}],"author":[{"embeddable":true,"href":"https:\/\/larevistadigital.com.ar\/blog\/wp-json\/wp\/v2\/users\/3"}],"replies":[{"embeddable":true,"href":"https:\/\/larevistadigital.com.ar\/blog\/wp-json\/wp\/v2\/comments?post=45334"}],"version-history":[{"count":1,"href":"https:\/\/larevistadigital.com.ar\/blog\/wp-json\/wp\/v2\/posts\/45334\/revisions"}],"predecessor-version":[{"id":45336,"href":"https:\/\/larevistadigital.com.ar\/blog\/wp-json\/wp\/v2\/posts\/45334\/revisions\/45336"}],"wp:featuredmedia":[{"embeddable":true,"href":"https:\/\/larevistadigital.com.ar\/blog\/wp-json\/wp\/v2\/media\/45335"}],"wp:attachment":[{"href":"https:\/\/larevistadigital.com.ar\/blog\/wp-json\/wp\/v2\/media?parent=45334"}],"wp:term":[{"taxonomy":"category","embeddable":true,"href":"https:\/\/larevistadigital.com.ar\/blog\/wp-json\/wp\/v2\/categories?post=45334"},{"taxonomy":"post_tag","embeddable":true,"href":"https:\/\/larevistadigital.com.ar\/blog\/wp-json\/wp\/v2\/tags?post=45334"}],"curies":[{"name":"wp","href":"https:\/\/api.w.org\/{rel}","templated":true}]}}