{"id":45340,"date":"2026-04-25T21:23:47","date_gmt":"2026-04-26T00:23:47","guid":{"rendered":"https:\/\/larevistadigital.com.ar\/blog\/?p=45340"},"modified":"2026-04-25T21:23:47","modified_gmt":"2026-04-26T00:23:47","slug":"grave-accidente-en-dolores-un-motociclista-choco-contra-un-carro-en-medio-de-la-niebla","status":"publish","type":"post","link":"https:\/\/larevistadigital.com.ar\/blog\/grave-accidente-en-dolores-un-motociclista-choco-contra-un-carro-en-medio-de-la-niebla\/","title":{"rendered":"Grave accidente en Dolores: un motociclista choc\u00f3 contra un carro en medio de la niebla"},"content":{"rendered":"<h3 data-start=\"248\" data-end=\"476\">Un fuerte accidente de tr\u00e1nsito se registr\u00f3 en la ciudad de <span class=\"hover:entity-accent entity-underline inline cursor-pointer align-baseline\"><span class=\"whitespace-normal\">Dolores<\/span><\/span>, en la intersecci\u00f3n de las calles Pilotto y Ceresetto, donde un joven que circulaba en motocicleta protagoniz\u00f3 un violento choque.<\/h3>\n<p data-start=\"478\" data-end=\"749\">De acuerdo a la informaci\u00f3n preliminar, el motociclista roz\u00f3 un carro que se encontraba enganchado a una camioneta. El hecho ocurri\u00f3 en un contexto de visibilidad pr\u00e1cticamente nula debido a la intensa niebla, lo que habr\u00eda sido determinante en la mec\u00e1nica del siniestro.<\/p>\n<blockquote>\n<h3 data-start=\"751\" data-end=\"1035\">Como consecuencia del impacto, el joven sufri\u00f3 heridas de consideraci\u00f3n y fue trasladado de urgencia al Hospital Municipal, donde permanece bajo atenci\u00f3n m\u00e9dica. Seg\u00fan trascendi\u00f3, su estado genera preocupaci\u00f3n y no se descarta una eventual derivaci\u00f3n a un centro de mayor complejidad.<\/h3>\n<\/blockquote>\n<p data-start=\"1037\" data-end=\"1233\" data-is-last-node=\"\" data-is-only-node=\"\">El episodio vuelve a poner en foco los riesgos de circular en condiciones clim\u00e1ticas adversas, especialmente en zonas urbanas donde la visibilidad reducida puede derivar en accidentes de gravedad.<\/p>\n","protected":false},"excerpt":{"rendered":"<div class=\"mh-excerpt\"><p>Un fuerte accidente de tr\u00e1nsito se registr\u00f3 en la ciudad de Dolores, en la intersecci\u00f3n de las calles Pilotto y Ceresetto, donde un joven que circulaba en motocicleta protagoniz\u00f3 un violento choque. De acuerdo a <a class=\"mh-excerpt-more\" href=\"https:\/\/larevistadigital.com.ar\/blog\/grave-accidente-en-dolores-un-motociclista-choco-contra-un-carro-en-medio-de-la-niebla\/\" title=\"Grave accidente en Dolores: un motociclista choc\u00f3 contra un carro en medio de la niebla\">[Leer M\u00e1s]<\/a><\/p>\n<\/div>","protected":false},"author":3,"featured_media":45341,"comment_status":"open","ping_status":"open","sticky":false,"template":"","format":"standard","meta":{"_jetpack_memberships_contains_paid_content":false,"footnotes":"","jetpack_publicize_message":"","jetpack_publicize_feature_enabled":true,"jetpack_social_post_already_shared":true,"jetpack_social_options":{"image_generator_settings":{"template":"highway","default_image_id":0,"font":"","enabled":false},"version":2}},"categories":[43,44,51],"tags":[],"class_list":{"0":"post-45340","1":"post","2":"type-post","3":"status-publish","4":"format-standard","5":"has-post-thumbnail","7":"category-dolores","8":"category-policiales","9":"category-regionales"},"jetpack_publicize_connections":[],"jetpack_featured_media_url":"https:\/\/i0.wp.com\/larevistadigital.com.ar\/blog\/wp-content\/uploads\/Captura-de-pantalla-2026-04-25-212250.jpg?fit=1111%2C401&ssl=1","jetpack_sharing_enabled":true,"jetpack_shortlink":"https:\/\/wp.me\/p8qtrQ-bNi","jetpack-related-posts":[{"id":9461,"url":"https:\/\/larevistadigital.com.ar\/blog\/dolores-joven-motociclista-sufrio-un-grave-accidente-ahora-hay-cadena-de-oracion-por-su-salud\/","url_meta":{"origin":45340,"position":0},"title":"DOLORES: JOVEN MOTOCICLISTA SUFRI\u00d3 UN GRAVE ACCIDENTE, AHORA HAY CADENA DE ORACI\u00d3N POR SU SALUD","author":"Alejandro Sosa Ruda","date":"31 marzo, 2019","format":false,"excerpt":"Un joven perdi\u00f3 el control de su motocicleta\u00a0 Honda Wave 110 y choc\u00f3 violentamente contra un \u00e1rbol, por causas que se tratan de establecer. El hecho habr\u00eda sucedido aproximadamente a las 5:00 AM de este domingo en calle ing, Quadri al 1000, y el estado que reviste el muchacho es\u2026","rel":"","context":"En \u00abDOLORES\u00bb","block_context":{"text":"DOLORES","link":"https:\/\/larevistadigital.com.ar\/blog\/category\/dolores\/"},"img":{"alt_text":"","src":"https:\/\/i0.wp.com\/larevistadigital.com.ar\/blog\/wp-content\/uploads\/2019\/03\/Screenshot_2-17.jpg?fit=855%2C553&ssl=1&resize=350%2C200","width":350,"height":200,"srcset":"https:\/\/i0.wp.com\/larevistadigital.com.ar\/blog\/wp-content\/uploads\/2019\/03\/Screenshot_2-17.jpg?fit=855%2C553&ssl=1&resize=350%2C200 1x, https:\/\/i0.wp.com\/larevistadigital.com.ar\/blog\/wp-content\/uploads\/2019\/03\/Screenshot_2-17.jpg?fit=855%2C553&ssl=1&resize=525%2C300 1.5x, https:\/\/i0.wp.com\/larevistadigital.com.ar\/blog\/wp-content\/uploads\/2019\/03\/Screenshot_2-17.jpg?fit=855%2C553&ssl=1&resize=700%2C400 2x"},"classes":[]},{"id":42548,"url":"https:\/\/larevistadigital.com.ar\/blog\/un-motociclista-de-30-anos-murio-tras-un-choque-en-la-ruta-2-a-la-altura-de-sevigne\/","url_meta":{"origin":45340,"position":1},"title":"Un motociclista de 30 a\u00f1os muri\u00f3 tras un choque en la Ruta 2, a la altura de Sevign\u00e9","author":"Alejandro Sosa Ruda","date":"20 noviembre, 2025","format":false,"excerpt":"Un joven de 30 a\u00f1os, vecino de Pila, falleci\u00f3 anoche tras un violento choque ocurrido en el kil\u00f3metro 195 de la Ruta Provincial N\u00ba 2, en el paraje Sevign\u00e9, partido de Dolores. 20 de Noviembre de 2025 DOLORES -\u00a0 \u00a0El accidente involucr\u00f3 a un Peugeot 408 y una motocicleta Gilera\u2026","rel":"","context":"En \u00abDOLORES\u00bb","block_context":{"text":"DOLORES","link":"https:\/\/larevistadigital.com.ar\/blog\/category\/dolores\/"},"img":{"alt_text":"","src":"https:\/\/i0.wp.com\/larevistadigital.com.ar\/blog\/wp-content\/uploads\/031754340eec706fd6cfa157f884c5626edb260a.jpg?fit=1140%2C716&ssl=1&resize=350%2C200","width":350,"height":200,"srcset":"https:\/\/i0.wp.com\/larevistadigital.com.ar\/blog\/wp-content\/uploads\/031754340eec706fd6cfa157f884c5626edb260a.jpg?fit=1140%2C716&ssl=1&resize=350%2C200 1x, https:\/\/i0.wp.com\/larevistadigital.com.ar\/blog\/wp-content\/uploads\/031754340eec706fd6cfa157f884c5626edb260a.jpg?fit=1140%2C716&ssl=1&resize=525%2C300 1.5x, https:\/\/i0.wp.com\/larevistadigital.com.ar\/blog\/wp-content\/uploads\/031754340eec706fd6cfa157f884c5626edb260a.jpg?fit=1140%2C716&ssl=1&resize=700%2C400 2x, https:\/\/i0.wp.com\/larevistadigital.com.ar\/blog\/wp-content\/uploads\/031754340eec706fd6cfa157f884c5626edb260a.jpg?fit=1140%2C716&ssl=1&resize=1050%2C600 3x"},"classes":[]},{"id":35590,"url":"https:\/\/larevistadigital.com.ar\/blog\/accidente-fatal-camion-arrolla-a-motociclista\/","url_meta":{"origin":45340,"position":2},"title":"ACCIDENTE FATAL: CAMI\u00d3N ARROLLA A MOTOCICLISTA","author":"Alejandro Sosa Ruda","date":"16 marzo, 2024","format":false,"excerpt":"El joven iba en su motocicleta cuando fue arrollado por un cami\u00f3n. 16 de marzo de 2024 SANTA FE -\u00a0 El accidente ocurri\u00f3 en la tarde de ayer en la localidad de Frontera. Un joven de 18 a\u00f1os manejaba su motocicleta Zanella 110 cuando fue arrollado por un camion de\u2026","rel":"","context":"En \u00abSin categor\u00eda\u00bb","block_context":{"text":"Sin categor\u00eda","link":"https:\/\/larevistadigital.com.ar\/blog\/category\/sin-categoria\/"},"img":{"alt_text":"","src":"https:\/\/i0.wp.com\/larevistadigital.com.ar\/blog\/wp-content\/uploads\/432413075_820217110143423_7878312612943287937_n.jpg?fit=900%2C600&ssl=1&resize=350%2C200","width":350,"height":200,"srcset":"https:\/\/i0.wp.com\/larevistadigital.com.ar\/blog\/wp-content\/uploads\/432413075_820217110143423_7878312612943287937_n.jpg?fit=900%2C600&ssl=1&resize=350%2C200 1x, https:\/\/i0.wp.com\/larevistadigital.com.ar\/blog\/wp-content\/uploads\/432413075_820217110143423_7878312612943287937_n.jpg?fit=900%2C600&ssl=1&resize=525%2C300 1.5x, https:\/\/i0.wp.com\/larevistadigital.com.ar\/blog\/wp-content\/uploads\/432413075_820217110143423_7878312612943287937_n.jpg?fit=900%2C600&ssl=1&resize=700%2C400 2x"},"classes":[]},{"id":30459,"url":"https:\/\/larevistadigital.com.ar\/blog\/dolores-muere-una-mujer-en-un-accidente-fatal-en-la-ruta-63\/","url_meta":{"origin":45340,"position":3},"title":"DOLORES: MUERE UNA MUJER EN UN ACCIDENTE FATAL  EN LA RUTA 63","author":"Alejandro Sosa Ruda","date":"8 marzo, 2023","format":false,"excerpt":"La joven de 26 a\u00f1os perdi\u00f3 el control del veh\u00edculo, despist\u00f3 y volc\u00f3. 8 de marzo de 2023 DOLORES -\u00a0 Una mujer de 26 a\u00f1os, falleci\u00f3 como consecuencia de un tr\u00e1gico accidente se registr\u00f3 en la Ruta 63 a la altura de Dolores. La joven perdi\u00f3 el control del veh\u00edculo,\u2026","rel":"","context":"En \u00abDOLORES\u00bb","block_context":{"text":"DOLORES","link":"https:\/\/larevistadigital.com.ar\/blog\/category\/dolores\/"},"img":{"alt_text":"","src":"https:\/\/i0.wp.com\/larevistadigital.com.ar\/blog\/wp-content\/uploads\/f63ea82b4e3f22caa1f2022f314c373f8fb7eb32.jpg?fit=1140%2C706&ssl=1&resize=350%2C200","width":350,"height":200,"srcset":"https:\/\/i0.wp.com\/larevistadigital.com.ar\/blog\/wp-content\/uploads\/f63ea82b4e3f22caa1f2022f314c373f8fb7eb32.jpg?fit=1140%2C706&ssl=1&resize=350%2C200 1x, https:\/\/i0.wp.com\/larevistadigital.com.ar\/blog\/wp-content\/uploads\/f63ea82b4e3f22caa1f2022f314c373f8fb7eb32.jpg?fit=1140%2C706&ssl=1&resize=525%2C300 1.5x, https:\/\/i0.wp.com\/larevistadigital.com.ar\/blog\/wp-content\/uploads\/f63ea82b4e3f22caa1f2022f314c373f8fb7eb32.jpg?fit=1140%2C706&ssl=1&resize=700%2C400 2x, https:\/\/i0.wp.com\/larevistadigital.com.ar\/blog\/wp-content\/uploads\/f63ea82b4e3f22caa1f2022f314c373f8fb7eb32.jpg?fit=1140%2C706&ssl=1&resize=1050%2C600 3x"},"classes":[]},{"id":26906,"url":"https:\/\/larevistadigital.com.ar\/blog\/murio-un-motociclista-en-un-accidente-entre-gesell-y-pinamar\/","url_meta":{"origin":45340,"position":4},"title":"MURI\u00d3 UN MOTOCICLISTA EN UN ACCIDENTE ENTRE GESELL Y PINAMAR","author":"Alejandro Sosa Ruda","date":"1 agosto, 2022","format":false,"excerpt":"El joven ten\u00eda 22 a\u00f1os y su acompa\u00f1ante se encuentra internado. El s\u00e1bado por la tarde se registr\u00f3 otro fatal accidente de motos en los\u00a0m\u00e9danos,\u00a0en esta oportunidad en el l\u00edmite entre Villa Gesell y Pinamar. Seg\u00fan inform\u00f3 Central Madariaga, dos motociclistas, oriundos de Berazategui, sufrieron un siniestro en la zona\u2026","rel":"","context":"En \u00abPOLICIALES\u00bb","block_context":{"text":"POLICIALES","link":"https:\/\/larevistadigital.com.ar\/blog\/category\/policiales\/"},"img":{"alt_text":"","src":"https:\/\/i0.wp.com\/larevistadigital.com.ar\/blog\/wp-content\/uploads\/bbcc6bd4e80a8605307f907bfc40a035b95f528a.jpg?fit=1140%2C615&ssl=1&resize=350%2C200","width":350,"height":200,"srcset":"https:\/\/i0.wp.com\/larevistadigital.com.ar\/blog\/wp-content\/uploads\/bbcc6bd4e80a8605307f907bfc40a035b95f528a.jpg?fit=1140%2C615&ssl=1&resize=350%2C200 1x, https:\/\/i0.wp.com\/larevistadigital.com.ar\/blog\/wp-content\/uploads\/bbcc6bd4e80a8605307f907bfc40a035b95f528a.jpg?fit=1140%2C615&ssl=1&resize=525%2C300 1.5x, https:\/\/i0.wp.com\/larevistadigital.com.ar\/blog\/wp-content\/uploads\/bbcc6bd4e80a8605307f907bfc40a035b95f528a.jpg?fit=1140%2C615&ssl=1&resize=700%2C400 2x, https:\/\/i0.wp.com\/larevistadigital.com.ar\/blog\/wp-content\/uploads\/bbcc6bd4e80a8605307f907bfc40a035b95f528a.jpg?fit=1140%2C615&ssl=1&resize=1050%2C600 3x"},"classes":[]},{"id":37352,"url":"https:\/\/larevistadigital.com.ar\/blog\/mar-del-tuyu-muere-un-motociclista-en-un-accidente-en-la-ruta-11\/","url_meta":{"origin":45340,"position":5},"title":"Mar del Tuy\u00fa: Muere un motociclista en un accidente en la ruta 11","author":"Alejandro Sosa Ruda","date":"29 septiembre, 2024","format":false,"excerpt":"El veh\u00edculo en el que circulaba colision\u00f3 con un auto y el conductor sali\u00f3 despedido. 29 de Septiembre de 2024 PARTIDO DE LA COSTA -\u00a0 \u00a0El accidente ocurri\u00f3 el d\u00eda viernes, en la ruta 11 justo frente al ingreso de Mar del Tuy\u00fa, donde un motociclista perdi\u00f3 la vida minutos\u2026","rel":"","context":"En \u00abPOLICIALES\u00bb","block_context":{"text":"POLICIALES","link":"https:\/\/larevistadigital.com.ar\/blog\/category\/policiales\/"},"img":{"alt_text":"","src":"https:\/\/i0.wp.com\/larevistadigital.com.ar\/blog\/wp-content\/uploads\/fa1d18fe58e2a182012566d3f3846050229e662d.jpg?fit=1140%2C722&ssl=1&resize=350%2C200","width":350,"height":200,"srcset":"https:\/\/i0.wp.com\/larevistadigital.com.ar\/blog\/wp-content\/uploads\/fa1d18fe58e2a182012566d3f3846050229e662d.jpg?fit=1140%2C722&ssl=1&resize=350%2C200 1x, https:\/\/i0.wp.com\/larevistadigital.com.ar\/blog\/wp-content\/uploads\/fa1d18fe58e2a182012566d3f3846050229e662d.jpg?fit=1140%2C722&ssl=1&resize=525%2C300 1.5x, https:\/\/i0.wp.com\/larevistadigital.com.ar\/blog\/wp-content\/uploads\/fa1d18fe58e2a182012566d3f3846050229e662d.jpg?fit=1140%2C722&ssl=1&resize=700%2C400 2x, https:\/\/i0.wp.com\/larevistadigital.com.ar\/blog\/wp-content\/uploads\/fa1d18fe58e2a182012566d3f3846050229e662d.jpg?fit=1140%2C722&ssl=1&resize=1050%2C600 3x"},"classes":[]}],"_links":{"self":[{"href":"https:\/\/larevistadigital.com.ar\/blog\/wp-json\/wp\/v2\/posts\/45340","targetHints":{"allow":["GET"]}}],"collection":[{"href":"https:\/\/larevistadigital.com.ar\/blog\/wp-json\/wp\/v2\/posts"}],"about":[{"href":"https:\/\/larevistadigital.com.ar\/blog\/wp-json\/wp\/v2\/types\/post"}],"author":[{"embeddable":true,"href":"https:\/\/larevistadigital.com.ar\/blog\/wp-json\/wp\/v2\/users\/3"}],"replies":[{"embeddable":true,"href":"https:\/\/larevistadigital.com.ar\/blog\/wp-json\/wp\/v2\/comments?post=45340"}],"version-history":[{"count":1,"href":"https:\/\/larevistadigital.com.ar\/blog\/wp-json\/wp\/v2\/posts\/45340\/revisions"}],"predecessor-version":[{"id":45342,"href":"https:\/\/larevistadigital.com.ar\/blog\/wp-json\/wp\/v2\/posts\/45340\/revisions\/45342"}],"wp:featuredmedia":[{"embeddable":true,"href":"https:\/\/larevistadigital.com.ar\/blog\/wp-json\/wp\/v2\/media\/45341"}],"wp:attachment":[{"href":"https:\/\/larevistadigital.com.ar\/blog\/wp-json\/wp\/v2\/media?parent=45340"}],"wp:term":[{"taxonomy":"category","embeddable":true,"href":"https:\/\/larevistadigital.com.ar\/blog\/wp-json\/wp\/v2\/categories?post=45340"},{"taxonomy":"post_tag","embeddable":true,"href":"https:\/\/larevistadigital.com.ar\/blog\/wp-json\/wp\/v2\/tags?post=45340"}],"curies":[{"name":"wp","href":"https:\/\/api.w.org\/{rel}","templated":true}]}}