{"id":45345,"date":"2026-04-27T13:04:26","date_gmt":"2026-04-27T16:04:26","guid":{"rendered":"https:\/\/larevistadigital.com.ar\/blog\/?p=45345"},"modified":"2026-04-27T13:04:26","modified_gmt":"2026-04-27T16:04:26","slug":"crisis-universitaria-en-mar-del-plata-becas-congeladas-desercion-en-aumento-y-aulas-colapsadas","status":"publish","type":"post","link":"https:\/\/larevistadigital.com.ar\/blog\/crisis-universitaria-en-mar-del-plata-becas-congeladas-desercion-en-aumento-y-aulas-colapsadas\/","title":{"rendered":"Crisis universitaria en Mar del Plata: becas congeladas, deserci\u00f3n en aumento y aulas colapsadas"},"content":{"rendered":"<div class=\"flex h-svh w-screen flex-col\">\n<div class=\"relative z-0 flex min-h-0 w-full flex-1\">\n<div class=\"relative flex min-h-0 w-full flex-1\">\n<div class=\"@container\/main relative flex min-w-0 flex-1 flex-col -translate-y-[calc(env(safe-area-inset-bottom,0px)\/2)] pt-[calc(env(safe-area-inset-bottom,0px)\/2)]\">\n<div class=\"@w-sm\/main:[scrollbar-gutter:var(--stage-scroll-gutter)] touch:[scrollbar-width:none] group\/scroll-root relative flex min-h-0 min-w-0 flex-1 flex-col [scrollbar-gutter:stable] not-print:overflow-x-clip not-print:overflow-y-auto group-data-stream-active\/scroll-root:[overflow-anchor:none] scroll-pt-(--header-height) [--sticky-padding-top:var(--header-height)] [--sticky-padding-bottom:0px] [--scroll-root-safe-area-inset-top:calc(var(--sticky-padding-top)+env(safe-area-inset-top,0px))] [--scroll-root-safe-area-inset-bottom:calc(var(--sticky-padding-bottom)+var(--screen-keyboard-height,0px)+env(safe-area-inset-bottom,0px))] [--scroll-root-safe-area-height:calc(100lvh-var(--scroll-root-safe-area-inset-top)-var(--scroll-root-safe-area-inset-bottom))] has-data-[fixed-header=less-than-xl]:@w-xl\/main:scroll-pt-0 has-data-[fixed-header=less-than-xl]:@w-xl\/main:[--sticky-padding-top:0px] has-data-[fixed-header=less-than-xxl]:@w-2xl\/main:scroll-pt-0 has-data-[fixed-header=less-than-xxl]:@w-2xl\/main:[--sticky-padding-top:0px]\" data-scroll-root=\"\" data-scroll-from-top=\"\"><main id=\"main\" class=\"min-h-0 flex-1\"><\/p>\n<div id=\"thread\" class=\"group\/thread flex flex-col min-h-full\">\n<div class=\"composer-parent flex flex-1 flex-col focus-visible:outline-0\" role=\"presentation\">\n<div class=\"relative basis-auto flex-col -mb-(--composer-overlap-px) pb-(--composer-overlap-px) [--composer-overlap-px:28px] grow flex\">\n<div class=\"flex flex-col text-sm\">\n<section class=\"text-token-text-primary w-full focus:outline-none [--shadow-height:45px] has-data-writing-block:pointer-events-none has-data-writing-block:-mt-(--shadow-height) has-data-writing-block:pt-(--shadow-height) [&amp;:has([data-writing-block])&gt;*]:pointer-events-auto [content-visibility:auto] supports-[content-visibility:auto]:[contain-intrinsic-size:auto_100lvh] R6Vx5W_threadScrollVars scroll-mb-[calc(var(--scroll-root-safe-area-inset-bottom,0px)+var(--thread-response-height))] scroll-mt-[calc(var(--header-height)+min(200px,max(70px,20svh)))]\" dir=\"auto\" data-turn-id=\"request-69e58da6-ad78-83e9-a8b2-e310aa1f317e-1\" data-testid=\"conversation-turn-44\" data-scroll-anchor=\"false\" data-turn=\"assistant\">\n<div class=\"text-base my-auto mx-auto pb-10 [--thread-content-margin:var(--thread-content-margin-xs,calc(var(--spacing)*4))] @w-sm\/main:[--thread-content-margin:var(--thread-content-margin-sm,calc(var(--spacing)*6))] @w-lg\/main:[--thread-content-margin:var(--thread-content-margin-lg,calc(var(--spacing)*16))] px-(--thread-content-margin)\">\n<div class=\"[--thread-content-max-width:40rem] @w-lg\/main:[--thread-content-max-width:48rem] mx-auto max-w-(--thread-content-max-width) flex-1 group\/turn-messages focus-visible:outline-hidden relative flex w-full min-w-0 flex-col agent-turn\">\n<div class=\"flex max-w-full flex-col gap-4 grow\">\n<div class=\"min-h-8 text-message relative flex w-full flex-col items-end gap-2 text-start break-words whitespace-normal outline-none keyboard-focused:focus-ring [.text-message+&amp;]:mt-1\" dir=\"auto\" data-message-author-role=\"assistant\" data-message-id=\"0d34eb5b-29a4-4ea6-bce5-9239dfec3e2c\" data-message-model-slug=\"gpt-5-3\" data-turn-start-message=\"true\">\n<div class=\"flex w-full flex-col gap-1 empty:hidden\">\n<div class=\"markdown prose dark:prose-invert w-full wrap-break-word light markdown-new-styling\">\n<p data-start=\"102\" data-end=\"267\"><strong data-start=\"102\" data-end=\"267\">Desde la Federaci\u00f3n Universitaria advierten que estudiar se volvi\u00f3 insostenible: una beca cubre menos del 3% de los gastos. Convocan a una nueva marcha nacional.<\/strong><\/p>\n<p data-start=\"102\" data-end=\"267\">27 de abril de 2026<\/p>\n<p data-start=\"269\" data-end=\"564\"><strong>MAR DEL PLATA &#8211;\u00a0<\/strong> \u00a0El deterioro del sistema universitario suma se\u00f1ales de alarma en Mar del Plata. Desde la Federaci\u00f3n Universitaria Marplatense (FUM) advirtieron que la crisis econ\u00f3mica ya impacta de lleno en las aulas: cada vez m\u00e1s estudiantes abandonan sus carreras porque no pueden sostener los costos b\u00e1sicos.<\/p>\n<p data-start=\"566\" data-end=\"966\"><strong><em>\u201cLa econom\u00eda es un motivo de deserci\u00f3n en la universidad\u201d<\/em><\/strong>, asegur\u00f3 <strong><span class=\"hover:entity-accent entity-underline inline cursor-pointer align-baseline\"><span class=\"whitespace-normal\">Evelyn Marchetti<\/span><\/span><\/strong>, presidenta de la FUM, al describir un escenario que, seg\u00fan sostiene, se agrava mes a mes. El dato m\u00e1s contundente expone la dimensi\u00f3n del problema: <strong>una beca universitaria nacional, congelada desde 2023 en $35.000, no llega a cubrir ni el 3% de los gastos mensuales estimados para un estudiante.<\/strong><\/p>\n<p data-start=\"968\" data-end=\"1317\">El c\u00e1lculo surge de un relevamiento realizado junto al centro de estudiantes de la Facultad de Econ\u00f3micas, que establece que una persona que alquila necesita al menos $1.050.000 mensuales para sostenerse. <strong><em>\u201cEst\u00e1 congelada hace casi tres a\u00f1os\u201d<\/em><\/strong>, remarc\u00f3<strong> Marchetti<\/strong>, en referencia a una ayuda que qued\u00f3 completamente desactualizada frente a la inflaci\u00f3n.<\/p>\n<p data-start=\"1319\" data-end=\"1660\">El reclamo no se limita a lo econ\u00f3mico. La dirigente tambi\u00e9n cuestion\u00f3 la falta de implementaci\u00f3n de la Ley de Financiamiento Universitario, lo que \u2014seg\u00fan explic\u00f3\u2014 afecta tanto a docentes como a estudiantes.<strong><em> \u201cNo hay presupuesto para ciencia ni investigaci\u00f3n\u201d<\/em><\/strong>, advirti\u00f3, y describi\u00f3 un cuadro de aulas saturadas e infraestructura deteriorada.<\/p>\n<blockquote>\n<h3 data-start=\"1662\" data-end=\"1918\">A ese panorama se suman problemas concretos que dificultan la cursada diaria. Uno de ellos es el boleto universitario: <em>\u201cLa deplorable situaci\u00f3n econ\u00f3mica no ayuda a que la gente pueda llegar a la universidad. Se anotan y despu\u00e9s no pueden asistir\u201d<\/em>, se\u00f1al\u00f3.<\/h3>\n<\/blockquote>\n<p data-start=\"1920\" data-end=\"2263\">La inseguridad es otro eje de preocupaci\u00f3n. Desde la FUM anticiparon que presentar\u00e1n un pedido formal al rectorado para habilitar el estacionamiento a estudiantes, especialmente para quienes cursan de noche.<strong><em> \u201cDespu\u00e9s de cierta hora, la parte de atr\u00e1s del complejo se vuelve tierra de nadie. Es un milagro ver patrulleros\u201d<\/em><\/strong>, describi\u00f3 <strong>Marchetti.<\/strong><\/p>\n<blockquote>\n<h3 data-start=\"2265\" data-end=\"2557\">Frente a este escenario, la comunidad universitaria prepara una nueva medida de fuerza. El 12 de mayo se realizar\u00e1 una Marcha Federal Universitaria, con convocatoria desde la sede de Funes hasta el monumento al General San Mart\u00edn. Habr\u00e1 asueto desde las 15:30 para facilitar la participaci\u00f3n.<\/h3>\n<\/blockquote>\n<p data-start=\"2559\" data-end=\"2788\" data-is-last-node=\"\" data-is-only-node=\"\">El objetivo es claro: visibilizar una crisis que, seg\u00fan advierten, ya no es solo presupuestaria, sino social. Y dejar un mensaje directo al Gobierno nacional: sin financiamiento, sostienen, la universidad p\u00fablica entra en riesgo.<\/p>\n<\/div>\n<\/div>\n<\/div>\n<\/div>\n<\/div>\n<\/div>\n<\/section>\n<div class=\"pointer-events-none -mt-px h-px translate-y-[calc(var(--scroll-root-safe-area-inset-bottom)-14*var(--spacing))]\" aria-hidden=\"true\"><\/div>\n<div class=\"pointer-events-none translate-y-(--scroll-root-safe-area-inset-bottom) R6Vx5W_threadScrollVars min-h-(--gutter-remaining-height,0px) group-data-stream-active\/scroll-root:h-[calc(var(--thread-response-height)-16*var(--spacing))]\"><\/div>\n<\/div>\n<\/div>\n<div id=\"thread-bottom-container\" class=\"sticky bottom-0 z-10 group\/thread-bottom-container relative isolate w-full basis-auto has-data-has-thread-error:pt-2 has-data-has-thread-error:[box-shadow:var(--sharp-edge-bottom-shadow)] md:border-transparent md:pt-0 dark:border-white\/20 md:dark:border-transparent print:hidden content-fade single-line flex flex-col\">\n<div class=\"relative mx-auto h-0\">\n<div class=\"flex h-0 items-end justify-center motion-safe:transition-all motion-safe:delay-300 motion-safe:duration-300 group-[:not([data-scroll-from-end])]\/scroll-root:scale-50 group-[:not([data-scroll-from-end])]\/scroll-root:translate-y-2 group-[:not([data-scroll-from-end])]\/scroll-root:opacity-0 group-[:not([data-scroll-from-end])]\/scroll-root:pointer-events-none group-[:not([data-scroll-from-end])]\/scroll-root:duration-100 group-[:not([data-scroll-from-end])]\/scroll-root:delay-0 absolute start-1\/2 z-10 -translate-x-1\/2 bottom-[calc(100%+6*var(--spacing)+var(--thread-scroll-to-bottom-banner-offset,0px))]\"><\/div>\n<\/div>\n<div id=\"thread-bottom\">\n<div class=\"text-base mx-auto [--thread-content-margin:var(--thread-content-margin-xs,calc(var(--spacing)*4))] @w-sm\/main:[--thread-content-margin:var(--thread-content-margin-sm,calc(var(--spacing)*6))] @w-lg\/main:[--thread-content-margin:var(--thread-content-margin-lg,calc(var(--spacing)*16))] px-(--thread-content-margin)\">\n<div class=\"[--thread-content-max-width:40rem] @w-lg\/main:[--thread-content-max-width:48rem] mx-auto max-w-(--thread-content-max-width) flex-1 mb-[var(--thread-component-gap,1rem)]\">\n<div class=\"flex justify-center empty:hidden\"><\/div>\n<div class=\"pointer-events-auto relative z-1 flex h-(--composer-container-height,100%) max-w-full flex-(--composer-container-flex,1) flex-col\">\n<div class=\"absolute start-0 end-0 bottom-full z-20\"><\/div>\n<div class=\"hidden\"><\/div>\n<div class=\"\">\n<div class=\"bg-token-bg-primary dark:bg-token-bg-elevated-primary dark-oled:bg-token-bg-primary corner-superellipse\/1.1 cursor-text overflow-clip bg-clip-padding p-2.5 contain-inline-size motion-safe:transition-colors motion-safe:duration-200 motion-safe:ease-in-out grid grid-cols-[auto_1fr_auto] [grid-template-areas:'header_header_header'_'leading_primary_trailing'_'._footer_.'] group-data-expanded\/composer:[grid-template-areas:'header_header_header'_'primary_primary_primary'_'leading_footer_trailing'] shadow-short-composer\" data-composer-surface=\"true\">\n<div class=\"[grid-area:leading]\"><\/div>\n<div class=\"-my-2.5 flex min-h-14 items-center overflow-x-hidden px-1.5 [grid-area:primary] group-data-expanded\/composer:mb-0 group-data-expanded\/composer:px-2.5\">\n<div class=\"wcDTda_prosemirror-parent text-token-text-primary max-h-[max(30svh,5rem)] max-h-52 min-h-[var(--deep-research-composer-extra-height,unset)] flex-1 overflow-auto [scrollbar-width:thin] default-browser vertical-scroll-fade-mask\"><\/div>\n<\/div>\n<\/div>\n<\/div>\n<\/div>\n<\/div>\n<\/div>\n<\/div>\n<\/div>\n<\/div>\n<\/div>\n<p><\/main><\/div>\n<\/div>\n<\/div>\n<\/div>\n<\/div>\n","protected":false},"excerpt":{"rendered":"<div class=\"mh-excerpt\"><p>Desde la Federaci\u00f3n Universitaria advierten que estudiar se volvi\u00f3 insostenible: una beca cubre menos del 3% de los gastos. Convocan a una nueva marcha nacional. 27 de abril de 2026 MAR DEL PLATA &#8211;\u00a0 \u00a0El <a class=\"mh-excerpt-more\" href=\"https:\/\/larevistadigital.com.ar\/blog\/crisis-universitaria-en-mar-del-plata-becas-congeladas-desercion-en-aumento-y-aulas-colapsadas\/\" title=\"Crisis universitaria en Mar del Plata: becas congeladas, deserci\u00f3n en aumento y aulas colapsadas\">[Leer M\u00e1s]<\/a><\/p>\n<\/div>","protected":false},"author":3,"featured_media":45346,"comment_status":"open","ping_status":"open","sticky":false,"template":"","format":"standard","meta":{"_jetpack_memberships_contains_paid_content":false,"footnotes":"","jetpack_publicize_message":"","jetpack_publicize_feature_enabled":true,"jetpack_social_post_already_shared":true,"jetpack_social_options":{"image_generator_settings":{"template":"highway","default_image_id":0,"font":"","enabled":false},"version":2}},"categories":[51],"tags":[],"class_list":{"0":"post-45345","1":"post","2":"type-post","3":"status-publish","4":"format-standard","5":"has-post-thumbnail","7":"category-regionales"},"jetpack_publicize_connections":[],"jetpack_featured_media_url":"https:\/\/i0.wp.com\/larevistadigital.com.ar\/blog\/wp-content\/uploads\/Captura-de-pantalla-2026-04-27-130027.jpg?fit=808%2C426&ssl=1","jetpack_sharing_enabled":true,"jetpack_shortlink":"https:\/\/wp.me\/p8qtrQ-bNn","jetpack-related-posts":[{"id":27659,"url":"https:\/\/larevistadigital.com.ar\/blog\/mar-del-plata-una-empresa-internacional-invertira-240-millones-de-dolares-en-la-ciudad\/","url_meta":{"origin":45345,"position":0},"title":"MAR DEL PLATA: UNA EMPRESA INTERNACIONAL INVERTIR\u00c1 240 MILLONES DE D\u00d3LARES EN LA CIUDAD","author":"Alejandro Sosa Ruda","date":"11 septiembre, 2022","format":false,"excerpt":"La empresa internacional Lamb Weston Holdings anunci\u00f3 una inversi\u00f3n de capital de 240 millones de d\u00f3lares en una nueva l\u00ednea de procesamiento de papas fritas en el Parque Industrial de Mar del Plata. 11 de septiembre de 2022 MAR DEL PLATA -\u00a0 La empresa Lamb Weston Holdings Inc. anunci\u00f3 una\u2026","rel":"","context":"En \u00abREGIONALES\u00bb","block_context":{"text":"REGIONALES","link":"https:\/\/larevistadigital.com.ar\/blog\/category\/regionales\/"},"img":{"alt_text":"","src":"https:\/\/i0.wp.com\/larevistadigital.com.ar\/blog\/wp-content\/uploads\/20220909172007_papas.jpg?fit=880%2C512&ssl=1&resize=350%2C200","width":350,"height":200,"srcset":"https:\/\/i0.wp.com\/larevistadigital.com.ar\/blog\/wp-content\/uploads\/20220909172007_papas.jpg?fit=880%2C512&ssl=1&resize=350%2C200 1x, https:\/\/i0.wp.com\/larevistadigital.com.ar\/blog\/wp-content\/uploads\/20220909172007_papas.jpg?fit=880%2C512&ssl=1&resize=525%2C300 1.5x, https:\/\/i0.wp.com\/larevistadigital.com.ar\/blog\/wp-content\/uploads\/20220909172007_papas.jpg?fit=880%2C512&ssl=1&resize=700%2C400 2x"},"classes":[]},{"id":20345,"url":"https:\/\/larevistadigital.com.ar\/blog\/mar-del-plata-36-en-4-cuotas-de-aumento-y-acuerdo-entre-el-municipio-y-el-stm\/","url_meta":{"origin":45345,"position":1},"title":"MAR DEL PLATA: 36% EN 4 CUOTAS DE AUMENTO Y ACUERDO ENTRE EL MUNICIPIO Y EL STM","author":"Alejandro Sosa Ruda","date":"18 mayo, 2021","format":false,"excerpt":"Las cuotas ser\u00e1n en mayo, junio, septiembre y noviembre. Adem\u00e1s, se reabrir\u00e1 la paritaria el 1\u00ba de noviembre y se concretar\u00e1n 700 reencasillamientos de trabajadores. MAR DEL PLATA - El municipio sell\u00f3 este martes el acuerdo salarial con el Sinidicato de Trabajadores Municipales (STM) que incluye una recomposici\u00f3n del 36%\u2026","rel":"","context":"En \u00abREGIONALES\u00bb","block_context":{"text":"REGIONALES","link":"https:\/\/larevistadigital.com.ar\/blog\/category\/regionales\/"},"img":{"alt_text":"","src":"https:\/\/i0.wp.com\/larevistadigital.com.ar\/blog\/wp-content\/uploads\/STM-MARDEL.png?fit=996%2C558&ssl=1&resize=350%2C200","width":350,"height":200,"srcset":"https:\/\/i0.wp.com\/larevistadigital.com.ar\/blog\/wp-content\/uploads\/STM-MARDEL.png?fit=996%2C558&ssl=1&resize=350%2C200 1x, https:\/\/i0.wp.com\/larevistadigital.com.ar\/blog\/wp-content\/uploads\/STM-MARDEL.png?fit=996%2C558&ssl=1&resize=525%2C300 1.5x, https:\/\/i0.wp.com\/larevistadigital.com.ar\/blog\/wp-content\/uploads\/STM-MARDEL.png?fit=996%2C558&ssl=1&resize=700%2C400 2x"},"classes":[]},{"id":33210,"url":"https:\/\/larevistadigital.com.ar\/blog\/mar-del-plata-aumentaron-los-casos-de-covid-y-las-autoridades-insisten-con-la-vacunacion\/","url_meta":{"origin":45345,"position":2},"title":"MAR DEL PLATA: AUMENTARON LOS CASOS DE COVID Y LAS AUTORIDADES INSISTEN CON LA VACUNACI\u00d3N","author":"Alejandro Sosa Ruda","date":"1 septiembre, 2023","format":false,"excerpt":"Desde Zona Sanitaria VIII confirmaron un aumento de contagios en las \u00faltimas semanas. Admiten que ha disminuido notablemente la cantidad de marplatenses que se van a vacunar. 1\u00b0 de septiembre de 2023 MAR DEL PLATA\u00a0 -\u00a0 A pesar de que la Organizaci\u00f3n Mundial de la Salud (OMS) levant\u00f3 en mayo\u2026","rel":"","context":"En \u00abREGIONALES\u00bb","block_context":{"text":"REGIONALES","link":"https:\/\/larevistadigital.com.ar\/blog\/category\/regionales\/"},"img":{"alt_text":"","src":"https:\/\/i0.wp.com\/larevistadigital.com.ar\/blog\/wp-content\/uploads\/casos-covid-12-22-1466171.jpg?fit=1200%2C675&ssl=1&resize=350%2C200","width":350,"height":200,"srcset":"https:\/\/i0.wp.com\/larevistadigital.com.ar\/blog\/wp-content\/uploads\/casos-covid-12-22-1466171.jpg?fit=1200%2C675&ssl=1&resize=350%2C200 1x, https:\/\/i0.wp.com\/larevistadigital.com.ar\/blog\/wp-content\/uploads\/casos-covid-12-22-1466171.jpg?fit=1200%2C675&ssl=1&resize=525%2C300 1.5x, https:\/\/i0.wp.com\/larevistadigital.com.ar\/blog\/wp-content\/uploads\/casos-covid-12-22-1466171.jpg?fit=1200%2C675&ssl=1&resize=700%2C400 2x, https:\/\/i0.wp.com\/larevistadigital.com.ar\/blog\/wp-content\/uploads\/casos-covid-12-22-1466171.jpg?fit=1200%2C675&ssl=1&resize=1050%2C600 3x"},"classes":[]},{"id":17789,"url":"https:\/\/larevistadigital.com.ar\/blog\/municipales-de-mar-del-plata-inician-retencion-de-tarea-por-no-acordar-con-el-ejecutivo\/","url_meta":{"origin":45345,"position":3},"title":"MUNICIPALES DE MAR DEL PLATA INICIAN RETENCI\u00d3N DE TAREA, POR NO ACORDAR CON EL EJECUTIVO","author":"Alejandro Sosa Ruda","date":"20 noviembre, 2020","format":false,"excerpt":"El Sindicato de Trabajadores municipales rechaz\u00f3 el ofrecimiento de aumento que consiste en un 10% a partir de diciembre, un 5% para marzo y un 5% para junio. El Sindicato de Trabajadores Municipales anunci\u00f3 una retenci\u00f3n de tareas\u00a0a partir del martes\u00a0luego de no aceptar la propuesta salarial del Ejecutivo. En\u2026","rel":"","context":"En \u00abGREMIALES\u00bb","block_context":{"text":"GREMIALES","link":"https:\/\/larevistadigital.com.ar\/blog\/category\/gremiales\/"},"img":{"alt_text":"","src":"https:\/\/i0.wp.com\/larevistadigital.com.ar\/blog\/wp-content\/uploads\/Screenshot_6-7.jpg?fit=1009%2C674&ssl=1&resize=350%2C200","width":350,"height":200,"srcset":"https:\/\/i0.wp.com\/larevistadigital.com.ar\/blog\/wp-content\/uploads\/Screenshot_6-7.jpg?fit=1009%2C674&ssl=1&resize=350%2C200 1x, https:\/\/i0.wp.com\/larevistadigital.com.ar\/blog\/wp-content\/uploads\/Screenshot_6-7.jpg?fit=1009%2C674&ssl=1&resize=525%2C300 1.5x, https:\/\/i0.wp.com\/larevistadigital.com.ar\/blog\/wp-content\/uploads\/Screenshot_6-7.jpg?fit=1009%2C674&ssl=1&resize=700%2C400 2x"},"classes":[]},{"id":19851,"url":"https:\/\/larevistadigital.com.ar\/blog\/mar-del-plata-acondicionan-camas-en-hoteles-para-pacientes-con-covid-19\/","url_meta":{"origin":45345,"position":4},"title":"MAR DEL PLATA: ACONDICIONAN CAMAS EN HOTELES PARA PACIENTES CON COVID-19","author":"Alejandro Sosa Ruda","date":"26 abril, 2021","format":false,"excerpt":"La decisi\u00f3n la tom\u00f3 el municipio ante el aumento de internaciones. No ser\u00e1n solo para cuadros leves. MAR DEL PLATA - Los hoteles que se prepararon son el Tierra del Fuego y el 13 de Julio, ambos ubicados en la zona del centro de la ciudad. Seg\u00fan inform\u00f3 el diario\u2026","rel":"","context":"En \u00abREGIONALES\u00bb","block_context":{"text":"REGIONALES","link":"https:\/\/larevistadigital.com.ar\/blog\/category\/regionales\/"},"img":{"alt_text":"","src":"https:\/\/i0.wp.com\/larevistadigital.com.ar\/blog\/wp-content\/uploads\/Mar-del-Plata-playa-dia.jpg?fit=1200%2C809&ssl=1&resize=350%2C200","width":350,"height":200,"srcset":"https:\/\/i0.wp.com\/larevistadigital.com.ar\/blog\/wp-content\/uploads\/Mar-del-Plata-playa-dia.jpg?fit=1200%2C809&ssl=1&resize=350%2C200 1x, https:\/\/i0.wp.com\/larevistadigital.com.ar\/blog\/wp-content\/uploads\/Mar-del-Plata-playa-dia.jpg?fit=1200%2C809&ssl=1&resize=525%2C300 1.5x, https:\/\/i0.wp.com\/larevistadigital.com.ar\/blog\/wp-content\/uploads\/Mar-del-Plata-playa-dia.jpg?fit=1200%2C809&ssl=1&resize=700%2C400 2x, https:\/\/i0.wp.com\/larevistadigital.com.ar\/blog\/wp-content\/uploads\/Mar-del-Plata-playa-dia.jpg?fit=1200%2C809&ssl=1&resize=1050%2C600 3x"},"classes":[]},{"id":594,"url":"https:\/\/larevistadigital.com.ar\/blog\/cgt-regional-mar-del-plata-va-directamente-una-crisis-la-del-2001%e2%80%b3\/","url_meta":{"origin":45345,"position":5},"title":"CGT Regional: \u201cMar del Plata va directamente a una crisis como la del 2001\u2033","author":"editor","date":"6 marzo, 2017","format":false,"excerpt":"Lo dijo el titular de la CGT, Jorge V\u00e1ttimo, al momento de explicar por qu\u00e9 el gremio marchar\u00e1 el pr\u00f3ximo martes en Buenos Aires. \u201cParecer\u00eda que no pasa nada pero hay una crisis\u201d, indic\u00f3. La Plata, 05 Mar (InfoGEI).- En di\u00e1logo con\u00a0Loquepasa.net, el titular de la CGT,\u00a0Jorge V\u00e1ttimo, explic\u00f3 que\u00a0\u201cvamos\u2026","rel":"","context":"En \u00abPOLITICA\u00bb","block_context":{"text":"POLITICA","link":"https:\/\/larevistadigital.com.ar\/blog\/category\/politica\/"},"img":{"alt_text":"","src":"https:\/\/i0.wp.com\/larevistadigital.com.ar\/blog\/wp-content\/uploads\/2017\/03\/20170305202823_jorge_vattimo_cgt_mar_del_plata.jpg?fit=620%2C370&ssl=1&resize=350%2C200","width":350,"height":200,"srcset":"https:\/\/i0.wp.com\/larevistadigital.com.ar\/blog\/wp-content\/uploads\/2017\/03\/20170305202823_jorge_vattimo_cgt_mar_del_plata.jpg?fit=620%2C370&ssl=1&resize=350%2C200 1x, https:\/\/i0.wp.com\/larevistadigital.com.ar\/blog\/wp-content\/uploads\/2017\/03\/20170305202823_jorge_vattimo_cgt_mar_del_plata.jpg?fit=620%2C370&ssl=1&resize=525%2C300 1.5x"},"classes":[]}],"_links":{"self":[{"href":"https:\/\/larevistadigital.com.ar\/blog\/wp-json\/wp\/v2\/posts\/45345","targetHints":{"allow":["GET"]}}],"collection":[{"href":"https:\/\/larevistadigital.com.ar\/blog\/wp-json\/wp\/v2\/posts"}],"about":[{"href":"https:\/\/larevistadigital.com.ar\/blog\/wp-json\/wp\/v2\/types\/post"}],"author":[{"embeddable":true,"href":"https:\/\/larevistadigital.com.ar\/blog\/wp-json\/wp\/v2\/users\/3"}],"replies":[{"embeddable":true,"href":"https:\/\/larevistadigital.com.ar\/blog\/wp-json\/wp\/v2\/comments?post=45345"}],"version-history":[{"count":1,"href":"https:\/\/larevistadigital.com.ar\/blog\/wp-json\/wp\/v2\/posts\/45345\/revisions"}],"predecessor-version":[{"id":45347,"href":"https:\/\/larevistadigital.com.ar\/blog\/wp-json\/wp\/v2\/posts\/45345\/revisions\/45347"}],"wp:featuredmedia":[{"embeddable":true,"href":"https:\/\/larevistadigital.com.ar\/blog\/wp-json\/wp\/v2\/media\/45346"}],"wp:attachment":[{"href":"https:\/\/larevistadigital.com.ar\/blog\/wp-json\/wp\/v2\/media?parent=45345"}],"wp:term":[{"taxonomy":"category","embeddable":true,"href":"https:\/\/larevistadigital.com.ar\/blog\/wp-json\/wp\/v2\/categories?post=45345"},{"taxonomy":"post_tag","embeddable":true,"href":"https:\/\/larevistadigital.com.ar\/blog\/wp-json\/wp\/v2\/tags?post=45345"}],"curies":[{"name":"wp","href":"https:\/\/api.w.org\/{rel}","templated":true}]}}