{"id":45356,"date":"2026-04-27T13:49:05","date_gmt":"2026-04-27T16:49:05","guid":{"rendered":"https:\/\/larevistadigital.com.ar\/blog\/?p=45356"},"modified":"2026-04-27T13:49:21","modified_gmt":"2026-04-27T16:49:21","slug":"crimen-brutal-intento-justificar-la-muerte-de-su-pareja-como-un-accidente-mientras-tenian-sexo-pero-la-autopsia-lo-desmintio","status":"publish","type":"post","link":"https:\/\/larevistadigital.com.ar\/blog\/crimen-brutal-intento-justificar-la-muerte-de-su-pareja-como-un-accidente-mientras-tenian-sexo-pero-la-autopsia-lo-desmintio\/","title":{"rendered":"Crimen brutal: intent\u00f3 justificar la muerte de su pareja como un \u201caccidente\u201d mientras ten\u00edan sexo, pero la autopsia lo desminti\u00f3"},"content":{"rendered":"<p><strong data-start=\"130\" data-end=\"305\">El acusado dijo que la \u201caplast\u00f3 sin querer\u201d, pero los peritajes revelaron una muerte por asfixia con signos de violencia extrema. La causa fue recalificada como femicidio.<\/strong><\/p>\n<div id=\"thread\" class=\"group\/thread flex flex-col min-h-full\">\n<div class=\"composer-parent flex flex-1 flex-col focus-visible:outline-0\" role=\"presentation\">\n<div class=\"relative basis-auto flex-col -mb-(--composer-overlap-px) pb-(--composer-overlap-px) [--composer-overlap-px:28px] grow flex\">\n<div class=\"flex flex-col text-sm\">\n<section class=\"text-token-text-primary w-full focus:outline-none [--shadow-height:45px] has-data-writing-block:pointer-events-none has-data-writing-block:-mt-(--shadow-height) has-data-writing-block:pt-(--shadow-height) [&amp;:has([data-writing-block])&gt;*]:pointer-events-auto [content-visibility:auto] supports-[content-visibility:auto]:[contain-intrinsic-size:auto_100lvh] R6Vx5W_threadScrollVars scroll-mb-[calc(var(--scroll-root-safe-area-inset-bottom,0px)+var(--thread-response-height))] scroll-mt-[calc(var(--header-height)+min(200px,max(70px,20svh)))]\" dir=\"auto\" data-turn-id=\"request-69e58da6-ad78-83e9-a8b2-e310aa1f317e-2\" data-testid=\"conversation-turn-46\" data-scroll-anchor=\"false\" data-turn=\"assistant\">\n<div class=\"text-base my-auto mx-auto pb-10 [--thread-content-margin:var(--thread-content-margin-xs,calc(var(--spacing)*4))] @w-sm\/main:[--thread-content-margin:var(--thread-content-margin-sm,calc(var(--spacing)*6))] @w-lg\/main:[--thread-content-margin:var(--thread-content-margin-lg,calc(var(--spacing)*16))] px-(--thread-content-margin)\">\n<div class=\"[--thread-content-max-width:40rem] @w-lg\/main:[--thread-content-max-width:48rem] mx-auto max-w-(--thread-content-max-width) flex-1 group\/turn-messages focus-visible:outline-hidden relative flex w-full min-w-0 flex-col agent-turn\">\n<div class=\"flex max-w-full flex-col gap-4 grow\">\n<div class=\"min-h-8 text-message relative flex w-full flex-col items-end gap-2 text-start break-words whitespace-normal outline-none keyboard-focused:focus-ring [.text-message+&amp;]:mt-1\" dir=\"auto\" data-message-author-role=\"assistant\" data-message-id=\"77136e27-4352-4a23-b8b6-6047e0a78adb\" data-message-model-slug=\"gpt-5-3\" data-turn-start-message=\"true\">\n<div class=\"flex w-full flex-col gap-1 empty:hidden\">\n<div class=\"markdown prose dark:prose-invert w-full wrap-break-word light markdown-new-styling\">\n<p data-start=\"130\" data-end=\"305\">27 de abril de 2026<\/p>\n<p data-start=\"307\" data-end=\"583\">Un caso estremecedor sacude a <span class=\"hover:entity-accent entity-underline inline cursor-pointer align-baseline\"><span class=\"whitespace-normal\">Caleta Olivia<\/span><\/span>, donde un hombre de 34 a\u00f1os qued\u00f3 detenido acusado de asesinar a su pareja, <strong><span class=\"hover:entity-accent entity-underline inline cursor-pointer align-baseline\"><span class=\"whitespace-normal\">Ada Barrozo Quilo<\/span><\/span><\/strong>, en un hecho que inicialmente intent\u00f3 presentar como un accidente durante un encuentro \u00edntimo.<\/p>\n<blockquote>\n<h3 data-start=\"585\" data-end=\"831\">El imputado, <span class=\"hover:entity-accent entity-underline inline cursor-pointer align-baseline\"><span class=\"whitespace-normal\">Sergio Navarro<\/span><\/span>, declar\u00f3 ante la Justicia que la muerte se produjo de manera involuntaria.<em> \u201cSoy gordo y la aplast\u00e9 sin querer\u201d<\/em>, afirm\u00f3, en una explicaci\u00f3n que fue r\u00e1pidamente desmentida por las pruebas forenses.<\/h3>\n<\/blockquote>\n<p data-start=\"833\" data-end=\"1222\">El informe de autopsia fue contundente. Determin\u00f3 que la causa de muerte fue asfixia mec\u00e1nica y detall\u00f3 un cuadro de violencia extrema: la v\u00edctima presentaba nueve costillas fracturadas, edemas internos y ambos pulmones perforados como consecuencia de una presi\u00f3n externa sostenida. Seg\u00fan los peritos, el nivel de da\u00f1o indica que la fuerza ejercida se mantuvo durante m\u00e1s de cinco minutos.<\/p>\n<p data-start=\"1224\" data-end=\"1625\">La investigaci\u00f3n tambi\u00e9n detect\u00f3 lesiones en las manos del acusado compatibles con mordeduras, lo que refuerza la hip\u00f3tesis de que la mujer intent\u00f3 defenderse. A esto se suma un dato clave: testimonios de allegados que describen un historial de violencia f\u00edsica, psicol\u00f3gica y econ\u00f3mica. Compa\u00f1eros de trabajo se\u00f1alaron que Ada se presentaba con hematomas visibles, aunque evitaba denunciar por temor.<\/p>\n<blockquote>\n<h3 data-start=\"1627\" data-end=\"1805\">Frente a este cuadro, la Justicia resolvi\u00f3 agravar la imputaci\u00f3n y recaratular la causa como homicidio doloso doblemente agravado por el v\u00ednculo y por mediar violencia de g\u00e9nero.<\/h3>\n<\/blockquote>\n<p data-start=\"1807\" data-end=\"2145\">El acusado permanece detenido mientras avanza la investigaci\u00f3n, que a\u00fan busca precisar con mayor exactitud la mec\u00e1nica del ataque. En ese marco, se orden\u00f3 la exhumaci\u00f3n del cuerpo para profundizar los peritajes. \u201cTodav\u00eda no se sabe si la aplast\u00f3 con una almohada\u201d, se\u00f1al\u00f3 la abogada de la querella, al referirse a las dudas que persisten.<\/p>\n<p data-start=\"2147\" data-end=\"2301\" data-is-last-node=\"\" data-is-only-node=\"\">El caso vuelve a poner en evidencia la gravedad de los contextos de violencia previa y la importancia de las denuncias tempranas en situaciones de riesgo.<\/p>\n<\/div>\n<\/div>\n<\/div>\n<\/div>\n<div class=\"z-0 flex min-h-[46px] justify-start\">fuente e imagen: 0223.com.ar<\/div>\n<div class=\"mt-3 w-full empty:hidden\">\n<div class=\"text-center\"><\/div>\n<\/div>\n<\/div>\n<\/div>\n<\/section>\n<div class=\"pointer-events-none translate-y-(--scroll-root-safe-area-inset-bottom) R6Vx5W_threadScrollVars min-h-(--gutter-remaining-height,0px) group-data-stream-active\/scroll-root:h-[calc(var(--thread-response-height)-16*var(--spacing))]\"><\/div>\n<\/div>\n<\/div>\n<\/div>\n<\/div>\n<p>&nbsp;<\/p>\n","protected":false},"excerpt":{"rendered":"<div class=\"mh-excerpt\"><p>El acusado dijo que la \u201caplast\u00f3 sin querer\u201d, pero los peritajes revelaron una muerte por asfixia con signos de violencia extrema. La causa fue recalificada como femicidio. 27 de abril de 2026 Un caso estremecedor <a class=\"mh-excerpt-more\" href=\"https:\/\/larevistadigital.com.ar\/blog\/crimen-brutal-intento-justificar-la-muerte-de-su-pareja-como-un-accidente-mientras-tenian-sexo-pero-la-autopsia-lo-desmintio\/\" title=\"Crimen brutal: intent\u00f3 justificar la muerte de su pareja como un \u201caccidente\u201d mientras ten\u00edan sexo, pero la autopsia lo desminti\u00f3\">[Leer M\u00e1s]<\/a><\/p>\n<\/div>","protected":false},"author":3,"featured_media":45349,"comment_status":"open","ping_status":"open","sticky":false,"template":"","format":"standard","meta":{"_jetpack_memberships_contains_paid_content":false,"footnotes":"","jetpack_publicize_message":"","jetpack_publicize_feature_enabled":true,"jetpack_social_post_already_shared":true,"jetpack_social_options":{"image_generator_settings":{"template":"highway","default_image_id":0,"font":"","enabled":false},"version":2}},"categories":[44,51],"tags":[],"class_list":{"0":"post-45356","1":"post","2":"type-post","3":"status-publish","4":"format-standard","5":"has-post-thumbnail","7":"category-policiales","8":"category-regionales"},"jetpack_publicize_connections":[],"jetpack_featured_media_url":"https:\/\/i0.wp.com\/larevistadigital.com.ar\/blog\/wp-content\/uploads\/Captura-de-pantalla-2026-04-27-132517.jpg?fit=807%2C414&ssl=1","jetpack_sharing_enabled":true,"jetpack_shortlink":"https:\/\/wp.me\/p8qtrQ-bNy","jetpack-related-posts":[{"id":4794,"url":"https:\/\/larevistadigital.com.ar\/blog\/la-justicia-caratulo-homicidio-culposo-la-muerte-debora-perez-volpin\/","url_meta":{"origin":45356,"position":0},"title":"LA JUSTICIA CARATUL\u00d3 COMO \u00abHOMICIDIO CULPOSO\u00bb LA MUERTE DE D\u00c9BORA P\u00c9REZ VOLPIN","author":"Alejandro Sosa Ruda","date":"7 febrero, 2018","format":false,"excerpt":"La justicia finalmente caratul\u00f3 la causa iniciada por el fallecimiento de la periodista y diputada D\u00e9bora P\u00e9rez Volpin, como \u201cHomicidio Culposo\u201d. Recordemos que la periodista falleci\u00f3 cuando se le practicaba una endoscop\u00eda, procedimiento que seg\u00fan dicen los expertos, \u201cpuede llegar a morir una persona de cada diez mil\u201d, pero aparentemente\u2026","rel":"","context":"En \u00abDESTACADAS\u00bb","block_context":{"text":"DESTACADAS","link":"https:\/\/larevistadigital.com.ar\/blog\/category\/destacadas\/"},"img":{"alt_text":"","src":"https:\/\/i0.wp.com\/larevistadigital.com.ar\/blog\/wp-content\/uploads\/2018\/02\/Sanatorio-de-la-Trinidad.jpg?fit=660%2C370&ssl=1&resize=350%2C200","width":350,"height":200,"srcset":"https:\/\/i0.wp.com\/larevistadigital.com.ar\/blog\/wp-content\/uploads\/2018\/02\/Sanatorio-de-la-Trinidad.jpg?fit=660%2C370&ssl=1&resize=350%2C200 1x, https:\/\/i0.wp.com\/larevistadigital.com.ar\/blog\/wp-content\/uploads\/2018\/02\/Sanatorio-de-la-Trinidad.jpg?fit=660%2C370&ssl=1&resize=525%2C300 1.5x"},"classes":[]},{"id":9473,"url":"https:\/\/larevistadigital.com.ar\/blog\/maipu-se-descompenso-y-muerte-un-participante-de-maraton-solidaria\/","url_meta":{"origin":45356,"position":1},"title":"MAIP\u00da: SE DESCOMPENS\u00d3 Y MUERTE UN PARTICIPANTE DE MARAT\u00d3N SOLIDARIA","author":"Alejandro Sosa Ruda","date":"31 marzo, 2019","format":false,"excerpt":"Un maratonista de la localidad bonaerense de Ostende, partido de Pinamar, falleci\u00f3 este domingo, tras descompensarse en el desarrollo de la 10\u00b0 Edici\u00f3n de la Marat\u00f3n 10 kil\u00f3metros Solidarios que se efectu\u00f3 en la ciudad de Maip\u00fa. De inmediato fue asistido por los Bomberos Voluntarios locales, quienes trasladaron al deportista\u2026","rel":"","context":"En \u00abSOCIEDAD\u00bb","block_context":{"text":"SOCIEDAD","link":"https:\/\/larevistadigital.com.ar\/blog\/category\/sociedad\/"},"img":{"alt_text":"","src":"https:\/\/i0.wp.com\/larevistadigital.com.ar\/blog\/wp-content\/uploads\/2019\/03\/maraton-maipu.jpg?fit=960%2C720&ssl=1&resize=350%2C200","width":350,"height":200,"srcset":"https:\/\/i0.wp.com\/larevistadigital.com.ar\/blog\/wp-content\/uploads\/2019\/03\/maraton-maipu.jpg?fit=960%2C720&ssl=1&resize=350%2C200 1x, https:\/\/i0.wp.com\/larevistadigital.com.ar\/blog\/wp-content\/uploads\/2019\/03\/maraton-maipu.jpg?fit=960%2C720&ssl=1&resize=525%2C300 1.5x, https:\/\/i0.wp.com\/larevistadigital.com.ar\/blog\/wp-content\/uploads\/2019\/03\/maraton-maipu.jpg?fit=960%2C720&ssl=1&resize=700%2C400 2x"},"classes":[]},{"id":19890,"url":"https:\/\/larevistadigital.com.ar\/blog\/la-plata-conmocion-por-la-muerte-de-un-hombre-en-un-supermercado\/","url_meta":{"origin":45356,"position":2},"title":"LA PLATA: CONMOCI\u00d3N POR LA MUERTE DE UN HOMBRE EN UN SUPERMERCADO","author":"Alejandro Sosa Ruda","date":"28 abril, 2021","format":false,"excerpt":"La v\u00edctima se descompens\u00f3 en el interior del local y falleci\u00f3. Aseguran que ten\u00eda una enfermedad preexistente. Momentos de incertidumbre y conmoci\u00f3n se vivieron\u00a0en un supermercado Disco de La Plata, donde un hombre muri\u00f3 tras sufrir una descompensaci\u00f3n. Seg\u00fan informaron fuentes oficiales, todo sucedi\u00f3 en horas de la tarde de\u2026","rel":"","context":"En \u00abREGIONALES\u00bb","block_context":{"text":"REGIONALES","link":"https:\/\/larevistadigital.com.ar\/blog\/category\/regionales\/"},"img":{"alt_text":"","src":"https:\/\/i0.wp.com\/larevistadigital.com.ar\/blog\/wp-content\/uploads\/1584394848916.jpg?fit=1200%2C797&ssl=1&resize=350%2C200","width":350,"height":200,"srcset":"https:\/\/i0.wp.com\/larevistadigital.com.ar\/blog\/wp-content\/uploads\/1584394848916.jpg?fit=1200%2C797&ssl=1&resize=350%2C200 1x, https:\/\/i0.wp.com\/larevistadigital.com.ar\/blog\/wp-content\/uploads\/1584394848916.jpg?fit=1200%2C797&ssl=1&resize=525%2C300 1.5x, https:\/\/i0.wp.com\/larevistadigital.com.ar\/blog\/wp-content\/uploads\/1584394848916.jpg?fit=1200%2C797&ssl=1&resize=700%2C400 2x, https:\/\/i0.wp.com\/larevistadigital.com.ar\/blog\/wp-content\/uploads\/1584394848916.jpg?fit=1200%2C797&ssl=1&resize=1050%2C600 3x"},"classes":[]},{"id":17491,"url":"https:\/\/larevistadigital.com.ar\/blog\/profundo-pesar-en-chascomus-por-la-muerte-de-norberto-tata-fernandino\/","url_meta":{"origin":45356,"position":3},"title":"PROFUNDO PESAR EN CHASCOM\u00daS POR LA MUERTE DE NORBERTO \u00abTATA\u00bb FERNANDINO","author":"Alejandro Sosa Ruda","date":"8 noviembre, 2020","format":false,"excerpt":"Un hombre que realmente \"hizo historia\". Norberto \"Tata\" Fernandino, ser\u00e1 recordado entre otras cosas, porque fue el \u00fanico intendente peronista, que gan\u00f3 el municipio justamente en Chascom\u00fas, cuna de Ra\u00fal Alfons\u00edn, inclusive durante la presidencia de \u00e9ste \u00faltimo. Con un notable carisma, y una inmensa sapiencia pol\u00edtica, Fernandino adem\u00e1s de\u2026","rel":"","context":"En \u00abDESTACADAS\u00bb","block_context":{"text":"DESTACADAS","link":"https:\/\/larevistadigital.com.ar\/blog\/category\/destacadas\/"},"img":{"alt_text":"","src":"https:\/\/i0.wp.com\/larevistadigital.com.ar\/blog\/wp-content\/uploads\/123767013_1892426504228570_1308951738985913827_n.jpg?fit=711%2C689&ssl=1&resize=350%2C200","width":350,"height":200,"srcset":"https:\/\/i0.wp.com\/larevistadigital.com.ar\/blog\/wp-content\/uploads\/123767013_1892426504228570_1308951738985913827_n.jpg?fit=711%2C689&ssl=1&resize=350%2C200 1x, https:\/\/i0.wp.com\/larevistadigital.com.ar\/blog\/wp-content\/uploads\/123767013_1892426504228570_1308951738985913827_n.jpg?fit=711%2C689&ssl=1&resize=525%2C300 1.5x, https:\/\/i0.wp.com\/larevistadigital.com.ar\/blog\/wp-content\/uploads\/123767013_1892426504228570_1308951738985913827_n.jpg?fit=711%2C689&ssl=1&resize=700%2C400 2x"},"classes":[]},{"id":32419,"url":"https:\/\/larevistadigital.com.ar\/blog\/presintio-la-muerte-de-su-padrino-y-habla-con-el-espiritu-de-su-papa-la-medium-que-asegura-conocer-el-mas-alla\/","url_meta":{"origin":45356,"position":4},"title":"PRESINTI\u00d3 LA MUERTE DE SU PADRINO Y \u00abHABLA\u00bb CON EL ESP\u00cdRITU DE SU PAP\u00c1; LA MEDIUM QUE ASEGURA CONOCER EL M\u00c1S ALL\u00c1.","author":"Alejandro Sosa Ruda","date":"15 julio, 2023","format":false,"excerpt":"Dice que sabe lo que ocurre luego de la muerte. En di\u00e1logo con TN, sentenci\u00f3: \u201cNuestros muertos est\u00e1n con nosotros porque la vida sigue\u201d. 15 de julio de 2023 Eva Spina no evita definirse, mucho menos explicar el sentimiento que la ha acompa\u00f1ado desde la ma\u00f1ana de Reyes, cuando, con\u2026","rel":"","context":"En \u00abINTERES GENERAL\u00bb","block_context":{"text":"INTERES GENERAL","link":"https:\/\/larevistadigital.com.ar\/blog\/category\/interes-general\/"},"img":{"alt_text":"","src":"https:\/\/i0.wp.com\/larevistadigital.com.ar\/blog\/wp-content\/uploads\/KKKK-1.jpg?fit=800%2C509&ssl=1&resize=350%2C200","width":350,"height":200,"srcset":"https:\/\/i0.wp.com\/larevistadigital.com.ar\/blog\/wp-content\/uploads\/KKKK-1.jpg?fit=800%2C509&ssl=1&resize=350%2C200 1x, https:\/\/i0.wp.com\/larevistadigital.com.ar\/blog\/wp-content\/uploads\/KKKK-1.jpg?fit=800%2C509&ssl=1&resize=525%2C300 1.5x, https:\/\/i0.wp.com\/larevistadigital.com.ar\/blog\/wp-content\/uploads\/KKKK-1.jpg?fit=800%2C509&ssl=1&resize=700%2C400 2x"},"classes":[]},{"id":45146,"url":"https:\/\/larevistadigital.com.ar\/blog\/muerte-de-maradona-sorpresiva-declaracion-del-neurocirujano-leopoldo-luque-en-el-juicio\/","url_meta":{"origin":45356,"position":5},"title":"Muerte de Maradona: sorpresiva declaraci\u00f3n del neurocirujano Leopoldo Luque en el juicio","author":"Alejandro Sosa Ruda","date":"16 abril, 2026","format":false,"excerpt":"En la segunda audiencia del proceso iniciado d\u00edas atr\u00e1s, el neurocirujano y m\u00e9dico de cabecera de Diego Maradona se present\u00f3 ante el Tribunal Oral en lo Criminal N\u00b07 de San Isidro. 16 de abril de 2026 La segunda audiencia del juicio por la muerte de Diego Maradona estuvo atravesada por\u00a0la\u2026","rel":"","context":"En \u00abINTERES GENERAL\u00bb","block_context":{"text":"INTERES GENERAL","link":"https:\/\/larevistadigital.com.ar\/blog\/category\/interes-general\/"},"img":{"alt_text":"","src":"https:\/\/i0.wp.com\/larevistadigital.com.ar\/blog\/wp-content\/uploads\/Captura-de-pantalla-2026-04-16-192340.jpg?fit=622%2C489&ssl=1&resize=350%2C200","width":350,"height":200,"srcset":"https:\/\/i0.wp.com\/larevistadigital.com.ar\/blog\/wp-content\/uploads\/Captura-de-pantalla-2026-04-16-192340.jpg?fit=622%2C489&ssl=1&resize=350%2C200 1x, https:\/\/i0.wp.com\/larevistadigital.com.ar\/blog\/wp-content\/uploads\/Captura-de-pantalla-2026-04-16-192340.jpg?fit=622%2C489&ssl=1&resize=525%2C300 1.5x"},"classes":[]}],"_links":{"self":[{"href":"https:\/\/larevistadigital.com.ar\/blog\/wp-json\/wp\/v2\/posts\/45356","targetHints":{"allow":["GET"]}}],"collection":[{"href":"https:\/\/larevistadigital.com.ar\/blog\/wp-json\/wp\/v2\/posts"}],"about":[{"href":"https:\/\/larevistadigital.com.ar\/blog\/wp-json\/wp\/v2\/types\/post"}],"author":[{"embeddable":true,"href":"https:\/\/larevistadigital.com.ar\/blog\/wp-json\/wp\/v2\/users\/3"}],"replies":[{"embeddable":true,"href":"https:\/\/larevistadigital.com.ar\/blog\/wp-json\/wp\/v2\/comments?post=45356"}],"version-history":[{"count":1,"href":"https:\/\/larevistadigital.com.ar\/blog\/wp-json\/wp\/v2\/posts\/45356\/revisions"}],"predecessor-version":[{"id":45357,"href":"https:\/\/larevistadigital.com.ar\/blog\/wp-json\/wp\/v2\/posts\/45356\/revisions\/45357"}],"wp:featuredmedia":[{"embeddable":true,"href":"https:\/\/larevistadigital.com.ar\/blog\/wp-json\/wp\/v2\/media\/45349"}],"wp:attachment":[{"href":"https:\/\/larevistadigital.com.ar\/blog\/wp-json\/wp\/v2\/media?parent=45356"}],"wp:term":[{"taxonomy":"category","embeddable":true,"href":"https:\/\/larevistadigital.com.ar\/blog\/wp-json\/wp\/v2\/categories?post=45356"},{"taxonomy":"post_tag","embeddable":true,"href":"https:\/\/larevistadigital.com.ar\/blog\/wp-json\/wp\/v2\/tags?post=45356"}],"curies":[{"name":"wp","href":"https:\/\/api.w.org\/{rel}","templated":true}]}}