{"id":45358,"date":"2026-04-27T14:10:27","date_gmt":"2026-04-27T17:10:27","guid":{"rendered":"https:\/\/larevistadigital.com.ar\/blog\/?p=45358"},"modified":"2026-04-27T14:10:27","modified_gmt":"2026-04-27T17:10:27","slug":"encuesta-sacude-al-gobierno-fuerte-retroceso-digital-de-milei-y-sorpresa-en-la-oposicion","status":"publish","type":"post","link":"https:\/\/larevistadigital.com.ar\/blog\/encuesta-sacude-al-gobierno-fuerte-retroceso-digital-de-milei-y-sorpresa-en-la-oposicion\/","title":{"rendered":"Encuesta sacude al Gobierno: fuerte retroceso digital de Milei y sorpresa en la oposici\u00f3n"},"content":{"rendered":"<h3>Una encuesta sobre redes sociales expone un giro marcado en el clima pol\u00edtico:\u00a0Javier Milei pierde respaldo en su terreno clave y aparece un crecimiento inesperado que reconfigura la discusi\u00f3n p\u00fablica.<\/h3>\n<p>27 de abril de 2026<\/p>\n<p>La \u00faltima encuesta sobre redes sociales volvi\u00f3 a encender alarmas en la Casa Rosada. En un terreno que supo ser su principal basti\u00f3n pol\u00edtico, el presidente\u00a0<strong>Javier Milei<\/strong>\u00a0enfrenta una ca\u00edda sostenida en el apoyo digital mientras, en paralelo, emergen nuevos actores que reconfiguran el mapa de la oposici\u00f3n.<br \/>\nSeg\u00fan el estudio elaborado por Tendencias Consultora, el respaldo al mandatario en plataformas como Instagram, X, Facebook y TikTok se desplom\u00f3 un 45,4% en comparaci\u00f3n con los primeros 100 d\u00edas de 2024. El dato no aparece aislado: al agrupar a las principales figuras de La Libertad Avanza \u2014incluyendo a\u00a0<strong>Patricia Bullrich y Manuel Adorni<\/strong>\u2014 la baja alcanza el 49,8%, consolidando una tendencia descendente que se viene profundizando desde el a\u00f1o pasado.<\/p>\n<h3 data-end=\"804\" data-section-id=\"15z0jgs\" data-start=\"761\">Ca\u00edda digital y repliegue al n\u00facleo duro<\/h3>\n<p data-end=\"1197\" data-start=\"806\">El informe, basado en el an\u00e1lisis de m\u00e1s de 39.000 posteos, detecta que el oficialismo ya no logra capitalizar su presencia online con contenidos vinculados a la gesti\u00f3n. Por el contrario,<strong>\u00a0los posteos que mayor interacci\u00f3n positiva generan est\u00e1n asociados al alineamiento internacional del Gobierno<\/strong>, particularmente con Estados Unidos e Israel en el marco de los conflictos en Medio Oriente.<\/p>\n<p data-end=\"1514\" data-start=\"1199\">Ese cambio de eje, advierten los analistas, podr\u00eda interpretarse como un repliegue hacia el n\u00facleo duro de votantes. La llamada \u201cbatalla cultural\u201d parece haber encontrado m\u00e1s eco en temas externos que en la agenda dom\u00e9stica, en un contexto atravesado por el repunte inflacionario y la p\u00e9rdida del poder adquisitivo.<\/p>\n<p data-end=\"1870\" data-start=\"1516\">A esto se suma el impacto de episodios recientes que golpearon la narrativa oficial. Entre ellos, el caso que involucra al jefe de Gabinete, Manuel Adorni, por\u00a0<a href=\"https:\/\/grupolaprovincia.com\/contenido\/597205\/nuevos-datos-complican-a-adorni-por-su-viaje-al-caribe\" target=\"_blank\" rel=\"noopener\">presunto enriquecimiento il\u00edcito<\/a>, que habr\u00eda generado\u00a0<strong>una ca\u00edda pronunciada en el apoyo digital a partir del 10 de marzo<\/strong>, coincidiendo con la difusi\u00f3n del esc\u00e1ndalo por su viaje a Nueva York.<\/p>\n","protected":false},"excerpt":{"rendered":"<div class=\"mh-excerpt\"><p>Una encuesta sobre redes sociales expone un giro marcado en el clima pol\u00edtico:\u00a0Javier Milei pierde respaldo en su terreno clave y aparece un crecimiento inesperado que reconfigura la discusi\u00f3n p\u00fablica. 27 de abril de 2026 <a class=\"mh-excerpt-more\" href=\"https:\/\/larevistadigital.com.ar\/blog\/encuesta-sacude-al-gobierno-fuerte-retroceso-digital-de-milei-y-sorpresa-en-la-oposicion\/\" title=\"Encuesta sacude al Gobierno: fuerte retroceso digital de Milei y sorpresa en la oposici\u00f3n\">[Leer M\u00e1s]<\/a><\/p>\n<\/div>","protected":false},"author":3,"featured_media":45359,"comment_status":"open","ping_status":"open","sticky":false,"template":"","format":"standard","meta":{"_jetpack_memberships_contains_paid_content":false,"footnotes":"","jetpack_publicize_message":"","jetpack_publicize_feature_enabled":true,"jetpack_social_post_already_shared":true,"jetpack_social_options":{"image_generator_settings":{"template":"highway","default_image_id":0,"font":"","enabled":false},"version":2}},"categories":[50,12],"tags":[],"class_list":{"0":"post-45358","1":"post","2":"type-post","3":"status-publish","4":"format-standard","5":"has-post-thumbnail","7":"category-interes-general","8":"category-politica"},"jetpack_publicize_connections":[],"jetpack_featured_media_url":"https:\/\/i0.wp.com\/larevistadigital.com.ar\/blog\/wp-content\/uploads\/Captura-de-pantalla-2026-04-27-140506.jpg?fit=863%2C515&ssl=1","jetpack_sharing_enabled":true,"jetpack_shortlink":"https:\/\/wp.me\/p8qtrQ-bNA","jetpack-related-posts":[{"id":44928,"url":"https:\/\/larevistadigital.com.ar\/blog\/encuesta-sacude-el-tablero-politico-crece-el-rechazo-a-milei-y-kicillof-se-posiciona-en-la-oposicion\/","url_meta":{"origin":45358,"position":0},"title":"Encuesta sacude el tablero pol\u00edtico: crece el rechazo a Milei y Kicillof se posiciona en la oposici\u00f3n","author":"Alejandro Sosa Ruda","date":"5 abril, 2026","format":false,"excerpt":"Un relevamiento de AtlasIntel marca el nivel m\u00e1s alto de desaprobaci\u00f3n al Gobierno y muestra a la dirigencia fragmentada, sin liderazgos dominantes. 05 de abril de 2026 La \u00faltima encuesta de AtlasIntel volvi\u00f3 a encender alertas en la pol\u00edtica argentina. En un contexto atravesado por el deterioro econ\u00f3mico y el\u2026","rel":"","context":"En \u00abDESTACADAS\u00bb","block_context":{"text":"DESTACADAS","link":"https:\/\/larevistadigital.com.ar\/blog\/category\/destacadas\/"},"img":{"alt_text":"","src":"https:\/\/i0.wp.com\/larevistadigital.com.ar\/blog\/wp-content\/uploads\/Captura-de-pantalla-2026-04-05-212512.jpg?fit=844%2C529&ssl=1&resize=350%2C200","width":350,"height":200,"srcset":"https:\/\/i0.wp.com\/larevistadigital.com.ar\/blog\/wp-content\/uploads\/Captura-de-pantalla-2026-04-05-212512.jpg?fit=844%2C529&ssl=1&resize=350%2C200 1x, https:\/\/i0.wp.com\/larevistadigital.com.ar\/blog\/wp-content\/uploads\/Captura-de-pantalla-2026-04-05-212512.jpg?fit=844%2C529&ssl=1&resize=525%2C300 1.5x, https:\/\/i0.wp.com\/larevistadigital.com.ar\/blog\/wp-content\/uploads\/Captura-de-pantalla-2026-04-05-212512.jpg?fit=844%2C529&ssl=1&resize=700%2C400 2x"},"classes":[]},{"id":43824,"url":"https:\/\/larevistadigital.com.ar\/blog\/encuesta-cual-es-la-imagen-de-axel-kicillof-y-javier-milei-en-cada-provincia\/","url_meta":{"origin":45358,"position":1},"title":"Encuesta: cu\u00e1l es la imagen de Axel Kicillof y Javier Milei en cada provincia","author":"Alejandro Sosa Ruda","date":"6 febrero, 2026","format":false,"excerpt":"Una nueva encuesta revela c\u00f3mo miden Javier Milei y Axel Kicillof en cada provincia. D\u00f3nde gana cada uno y qu\u00e9 distritos marcan la diferencia. 6 de febrero de 2026 Una nueva\u00a0encuesta nacional\u00a0volvi\u00f3 a poner el foco en el mapa pol\u00edtico argentino. La consultora\u00a0CG Global Data\u00a0present\u00f3 un estudio que midi\u00f3 la\u2026","rel":"","context":"En \u00abINTERES GENERAL\u00bb","block_context":{"text":"INTERES GENERAL","link":"https:\/\/larevistadigital.com.ar\/blog\/category\/interes-general\/"},"img":{"alt_text":"","src":"https:\/\/i0.wp.com\/larevistadigital.com.ar\/blog\/wp-content\/uploads\/Captura-de-pantalla-2026-02-06-141759.jpg?fit=802%2C530&ssl=1&resize=350%2C200","width":350,"height":200,"srcset":"https:\/\/i0.wp.com\/larevistadigital.com.ar\/blog\/wp-content\/uploads\/Captura-de-pantalla-2026-02-06-141759.jpg?fit=802%2C530&ssl=1&resize=350%2C200 1x, https:\/\/i0.wp.com\/larevistadigital.com.ar\/blog\/wp-content\/uploads\/Captura-de-pantalla-2026-02-06-141759.jpg?fit=802%2C530&ssl=1&resize=525%2C300 1.5x, https:\/\/i0.wp.com\/larevistadigital.com.ar\/blog\/wp-content\/uploads\/Captura-de-pantalla-2026-02-06-141759.jpg?fit=802%2C530&ssl=1&resize=700%2C400 2x"},"classes":[]},{"id":44582,"url":"https:\/\/larevistadigital.com.ar\/blog\/encuesta-la-desaprobacion-al-gobierno-de-milei-llego-a-su-record\/","url_meta":{"origin":45358,"position":2},"title":"Encuesta: la desaprobaci\u00f3n al gobierno de Milei lleg\u00f3 a su r\u00e9cord","author":"Alejandro Sosa Ruda","date":"17 marzo, 2026","format":false,"excerpt":"El peor momento de Javier Milei seg\u00fan una encuesta: el rechazo supera el 58% y la aprobaci\u00f3n se derrumba. El clima social vuelve a tensarse. 17 de marzo de 2026 Un nuevo relevamiento nacional volvi\u00f3 a encender se\u00f1ales de alerta en la Casa Rosada. Seg\u00fan una encuesta reciente, la desaprobaci\u00f3n\u2026","rel":"","context":"En \u00abINTERES GENERAL\u00bb","block_context":{"text":"INTERES GENERAL","link":"https:\/\/larevistadigital.com.ar\/blog\/category\/interes-general\/"},"img":{"alt_text":"","src":"https:\/\/i0.wp.com\/larevistadigital.com.ar\/blog\/wp-content\/uploads\/Captura-de-pantalla-2026-03-17-231216.jpg?fit=680%2C361&ssl=1&resize=350%2C200","width":350,"height":200,"srcset":"https:\/\/i0.wp.com\/larevistadigital.com.ar\/blog\/wp-content\/uploads\/Captura-de-pantalla-2026-03-17-231216.jpg?fit=680%2C361&ssl=1&resize=350%2C200 1x, https:\/\/i0.wp.com\/larevistadigital.com.ar\/blog\/wp-content\/uploads\/Captura-de-pantalla-2026-03-17-231216.jpg?fit=680%2C361&ssl=1&resize=525%2C300 1.5x"},"classes":[]},{"id":44920,"url":"https:\/\/larevistadigital.com.ar\/blog\/el-adornigate-golpea-al-gobierno-de-milei-y-pone-en-jaque-el-discurso-de-transparencia\/","url_meta":{"origin":45358,"position":3},"title":"El \u201cAdorniGate\u201d golpea al Gobierno de Milei y pone en jaque el discurso de transparencia","author":"Alejandro Sosa Ruda","date":"4 abril, 2026","format":false,"excerpt":"Un informe reciente expone el deterioro de la imagen de Manuel Adorni y el impacto directo en la gesti\u00f3n de Javier Milei, mientras crece la presi\u00f3n social por explicaciones y posibles cambios en el Gabinete. 04 de abril de 2026 El esc\u00e1ndalo conocido como \u201cAdorniGate\u201d impacta de lleno en el\u00a0Gobierno\u2026","rel":"","context":"En \u00abINTERES GENERAL\u00bb","block_context":{"text":"INTERES GENERAL","link":"https:\/\/larevistadigital.com.ar\/blog\/category\/interes-general\/"},"img":{"alt_text":"","src":"https:\/\/i0.wp.com\/larevistadigital.com.ar\/blog\/wp-content\/uploads\/Captura-de-pantalla-2026-04-04-003519.jpg?fit=797%2C463&ssl=1&resize=350%2C200","width":350,"height":200,"srcset":"https:\/\/i0.wp.com\/larevistadigital.com.ar\/blog\/wp-content\/uploads\/Captura-de-pantalla-2026-04-04-003519.jpg?fit=797%2C463&ssl=1&resize=350%2C200 1x, https:\/\/i0.wp.com\/larevistadigital.com.ar\/blog\/wp-content\/uploads\/Captura-de-pantalla-2026-04-04-003519.jpg?fit=797%2C463&ssl=1&resize=525%2C300 1.5x, https:\/\/i0.wp.com\/larevistadigital.com.ar\/blog\/wp-content\/uploads\/Captura-de-pantalla-2026-04-04-003519.jpg?fit=797%2C463&ssl=1&resize=700%2C400 2x"},"classes":[]},{"id":27001,"url":"https:\/\/larevistadigital.com.ar\/blog\/la-plata-milei-recorrio-calle-12-y-se-saco-selfies-con-los-vecinos\/","url_meta":{"origin":45358,"position":4},"title":"LA PLATA: MILEI RECORRI\u00d3 CALLE 12 Y SE SAC\u00d3 SELFIES CON LOS VECINOS","author":"Alejandro Sosa Ruda","date":"5 agosto, 2022","format":false,"excerpt":"El economista libertario camin\u00f3 las calles del centro comercial platense de cara a su futura candidatura presidencial. LA PLATA -\u00a0 El diputado nacional de Avanza Libertad, Javier Milei, lleg\u00f3 este jueves a La Plata y recorri\u00f3 la calle 12 con el objetivo de medir su popularidad entre los platenses, de\u2026","rel":"","context":"En \u00abPOLITICA\u00bb","block_context":{"text":"POLITICA","link":"https:\/\/larevistadigital.com.ar\/blog\/category\/politica\/"},"img":{"alt_text":"","src":"https:\/\/i0.wp.com\/larevistadigital.com.ar\/blog\/wp-content\/uploads\/1659657616621.jpeg?fit=1200%2C594&ssl=1&resize=350%2C200","width":350,"height":200,"srcset":"https:\/\/i0.wp.com\/larevistadigital.com.ar\/blog\/wp-content\/uploads\/1659657616621.jpeg?fit=1200%2C594&ssl=1&resize=350%2C200 1x, https:\/\/i0.wp.com\/larevistadigital.com.ar\/blog\/wp-content\/uploads\/1659657616621.jpeg?fit=1200%2C594&ssl=1&resize=525%2C300 1.5x, https:\/\/i0.wp.com\/larevistadigital.com.ar\/blog\/wp-content\/uploads\/1659657616621.jpeg?fit=1200%2C594&ssl=1&resize=700%2C400 2x, https:\/\/i0.wp.com\/larevistadigital.com.ar\/blog\/wp-content\/uploads\/1659657616621.jpeg?fit=1200%2C594&ssl=1&resize=1050%2C600 3x"},"classes":[]},{"id":36743,"url":"https:\/\/larevistadigital.com.ar\/blog\/milei-echo-del-gobierno-a-julio-garro-por-sugerirle-a-messi-que-pida-disculpas\/","url_meta":{"origin":45358,"position":5},"title":"MILEI ECH\u00d3 DEL GOBIERNO A JULIO GARRO POR SUGERIRLE A MESSI QUE PIDA DISCULPAS","author":"Alejandro Sosa Ruda","date":"17 julio, 2024","format":false,"excerpt":"Fue anunciado por\u00a0 la Oficina del Presidente a trav\u00e9s de las redes sociales. 17 de Julio de 2024 El subsecretario de Deportes de la Naci\u00f3n, Julio Garro, ha sido destituido de su cargo luego de sugerir que el capit\u00e1n de la selecci\u00f3n argentina, Lionel Messi, deber\u00eda disculparse por los c\u00e1nticos\u2026","rel":"","context":"En \u00abDESTACADAS\u00bb","block_context":{"text":"DESTACADAS","link":"https:\/\/larevistadigital.com.ar\/blog\/category\/destacadas\/"},"img":{"alt_text":"","src":"https:\/\/i0.wp.com\/larevistadigital.com.ar\/blog\/wp-content\/uploads\/Captura-de-pantalla-2024-07-17-210320.png?fit=750%2C522&ssl=1&resize=350%2C200","width":350,"height":200,"srcset":"https:\/\/i0.wp.com\/larevistadigital.com.ar\/blog\/wp-content\/uploads\/Captura-de-pantalla-2024-07-17-210320.png?fit=750%2C522&ssl=1&resize=350%2C200 1x, https:\/\/i0.wp.com\/larevistadigital.com.ar\/blog\/wp-content\/uploads\/Captura-de-pantalla-2024-07-17-210320.png?fit=750%2C522&ssl=1&resize=525%2C300 1.5x, https:\/\/i0.wp.com\/larevistadigital.com.ar\/blog\/wp-content\/uploads\/Captura-de-pantalla-2024-07-17-210320.png?fit=750%2C522&ssl=1&resize=700%2C400 2x"},"classes":[]}],"_links":{"self":[{"href":"https:\/\/larevistadigital.com.ar\/blog\/wp-json\/wp\/v2\/posts\/45358","targetHints":{"allow":["GET"]}}],"collection":[{"href":"https:\/\/larevistadigital.com.ar\/blog\/wp-json\/wp\/v2\/posts"}],"about":[{"href":"https:\/\/larevistadigital.com.ar\/blog\/wp-json\/wp\/v2\/types\/post"}],"author":[{"embeddable":true,"href":"https:\/\/larevistadigital.com.ar\/blog\/wp-json\/wp\/v2\/users\/3"}],"replies":[{"embeddable":true,"href":"https:\/\/larevistadigital.com.ar\/blog\/wp-json\/wp\/v2\/comments?post=45358"}],"version-history":[{"count":1,"href":"https:\/\/larevistadigital.com.ar\/blog\/wp-json\/wp\/v2\/posts\/45358\/revisions"}],"predecessor-version":[{"id":45360,"href":"https:\/\/larevistadigital.com.ar\/blog\/wp-json\/wp\/v2\/posts\/45358\/revisions\/45360"}],"wp:featuredmedia":[{"embeddable":true,"href":"https:\/\/larevistadigital.com.ar\/blog\/wp-json\/wp\/v2\/media\/45359"}],"wp:attachment":[{"href":"https:\/\/larevistadigital.com.ar\/blog\/wp-json\/wp\/v2\/media?parent=45358"}],"wp:term":[{"taxonomy":"category","embeddable":true,"href":"https:\/\/larevistadigital.com.ar\/blog\/wp-json\/wp\/v2\/categories?post=45358"},{"taxonomy":"post_tag","embeddable":true,"href":"https:\/\/larevistadigital.com.ar\/blog\/wp-json\/wp\/v2\/tags?post=45358"}],"curies":[{"name":"wp","href":"https:\/\/api.w.org\/{rel}","templated":true}]}}