{"id":45362,"date":"2026-04-27T14:33:29","date_gmt":"2026-04-27T17:33:29","guid":{"rendered":"https:\/\/larevistadigital.com.ar\/blog\/?p=45362"},"modified":"2026-04-27T14:33:29","modified_gmt":"2026-04-27T17:33:29","slug":"cuarta-marcha-universitaria-contra-el-ajuste-de-milei-salarios-becas-y-presupuesto-en-crisis","status":"publish","type":"post","link":"https:\/\/larevistadigital.com.ar\/blog\/cuarta-marcha-universitaria-contra-el-ajuste-de-milei-salarios-becas-y-presupuesto-en-crisis\/","title":{"rendered":"Cuarta marcha universitaria contra el ajuste de Milei: salarios, becas y presupuesto en crisis"},"content":{"rendered":"<h3>Docentes, estudiantes y rectores marchar\u00e1n el 12 de mayo a Plaza de Mayo para exigir la aplicaci\u00f3n de la Ley de Financiamiento. Denuncian ca\u00edda de ingresos de hasta 50%, recorte de partidas y riesgo en el funcionamiento del sistema p\u00fablico.<\/h3>\n<p data-end=\"1219\" data-start=\"782\">El sistema universitario nacional volver\u00e1 a movilizarse el pr\u00f3ximo 12 de mayo con una consigna clara:\u00a0<strong>exigir la aplicaci\u00f3n efectiva de la Ley de Financiamiento Universitario<\/strong>. La convocatoria fue impulsada por el Consejo Interuniversitario Nacional (CIN), la Federaci\u00f3n Universitaria Argentina (FUA) y el Frente Gremial, que llamaron a marchar hacia Plaza de Mayo en defensa de la\u00a0<a class=\"google-anno\" href=\"https:\/\/grupolaprovincia.com\/contenido\/597275\/cuarta-marcha-universitaria-contra-el-ajuste-de-milei-salarios-becas-y-presupues?utm_campaign=newsletter-25-04-2026&amp;utm_medium=email&amp;utm_source=newsletter#\" data-google-vignette=\"false\" data-google-interstitial=\"false\">\u00a0<span class=\"google-anno-t\">educaci\u00f3n<\/span><\/a>\u00a0p\u00fablica, la ciencia y el sistema universitario.<\/p>\n<p data-end=\"1551\" data-start=\"1221\"><a href=\"https:\/\/grupolaprovincia.com\/contenido\/597098\/universidades-confirman-una-nueva-marcha-federal-contra-el-ajuste-de-milei\" target=\"_blank\" rel=\"noopener\">Se trata de la cuarta protesta desde la asunci\u00f3n de Javier Milei<\/a>, en un contexto de creciente tensi\u00f3n entre las casas de estudio y el Gobierno nacional. Rectores, docentes y estudiantes coinciden en que la falta de implementaci\u00f3n de la ley agrava una crisis presupuestaria que impacta de lleno en salarios, becas y funcionamiento.<\/p>\n<p data-end=\"1551\" data-start=\"1221\">\u201cEsperamos que el pueblo argentino d\u00e9 una se\u00f1al clara que quiere un pa\u00eds en el que los j\u00f3venes de todas las clases sociales puedan ir a la universidad\u201d, afirm\u00f3 la secretaria general de CONADU,\u00a0<strong>Clara Chevalier<\/strong>.<\/p>\n<h3 data-end=\"1821\" data-section-id=\"kl0us1\" data-start=\"1764\">Un conflicto que escala por la falta de financiamiento<\/h3>\n<p data-end=\"2104\" data-start=\"1823\">El reclamo central gira en torno al incumplimiento de la ley sancionada por el Congreso, que establece la actualizaci\u00f3n de partidas presupuestarias y la recomposici\u00f3n salarial del sector. Sin embargo, el Gobierno present\u00f3 un recurso ante la Corte Suprema para frenar su aplicaci\u00f3n.<\/p>\n<p data-end=\"2414\" data-start=\"2106\">Desde la Casa Rosada argumentan que la norma no define con claridad las fuentes de financiamiento y que su implementaci\u00f3n podr\u00eda afectar el equilibrio fiscal. Seg\u00fan un informe de la Procuraci\u00f3n del Tesoro, cumplir con la ley implicar\u00eda reasignar m\u00e1s del 90% de los cr\u00e9ditos disponibles para gastos primarios.<\/p>\n<p data-end=\"2414\" data-start=\"2106\">Del otro lado, las universidades rechazan ese planteo.\u00a0<strong>\u201cLa ley solo representa el 0,23% del PBI, algo \u00ednfimo para la Argentina\u201d<\/strong>, sostuvo el presidente de la FUA,\u00a0<strong>Joaqu\u00edn Carvalho<\/strong>.<\/p>\n<p data-end=\"2921\" data-start=\"2639\">Uno de los puntos m\u00e1s cr\u00edticos es el deterioro salarial. Desde CONADU advierten que la p\u00e9rdida de poder adquisitivo docente alcanza niveles hist\u00f3ricos.\u00a0<strong>\u201cEl sistema universitario no puede sobrevivir ante las condiciones de asfixia presupuestaria en la que estamos\u201d<\/strong>, se\u00f1al\u00f3 Chevalier.<\/p>\n<p data-end=\"3123\" data-start=\"2923\">Datos del sistema universitario indican que los salarios perdieron hasta un 50% de su poder de compra, lo que ya genera renuncias de docentes y dificultades para cubrir c\u00e1tedras en distintas carreras.<\/p>\n<p data-end=\"3341\" data-start=\"3125\">El CIN, en tanto, inform\u00f3 que las transferencias a las universidades cayeron un 45,6% desde 2023 y que el 93% del presupuesto se destina exclusivamente a salarios, dejando escaso margen para el funcionamiento b\u00e1sico.<\/p>\n","protected":false},"excerpt":{"rendered":"<div class=\"mh-excerpt\"><p>Docentes, estudiantes y rectores marchar\u00e1n el 12 de mayo a Plaza de Mayo para exigir la aplicaci\u00f3n de la Ley de Financiamiento. Denuncian ca\u00edda de ingresos de hasta 50%, recorte de partidas y riesgo en <a class=\"mh-excerpt-more\" href=\"https:\/\/larevistadigital.com.ar\/blog\/cuarta-marcha-universitaria-contra-el-ajuste-de-milei-salarios-becas-y-presupuesto-en-crisis\/\" title=\"Cuarta marcha universitaria contra el ajuste de Milei: salarios, becas y presupuesto en crisis\">[Leer M\u00e1s]<\/a><\/p>\n<\/div>","protected":false},"author":3,"featured_media":45363,"comment_status":"open","ping_status":"open","sticky":false,"template":"","format":"standard","meta":{"_jetpack_memberships_contains_paid_content":false,"footnotes":"","jetpack_publicize_message":"","jetpack_publicize_feature_enabled":true,"jetpack_social_post_already_shared":true,"jetpack_social_options":{"image_generator_settings":{"template":"highway","default_image_id":0,"font":"","enabled":false},"version":2}},"categories":[10,50],"tags":[],"class_list":{"0":"post-45362","1":"post","2":"type-post","3":"status-publish","4":"format-standard","5":"has-post-thumbnail","7":"category-gremiales","8":"category-interes-general"},"jetpack_publicize_connections":[],"jetpack_featured_media_url":"https:\/\/i0.wp.com\/larevistadigital.com.ar\/blog\/wp-content\/uploads\/Captura-de-pantalla-2026-04-27-142608.jpg?fit=869%2C480&ssl=1","jetpack_sharing_enabled":true,"jetpack_shortlink":"https:\/\/wp.me\/p8qtrQ-bNE","jetpack-related-posts":[{"id":45345,"url":"https:\/\/larevistadigital.com.ar\/blog\/crisis-universitaria-en-mar-del-plata-becas-congeladas-desercion-en-aumento-y-aulas-colapsadas\/","url_meta":{"origin":45362,"position":0},"title":"Crisis universitaria en Mar del Plata: becas congeladas, deserci\u00f3n en aumento y aulas colapsadas","author":"Alejandro Sosa Ruda","date":"27 abril, 2026","format":false,"excerpt":"Desde la Federaci\u00f3n Universitaria advierten que estudiar se volvi\u00f3 insostenible: una beca cubre menos del 3% de los gastos. Convocan a una nueva marcha nacional. 27 de abril de 2026 MAR DEL PLATA -\u00a0 \u00a0El deterioro del sistema universitario suma se\u00f1ales de alarma en Mar del Plata. Desde la Federaci\u00f3n\u2026","rel":"","context":"En \u00abREGIONALES\u00bb","block_context":{"text":"REGIONALES","link":"https:\/\/larevistadigital.com.ar\/blog\/category\/regionales\/"},"img":{"alt_text":"","src":"https:\/\/i0.wp.com\/larevistadigital.com.ar\/blog\/wp-content\/uploads\/Captura-de-pantalla-2026-04-27-130027.jpg?fit=808%2C426&ssl=1&resize=350%2C200","width":350,"height":200,"srcset":"https:\/\/i0.wp.com\/larevistadigital.com.ar\/blog\/wp-content\/uploads\/Captura-de-pantalla-2026-04-27-130027.jpg?fit=808%2C426&ssl=1&resize=350%2C200 1x, https:\/\/i0.wp.com\/larevistadigital.com.ar\/blog\/wp-content\/uploads\/Captura-de-pantalla-2026-04-27-130027.jpg?fit=808%2C426&ssl=1&resize=525%2C300 1.5x, https:\/\/i0.wp.com\/larevistadigital.com.ar\/blog\/wp-content\/uploads\/Captura-de-pantalla-2026-04-27-130027.jpg?fit=808%2C426&ssl=1&resize=700%2C400 2x"},"classes":[]},{"id":41493,"url":"https:\/\/larevistadigital.com.ar\/blog\/el-gobierno-promulgo-la-ley-de-emergencia-en-discapacidad-pero-condiciona-su-aplicacion-al-financiamiento\/","url_meta":{"origin":45362,"position":1},"title":"El Gobierno promulg\u00f3 la Ley de Emergencia en Discapacidad, pero condiciona su aplicaci\u00f3n al financiamiento","author":"Alejandro Sosa Ruda","date":"17 septiembre, 2025","format":false,"excerpt":"La administraci\u00f3n de Javier Milei confirm\u00f3 que aceptar\u00e1 la norma votada por el Congreso, aunque advirti\u00f3 que no la reglamentar\u00e1 hasta definir de d\u00f3nde saldr\u00e1n los fondos para cubrir el aumento de pensiones y prestaciones. 17 de septiembre de 2025 El jefe de Gabinete, Guillermo Francos, confirm\u00f3 que el Gobierno\u2026","rel":"","context":"En \u00abDESTACADAS\u00bb","block_context":{"text":"DESTACADAS","link":"https:\/\/larevistadigital.com.ar\/blog\/category\/destacadas\/"},"img":{"alt_text":"","src":"https:\/\/i0.wp.com\/larevistadigital.com.ar\/blog\/wp-content\/uploads\/933eea45026b6d907c8a7bfb506d8e4e7f1b7adb.jpg?fit=1140%2C721&ssl=1&resize=350%2C200","width":350,"height":200,"srcset":"https:\/\/i0.wp.com\/larevistadigital.com.ar\/blog\/wp-content\/uploads\/933eea45026b6d907c8a7bfb506d8e4e7f1b7adb.jpg?fit=1140%2C721&ssl=1&resize=350%2C200 1x, https:\/\/i0.wp.com\/larevistadigital.com.ar\/blog\/wp-content\/uploads\/933eea45026b6d907c8a7bfb506d8e4e7f1b7adb.jpg?fit=1140%2C721&ssl=1&resize=525%2C300 1.5x, https:\/\/i0.wp.com\/larevistadigital.com.ar\/blog\/wp-content\/uploads\/933eea45026b6d907c8a7bfb506d8e4e7f1b7adb.jpg?fit=1140%2C721&ssl=1&resize=700%2C400 2x, https:\/\/i0.wp.com\/larevistadigital.com.ar\/blog\/wp-content\/uploads\/933eea45026b6d907c8a7bfb506d8e4e7f1b7adb.jpg?fit=1140%2C721&ssl=1&resize=1050%2C600 3x"},"classes":[]},{"id":38860,"url":"https:\/\/larevistadigital.com.ar\/blog\/cuch-una-oportunidad-para-los-chascomunenses\/","url_meta":{"origin":45362,"position":2},"title":"CUCh: una oportunidad para los chascomunenses","author":"Alejandro Sosa Ruda","date":"27 febrero, 2025","format":false,"excerpt":"EL Centro Universitario Chascom\u00fas brinda la posibilidad de continuar estudiando sin necesidad de migrar 27 De Febrero de 2025 CHASCOM\u00daS -\u00a0 Las pol\u00edticas p\u00fablicas en educaci\u00f3n son una de las principales herramientas con la que cuentan los Estados para igualar en derechos y en oportunidades de progreso. En este sentido,\u2026","rel":"","context":"En \u00abCHASCOM\u00daS\u00bb","block_context":{"text":"CHASCOM\u00daS","link":"https:\/\/larevistadigital.com.ar\/blog\/category\/chascomus\/"},"img":{"alt_text":"","src":"https:\/\/i0.wp.com\/larevistadigital.com.ar\/blog\/wp-content\/uploads\/67bcb0e86a85e.png?fit=668%2C445&ssl=1&resize=350%2C200","width":350,"height":200,"srcset":"https:\/\/i0.wp.com\/larevistadigital.com.ar\/blog\/wp-content\/uploads\/67bcb0e86a85e.png?fit=668%2C445&ssl=1&resize=350%2C200 1x, https:\/\/i0.wp.com\/larevistadigital.com.ar\/blog\/wp-content\/uploads\/67bcb0e86a85e.png?fit=668%2C445&ssl=1&resize=525%2C300 1.5x"},"classes":[]},{"id":36242,"url":"https:\/\/larevistadigital.com.ar\/blog\/charla-informativa-sobre-nuevas-carreras-en-el-centro-universitario-de-chascomus\/","url_meta":{"origin":45362,"position":3},"title":"CHARLA INFORMATIVA SOBRE NUEVAS CARRERAS EN EL CENTRO UNIVERSITARIO DE CHASCOM\u00daS","author":"Alejandro Sosa Ruda","date":"5 junio, 2024","format":false,"excerpt":"El pr\u00f3ximo lunes se brindar\u00e1n detalles sobre las nuevas opciones educativas que ofrecer\u00e1 el Centro Universitario de Chascom\u00fas, pr\u00f3ximo a su inauguraci\u00f3n. 5 DE JUNIO DE 2024 CHASCOM\u00daS -\u00a0 A trav\u00e9s de un convenio entre la Municipalidad de Chascom\u00fas, la Municipalidad de General Paz, el gobierno de la provincia de\u2026","rel":"","context":"En \u00abCHASCOM\u00daS\u00bb","block_context":{"text":"CHASCOM\u00daS","link":"https:\/\/larevistadigital.com.ar\/blog\/category\/chascomus\/"},"img":{"alt_text":"","src":"https:\/\/i0.wp.com\/larevistadigital.com.ar\/blog\/wp-content\/uploads\/2024_06_06_01_03_00_1979507.jpg?fit=600%2C400&ssl=1&resize=350%2C200","width":350,"height":200,"srcset":"https:\/\/i0.wp.com\/larevistadigital.com.ar\/blog\/wp-content\/uploads\/2024_06_06_01_03_00_1979507.jpg?fit=600%2C400&ssl=1&resize=350%2C200 1x, https:\/\/i0.wp.com\/larevistadigital.com.ar\/blog\/wp-content\/uploads\/2024_06_06_01_03_00_1979507.jpg?fit=600%2C400&ssl=1&resize=525%2C300 1.5x"},"classes":[]},{"id":44474,"url":"https:\/\/larevistadigital.com.ar\/blog\/javier-gaston-y-el-ministro-carlos-bianco-presentaron-una-nueva-carrera-universitaria-para-chascomus\/","url_meta":{"origin":45362,"position":4},"title":"Javier Gast\u00f3n y el ministro Carlos Bianco presentaron una nueva carrera universitaria para Chascom\u00fas","author":"Alejandro Sosa Ruda","date":"12 marzo, 2026","format":false,"excerpt":"Adem\u00e1s, el intendente y el titular de la cartera de Gobierno bonaerense recorrieron las instalaciones del Centro Universitario de Chascom\u00fas, ubicado en el barrio 30 de Mayo, y la obra de ampliaci\u00f3n que se encuentra en marcha. 12 de marzo de 2026 En horas de la tarde de ayer, el\u2026","rel":"","context":"En \u00abSin categor\u00eda\u00bb","block_context":{"text":"Sin categor\u00eda","link":"https:\/\/larevistadigital.com.ar\/blog\/category\/sin-categoria\/"},"img":{"alt_text":"","src":"https:\/\/i0.wp.com\/larevistadigital.com.ar\/blog\/wp-content\/uploads\/69b2f1a68b13c.png?fit=668%2C445&ssl=1&resize=350%2C200","width":350,"height":200,"srcset":"https:\/\/i0.wp.com\/larevistadigital.com.ar\/blog\/wp-content\/uploads\/69b2f1a68b13c.png?fit=668%2C445&ssl=1&resize=350%2C200 1x, https:\/\/i0.wp.com\/larevistadigital.com.ar\/blog\/wp-content\/uploads\/69b2f1a68b13c.png?fit=668%2C445&ssl=1&resize=525%2C300 1.5x"},"classes":[]},{"id":44204,"url":"https:\/\/larevistadigital.com.ar\/blog\/ampliacion-del-centro-universitario-chascomus\/","url_meta":{"origin":45362,"position":5},"title":"Ampliaci\u00f3n del Centro Universitario Chascom\u00fas","author":"Alejandro Sosa Ruda","date":"28 febrero, 2026","format":false,"excerpt":"El espacio educativo que funciona en el barrio 30 de Mayo sumar\u00e1 nuevas aulas y sanitarios. El intendente Javier Gast\u00f3n recorri\u00f3 el predio del Centro Universitario Chascom\u00fas, ubicado en Serantes 1365, donde observ\u00f3 los trabajos de ampliaci\u00f3n que se llevan adelante. La obra consiste en la construcci\u00f3n de una nueva\u2026","rel":"","context":"En \u00abCHASCOM\u00daS\u00bb","block_context":{"text":"CHASCOM\u00daS","link":"https:\/\/larevistadigital.com.ar\/blog\/category\/chascomus\/"},"img":{"alt_text":"","src":"https:\/\/i0.wp.com\/larevistadigital.com.ar\/blog\/wp-content\/uploads\/69a1d797774ff.png?fit=668%2C445&ssl=1&resize=350%2C200","width":350,"height":200,"srcset":"https:\/\/i0.wp.com\/larevistadigital.com.ar\/blog\/wp-content\/uploads\/69a1d797774ff.png?fit=668%2C445&ssl=1&resize=350%2C200 1x, https:\/\/i0.wp.com\/larevistadigital.com.ar\/blog\/wp-content\/uploads\/69a1d797774ff.png?fit=668%2C445&ssl=1&resize=525%2C300 1.5x"},"classes":[]}],"_links":{"self":[{"href":"https:\/\/larevistadigital.com.ar\/blog\/wp-json\/wp\/v2\/posts\/45362","targetHints":{"allow":["GET"]}}],"collection":[{"href":"https:\/\/larevistadigital.com.ar\/blog\/wp-json\/wp\/v2\/posts"}],"about":[{"href":"https:\/\/larevistadigital.com.ar\/blog\/wp-json\/wp\/v2\/types\/post"}],"author":[{"embeddable":true,"href":"https:\/\/larevistadigital.com.ar\/blog\/wp-json\/wp\/v2\/users\/3"}],"replies":[{"embeddable":true,"href":"https:\/\/larevistadigital.com.ar\/blog\/wp-json\/wp\/v2\/comments?post=45362"}],"version-history":[{"count":1,"href":"https:\/\/larevistadigital.com.ar\/blog\/wp-json\/wp\/v2\/posts\/45362\/revisions"}],"predecessor-version":[{"id":45364,"href":"https:\/\/larevistadigital.com.ar\/blog\/wp-json\/wp\/v2\/posts\/45362\/revisions\/45364"}],"wp:featuredmedia":[{"embeddable":true,"href":"https:\/\/larevistadigital.com.ar\/blog\/wp-json\/wp\/v2\/media\/45363"}],"wp:attachment":[{"href":"https:\/\/larevistadigital.com.ar\/blog\/wp-json\/wp\/v2\/media?parent=45362"}],"wp:term":[{"taxonomy":"category","embeddable":true,"href":"https:\/\/larevistadigital.com.ar\/blog\/wp-json\/wp\/v2\/categories?post=45362"},{"taxonomy":"post_tag","embeddable":true,"href":"https:\/\/larevistadigital.com.ar\/blog\/wp-json\/wp\/v2\/tags?post=45362"}],"curies":[{"name":"wp","href":"https:\/\/api.w.org\/{rel}","templated":true}]}}