{"id":45367,"date":"2026-04-27T18:29:02","date_gmt":"2026-04-27T21:29:02","guid":{"rendered":"https:\/\/larevistadigital.com.ar\/blog\/?p=45367"},"modified":"2026-04-27T18:29:02","modified_gmt":"2026-04-27T21:29:02","slug":"la-provincia-avanzara-con-un-refuerzo-de-entrega-de-medicamentos-a-municipios","status":"publish","type":"post","link":"https:\/\/larevistadigital.com.ar\/blog\/la-provincia-avanzara-con-un-refuerzo-de-entrega-de-medicamentos-a-municipios\/","title":{"rendered":"La Provincia avanzar\u00e1 con un refuerzo de entrega de medicamentos a municipios"},"content":{"rendered":"<h3>Lo adelant\u00f3 el ministro Carlos Bianco. El gobernador Axel Kicillof anunciar\u00e1 el jueves un refuerzo del programa en medio de la pol\u00e9mica por el Plan Remediar.<\/h3>\n<p>27 de abril de 2026<\/p>\n<p>El gobernador de la\u00a0<strong>provincia de Buenos Aires<\/strong>,\u00a0<strong>Axel Kicillof<\/strong>, avanzar\u00e1 con un refuerzo del programa\u00a0<strong>Medicamentos Bonaerenses<\/strong>, que garantiza a la poblaci\u00f3n la cobertura p\u00fablica de remedios para el tratamiento de enfermedades prevalentes. La medida coincide\u00a0<a href=\"https:\/\/dib.com.ar\/sociedad\/que-puede-pasar-el-plan-remediar-y-la-entrega-medicamentos-esenciales-n52014\">con la interrupci\u00f3n del\u00a0<strong>Remediar<\/strong><\/a>\u00a0por parte del\u00a0<strong>Ministerio de Salud de la Naci\u00f3n<\/strong>\u00a0anunciado semanas atr\u00e1s.<\/p>\n<article class=\"article-body article-body--second-paragraph\">\n<blockquote>\n<p id=\"p-1777298378545-86132\">Seg\u00fan adelant\u00f3 el ministro de Gobierno,\u00a0<strong>Carlos Bianco<\/strong>, los detalles de la iniciativa los va a anunciar el propio Kicillof el jueves durante una recorrida por el dep\u00f3sito de medicamentos del\u00a0<strong>Hospital Interzonal Especializado de Agudos y Cr\u00f3nicos Doctor Alejandro Korn<\/strong>, ubicado en\u00a0<strong>Romero<\/strong>, de\u00a0<strong>La Plata<\/strong>.<\/p>\n<\/blockquote>\n<\/article>\n<article class=\"article-body article-body--second-paragraph\">\n<p id=\"p-1777298378545-62731\">\u201cEl Gobierno nacional deja de invertir en el suministro de medicamentos e inmediatamente el Gobierno provincial tiene que asistir a la poblaci\u00f3n que queda desguarecida\u201d, dijo Bianco en su habitual conferencia de prensa. Y cont\u00f3 que la Provincia adquiri\u00f3 74 medicamentos en una\u00a0<strong>licitaci\u00f3n p\u00fablica por m\u00e1s de 24.500 millones de pesos<\/strong>, que ser\u00e1n enviados a los mu7nicipios para reforzar los 91 que ya se entregan.<\/p>\n<\/article>\n<article class=\"article-body article-body--second-paragraph\">\n<p id=\"p-1777298378545-37928\">El programa permitir\u00e1 centralizar y organizar los recursos con mayor eficiencia, optimizando los procesos de adquisici\u00f3n y distribuci\u00f3n de los suministros que se env\u00edan a todos los centros de salud y hospitales p\u00fablicos provinciales de los 135 municipios. Los medicamentos son necesarios para la prevenci\u00f3n y el tratamiento de patolog\u00edas cr\u00f3nicas como\u00a0<strong>afecciones cardiovasculares, pulmonares, reum\u00e1ticas, infecciones agudas, autoinmunes, anemia, osteoporosis, Parkinson e hipercolesterolemia<\/strong>, entre otras.<\/p>\n<\/article>\n<article class=\"article-body article-body--third-paragraph\">\n<blockquote>\n<p id=\"p-1777298378545-80726\">Cabe recordar que en la Legislatura est\u00e1 cajoneado un proyecto que impulsa el gobernador Kicillof y destac\u00f3 en la apertura de sesiones ordinarias el 2 de marzo pasado. Se trata de una ley de producci\u00f3n p\u00fablica de medicamentos, que el mandatario caracteriz\u00f3 en ese discurso como necesario para \u201creducir costos y garantizar el acceso en toda la provincia\u201d.<\/p>\n<\/blockquote>\n<div id=\"embed7827_wrap\" class=\"embed_cont type_freetext\" data-provider=\"Twitter\">\n<div id=\"embed7827_content\" class=\"embed_content\">\n<div id=\"embed7827_embed\">\n<div class=\"twitter-tweet twitter-tweet-rendered\"><\/div>\n<\/div>\n<\/div>\n<\/div>\n<h3 id=\"p-1777298378545-68508\">Cr\u00edticas de Carlos Bianco al Gobierno de Javier Milei<\/h3>\n<p id=\"p-1777298378545-95950\">El funcionario de <strong>Kicillof<\/strong> aprovech\u00f3 la conferencia para dejar en claro que <strong><em>\u201cno se puede esperar que una provincia se haga cargo de todo lo que abandona un Gobierno como el de Milei\u201d<\/em><\/strong> ya que, insisti\u00f3, sufren un recorte de fondos.<\/p>\n<p id=\"p-1777298378545-16618\">En ese sentido, centr\u00f3 buena parte de su intervenci\u00f3n en lo que defini\u00f3 como un escenario\u00a0<strong>\u201ccatastr\u00f3fico y desesperante\u201d<\/strong>\u00a0para la producci\u00f3n, el empleo y los ingresos.\u00a0<strong>\u201cEste modelo no va m\u00e1s\u201d,<\/strong>\u00a0sentenci\u00f3, y reclam\u00f3 un cambio urgente en el programa econ\u00f3mico nacional. <strong><em>\u201cEl Gobierno nacional abandona sus responsabilidades y la Provincia tiene que salir a cubrir esas necesidades, pero no puede hacerlo todo\u201d<\/em><\/strong>, se\u00f1al\u00f3.<\/p>\n<p id=\"p-1777298378545-60371\">Seg\u00fan detall\u00f3, la N<strong>aci\u00f3n mantiene una deuda total con la provincia de Buenos Aires que asciende a $16,7 billones<\/strong>, un monto que surge de tres componentes principales: deudas directas, obras paralizadas y programas discontinuados.<\/p>\n<\/article>\n","protected":false},"excerpt":{"rendered":"<div class=\"mh-excerpt\"><p>Lo adelant\u00f3 el ministro Carlos Bianco. El gobernador Axel Kicillof anunciar\u00e1 el jueves un refuerzo del programa en medio de la pol\u00e9mica por el Plan Remediar. 27 de abril de 2026 El gobernador de la\u00a0provincia <a class=\"mh-excerpt-more\" href=\"https:\/\/larevistadigital.com.ar\/blog\/la-provincia-avanzara-con-un-refuerzo-de-entrega-de-medicamentos-a-municipios\/\" title=\"La Provincia avanzar\u00e1 con un refuerzo de entrega de medicamentos a municipios\">[Leer M\u00e1s]<\/a><\/p>\n<\/div>","protected":false},"author":3,"featured_media":45368,"comment_status":"open","ping_status":"open","sticky":false,"template":"","format":"standard","meta":{"_jetpack_memberships_contains_paid_content":false,"footnotes":"","jetpack_publicize_message":"","jetpack_publicize_feature_enabled":true,"jetpack_social_post_already_shared":true,"jetpack_social_options":{"image_generator_settings":{"template":"highway","default_image_id":0,"font":"","enabled":false},"version":2}},"categories":[12,24,51],"tags":[],"class_list":{"0":"post-45367","1":"post","2":"type-post","3":"status-publish","4":"format-standard","5":"has-post-thumbnail","7":"category-politica","8":"category-politica-provincial","9":"category-regionales"},"jetpack_publicize_connections":[],"jetpack_featured_media_url":"https:\/\/i0.wp.com\/larevistadigital.com.ar\/blog\/wp-content\/uploads\/Captura-de-pantalla-2026-04-27-182155.jpg?fit=626%2C417&ssl=1","jetpack_sharing_enabled":true,"jetpack_shortlink":"https:\/\/wp.me\/p8qtrQ-bNJ","jetpack-related-posts":[{"id":45100,"url":"https:\/\/larevistadigital.com.ar\/blog\/kicillof-recibio-al-embajador-de-espana\/","url_meta":{"origin":45367,"position":0},"title":"Kicillof recibi\u00f3 al embajador de Espa\u00f1a","author":"Alejandro Sosa Ruda","date":"14 abril, 2026","format":false,"excerpt":"El gobernador de la provincia de Buenos Aires, Axel Kicillof, recibi\u00f3 este martes al embajador de Espa\u00f1a en la Argentina, Joaqu\u00edn Mar\u00eda de Ar\u00edstegui Laborde, para fortalecer los mecanismos de cooperaci\u00f3n conjunta. Estuvo presente el ministro de Gobierno, Carlos Bianco. Esta semana Kicillof viajar\u00e1 rumbo a Madrid, donde se reunir\u00e1\u2026","rel":"","context":"En \u00abPOLITICA\u00bb","block_context":{"text":"POLITICA","link":"https:\/\/larevistadigital.com.ar\/blog\/category\/politica\/"},"img":{"alt_text":"","src":"https:\/\/i0.wp.com\/larevistadigital.com.ar\/blog\/wp-content\/uploads\/DON_8249-scaled.jpg?fit=1200%2C800&ssl=1&resize=350%2C200","width":350,"height":200,"srcset":"https:\/\/i0.wp.com\/larevistadigital.com.ar\/blog\/wp-content\/uploads\/DON_8249-scaled.jpg?fit=1200%2C800&ssl=1&resize=350%2C200 1x, https:\/\/i0.wp.com\/larevistadigital.com.ar\/blog\/wp-content\/uploads\/DON_8249-scaled.jpg?fit=1200%2C800&ssl=1&resize=525%2C300 1.5x, https:\/\/i0.wp.com\/larevistadigital.com.ar\/blog\/wp-content\/uploads\/DON_8249-scaled.jpg?fit=1200%2C800&ssl=1&resize=700%2C400 2x, https:\/\/i0.wp.com\/larevistadigital.com.ar\/blog\/wp-content\/uploads\/DON_8249-scaled.jpg?fit=1200%2C800&ssl=1&resize=1050%2C600 3x"},"classes":[]},{"id":40166,"url":"https:\/\/larevistadigital.com.ar\/blog\/kicillof-desembarca-en-mar-del-plata-para-cerrar-un-nuevo-encuentro-del-programa-puentes\/","url_meta":{"origin":45367,"position":1},"title":"Kicillof desembarca en Mar del Plata para cerrar un nuevo encuentro del Programa Puentes","author":"Alejandro Sosa Ruda","date":"24 junio, 2025","format":false,"excerpt":"El gobernador bonaerense participar\u00e1 del evento educativo este viernes 27, en el Gran Hotel Provincial. La jornada reunir\u00e1 a referentes pol\u00edticos, universitarios y del sector productivo. 24 de Junio de 2025 BUENOS AIRES -\u00a0 \u00a0Este viernes 27 de junio, el gobernador Axel Kicillof visitar\u00e1 Mar del Plata para encabezar el\u2026","rel":"","context":"En \u00abPOLITICA PROVINCIAL\u00bb","block_context":{"text":"POLITICA PROVINCIAL","link":"https:\/\/larevistadigital.com.ar\/blog\/category\/politica\/politica-provincial\/"},"img":{"alt_text":"","src":"https:\/\/i0.wp.com\/larevistadigital.com.ar\/blog\/wp-content\/uploads\/Captura-de-pantalla-2025-06-24-122038.jpg?fit=651%2C510&ssl=1&resize=350%2C200","width":350,"height":200,"srcset":"https:\/\/i0.wp.com\/larevistadigital.com.ar\/blog\/wp-content\/uploads\/Captura-de-pantalla-2025-06-24-122038.jpg?fit=651%2C510&ssl=1&resize=350%2C200 1x, https:\/\/i0.wp.com\/larevistadigital.com.ar\/blog\/wp-content\/uploads\/Captura-de-pantalla-2025-06-24-122038.jpg?fit=651%2C510&ssl=1&resize=525%2C300 1.5x"},"classes":[]},{"id":42196,"url":"https:\/\/larevistadigital.com.ar\/blog\/kicillof-recorrio-los-avances-de-obras-de-viviendas-en-carlos-tejedor\/","url_meta":{"origin":45367,"position":2},"title":"Kicillof recorri\u00f3 los avances de obras de viviendas en Carlos Tejedor","author":"Alejandro Sosa Ruda","date":"23 octubre, 2025","format":false,"excerpt":"Adem\u00e1s, el Gobernador mantuvo un encuentro con jubilados, docentes y estudiantes del distrito. El gobernador de la provincia de Buenos Aires, Axel Kicillof, recorri\u00f3 este mi\u00e9rcoles junto a la intendenta de Carlos Tejedor, Mar\u00eda Celia Gianini, los avances de las obras de construcci\u00f3n de 35 viviendas y, en el marco\u2026","rel":"","context":"En \u00abPOLITICA PROVINCIAL\u00bb","block_context":{"text":"POLITICA PROVINCIAL","link":"https:\/\/larevistadigital.com.ar\/blog\/category\/politica\/politica-provincial\/"},"img":{"alt_text":"","src":"https:\/\/i0.wp.com\/larevistadigital.com.ar\/blog\/wp-content\/uploads\/Axel-Kicillof_144.jpg?fit=743%2C530&ssl=1&resize=350%2C200","width":350,"height":200,"srcset":"https:\/\/i0.wp.com\/larevistadigital.com.ar\/blog\/wp-content\/uploads\/Axel-Kicillof_144.jpg?fit=743%2C530&ssl=1&resize=350%2C200 1x, https:\/\/i0.wp.com\/larevistadigital.com.ar\/blog\/wp-content\/uploads\/Axel-Kicillof_144.jpg?fit=743%2C530&ssl=1&resize=525%2C300 1.5x, https:\/\/i0.wp.com\/larevistadigital.com.ar\/blog\/wp-content\/uploads\/Axel-Kicillof_144.jpg?fit=743%2C530&ssl=1&resize=700%2C400 2x"},"classes":[]},{"id":29874,"url":"https:\/\/larevistadigital.com.ar\/blog\/el-gobernador-axel-kicillof-lamento-en-las-redes-el-fallecimiento-de-juan-carlos-el-vasco-veramendi\/","url_meta":{"origin":45367,"position":3},"title":"EL GOBERNADOR AXEL KICILLOF LAMENT\u00d3 EN LAS REDES EL FALLECIMIENTO DE JUAN CARLOS \u00abEL VASCO\u00bb VERAMENDI.","author":"Alejandro Sosa Ruda","date":"21 enero, 2023","format":false,"excerpt":"Lo hizo desde su cuenta de Twitter, con un afectuoso mensaje. 21 de enero de 2023 El gobernador de la Provincia de Buenos Aires, Axel Kicillof lament\u00f3 desde las redes sociales el fallecimiento del hist\u00f3rico dirigente del peronismo, Juan Carlos \"El Vasco\" Veramendi. Lo hizo espec\u00edficamente desde su cuenta de\u2026","rel":"","context":"En \u00abPOLITICA\u00bb","block_context":{"text":"POLITICA","link":"https:\/\/larevistadigital.com.ar\/blog\/category\/politica\/"},"img":{"alt_text":"","src":"https:\/\/i0.wp.com\/larevistadigital.com.ar\/blog\/wp-content\/uploads\/kicillof-en-ranchos.jpg?fit=1200%2C518&ssl=1&resize=350%2C200","width":350,"height":200,"srcset":"https:\/\/i0.wp.com\/larevistadigital.com.ar\/blog\/wp-content\/uploads\/kicillof-en-ranchos.jpg?fit=1200%2C518&ssl=1&resize=350%2C200 1x, https:\/\/i0.wp.com\/larevistadigital.com.ar\/blog\/wp-content\/uploads\/kicillof-en-ranchos.jpg?fit=1200%2C518&ssl=1&resize=525%2C300 1.5x, https:\/\/i0.wp.com\/larevistadigital.com.ar\/blog\/wp-content\/uploads\/kicillof-en-ranchos.jpg?fit=1200%2C518&ssl=1&resize=700%2C400 2x, https:\/\/i0.wp.com\/larevistadigital.com.ar\/blog\/wp-content\/uploads\/kicillof-en-ranchos.jpg?fit=1200%2C518&ssl=1&resize=1050%2C600 3x"},"classes":[]},{"id":33840,"url":"https:\/\/larevistadigital.com.ar\/blog\/kicillof-encabeza-a-las-16-un-acto-en-el-estadio-atenas-de-la-plata\/","url_meta":{"origin":45367,"position":4},"title":"KICILLOF ENCABEZA A LAS 16 UN ACTO EN EL ESTADIO ATENAS DE LA PLATA","author":"Alejandro Sosa Ruda","date":"5 octubre, 2023","format":false,"excerpt":"El encuentro es organizado por el ministro de Salud bonaerense, Nicol\u00e1s Kreplak, de cara a las pr\u00f3ximos elecciones. Axel Kicillof ser\u00e1 el orador principal. 05 de Octubre de 2023 LA PLATA -\u00a0 El gobernador de la Provincia de Buenos Aires, Axel Kicillof, encabezar\u00e1 el acto \"Salud por la Patria\", que\u2026","rel":"","context":"En \u00abDESTACADAS\u00bb","block_context":{"text":"DESTACADAS","link":"https:\/\/larevistadigital.com.ar\/blog\/category\/destacadas\/"},"img":{"alt_text":"","src":"https:\/\/i0.wp.com\/larevistadigital.com.ar\/blog\/wp-content\/uploads\/Captura-de-pantalla-2023-10-05-123952.png?fit=884%2C524&ssl=1&resize=350%2C200","width":350,"height":200,"srcset":"https:\/\/i0.wp.com\/larevistadigital.com.ar\/blog\/wp-content\/uploads\/Captura-de-pantalla-2023-10-05-123952.png?fit=884%2C524&ssl=1&resize=350%2C200 1x, https:\/\/i0.wp.com\/larevistadigital.com.ar\/blog\/wp-content\/uploads\/Captura-de-pantalla-2023-10-05-123952.png?fit=884%2C524&ssl=1&resize=525%2C300 1.5x, https:\/\/i0.wp.com\/larevistadigital.com.ar\/blog\/wp-content\/uploads\/Captura-de-pantalla-2023-10-05-123952.png?fit=884%2C524&ssl=1&resize=700%2C400 2x"},"classes":[]},{"id":39281,"url":"https:\/\/larevistadigital.com.ar\/blog\/kicillof-volvio-a-llamar-a-la-unidad-para-frenar-las-politicas-de-milei-y-defender-la-provincia\/","url_meta":{"origin":45367,"position":5},"title":"Kicillof volvi\u00f3 a llamar a la unidad para frenar las pol\u00edticas de Milei y defender la Provincia","author":"Alejandro Sosa Ruda","date":"4 abril, 2025","format":false,"excerpt":"El gobernador de la provincia de Buenos Aires, Axel Kicillof, encabez\u00f3 este jueves el cierre del ciclo de charlas \u201cDebate del Futuro\u201d en el Teatro Argentino de La Plata. Lo acompa\u00f1aron el ministro de Gobierno, Carlos Bianco; el subsecretario de Econom\u00eda Popular, Daniel Men\u00e9ndez; y el intendente platense, Julio Alak.\u2026","rel":"","context":"En \u00abINTERES GENERAL\u00bb","block_context":{"text":"INTERES GENERAL","link":"https:\/\/larevistadigital.com.ar\/blog\/category\/interes-general\/"},"img":{"alt_text":"","src":"https:\/\/i0.wp.com\/larevistadigital.com.ar\/blog\/wp-content\/uploads\/20250403195806_kicillof-acto-contra-milei-provincia.jpg?fit=880%2C512&ssl=1&resize=350%2C200","width":350,"height":200,"srcset":"https:\/\/i0.wp.com\/larevistadigital.com.ar\/blog\/wp-content\/uploads\/20250403195806_kicillof-acto-contra-milei-provincia.jpg?fit=880%2C512&ssl=1&resize=350%2C200 1x, https:\/\/i0.wp.com\/larevistadigital.com.ar\/blog\/wp-content\/uploads\/20250403195806_kicillof-acto-contra-milei-provincia.jpg?fit=880%2C512&ssl=1&resize=525%2C300 1.5x, https:\/\/i0.wp.com\/larevistadigital.com.ar\/blog\/wp-content\/uploads\/20250403195806_kicillof-acto-contra-milei-provincia.jpg?fit=880%2C512&ssl=1&resize=700%2C400 2x"},"classes":[]}],"_links":{"self":[{"href":"https:\/\/larevistadigital.com.ar\/blog\/wp-json\/wp\/v2\/posts\/45367","targetHints":{"allow":["GET"]}}],"collection":[{"href":"https:\/\/larevistadigital.com.ar\/blog\/wp-json\/wp\/v2\/posts"}],"about":[{"href":"https:\/\/larevistadigital.com.ar\/blog\/wp-json\/wp\/v2\/types\/post"}],"author":[{"embeddable":true,"href":"https:\/\/larevistadigital.com.ar\/blog\/wp-json\/wp\/v2\/users\/3"}],"replies":[{"embeddable":true,"href":"https:\/\/larevistadigital.com.ar\/blog\/wp-json\/wp\/v2\/comments?post=45367"}],"version-history":[{"count":1,"href":"https:\/\/larevistadigital.com.ar\/blog\/wp-json\/wp\/v2\/posts\/45367\/revisions"}],"predecessor-version":[{"id":45369,"href":"https:\/\/larevistadigital.com.ar\/blog\/wp-json\/wp\/v2\/posts\/45367\/revisions\/45369"}],"wp:featuredmedia":[{"embeddable":true,"href":"https:\/\/larevistadigital.com.ar\/blog\/wp-json\/wp\/v2\/media\/45368"}],"wp:attachment":[{"href":"https:\/\/larevistadigital.com.ar\/blog\/wp-json\/wp\/v2\/media?parent=45367"}],"wp:term":[{"taxonomy":"category","embeddable":true,"href":"https:\/\/larevistadigital.com.ar\/blog\/wp-json\/wp\/v2\/categories?post=45367"},{"taxonomy":"post_tag","embeddable":true,"href":"https:\/\/larevistadigital.com.ar\/blog\/wp-json\/wp\/v2\/tags?post=45367"}],"curies":[{"name":"wp","href":"https:\/\/api.w.org\/{rel}","templated":true}]}}