{"id":45372,"date":"2026-04-28T16:34:29","date_gmt":"2026-04-28T19:34:29","guid":{"rendered":"https:\/\/larevistadigital.com.ar\/blog\/?p=45372"},"modified":"2026-04-28T16:34:29","modified_gmt":"2026-04-28T19:34:29","slug":"tiro-federal-primera-fecha-del-nacional-de-miras-abiertas","status":"publish","type":"post","link":"https:\/\/larevistadigital.com.ar\/blog\/tiro-federal-primera-fecha-del-nacional-de-miras-abiertas\/","title":{"rendered":"Tiro Federal: Primera fecha del Nacional de Miras Abiertas"},"content":{"rendered":"<p><strong>Morena Unkrodt<\/strong> y <strong>Claudio Visent\u00edn<\/strong> representaron al TFA Chascom\u00fas en la primera fecha del Torneo Nacional de Miras Abiertas, organizado por la Federaci\u00f3n Argentina de Tiro, disputada el \u00faltimo fin de semana en el pol\u00edgono de Quilmes.<\/p>\n<blockquote>\n<h3>La competencia se realiz\u00f3 en simult\u00e1neo en distintos pol\u00edgonos del pa\u00eds en las disciplinas Rifle de Aire y Carabina .22.<\/h3>\n<\/blockquote>\n<p>Los tiradores chascomunenses sumaron puntos con estos resultados:<\/p>\n<p>RIFLE DE AIRE DE QUEBRAR<br \/>\n3 PUESTO UNKRODT Morena CATEGORIA JUNIOR MENOR 279 PUNTOS<br \/>\n5 PUESTO VISENTIN Claudio CATEGORIA VETERANO 279 PUNTOS<\/p>\n<p>50 MTS RIFLE TENDIDO MIRA ABIERTA<br \/>\n6 PUESTO VISENTIN Claudio CATEGORIA VETERANO 285 PUNTOS<\/p>\n","protected":false},"excerpt":{"rendered":"<div class=\"mh-excerpt\"><p>Morena Unkrodt y Claudio Visent\u00edn representaron al TFA Chascom\u00fas en la primera fecha del Torneo Nacional de Miras Abiertas, organizado por la Federaci\u00f3n Argentina de Tiro, disputada el \u00faltimo fin de semana en el pol\u00edgono <a class=\"mh-excerpt-more\" href=\"https:\/\/larevistadigital.com.ar\/blog\/tiro-federal-primera-fecha-del-nacional-de-miras-abiertas\/\" title=\"Tiro Federal: Primera fecha del Nacional de Miras Abiertas\">[Leer M\u00e1s]<\/a><\/p>\n<\/div>","protected":false},"author":3,"featured_media":45373,"comment_status":"open","ping_status":"open","sticky":false,"template":"","format":"standard","meta":{"_jetpack_memberships_contains_paid_content":false,"footnotes":"","jetpack_publicize_message":"","jetpack_publicize_feature_enabled":true,"jetpack_social_post_already_shared":true,"jetpack_social_options":{"image_generator_settings":{"template":"highway","default_image_id":0,"font":"","enabled":false},"version":2}},"categories":[6],"tags":[],"class_list":{"0":"post-45372","1":"post","2":"type-post","3":"status-publish","4":"format-standard","5":"has-post-thumbnail","7":"category-chascomus"},"jetpack_publicize_connections":[],"jetpack_featured_media_url":"https:\/\/i0.wp.com\/larevistadigital.com.ar\/blog\/wp-content\/uploads\/WhatsApp-Image-2026-04-28-at-16.28.07-e1777404775429.jpeg?fit=900%2C712&ssl=1","jetpack_sharing_enabled":true,"jetpack_shortlink":"https:\/\/wp.me\/p8qtrQ-bNO","jetpack-related-posts":[{"id":42779,"url":"https:\/\/larevistadigital.com.ar\/blog\/chascomus-joven-chascomunense-bicampeona-nacional-de-tiro\/","url_meta":{"origin":45372,"position":0},"title":"Chascom\u00fas: Joven chascomunense bicampeona nacional de Tiro","author":"Alejandro Sosa Ruda","date":"5 diciembre, 2025","format":false,"excerpt":"El intendente Javier Gast\u00f3n recibi\u00f3 a Morena Unkrodt tras su consagraci\u00f3n en el Torneo de Miras Abiertas. 05 de Diciembre de 2025 CHASCOM\u00daS -\u00a0 \u00a0 La deportista chascomunense Morena Unkrodt fue recibida en el despacho comunal por el intendente Javier Gast\u00f3n, luego de haber obtenido dos t\u00edtulos nacionales en el\u2026","rel":"","context":"En \u00abCHASCOM\u00daS\u00bb","block_context":{"text":"CHASCOM\u00daS","link":"https:\/\/larevistadigital.com.ar\/blog\/category\/chascomus\/"},"img":{"alt_text":"","src":"https:\/\/i0.wp.com\/larevistadigital.com.ar\/blog\/wp-content\/uploads\/69331606d0d55.png?fit=668%2C445&ssl=1&resize=350%2C200","width":350,"height":200,"srcset":"https:\/\/i0.wp.com\/larevistadigital.com.ar\/blog\/wp-content\/uploads\/69331606d0d55.png?fit=668%2C445&ssl=1&resize=350%2C200 1x, https:\/\/i0.wp.com\/larevistadigital.com.ar\/blog\/wp-content\/uploads\/69331606d0d55.png?fit=668%2C445&ssl=1&resize=525%2C300 1.5x"},"classes":[]},{"id":36092,"url":"https:\/\/larevistadigital.com.ar\/blog\/tiro-federal-campeonato-nacional-de-miras-abiertas-en-chascomus\/","url_meta":{"origin":45372,"position":1},"title":"TIRO FEDERAL: CAMPEONATO NACIONAL DE MIRAS ABIERTAS EN CHASCOM\u00daS","author":"Alejandro Sosa Ruda","date":"21 mayo, 2024","format":false,"excerpt":"M\u00e1s de cien deportistas participaron de la tercera fecha del torneo que organiza la Federaci\u00f3n Argentina de Tiro 21 de Mayo de 2024 CHASCOM\u00daS -\u00a0 Durante el fin de semana el pol\u00edgono local recibi\u00f3 a representantes de sus pares de Olavarr\u00eda, La Plata, Tandil, Jun\u00edn y Quilmes, en el marco\u2026","rel":"","context":"En \u00abINTERES GENERAL\u00bb","block_context":{"text":"INTERES GENERAL","link":"https:\/\/larevistadigital.com.ar\/blog\/category\/interes-general\/"},"img":{"alt_text":"","src":"https:\/\/i0.wp.com\/larevistadigital.com.ar\/blog\/wp-content\/uploads\/fa6d456c-e60d-4598-9b76-7b7790126069.jpg?fit=1200%2C794&ssl=1&resize=350%2C200","width":350,"height":200,"srcset":"https:\/\/i0.wp.com\/larevistadigital.com.ar\/blog\/wp-content\/uploads\/fa6d456c-e60d-4598-9b76-7b7790126069.jpg?fit=1200%2C794&ssl=1&resize=350%2C200 1x, https:\/\/i0.wp.com\/larevistadigital.com.ar\/blog\/wp-content\/uploads\/fa6d456c-e60d-4598-9b76-7b7790126069.jpg?fit=1200%2C794&ssl=1&resize=525%2C300 1.5x, https:\/\/i0.wp.com\/larevistadigital.com.ar\/blog\/wp-content\/uploads\/fa6d456c-e60d-4598-9b76-7b7790126069.jpg?fit=1200%2C794&ssl=1&resize=700%2C400 2x, https:\/\/i0.wp.com\/larevistadigital.com.ar\/blog\/wp-content\/uploads\/fa6d456c-e60d-4598-9b76-7b7790126069.jpg?fit=1200%2C794&ssl=1&resize=1050%2C600 3x"},"classes":[]},{"id":36276,"url":"https:\/\/larevistadigital.com.ar\/blog\/tiro-torneo-federal-de-miras-abiertas\/","url_meta":{"origin":45372,"position":2},"title":"TIRO: TORNEO FEDERAL DE MIRAS ABIERTAS","author":"Alejandro Sosa Ruda","date":"10 junio, 2024","format":false,"excerpt":"Inform\u00f3 el Tiro Federal: Una delegaci\u00f3n del Tiro Federal Argentino local viaj\u00f3 a Jun\u00edn, donde se disput\u00f3 la cuarta fecha del Torneo Nacional de Miras Abiertas que organiza la Federaci\u00f3n Argentina de Tiro. Adem\u00e1s los tiradores participaron en simult\u00e1neo del torneo social organizado por el pol\u00edgono anfitri\u00f3n. En ambos casos\u2026","rel":"","context":"En \u00abINTERES GENERAL\u00bb","block_context":{"text":"INTERES GENERAL","link":"https:\/\/larevistadigital.com.ar\/blog\/category\/interes-general\/"},"img":{"alt_text":"","src":"https:\/\/i0.wp.com\/larevistadigital.com.ar\/blog\/wp-content\/uploads\/WhatsApp-Image-2024-06-10-at-17.34.32.jpeg?fit=995%2C1200&ssl=1&resize=350%2C200","width":350,"height":200,"srcset":"https:\/\/i0.wp.com\/larevistadigital.com.ar\/blog\/wp-content\/uploads\/WhatsApp-Image-2024-06-10-at-17.34.32.jpeg?fit=995%2C1200&ssl=1&resize=350%2C200 1x, https:\/\/i0.wp.com\/larevistadigital.com.ar\/blog\/wp-content\/uploads\/WhatsApp-Image-2024-06-10-at-17.34.32.jpeg?fit=995%2C1200&ssl=1&resize=525%2C300 1.5x, https:\/\/i0.wp.com\/larevistadigital.com.ar\/blog\/wp-content\/uploads\/WhatsApp-Image-2024-06-10-at-17.34.32.jpeg?fit=995%2C1200&ssl=1&resize=700%2C400 2x"},"classes":[]},{"id":37205,"url":"https:\/\/larevistadigital.com.ar\/blog\/javier-gaston-recibio-a-la-escuela-de-tiro\/","url_meta":{"origin":45372,"position":3},"title":"Javier Gast\u00f3n recibi\u00f3 a la Escuela de Tiro","author":"Alejandro Sosa Ruda","date":"11 septiembre, 2024","format":false,"excerpt":"Tras los logros obtenidos en el \u00faltimo Campeonato Nacional Juvenil los chicos del pol\u00edgono local compartieron su experiencia con el Intendente 11 de Septiemnre de 2024 Ayer por la tarde el intendente Javier Gast\u00f3n recibi\u00f3 a los integrantes de la Escuela del Tiro Federal Argentino Chascom\u00fas. En un emotivo encuentro\u2026","rel":"","context":"En \u00abINTERES GENERAL\u00bb","block_context":{"text":"INTERES GENERAL","link":"https:\/\/larevistadigital.com.ar\/blog\/category\/interes-general\/"},"img":{"alt_text":"","src":"https:\/\/i0.wp.com\/larevistadigital.com.ar\/blog\/wp-content\/uploads\/66e1d0d575bce.png?fit=668%2C445&ssl=1&resize=350%2C200","width":350,"height":200,"srcset":"https:\/\/i0.wp.com\/larevistadigital.com.ar\/blog\/wp-content\/uploads\/66e1d0d575bce.png?fit=668%2C445&ssl=1&resize=350%2C200 1x, https:\/\/i0.wp.com\/larevistadigital.com.ar\/blog\/wp-content\/uploads\/66e1d0d575bce.png?fit=668%2C445&ssl=1&resize=525%2C300 1.5x"},"classes":[]},{"id":36704,"url":"https:\/\/larevistadigital.com.ar\/blog\/el-poligono-local-fue-sede-de-los-juegos-bonaerenses\/","url_meta":{"origin":45372,"position":4},"title":"EL POL\u00cdGONO LOCAL FUE SEDE DE LOS JUEGOS BONAERENSES","author":"Alejandro Sosa Ruda","date":"17 julio, 2024","format":false,"excerpt":"Tiradores de La Plata, Berisso y Chascom\u00fas disputaron la Etapa Regional. 16 de Julio de 2024 CHASCOM\u00daS -\u00a0 El pasado domingo tiradores de La Plata, Berisso y Chascom\u00fas disputaron la Etapa Regional de Tiro Deportivo correspondiente a los Juegos Bonaerenses. Si bien s\u00f3lo el ganador de cada categor\u00eda avanza a\u2026","rel":"","context":"En \u00abCHASCOM\u00daS\u00bb","block_context":{"text":"CHASCOM\u00daS","link":"https:\/\/larevistadigital.com.ar\/blog\/category\/chascomus\/"},"img":{"alt_text":"","src":"https:\/\/i0.wp.com\/larevistadigital.com.ar\/blog\/wp-content\/uploads\/WhatsApp-Image-2024-07-16-at-08.45.11.jpeg?fit=1200%2C794&ssl=1&resize=350%2C200","width":350,"height":200,"srcset":"https:\/\/i0.wp.com\/larevistadigital.com.ar\/blog\/wp-content\/uploads\/WhatsApp-Image-2024-07-16-at-08.45.11.jpeg?fit=1200%2C794&ssl=1&resize=350%2C200 1x, https:\/\/i0.wp.com\/larevistadigital.com.ar\/blog\/wp-content\/uploads\/WhatsApp-Image-2024-07-16-at-08.45.11.jpeg?fit=1200%2C794&ssl=1&resize=525%2C300 1.5x, https:\/\/i0.wp.com\/larevistadigital.com.ar\/blog\/wp-content\/uploads\/WhatsApp-Image-2024-07-16-at-08.45.11.jpeg?fit=1200%2C794&ssl=1&resize=700%2C400 2x, https:\/\/i0.wp.com\/larevistadigital.com.ar\/blog\/wp-content\/uploads\/WhatsApp-Image-2024-07-16-at-08.45.11.jpeg?fit=1200%2C794&ssl=1&resize=1050%2C600 3x"},"classes":[]},{"id":43287,"url":"https:\/\/larevistadigital.com.ar\/blog\/chascomus-se-disputo-el-sabado-la-segunda-fecha-del-circuito-de-aguas-abiertas\/","url_meta":{"origin":45372,"position":5},"title":"Chascom\u00fas: Se disput\u00f3 el s\u00e1bado la segunda fecha del Circuito de Aguas Abiertas","author":"Alejandro Sosa Ruda","date":"12 enero, 2026","format":false,"excerpt":"Con gran emoci\u00f3n y el aliento del p\u00fablico, se desarroll\u00f3 la propuesta deportiva m\u00e1s convocantes de la temporada estival. 12 de enero de 2026 La prueba se disput\u00f3 el pasado 10 de enero en la Laguna de Chascom\u00fas con 320 participantes de todas las categor\u00edas, entre los que se encontraban\u2026","rel":"","context":"En \u00abCHASCOM\u00daS\u00bb","block_context":{"text":"CHASCOM\u00daS","link":"https:\/\/larevistadigital.com.ar\/blog\/category\/chascomus\/"},"img":{"alt_text":"","src":"https:\/\/i0.wp.com\/larevistadigital.com.ar\/blog\/wp-content\/uploads\/696532af52618.png?fit=668%2C445&ssl=1&resize=350%2C200","width":350,"height":200,"srcset":"https:\/\/i0.wp.com\/larevistadigital.com.ar\/blog\/wp-content\/uploads\/696532af52618.png?fit=668%2C445&ssl=1&resize=350%2C200 1x, https:\/\/i0.wp.com\/larevistadigital.com.ar\/blog\/wp-content\/uploads\/696532af52618.png?fit=668%2C445&ssl=1&resize=525%2C300 1.5x"},"classes":[]}],"_links":{"self":[{"href":"https:\/\/larevistadigital.com.ar\/blog\/wp-json\/wp\/v2\/posts\/45372","targetHints":{"allow":["GET"]}}],"collection":[{"href":"https:\/\/larevistadigital.com.ar\/blog\/wp-json\/wp\/v2\/posts"}],"about":[{"href":"https:\/\/larevistadigital.com.ar\/blog\/wp-json\/wp\/v2\/types\/post"}],"author":[{"embeddable":true,"href":"https:\/\/larevistadigital.com.ar\/blog\/wp-json\/wp\/v2\/users\/3"}],"replies":[{"embeddable":true,"href":"https:\/\/larevistadigital.com.ar\/blog\/wp-json\/wp\/v2\/comments?post=45372"}],"version-history":[{"count":1,"href":"https:\/\/larevistadigital.com.ar\/blog\/wp-json\/wp\/v2\/posts\/45372\/revisions"}],"predecessor-version":[{"id":45374,"href":"https:\/\/larevistadigital.com.ar\/blog\/wp-json\/wp\/v2\/posts\/45372\/revisions\/45374"}],"wp:featuredmedia":[{"embeddable":true,"href":"https:\/\/larevistadigital.com.ar\/blog\/wp-json\/wp\/v2\/media\/45373"}],"wp:attachment":[{"href":"https:\/\/larevistadigital.com.ar\/blog\/wp-json\/wp\/v2\/media?parent=45372"}],"wp:term":[{"taxonomy":"category","embeddable":true,"href":"https:\/\/larevistadigital.com.ar\/blog\/wp-json\/wp\/v2\/categories?post=45372"},{"taxonomy":"post_tag","embeddable":true,"href":"https:\/\/larevistadigital.com.ar\/blog\/wp-json\/wp\/v2\/tags?post=45372"}],"curies":[{"name":"wp","href":"https:\/\/api.w.org\/{rel}","templated":true}]}}