{"id":45376,"date":"2026-04-28T18:40:31","date_gmt":"2026-04-28T21:40:31","guid":{"rendered":"https:\/\/larevistadigital.com.ar\/blog\/?p=45376"},"modified":"2026-04-28T18:40:31","modified_gmt":"2026-04-28T21:40:31","slug":"impacto-en-la-costa-atlantica-aparecio-una-ballena-jorobada-muerta-en-punta-medanos","status":"publish","type":"post","link":"https:\/\/larevistadigital.com.ar\/blog\/impacto-en-la-costa-atlantica-aparecio-una-ballena-jorobada-muerta-en-punta-medanos\/","title":{"rendered":"Impacto en la Costa Atl\u00e1ntica: apareci\u00f3 una ballena jorobada muerta en Punta M\u00e9danos"},"content":{"rendered":"<p data-start=\"90\" data-end=\"241\"><strong data-start=\"90\" data-end=\"241\">El ejemplar, de m\u00e1s de cinco metros, fue hallado sin vida en una zona poco transitada. Investigan las causas en medio de otros hallazgos similares.<\/strong><\/p>\n<p data-start=\"90\" data-end=\"241\">28 de abril de 2026<\/p>\n<p data-start=\"243\" data-end=\"547\"><strong>Punta M\u00e9danos .-PARTIDO DE LA COSTA\u00a0 &#8211;\u00a0<\/strong> \u00a0La aparici\u00f3n de una ballena sin vida gener\u00f3 conmoci\u00f3n el \u00faltimo fin de semana en <span class=\"hover:entity-accent entity-underline inline cursor-pointer align-baseline\"><span class=\"whitespace-normal\">Punta M\u00e9danos<\/span><\/span>, dentro del Partido de La Costa. Se trata de un ejemplar de <span class=\"hover:entity-accent entity-underline inline cursor-pointer align-baseline\"><span class=\"whitespace-normal\">ballena jorobada<\/span><\/span> que fue encontrado varado en la playa, en un sector con escasa circulaci\u00f3n de personas.<\/p>\n<blockquote>\n<h3 data-start=\"549\" data-end=\"833\">Seg\u00fan informaron medios locales, el animal med\u00eda m\u00e1s de cinco metros y ya se encontraba sin vida al momento de ser avistado. Hasta el momento, no se pudo establecer con precisi\u00f3n cu\u00e1ndo lleg\u00f3 a la costa ni cu\u00e1les fueron las causas de su muerte, lo que abre una serie de interrogantes.<\/h3>\n<\/blockquote>\n<p data-start=\"835\" data-end=\"1223\">El hallazgo no es un hecho aislado. En los \u00faltimos d\u00edas tambi\u00e9n se registraron apariciones de fauna marina muerta en distintos puntos de la Costa Atl\u00e1ntica bonaerense, entre ellas al menos cinco tortugas. Especialistas se\u00f1alan que estos episodios suelen estar vinculados a cambios en las corrientes marinas y a las crecidas del mar, aunque no descartan factores particulares en cada caso.<\/p>\n<p data-start=\"1225\" data-end=\"1583\">La presencia de una ballena jorobada tan cerca de la orilla no deja de llamar la atenci\u00f3n. Se trata de una de las especies m\u00e1s grandes del planeta: los adultos pueden alcanzar entre 12 y 16 metros de longitud y pesar alrededor de 36 toneladas. Suelen destacarse por su comportamiento acrob\u00e1tico y por los complejos cantos que emiten los machos durante horas.<\/p>\n<blockquote>\n<h3 data-start=\"1585\" data-end=\"1846\">Estos cet\u00e1ceos realizan migraciones extensas a lo largo del a\u00f1o. En el Atl\u00e1ntico Sudoccidental, su recorrido habitual conecta las costas de Brasil con las aguas fr\u00edas cercanas a las islas Georgias del Sur, en un trayecto que puede superar los 25.000 kil\u00f3metros.<\/h3>\n<\/blockquote>\n<p data-start=\"1848\" data-end=\"2036\" data-is-last-node=\"\" data-is-only-node=\"\">Mientras se esperan estudios que permitan determinar qu\u00e9 ocurri\u00f3, el episodio vuelve a poner el foco en el impacto de los cambios ambientales y en la fragilidad de los ecosistemas marinos.<\/p>\n<p data-start=\"1848\" data-end=\"2036\" data-is-last-node=\"\" data-is-only-node=\"\">fuente e imagen: entrel\u00edneas.info<\/p>\n","protected":false},"excerpt":{"rendered":"<div class=\"mh-excerpt\"><p>El ejemplar, de m\u00e1s de cinco metros, fue hallado sin vida en una zona poco transitada. Investigan las causas en medio de otros hallazgos similares. 28 de abril de 2026 Punta M\u00e9danos .-PARTIDO DE LA <a class=\"mh-excerpt-more\" href=\"https:\/\/larevistadigital.com.ar\/blog\/impacto-en-la-costa-atlantica-aparecio-una-ballena-jorobada-muerta-en-punta-medanos\/\" title=\"Impacto en la Costa Atl\u00e1ntica: apareci\u00f3 una ballena jorobada muerta en Punta M\u00e9danos\">[Leer M\u00e1s]<\/a><\/p>\n<\/div>","protected":false},"author":3,"featured_media":45377,"comment_status":"open","ping_status":"open","sticky":false,"template":"","format":"standard","meta":{"_jetpack_memberships_contains_paid_content":false,"footnotes":"","jetpack_publicize_message":"","jetpack_publicize_feature_enabled":true,"jetpack_social_post_already_shared":true,"jetpack_social_options":{"image_generator_settings":{"template":"highway","default_image_id":0,"font":"","enabled":false},"version":2}},"categories":[51],"tags":[],"class_list":{"0":"post-45376","1":"post","2":"type-post","3":"status-publish","4":"format-standard","5":"has-post-thumbnail","7":"category-regionales"},"jetpack_publicize_connections":[],"jetpack_featured_media_url":"https:\/\/i0.wp.com\/larevistadigital.com.ar\/blog\/wp-content\/uploads\/a6e7add80aedcf6a2c4eea3451919b535f223484.jpg?fit=1140%2C697&ssl=1","jetpack_sharing_enabled":true,"jetpack_shortlink":"https:\/\/wp.me\/p8qtrQ-bNS","jetpack-related-posts":[{"id":19944,"url":"https:\/\/larevistadigital.com.ar\/blog\/mar-del-plata-aparecio-una-ballena-muerta-en-una-de-las-playas-del-faro\/","url_meta":{"origin":45376,"position":0},"title":"MAR DEL PLATA: APARECI\u00d3 UNA BALLENA MUERTA EN UNA DE LAS PLAYAS DEL FARO","author":"Alejandro Sosa Ruda","date":"29 abril, 2021","format":false,"excerpt":"Se trata de un ejemplar joven de ballena jorobada. Defensa Civil espera las indicaciones de los especialistas para retirar los restos. Una\u00a0ballena de unos 8 metros\u00a0de largo apareci\u00f3 sin vida este jueves por la ma\u00f1ana en la\u00a0costa de Mar del Plata. A partir de ahora comenzar\u00e1 la tarea para retirar\u2026","rel":"","context":"En \u00abREGIONALES\u00bb","block_context":{"text":"REGIONALES","link":"https:\/\/larevistadigital.com.ar\/blog\/category\/regionales\/"},"img":{"alt_text":"","src":"https:\/\/i0.wp.com\/larevistadigital.com.ar\/blog\/wp-content\/uploads\/BALLENA-DETONADA.png?fit=1003%2C531&ssl=1&resize=350%2C200","width":350,"height":200,"srcset":"https:\/\/i0.wp.com\/larevistadigital.com.ar\/blog\/wp-content\/uploads\/BALLENA-DETONADA.png?fit=1003%2C531&ssl=1&resize=350%2C200 1x, https:\/\/i0.wp.com\/larevistadigital.com.ar\/blog\/wp-content\/uploads\/BALLENA-DETONADA.png?fit=1003%2C531&ssl=1&resize=525%2C300 1.5x, https:\/\/i0.wp.com\/larevistadigital.com.ar\/blog\/wp-content\/uploads\/BALLENA-DETONADA.png?fit=1003%2C531&ssl=1&resize=700%2C400 2x"},"classes":[]},{"id":19864,"url":"https:\/\/larevistadigital.com.ar\/blog\/partido-de-la-costa-terrible-y-fatal-accidente-en-la-zona-de-punta-medanos\/","url_meta":{"origin":45376,"position":1},"title":"PARTIDO DE LA COSTA: TERRIBLE Y FATAL ACCIDENTE EN LA ZONA DE PUNTA M\u00c9DANOS","author":"Alejandro Sosa Ruda","date":"27 abril, 2021","format":false,"excerpt":"Un hombre de 32 a\u00f1os falleci\u00f3 en un fatal accidente ocurrido en la zona de Punta M\u00e9danos, al sur del Partido de La Costa. Por causas que se investigan, la v\u00edctima fatal circulaba en un jeep por la zona de playa y, por causas que se tratan de establecer, termin\u00f3\u2026","rel":"","context":"En \u00abREGIONALES\u00bb","block_context":{"text":"REGIONALES","link":"https:\/\/larevistadigital.com.ar\/blog\/category\/regionales\/"},"img":{"alt_text":"","src":"https:\/\/i0.wp.com\/larevistadigital.com.ar\/blog\/wp-content\/uploads\/f8f8f790c1845936b034aa6af6f8a14eb26707d9.jpeg?fit=1140%2C805&ssl=1&resize=350%2C200","width":350,"height":200,"srcset":"https:\/\/i0.wp.com\/larevistadigital.com.ar\/blog\/wp-content\/uploads\/f8f8f790c1845936b034aa6af6f8a14eb26707d9.jpeg?fit=1140%2C805&ssl=1&resize=350%2C200 1x, https:\/\/i0.wp.com\/larevistadigital.com.ar\/blog\/wp-content\/uploads\/f8f8f790c1845936b034aa6af6f8a14eb26707d9.jpeg?fit=1140%2C805&ssl=1&resize=525%2C300 1.5x, https:\/\/i0.wp.com\/larevistadigital.com.ar\/blog\/wp-content\/uploads\/f8f8f790c1845936b034aa6af6f8a14eb26707d9.jpeg?fit=1140%2C805&ssl=1&resize=700%2C400 2x, https:\/\/i0.wp.com\/larevistadigital.com.ar\/blog\/wp-content\/uploads\/f8f8f790c1845936b034aa6af6f8a14eb26707d9.jpeg?fit=1140%2C805&ssl=1&resize=1050%2C600 3x"},"classes":[]},{"id":42279,"url":"https:\/\/larevistadigital.com.ar\/blog\/partido-de-la-costa-descubren-en-punta-medanos-un-femur-de-perezoso-gigante-de-mas-de-ocho-mil-anos\/","url_meta":{"origin":45376,"position":2},"title":"PARTIDO DE LA COSTA Descubren en Punta M\u00e9danos un f\u00e9mur de perezoso gigante de m\u00e1s de ocho mil a\u00f1os","author":"Alejandro Sosa Ruda","date":"29 octubre, 2025","format":false,"excerpt":"|Un importante hallazgo paleontol\u00f3gico, que ser\u00e1 analizado por especialistas del CONICET y del Museo Argentino de Ciencias Naturales de La Plata, tuvo lugar en la zona sur de Punta M\u00e9danos, partido de La Costa. El director del Museo de Mar de Aj\u00f3, Diego Gambetta, confirm\u00f3 el hallazgo del f\u00e9mur semi\u2026","rel":"","context":"En \u00abREGIONALES\u00bb","block_context":{"text":"REGIONALES","link":"https:\/\/larevistadigital.com.ar\/blog\/category\/regionales\/"},"img":{"alt_text":"","src":"https:\/\/i0.wp.com\/larevistadigital.com.ar\/blog\/wp-content\/uploads\/20251029142220_diego-gambetta-fosil-perezoso-punta-medanos.jpg?fit=880%2C512&ssl=1&resize=350%2C200","width":350,"height":200,"srcset":"https:\/\/i0.wp.com\/larevistadigital.com.ar\/blog\/wp-content\/uploads\/20251029142220_diego-gambetta-fosil-perezoso-punta-medanos.jpg?fit=880%2C512&ssl=1&resize=350%2C200 1x, https:\/\/i0.wp.com\/larevistadigital.com.ar\/blog\/wp-content\/uploads\/20251029142220_diego-gambetta-fosil-perezoso-punta-medanos.jpg?fit=880%2C512&ssl=1&resize=525%2C300 1.5x, https:\/\/i0.wp.com\/larevistadigital.com.ar\/blog\/wp-content\/uploads\/20251029142220_diego-gambetta-fosil-perezoso-punta-medanos.jpg?fit=880%2C512&ssl=1&resize=700%2C400 2x"},"classes":[]},{"id":34453,"url":"https:\/\/larevistadigital.com.ar\/blog\/un-micro-fue-consumido-por-las-llamas-en-plena-ruta-11\/","url_meta":{"origin":45376,"position":3},"title":"UN MICRO FUE CONSUMIDO POR LAS LLAMAS EN PLENA RUTA 11","author":"Alejandro Sosa Ruda","date":"8 noviembre, 2023","format":false,"excerpt":"Ocurri\u00f3 en el kil\u00f3metro 370, a la altura de Punta M\u00e9danos. Los 5 pasajeros y el chofer resultaron ilesos. 8 de Noviembre de 2023 PUNTA M\u00c9DANOS -\u00a0 \u00a0 Un micro de dos pisos de larga distancia se incendi\u00f3 el martes por la tarde en la Ruta Provincial N\u00ba 11, en\u2026","rel":"","context":"En \u00abREGIONALES\u00bb","block_context":{"text":"REGIONALES","link":"https:\/\/larevistadigital.com.ar\/blog\/category\/regionales\/"},"img":{"alt_text":"","src":"https:\/\/i0.wp.com\/larevistadigital.com.ar\/blog\/wp-content\/uploads\/20231108165533_micro.png?fit=880%2C512&ssl=1&resize=350%2C200","width":350,"height":200,"srcset":"https:\/\/i0.wp.com\/larevistadigital.com.ar\/blog\/wp-content\/uploads\/20231108165533_micro.png?fit=880%2C512&ssl=1&resize=350%2C200 1x, https:\/\/i0.wp.com\/larevistadigital.com.ar\/blog\/wp-content\/uploads\/20231108165533_micro.png?fit=880%2C512&ssl=1&resize=525%2C300 1.5x, https:\/\/i0.wp.com\/larevistadigital.com.ar\/blog\/wp-content\/uploads\/20231108165533_micro.png?fit=880%2C512&ssl=1&resize=700%2C400 2x"},"classes":[]},{"id":22675,"url":"https:\/\/larevistadigital.com.ar\/blog\/rescatan-a-una-ballena-varada-en-la-playa-de-villa-gesell-luego-de-horas-de-trabajo\/","url_meta":{"origin":45376,"position":4},"title":"RESCATAN A UNA BALLENA VARADA EN LA PLAYA DE VILLA GESELL LUEGO DE HORAS DE TRABAJO","author":"Alejandro Sosa Ruda","date":"16 noviembre, 2021","format":false,"excerpt":"El animal apareci\u00f3 en horas de la ma\u00f1ana y logr\u00f3 ser reingresado al mar. Personal de Prefectura, guardaparques, bomberos, vecinos y guardavidas realizaron una ardua labor. VILLA GESELL -\u00a0 Personal de Prefectura, guardavidas, guardaparques, bomberos y vecinos lograron rescatar esta ma\u00f1ana a una ballena que hab\u00eda quedado encallada\u00a0en la costa\u2026","rel":"","context":"En \u00abREGIONALES\u00bb","block_context":{"text":"REGIONALES","link":"https:\/\/larevistadigital.com.ar\/blog\/category\/regionales\/"},"img":{"alt_text":"","src":"https:\/\/i0.wp.com\/larevistadigital.com.ar\/blog\/wp-content\/uploads\/5240f54f35d4b44932020d45ea3eab8af8c43510.jpg?fit=1140%2C641&ssl=1&resize=350%2C200","width":350,"height":200,"srcset":"https:\/\/i0.wp.com\/larevistadigital.com.ar\/blog\/wp-content\/uploads\/5240f54f35d4b44932020d45ea3eab8af8c43510.jpg?fit=1140%2C641&ssl=1&resize=350%2C200 1x, https:\/\/i0.wp.com\/larevistadigital.com.ar\/blog\/wp-content\/uploads\/5240f54f35d4b44932020d45ea3eab8af8c43510.jpg?fit=1140%2C641&ssl=1&resize=525%2C300 1.5x, https:\/\/i0.wp.com\/larevistadigital.com.ar\/blog\/wp-content\/uploads\/5240f54f35d4b44932020d45ea3eab8af8c43510.jpg?fit=1140%2C641&ssl=1&resize=700%2C400 2x, https:\/\/i0.wp.com\/larevistadigital.com.ar\/blog\/wp-content\/uploads\/5240f54f35d4b44932020d45ea3eab8af8c43510.jpg?fit=1140%2C641&ssl=1&resize=1050%2C600 3x"},"classes":[]},{"id":41575,"url":"https:\/\/larevistadigital.com.ar\/blog\/un-medico-murio-en-un-choque-frontal-en-la-ruta-11-entre-punta-medanos-y-costa-esmeralda\/","url_meta":{"origin":45376,"position":5},"title":"Un m\u00e9dico muri\u00f3 en un choque frontal en la Ruta 11 entre Punta M\u00e9danos y Costa Esmeralda","author":"Alejandro Sosa Ruda","date":"21 septiembre, 2025","format":false,"excerpt":"La v\u00edctima fue identificada como Lucio Reinaldo Sanabria, de 57 a\u00f1os. Dos hombres que viajaban en la otra camioneta resultaron heridos. 21 de septiembre de 2025 BUENOS AIRES -\u00a0 \u00a0Un tr\u00e1gico accidente vial ocurri\u00f3 este viernes por la ma\u00f1ana en la Ruta Provincial 11, a la altura del kil\u00f3metro 376,\u2026","rel":"","context":"En \u00abPOLICIALES\u00bb","block_context":{"text":"POLICIALES","link":"https:\/\/larevistadigital.com.ar\/blog\/category\/policiales\/"},"img":{"alt_text":"","src":"https:\/\/i0.wp.com\/larevistadigital.com.ar\/blog\/wp-content\/uploads\/auto-victima.webp?fit=1200%2C675&ssl=1&resize=350%2C200","width":350,"height":200,"srcset":"https:\/\/i0.wp.com\/larevistadigital.com.ar\/blog\/wp-content\/uploads\/auto-victima.webp?fit=1200%2C675&ssl=1&resize=350%2C200 1x, https:\/\/i0.wp.com\/larevistadigital.com.ar\/blog\/wp-content\/uploads\/auto-victima.webp?fit=1200%2C675&ssl=1&resize=525%2C300 1.5x, https:\/\/i0.wp.com\/larevistadigital.com.ar\/blog\/wp-content\/uploads\/auto-victima.webp?fit=1200%2C675&ssl=1&resize=700%2C400 2x, https:\/\/i0.wp.com\/larevistadigital.com.ar\/blog\/wp-content\/uploads\/auto-victima.webp?fit=1200%2C675&ssl=1&resize=1050%2C600 3x"},"classes":[]}],"_links":{"self":[{"href":"https:\/\/larevistadigital.com.ar\/blog\/wp-json\/wp\/v2\/posts\/45376","targetHints":{"allow":["GET"]}}],"collection":[{"href":"https:\/\/larevistadigital.com.ar\/blog\/wp-json\/wp\/v2\/posts"}],"about":[{"href":"https:\/\/larevistadigital.com.ar\/blog\/wp-json\/wp\/v2\/types\/post"}],"author":[{"embeddable":true,"href":"https:\/\/larevistadigital.com.ar\/blog\/wp-json\/wp\/v2\/users\/3"}],"replies":[{"embeddable":true,"href":"https:\/\/larevistadigital.com.ar\/blog\/wp-json\/wp\/v2\/comments?post=45376"}],"version-history":[{"count":1,"href":"https:\/\/larevistadigital.com.ar\/blog\/wp-json\/wp\/v2\/posts\/45376\/revisions"}],"predecessor-version":[{"id":45378,"href":"https:\/\/larevistadigital.com.ar\/blog\/wp-json\/wp\/v2\/posts\/45376\/revisions\/45378"}],"wp:featuredmedia":[{"embeddable":true,"href":"https:\/\/larevistadigital.com.ar\/blog\/wp-json\/wp\/v2\/media\/45377"}],"wp:attachment":[{"href":"https:\/\/larevistadigital.com.ar\/blog\/wp-json\/wp\/v2\/media?parent=45376"}],"wp:term":[{"taxonomy":"category","embeddable":true,"href":"https:\/\/larevistadigital.com.ar\/blog\/wp-json\/wp\/v2\/categories?post=45376"},{"taxonomy":"post_tag","embeddable":true,"href":"https:\/\/larevistadigital.com.ar\/blog\/wp-json\/wp\/v2\/tags?post=45376"}],"curies":[{"name":"wp","href":"https:\/\/api.w.org\/{rel}","templated":true}]}}