{"id":45383,"date":"2026-04-29T12:42:31","date_gmt":"2026-04-29T15:42:31","guid":{"rendered":"https:\/\/larevistadigital.com.ar\/blog\/?p=45383"},"modified":"2026-04-29T12:42:31","modified_gmt":"2026-04-29T15:42:31","slug":"rescataron-a-17-menores-de-un-taller-clandestino-en-una-casa-usurpada-en-parque-chas","status":"publish","type":"post","link":"https:\/\/larevistadigital.com.ar\/blog\/rescataron-a-17-menores-de-un-taller-clandestino-en-una-casa-usurpada-en-parque-chas\/","title":{"rendered":"Rescataron a 17 menores de un taller clandestino en una casa usurpada en Parque Chas"},"content":{"rendered":"<div>\n<div class=\"flex h-svh w-screen flex-col\">\n<div class=\"relative z-0 flex min-h-0 w-full flex-1\">\n<div class=\"relative flex min-h-0 w-full flex-1\">\n<div class=\"@container\/main relative flex min-w-0 flex-1 flex-col -translate-y-[calc(env(safe-area-inset-bottom,0px)\/2)] pt-[calc(env(safe-area-inset-bottom,0px)\/2)]\">\n<div class=\"@w-sm\/main:[scrollbar-gutter:var(--stage-scroll-gutter)] touch:[scrollbar-width:none] group\/scroll-root relative flex min-h-0 min-w-0 flex-1 flex-col [scrollbar-gutter:stable] not-print:overflow-x-clip not-print:overflow-y-auto group-data-stream-active\/scroll-root:[overflow-anchor:none] scroll-pt-(--header-height) [--sticky-padding-top:var(--header-height)] [--sticky-padding-bottom:0px] [--scroll-root-safe-area-inset-top:calc(var(--sticky-padding-top)+env(safe-area-inset-top,0px))] [--scroll-root-safe-area-inset-bottom:calc(var(--sticky-padding-bottom)+var(--screen-keyboard-height,0px)+env(safe-area-inset-bottom,0px))] [--scroll-root-safe-area-height:calc(100lvh-var(--scroll-root-safe-area-inset-top)-var(--scroll-root-safe-area-inset-bottom))] has-data-[fixed-header=less-than-xl]:@w-xl\/main:scroll-pt-0 has-data-[fixed-header=less-than-xl]:@w-xl\/main:[--sticky-padding-top:0px] has-data-[fixed-header=less-than-xxl]:@w-2xl\/main:scroll-pt-0 has-data-[fixed-header=less-than-xxl]:@w-2xl\/main:[--sticky-padding-top:0px]\" data-scroll-root=\"\" data-scroll-from-top=\"\"><main id=\"main\" class=\"min-h-0 flex-1\"><\/p>\n<div id=\"thread\" class=\"group\/thread flex flex-col min-h-full\">\n<div class=\"composer-parent flex flex-1 flex-col focus-visible:outline-0\" role=\"presentation\">\n<div class=\"relative basis-auto flex-col -mb-(--composer-overlap-px) pb-(--composer-overlap-px) [--composer-overlap-px:28px] grow flex\">\n<div class=\"flex flex-col text-sm\">\n<section class=\"text-token-text-primary w-full focus:outline-none [--shadow-height:45px] has-data-writing-block:pointer-events-none has-data-writing-block:-mt-(--shadow-height) has-data-writing-block:pt-(--shadow-height) [&amp;:has([data-writing-block])&gt;*]:pointer-events-auto [content-visibility:auto] supports-[content-visibility:auto]:[contain-intrinsic-size:auto_100lvh] R6Vx5W_threadScrollVars scroll-mb-[calc(var(--scroll-root-safe-area-inset-bottom,0px)+var(--thread-response-height))] scroll-mt-[calc(var(--header-height)+min(200px,max(70px,20svh)))]\" dir=\"auto\" data-turn-id=\"request-69e58da6-ad78-83e9-a8b2-e310aa1f317e-0\" data-testid=\"conversation-turn-50\" data-scroll-anchor=\"false\" data-turn=\"assistant\">\n<div class=\"text-base my-auto mx-auto pb-10 [--thread-content-margin:var(--thread-content-margin-xs,calc(var(--spacing)*4))] @w-sm\/main:[--thread-content-margin:var(--thread-content-margin-sm,calc(var(--spacing)*6))] @w-lg\/main:[--thread-content-margin:var(--thread-content-margin-lg,calc(var(--spacing)*16))] px-(--thread-content-margin)\">\n<div class=\"[--thread-content-max-width:40rem] @w-lg\/main:[--thread-content-max-width:48rem] mx-auto max-w-(--thread-content-max-width) flex-1 group\/turn-messages focus-visible:outline-hidden relative flex w-full min-w-0 flex-col agent-turn\">\n<div class=\"flex max-w-full flex-col gap-4 grow\">\n<div class=\"min-h-8 text-message relative flex w-full flex-col items-end gap-2 text-start break-words whitespace-normal outline-none keyboard-focused:focus-ring [.text-message+&amp;]:mt-1\" dir=\"auto\" data-message-author-role=\"assistant\" data-message-id=\"e3241cbb-b1c7-4d6d-82ed-6bc24d2cf618\" data-message-model-slug=\"gpt-5-3\" data-turn-start-message=\"true\">\n<div class=\"flex w-full flex-col gap-1 empty:hidden\">\n<div class=\"markdown prose dark:prose-invert w-full wrap-break-word light markdown-new-styling\">\n<p data-start=\"90\" data-end=\"259\"><strong data-start=\"90\" data-end=\"259\">El operativo dej\u00f3 un detenido y expuso una trama de explotaci\u00f3n infantil en una vivienda ocupada desde hace 15 a\u00f1os. Intervino la Fiscal\u00eda y la Polic\u00eda de la Ciudad.<\/strong><\/p>\n<p data-start=\"90\" data-end=\"259\">29 de abril de 2026<\/p>\n<p data-start=\"261\" data-end=\"590\">Un operativo de alto impacto sac\u00f3 a la luz una grave situaci\u00f3n de explotaci\u00f3n en la Ciudad de Buenos Aires. La <span class=\"hover:entity-accent entity-underline inline cursor-pointer align-baseline\"><span class=\"whitespace-normal\">Polic\u00eda de la Ciudad<\/span><\/span> clausur\u00f3 un taller textil clandestino que funcionaba en una casa usurpada del barrio de <span class=\"hover:entity-accent entity-underline inline cursor-pointer align-baseline\"><span class=\"whitespace-normal\">Parque Chas<\/span><\/span> y rescat\u00f3 a 17 menores que se encontraban en el lugar.<\/p>\n<blockquote>\n<h3 data-start=\"592\" data-end=\"884\">El procedimiento fue ordenado por la Unidad de Flagrancia Norte y coordinado por la fiscal <span class=\"hover:entity-accent entity-underline inline cursor-pointer align-baseline\"><span class=\"whitespace-normal\">Mar\u00eda Andrea Caleri<\/span><\/span>. La intervenci\u00f3n permiti\u00f3 recuperar una propiedad ubicada en la calle Barzana al 1200, que permanec\u00eda ocupada de manera ilegal desde hac\u00eda aproximadamente 15 a\u00f1os.<\/h3>\n<\/blockquote>\n<p data-start=\"886\" data-end=\"1126\">Seg\u00fan se inform\u00f3, la actuaci\u00f3n comenz\u00f3 tras una inspecci\u00f3n de la <span class=\"hover:entity-accent entity-underline inline cursor-pointer align-baseline\"><span class=\"whitespace-normal\">Agencia Gubernamental de Control<\/span><\/span>, que detect\u00f3 riesgo edilicio en el inmueble. Ante la negativa de quienes se encontraban dentro, los efectivos debieron forzar el ingreso.<\/p>\n<p data-start=\"1128\" data-end=\"1442\">La escena que encontraron fue contundente. En la planta baja funcionaba un taller textil sin habilitaci\u00f3n, mientras que en la terraza se hab\u00edan levantado construcciones precarias sin autorizaci\u00f3n. All\u00ed estaban los 17 menores, en condiciones de trabajo, lo que encendi\u00f3 las alarmas por posible explotaci\u00f3n infantil.<\/p>\n<blockquote>\n<h3 data-start=\"1444\" data-end=\"1665\">En el lugar fue detenido un hombre de nacionalidad boliviana que, seg\u00fan constat\u00f3 la <span class=\"hover:entity-accent entity-underline inline cursor-pointer align-baseline\"><span class=\"whitespace-normal\">Direcci\u00f3n Nacional de Migraciones<\/span><\/span>, se encontraba en situaci\u00f3n irregular en el pa\u00eds y ten\u00eda una orden de detenci\u00f3n vigente desde 2022.<\/h3>\n<\/blockquote>\n<p data-start=\"1667\" data-end=\"2024\">Tras el operativo, el jefe de Gobierno porte\u00f1o <span class=\"hover:entity-accent entity-underline inline cursor-pointer align-baseline\"><span class=\"whitespace-normal\">Jorge Macri<\/span><\/span> se pronunci\u00f3 con dureza: \u201cEsto es lo que protegen los defensores de okupas. Una casa usurpada por 15 a\u00f1os y adentro 17 menores explotados por extranjeros en un taller textil clandestino. Rescatamos a los chicos y el inmigrante ilegal ser\u00e1 expulsado del pa\u00eds. Ley y orden\u201d.<\/p>\n<blockquote>\n<h3 data-start=\"2026\" data-end=\"2266\">El funcionario tambi\u00e9n advirti\u00f3 sobre las consecuencias de estas ocupaciones: <em>\u201cEn torno a una vivienda ocupada ocurren muchas cosas malas. Hay narcomenudeo, delito oculto, derechos vulnerados y hasta trata. Lo que arranca mal termina peor\u201d.<\/em><\/h3>\n<\/blockquote>\n<p data-start=\"2268\" data-end=\"2510\" data-is-last-node=\"\" data-is-only-node=\"\">El caso vuelve a poner el foco en una problem\u00e1tica compleja que combina ocupaciones ilegales, trabajo clandestino y vulneraci\u00f3n de derechos de menores, con ramificaciones que exceden lo habitacional y se adentran en el terreno penal y social.<\/p>\n<\/div>\n<\/div>\n<\/div>\n<\/div>\n<div class=\"z-0 flex min-h-[46px] justify-start\"><\/div>\n<div class=\"mt-3 w-full empty:hidden\">\n<div class=\"text-center\"><\/div>\n<\/div>\n<\/div>\n<\/div>\n<\/section>\n<div class=\"pointer-events-none -mt-px h-px translate-y-[calc(var(--scroll-root-safe-area-inset-bottom)-14*var(--spacing))]\" aria-hidden=\"true\"><\/div>\n<div class=\"pointer-events-none translate-y-(--scroll-root-safe-area-inset-bottom) R6Vx5W_threadScrollVars min-h-(--gutter-remaining-height,0px) group-data-stream-active\/scroll-root:h-[calc(var(--thread-response-height)-16*var(--spacing))]\"><\/div>\n<\/div>\n<\/div>\n<div id=\"thread-bottom-container\" class=\"sticky bottom-0 z-10 group\/thread-bottom-container relative isolate w-full basis-auto has-data-has-thread-error:pt-2 has-data-has-thread-error:[box-shadow:var(--sharp-edge-bottom-shadow)] md:border-transparent md:pt-0 dark:border-white\/20 md:dark:border-transparent print:hidden content-fade single-line flex flex-col\">\n<div class=\"relative mx-auto h-0\">\n<div class=\"flex h-0 items-end justify-center motion-safe:transition-all motion-safe:delay-300 motion-safe:duration-300 group-[:not([data-scroll-from-end])]\/scroll-root:scale-50 group-[:not([data-scroll-from-end])]\/scroll-root:translate-y-2 group-[:not([data-scroll-from-end])]\/scroll-root:opacity-0 group-[:not([data-scroll-from-end])]\/scroll-root:pointer-events-none group-[:not([data-scroll-from-end])]\/scroll-root:duration-100 group-[:not([data-scroll-from-end])]\/scroll-root:delay-0 absolute start-1\/2 z-10 -translate-x-1\/2 bottom-[calc(100%+6*var(--spacing)+var(--thread-scroll-to-bottom-banner-offset,0px))]\"><\/div>\n<\/div>\n<div id=\"thread-bottom\">\n<div>\n<div class=\"text-base mx-auto [--thread-content-margin:var(--thread-content-margin-xs,calc(var(--spacing)*4))] @w-sm\/main:[--thread-content-margin:var(--thread-content-margin-sm,calc(var(--spacing)*6))] @w-lg\/main:[--thread-content-margin:var(--thread-content-margin-lg,calc(var(--spacing)*16))] px-(--thread-content-margin)\">\n<div>\n<div class=\"[--thread-content-max-width:40rem] @w-lg\/main:[--thread-content-max-width:48rem] mx-auto max-w-(--thread-content-max-width) flex-1 mb-[var(--thread-component-gap,1rem)]\">\n<div class=\"flex justify-center empty:hidden\"><\/div>\n<div class=\"pointer-events-auto relative z-1 flex h-(--composer-container-height,100%) max-w-full flex-(--composer-container-flex,1) flex-col\">\n<div class=\"absolute start-0 end-0 bottom-full z-20\"><\/div>\n<div class=\"hidden\"><\/div>\n<div class=\"\">\n<div class=\"bg-token-bg-primary dark:bg-token-bg-elevated-primary dark-oled:bg-token-bg-primary corner-superellipse\/1.1 cursor-text overflow-clip bg-clip-padding p-2.5 contain-inline-size motion-safe:transition-colors motion-safe:duration-200 motion-safe:ease-in-out grid grid-cols-[auto_1fr_auto] [grid-template-areas:'header_header_header'_'leading_primary_trailing'_'._footer_.'] group-data-expanded\/composer:[grid-template-areas:'header_header_header'_'primary_primary_primary'_'leading_footer_trailing'] shadow-short-composer\" data-composer-surface=\"true\">\n<div class=\"[grid-area:leading]\"><\/div>\n<div class=\"-my-2.5 flex min-h-14 items-center overflow-x-hidden px-1.5 [grid-area:primary] group-data-expanded\/composer:mb-0 group-data-expanded\/composer:px-2.5\">\n<div class=\"wcDTda_prosemirror-parent text-token-text-primary max-h-[max(30svh,5rem)] max-h-52 min-h-[var(--deep-research-composer-extra-height,unset)] flex-1 overflow-auto [scrollbar-width:thin] default-browser vertical-scroll-fade-mask\"><textarea class=\"wcDTda_fallbackTextarea\" name=\"prompt-textarea\" aria-label=\"Chatear con ChatGPT\" data-virtualkeyboard=\"true\"><\/textarea><\/p>\n<div id=\"prompt-textarea\" class=\"ProseMirror\" role=\"textbox\" data-virtualkeyboard=\"true\" aria-label=\"Chatear con ChatGPT\"><\/div>\n<\/div>\n<\/div>\n<div class=\"flex items-center gap-2 [grid-area:trailing]\">\n<div class=\"ms-auto flex items-center gap-1.5\">\n<div id=\"_r_75_\" class=\"overflow-visible bg-transparent inset-s-[anchor(center)] inset-e-auto top-[calc(anchor(bottom)+var(--spacing))] bottom-auto h-fit -translate-x-1\/2 [position-try-fallbacks:flip-block] z-50\" role=\"tooltip\"><\/div>\n<p><button class=\"composer-btn h-9 min-h-9 w-9 min-w-9\" type=\"button\" aria-label=\"Iniciar dictado\" aria-describedby=\"_r_75_\"><\/button><\/p>\n<div>\n<div class=\"inline-flex\">\n<div>\n<div id=\"_r_kv_\" class=\"overflow-visible bg-transparent inset-s-[anchor(center)] inset-e-auto top-[calc(anchor(bottom)+var(--spacing))] bottom-auto h-fit -translate-x-1\/2 [position-try-fallbacks:flip-block] z-50\" role=\"tooltip\"><\/div>\n<p><button class=\"composer-submit-button-color text-submit-btn-text keyboard-focused:focus-ring relative flex h-9 w-9 items-center justify-center rounded-full transition-colors hover:opacity-70 disabled:text-[#f4f4f4] disabled:opacity-30\" type=\"button\" aria-describedby=\"_r_kv_\" aria-label=\"Iniciar voz\"><\/button><\/div>\n<\/div>\n<\/div>\n<\/div>\n<\/div>\n<\/div>\n<\/div>\n<\/div>\n<\/div>\n<\/div>\n<\/div>\n<\/div>\n<\/div>\n<div class=\"-mt-4 text-token-text-secondary relative w-full overflow-hidden text-center text-xs [view-transition-name:var(--vt-disclaimer)] md:px-[60px]\"><\/div>\n<\/div>\n<\/div>\n<\/div>\n<p><\/main><\/div>\n<\/div>\n<\/div>\n<\/div>\n<div><\/div>\n<\/div>\n<\/div>\n<p>&nbsp;<\/p>\n<p>&nbsp;<\/p>\n<p><audio class=\"fixed start-0 bottom-0 hidden h-0 w-0\" autoplay=\"autoplay\" data-mce-fragment=\"1\"><\/audio><\/p>\n","protected":false},"excerpt":{"rendered":"<div class=\"mh-excerpt\"><p>El operativo dej\u00f3 un detenido y expuso una trama de explotaci\u00f3n infantil en una vivienda ocupada desde hace 15 a\u00f1os. Intervino la Fiscal\u00eda y la Polic\u00eda de la Ciudad. 29 de abril de 2026 Un <a class=\"mh-excerpt-more\" href=\"https:\/\/larevistadigital.com.ar\/blog\/rescataron-a-17-menores-de-un-taller-clandestino-en-una-casa-usurpada-en-parque-chas\/\" title=\"Rescataron a 17 menores de un taller clandestino en una casa usurpada en Parque Chas\">[Leer M\u00e1s]<\/a><\/p>\n<\/div>","protected":false},"author":3,"featured_media":45384,"comment_status":"open","ping_status":"open","sticky":false,"template":"","format":"standard","meta":{"_jetpack_memberships_contains_paid_content":false,"footnotes":"","jetpack_publicize_message":"","jetpack_publicize_feature_enabled":true,"jetpack_social_post_already_shared":true,"jetpack_social_options":{"image_generator_settings":{"template":"highway","default_image_id":0,"font":"","enabled":false},"version":2}},"categories":[50,44],"tags":[],"class_list":{"0":"post-45383","1":"post","2":"type-post","3":"status-publish","4":"format-standard","5":"has-post-thumbnail","7":"category-interes-general","8":"category-policiales"},"jetpack_publicize_connections":[],"jetpack_featured_media_url":"https:\/\/i0.wp.com\/larevistadigital.com.ar\/blog\/wp-content\/uploads\/Captura-de-pantalla-2026-04-29-123854.jpg?fit=584%2C312&ssl=1","jetpack_sharing_enabled":true,"jetpack_shortlink":"https:\/\/wp.me\/p8qtrQ-bNZ","jetpack-related-posts":[{"id":37771,"url":"https:\/\/larevistadigital.com.ar\/blog\/mar-del-plata-clausuran-un-taller-mecanico-clandestino-y-encuenttran-un-auto-robado\/","url_meta":{"origin":45383,"position":0},"title":"Mar del Plata: Clausuran un taller mec\u00e1nico clandestino y encuenttran un auto robado","author":"Alejandro Sosa Ruda","date":"7 noviembre, 2024","format":false,"excerpt":"El lugar allanado se ubica en el Barrio El Martillo, y no ten\u00eda habilitaci\u00f3n. Fue aprehendido un hombre de 55 a\u00f1os. 7 de Noviembre de 2024 MAR DEL PLATA -\u00a0 \u00a0Durante la jornada, se llev\u00f3 a cabo un operativo donde se allan\u00f3 un taller clandestino, con el resultado de encontrar\u2026","rel":"","context":"En \u00abPOLICIALES\u00bb","block_context":{"text":"POLICIALES","link":"https:\/\/larevistadigital.com.ar\/blog\/category\/policiales\/"},"img":{"alt_text":"","src":"https:\/\/i0.wp.com\/larevistadigital.com.ar\/blog\/wp-content\/uploads\/Captura-de-pantalla-2024-11-07-002009.png?fit=808%2C387&ssl=1&resize=350%2C200","width":350,"height":200,"srcset":"https:\/\/i0.wp.com\/larevistadigital.com.ar\/blog\/wp-content\/uploads\/Captura-de-pantalla-2024-11-07-002009.png?fit=808%2C387&ssl=1&resize=350%2C200 1x, https:\/\/i0.wp.com\/larevistadigital.com.ar\/blog\/wp-content\/uploads\/Captura-de-pantalla-2024-11-07-002009.png?fit=808%2C387&ssl=1&resize=525%2C300 1.5x, https:\/\/i0.wp.com\/larevistadigital.com.ar\/blog\/wp-content\/uploads\/Captura-de-pantalla-2024-11-07-002009.png?fit=808%2C387&ssl=1&resize=700%2C400 2x"},"classes":[]},{"id":34808,"url":"https:\/\/larevistadigital.com.ar\/blog\/encuentran-un-arma-y-la-entregan-a-la-policia\/","url_meta":{"origin":45383,"position":1},"title":"ENCUENTRAN UN ARMA Y LA ENTREGAN A LA POLIC\u00cdA","author":"Alejandro Sosa Ruda","date":"8 diciembre, 2023","format":false,"excerpt":"Fue en el Taller Protegido, y el arma fue encontrada cuando separaban residuos. 7 de diciembre de 2023 CHASCOM\u00daS -\u00a0 El d\u00eda martes, se recibi\u00f3 en la Estaci\u00f3n de Polic\u00eda Comunal a una mujer perteneciente a la comisi\u00f3n directiva del taller protegido de Chascom\u00fas, que ten\u00eda en su poder una\u2026","rel":"","context":"En \u00abINTERES GENERAL\u00bb","block_context":{"text":"INTERES GENERAL","link":"https:\/\/larevistadigital.com.ar\/blog\/category\/interes-general\/"},"img":{"alt_text":"","src":"https:\/\/i0.wp.com\/larevistadigital.com.ar\/blog\/wp-content\/uploads\/WhatsApp-Image-2023-12-06-at-20.45.22.jpeg?fit=811%2C649&ssl=1&resize=350%2C200","width":350,"height":200,"srcset":"https:\/\/i0.wp.com\/larevistadigital.com.ar\/blog\/wp-content\/uploads\/WhatsApp-Image-2023-12-06-at-20.45.22.jpeg?fit=811%2C649&ssl=1&resize=350%2C200 1x, https:\/\/i0.wp.com\/larevistadigital.com.ar\/blog\/wp-content\/uploads\/WhatsApp-Image-2023-12-06-at-20.45.22.jpeg?fit=811%2C649&ssl=1&resize=525%2C300 1.5x, https:\/\/i0.wp.com\/larevistadigital.com.ar\/blog\/wp-content\/uploads\/WhatsApp-Image-2023-12-06-at-20.45.22.jpeg?fit=811%2C649&ssl=1&resize=700%2C400 2x"},"classes":[]},{"id":40562,"url":"https:\/\/larevistadigital.com.ar\/blog\/desbaratan-banda-que-robaba-y-desguazaba-motos-en-villa-gesell-y-madariaga\/","url_meta":{"origin":45383,"position":2},"title":"Desbaratan banda que robaba y desguazaba motos en Villa Gesell y Madariaga","author":"Alejandro Sosa Ruda","date":"21 julio, 2025","format":false,"excerpt":"Una investigaci\u00f3n de la SubDDI Villa Gesell permiti\u00f3 dar con un taller clandestino y detener a un sospechoso tras una serie de allanamientos en dos distritos. Recuperaron una moto robada y hallaron piezas adulteradas. 21 de Julio de 2025 GRAL. MADARIAGA -\u00a0 \u00a0 Una organizaci\u00f3n delictiva dedicada al robo de\u2026","rel":"","context":"En \u00abREGIONALES\u00bb","block_context":{"text":"REGIONALES","link":"https:\/\/larevistadigital.com.ar\/blog\/category\/regionales\/"},"img":{"alt_text":"","src":"https:\/\/i0.wp.com\/larevistadigital.com.ar\/blog\/wp-content\/uploads\/6abdb7cba6a3118234c5384b1750510a2f07af49.jpg?fit=1140%2C641&ssl=1&resize=350%2C200","width":350,"height":200,"srcset":"https:\/\/i0.wp.com\/larevistadigital.com.ar\/blog\/wp-content\/uploads\/6abdb7cba6a3118234c5384b1750510a2f07af49.jpg?fit=1140%2C641&ssl=1&resize=350%2C200 1x, https:\/\/i0.wp.com\/larevistadigital.com.ar\/blog\/wp-content\/uploads\/6abdb7cba6a3118234c5384b1750510a2f07af49.jpg?fit=1140%2C641&ssl=1&resize=525%2C300 1.5x, https:\/\/i0.wp.com\/larevistadigital.com.ar\/blog\/wp-content\/uploads\/6abdb7cba6a3118234c5384b1750510a2f07af49.jpg?fit=1140%2C641&ssl=1&resize=700%2C400 2x, https:\/\/i0.wp.com\/larevistadigital.com.ar\/blog\/wp-content\/uploads\/6abdb7cba6a3118234c5384b1750510a2f07af49.jpg?fit=1140%2C641&ssl=1&resize=1050%2C600 3x"},"classes":[]},{"id":19423,"url":"https:\/\/larevistadigital.com.ar\/blog\/viajo-por-problemas-de-salud-y-a-su-regreso-encontro-su-casa-usurpada\/","url_meta":{"origin":45383,"position":3},"title":"VIAJ\u00d3 POR PROBLEMAS DE SALUD, Y A SU REGRESO ENCONTR\u00d3 SU CASA USURPADA","author":"Alejandro Sosa Ruda","date":"25 marzo, 2021","format":false,"excerpt":"Denunci\u00f3 que su vivienda fue ocupada por un grupo de personas, que la desvalijaron y comenzaron a vender sus bienes. LA PLATA - En Altos de San Lorenzo\u00a0hay un gran revuelo.\u00a0Una vecina denunci\u00f3 que tuvo que viajar por problemas de salud y al volver se llev\u00f3 una amarga sorpresa: le\u2026","rel":"","context":"En \u00abPOLICIALES\u00bb","block_context":{"text":"POLICIALES","link":"https:\/\/larevistadigital.com.ar\/blog\/category\/policiales\/"},"img":{"alt_text":"","src":"https:\/\/i0.wp.com\/larevistadigital.com.ar\/blog\/wp-content\/uploads\/CASA-USURPADA.jpg?fit=1200%2C675&ssl=1&resize=350%2C200","width":350,"height":200,"srcset":"https:\/\/i0.wp.com\/larevistadigital.com.ar\/blog\/wp-content\/uploads\/CASA-USURPADA.jpg?fit=1200%2C675&ssl=1&resize=350%2C200 1x, https:\/\/i0.wp.com\/larevistadigital.com.ar\/blog\/wp-content\/uploads\/CASA-USURPADA.jpg?fit=1200%2C675&ssl=1&resize=525%2C300 1.5x, https:\/\/i0.wp.com\/larevistadigital.com.ar\/blog\/wp-content\/uploads\/CASA-USURPADA.jpg?fit=1200%2C675&ssl=1&resize=700%2C400 2x, https:\/\/i0.wp.com\/larevistadigital.com.ar\/blog\/wp-content\/uploads\/CASA-USURPADA.jpg?fit=1200%2C675&ssl=1&resize=1050%2C600 3x"},"classes":[]},{"id":36460,"url":"https:\/\/larevistadigital.com.ar\/blog\/dolores-una-casa-usurpada-fue-desalojada-por-la-policia\/","url_meta":{"origin":45383,"position":4},"title":"DOLORES: UNA CASA USURPADA FUE DESALOJADA POR LA POLIC\u00cdA","author":"Alejandro Sosa Ruda","date":"27 junio, 2024","format":false,"excerpt":"La familia present\u00f3 la escritura que demuestra que desde 1946 es la propietaria de la vivienda ubicada a s\u00f3lo 3 cuadras de la Plaza Castelli. 27 de Junio de 2024 DOLORES -\u00a0 \u00a0Luego de una denuncia realizada por vecinos, la polic\u00eda de Dolores, desaloj\u00f3 una vivienda que hab\u00eda sido usurpada\u2026","rel":"","context":"En \u00abPOLICIALES\u00bb","block_context":{"text":"POLICIALES","link":"https:\/\/larevistadigital.com.ar\/blog\/category\/policiales\/"},"img":{"alt_text":"","src":"https:\/\/i0.wp.com\/larevistadigital.com.ar\/blog\/wp-content\/uploads\/c336f6846ce16b25e77cf769d77ae33281a20d65.jpg?fit=1140%2C643&ssl=1&resize=350%2C200","width":350,"height":200,"srcset":"https:\/\/i0.wp.com\/larevistadigital.com.ar\/blog\/wp-content\/uploads\/c336f6846ce16b25e77cf769d77ae33281a20d65.jpg?fit=1140%2C643&ssl=1&resize=350%2C200 1x, https:\/\/i0.wp.com\/larevistadigital.com.ar\/blog\/wp-content\/uploads\/c336f6846ce16b25e77cf769d77ae33281a20d65.jpg?fit=1140%2C643&ssl=1&resize=525%2C300 1.5x, https:\/\/i0.wp.com\/larevistadigital.com.ar\/blog\/wp-content\/uploads\/c336f6846ce16b25e77cf769d77ae33281a20d65.jpg?fit=1140%2C643&ssl=1&resize=700%2C400 2x, https:\/\/i0.wp.com\/larevistadigital.com.ar\/blog\/wp-content\/uploads\/c336f6846ce16b25e77cf769d77ae33281a20d65.jpg?fit=1140%2C643&ssl=1&resize=1050%2C600 3x"},"classes":[]},{"id":13729,"url":"https:\/\/larevistadigital.com.ar\/blog\/interviene-en-una-discusion-que-mantenia-su-hermana-con-la-pareja-y-lo-mataron-de-un-balazo\/","url_meta":{"origin":45383,"position":5},"title":"INTERVIENE EN UNA DISCUSI\u00d3N QUE MANTEN\u00cdA SU HERMANA CON LA PAREJA Y LO MATARON DE UN BALAZO","author":"Alejandro Sosa Ruda","date":"19 diciembre, 2019","format":false,"excerpt":"Sucedi\u00f3 el jueves a la tarde en una casa del barrio Parque Palermo. Familiares lo trasladaron de urgencia al Higa y el agresor se dio a la fuga. Un joven de 28 a\u00f1os muri\u00f3 esta tarde en el Hospital Interzonal General de agudos (Higa) luego de recibir un balazo durante\u2026","rel":"","context":"En \u00abPOLICIALES\u00bb","block_context":{"text":"POLICIALES","link":"https:\/\/larevistadigital.com.ar\/blog\/category\/policiales\/"},"img":{"alt_text":"","src":"https:\/\/i0.wp.com\/larevistadigital.com.ar\/blog\/wp-content\/uploads\/Guardia-Higa-0298.jpg?fit=790%2C444&ssl=1&resize=350%2C200","width":350,"height":200,"srcset":"https:\/\/i0.wp.com\/larevistadigital.com.ar\/blog\/wp-content\/uploads\/Guardia-Higa-0298.jpg?fit=790%2C444&ssl=1&resize=350%2C200 1x, https:\/\/i0.wp.com\/larevistadigital.com.ar\/blog\/wp-content\/uploads\/Guardia-Higa-0298.jpg?fit=790%2C444&ssl=1&resize=525%2C300 1.5x, https:\/\/i0.wp.com\/larevistadigital.com.ar\/blog\/wp-content\/uploads\/Guardia-Higa-0298.jpg?fit=790%2C444&ssl=1&resize=700%2C400 2x"},"classes":[]}],"_links":{"self":[{"href":"https:\/\/larevistadigital.com.ar\/blog\/wp-json\/wp\/v2\/posts\/45383","targetHints":{"allow":["GET"]}}],"collection":[{"href":"https:\/\/larevistadigital.com.ar\/blog\/wp-json\/wp\/v2\/posts"}],"about":[{"href":"https:\/\/larevistadigital.com.ar\/blog\/wp-json\/wp\/v2\/types\/post"}],"author":[{"embeddable":true,"href":"https:\/\/larevistadigital.com.ar\/blog\/wp-json\/wp\/v2\/users\/3"}],"replies":[{"embeddable":true,"href":"https:\/\/larevistadigital.com.ar\/blog\/wp-json\/wp\/v2\/comments?post=45383"}],"version-history":[{"count":1,"href":"https:\/\/larevistadigital.com.ar\/blog\/wp-json\/wp\/v2\/posts\/45383\/revisions"}],"predecessor-version":[{"id":45385,"href":"https:\/\/larevistadigital.com.ar\/blog\/wp-json\/wp\/v2\/posts\/45383\/revisions\/45385"}],"wp:featuredmedia":[{"embeddable":true,"href":"https:\/\/larevistadigital.com.ar\/blog\/wp-json\/wp\/v2\/media\/45384"}],"wp:attachment":[{"href":"https:\/\/larevistadigital.com.ar\/blog\/wp-json\/wp\/v2\/media?parent=45383"}],"wp:term":[{"taxonomy":"category","embeddable":true,"href":"https:\/\/larevistadigital.com.ar\/blog\/wp-json\/wp\/v2\/categories?post=45383"},{"taxonomy":"post_tag","embeddable":true,"href":"https:\/\/larevistadigital.com.ar\/blog\/wp-json\/wp\/v2\/tags?post=45383"}],"curies":[{"name":"wp","href":"https:\/\/api.w.org\/{rel}","templated":true}]}}