{"id":45386,"date":"2026-04-29T12:58:05","date_gmt":"2026-04-29T15:58:05","guid":{"rendered":"https:\/\/larevistadigital.com.ar\/blog\/?p=45386"},"modified":"2026-04-29T12:58:05","modified_gmt":"2026-04-29T15:58:05","slug":"teoria-escalofriante-de-un-viajero-en-el-tiempo-que-alerto-sobre-el-atentado-contra-donald-trump","status":"publish","type":"post","link":"https:\/\/larevistadigital.com.ar\/blog\/teoria-escalofriante-de-un-viajero-en-el-tiempo-que-alerto-sobre-el-atentado-contra-donald-trump\/","title":{"rendered":"Teor\u00eda escalofriante de un viajero en el tiempo que alert\u00f3 sobre el atentado contra Donald Trump"},"content":{"rendered":"<section class=\"text-token-text-primary w-full focus:outline-none [--shadow-height:45px] has-data-writing-block:pointer-events-none has-data-writing-block:-mt-(--shadow-height) has-data-writing-block:pt-(--shadow-height) [&amp;:has([data-writing-block])&gt;*]:pointer-events-auto [content-visibility:auto] supports-[content-visibility:auto]:[contain-intrinsic-size:auto_100lvh] R6Vx5W_threadScrollVars scroll-mb-[calc(var(--scroll-root-safe-area-inset-bottom,0px)+var(--thread-response-height))] scroll-mt-[calc(var(--header-height)+min(200px,max(70px,20svh)))]\" dir=\"auto\" data-turn-id=\"request-69e58da6-ad78-83e9-a8b2-e310aa1f317e-1\" data-testid=\"conversation-turn-52\" data-scroll-anchor=\"false\" data-turn=\"assistant\">\n<div class=\"text-base my-auto mx-auto pb-10 [--thread-content-margin:var(--thread-content-margin-xs,calc(var(--spacing)*4))] @w-sm\/main:[--thread-content-margin:var(--thread-content-margin-sm,calc(var(--spacing)*6))] @w-lg\/main:[--thread-content-margin:var(--thread-content-margin-lg,calc(var(--spacing)*16))] px-(--thread-content-margin)\">\n<div class=\"[--thread-content-max-width:40rem] @w-lg\/main:[--thread-content-max-width:48rem] mx-auto max-w-(--thread-content-max-width) flex-1 group\/turn-messages focus-visible:outline-hidden relative flex w-full min-w-0 flex-col agent-turn\">\n<div class=\"flex max-w-full flex-col gap-4 grow\">\n<div class=\"min-h-8 text-message relative flex w-full flex-col items-end gap-2 text-start break-words whitespace-normal outline-none keyboard-focused:focus-ring [.text-message+&amp;]:mt-1\" dir=\"auto\" data-message-author-role=\"assistant\" data-message-id=\"7498a576-3194-4222-87e0-e13c44f329ca\" data-message-model-slug=\"gpt-5-3\" data-turn-start-message=\"true\">\n<div class=\"flex w-full flex-col gap-1 empty:hidden\">\n<div class=\"markdown prose dark:prose-invert w-full wrap-break-word light markdown-new-styling\">\n<p data-start=\"111\" data-end=\"292\"><strong data-start=\"111\" data-end=\"292\">Una cuenta en redes anticip\u00f3 el nombre del atacante meses antes del hecho. La coincidencia se volvi\u00f3 viral, pero expertos advierten que podr\u00eda tratarse de una maniobra enga\u00f1osa.<\/strong><\/p>\n<p data-start=\"111\" data-end=\"292\">29 de abril de 2026<\/p>\n<p data-start=\"294\" data-end=\"516\">El intento de asesinato contra el presidente de Estados Unidos, <strong><span class=\"hover:entity-accent entity-underline inline cursor-pointer align-baseline\"><span class=\"whitespace-normal\">Donald Trump<\/span><\/span><\/strong>, no solo gener\u00f3 impacto pol\u00edtico, sino tambi\u00e9n una ola de teor\u00edas conspirativas en redes sociales que no deja de crecer.<\/p>\n<p data-start=\"518\" data-end=\"862\">En el centro de la pol\u00e9mica aparece una cuenta de X bajo el nombre <strong>\u201cHenry Martinez\u201d<\/strong>, que en diciembre de 2023 public\u00f3 un \u00fanico mensaje:<strong> \u201cCole Allen\u201d<\/strong>. El dato pas\u00f3 inadvertido durante meses, hasta que las autoridades identificaron al atacante como <strong><span class=\"hover:entity-accent entity-underline inline cursor-pointer align-baseline\"><span class=\"whitespace-normal\">Cole Tomas Allen<\/span><\/span>, un hombre de 31 a\u00f1os con formaci\u00f3n en ingenier\u00eda mec\u00e1nica.<\/strong><\/p>\n<blockquote>\n<h3 data-start=\"864\" data-end=\"1095\">La coincidencia fue suficiente para desatar una catarata de especulaciones. Miles de usuarios comenzaron a difundir la idea de que el perfil habr\u00eda anticipado el hecho, alimentando teor\u00edas que incluso hablan de viajes en el tiempo.<\/h3>\n<\/blockquote>\n<p data-start=\"1097\" data-end=\"1327\">El fen\u00f3meno no es nuevo, pero s\u00ed cada vez m\u00e1s frecuente. En un ecosistema digital dominado por la viralizaci\u00f3n inmediata, este tipo de coincidencias suele amplificarse sin verificaci\u00f3n previa, generando confusi\u00f3n y desinformaci\u00f3n.<\/p>\n<p data-start=\"1329\" data-end=\"1703\">Frente a esto, especialistas en comunicaci\u00f3n digital ofrecen una explicaci\u00f3n mucho m\u00e1s simple. El periodista <strong><span class=\"hover:entity-accent entity-underline inline cursor-pointer align-baseline\"><span class=\"whitespace-normal\">David Puente<\/span><\/span><\/strong> detall\u00f3 c\u00f3mo funcionan este tipo de enga\u00f1os: crear m\u00faltiples publicaciones con distintos nombres o eventos, mantener la cuenta privada y, una vez que alguno coincide con la realidad, eliminar el resto y hacer p\u00fablico el perfil.<\/p>\n<blockquote>\n<h3 data-start=\"1705\" data-end=\"1941\">El resultado es una ilusi\u00f3n de \u201cpredicci\u00f3n\u201d que, en realidad, se construye a posteriori. El dato clave refuerza esta hip\u00f3tesis: la cuenta en cuesti\u00f3n solo muestra actualmente una publicaci\u00f3n, lo que impide verificar su historial previo.<\/h3>\n<\/blockquote>\n<p data-start=\"1943\" data-end=\"2140\">A pesar de esto, la teor\u00eda sigue circulando con fuerza. Incluso aparecieron perfiles similares replicando la misma l\u00f3gica, lo que refuerza la idea de una estrategia deliberada para generar impacto.<\/p>\n<p data-start=\"2142\" data-end=\"2361\" data-is-last-node=\"\" data-is-only-node=\"\">En un contexto marcado por la proliferaci\u00f3n de fake news, el caso vuelve a poner en evidencia un problema creciente: la facilidad con la que una coincidencia puede transformarse en una narrativa viral sin sustento real.<\/p>\n<\/div>\n<\/div>\n<\/div>\n<\/div>\n<div class=\"mt-3 w-full empty:hidden\">\n<div class=\"text-center\">\n<article class=\"article-body article-body--first-paragraph\">\n<div id=\"embed9327_wrap\" class=\"embed_cont type_freetext\" data-provider=\"Twitter\">\n<div id=\"embed9327_content\" class=\"embed_content\">\n<div id=\"embed9327_embed\">\n<div class=\"twitter-tweet twitter-tweet-rendered\"><\/div>\n<\/div>\n<\/div>\n<\/div>\n<p>&nbsp;<\/p>\n<\/article>\n<article class=\"article-body article-body--first-paragraph\">\n<p id=\"p-1777467548731-39100\" data-mrf-recirculation=\"Article - Paragraph Links\"><img data-recalc-dims=\"1\" loading=\"lazy\" decoding=\"async\" class=\"wp-image-45387 aligncenter\" src=\"https:\/\/i0.wp.com\/larevistadigital.com.ar\/blog\/wp-content\/uploads\/Captura-de-pantalla-2026-04-29-125633.jpg?resize=430%2C386&#038;ssl=1\" alt=\"\" width=\"430\" height=\"386\" srcset=\"https:\/\/i0.wp.com\/larevistadigital.com.ar\/blog\/wp-content\/uploads\/Captura-de-pantalla-2026-04-29-125633.jpg?resize=300%2C269&amp;ssl=1 300w, https:\/\/i0.wp.com\/larevistadigital.com.ar\/blog\/wp-content\/uploads\/Captura-de-pantalla-2026-04-29-125633.jpg?w=531&amp;ssl=1 531w\" sizes=\"auto, (max-width: 430px) 100vw, 430px\" \/><\/p>\n<\/article>\n<\/div>\n<\/div>\n<\/div>\n<\/div>\n<\/section>\n<div class=\"pointer-events-none -mt-px h-px translate-y-[calc(var(--scroll-root-safe-area-inset-bottom)-14*var(--spacing))]\" aria-hidden=\"true\">fuente e imagen: C5N<\/div>\n","protected":false},"excerpt":{"rendered":"<div class=\"mh-excerpt\"><p>Una cuenta en redes anticip\u00f3 el nombre del atacante meses antes del hecho. La coincidencia se volvi\u00f3 viral, pero expertos advierten que podr\u00eda tratarse de una maniobra enga\u00f1osa. 29 de abril de 2026 El intento <a class=\"mh-excerpt-more\" href=\"https:\/\/larevistadigital.com.ar\/blog\/teoria-escalofriante-de-un-viajero-en-el-tiempo-que-alerto-sobre-el-atentado-contra-donald-trump\/\" title=\"Teor\u00eda escalofriante de un viajero en el tiempo que alert\u00f3 sobre el atentado contra Donald Trump\">[Leer M\u00e1s]<\/a><\/p>\n<\/div>","protected":false},"author":3,"featured_media":45388,"comment_status":"open","ping_status":"open","sticky":false,"template":"","format":"standard","meta":{"_jetpack_memberships_contains_paid_content":false,"footnotes":"","jetpack_publicize_message":"","jetpack_publicize_feature_enabled":true,"jetpack_social_post_already_shared":true,"jetpack_social_options":{"image_generator_settings":{"template":"highway","default_image_id":0,"font":"","enabled":false},"version":2}},"categories":[50],"tags":[],"class_list":{"0":"post-45386","1":"post","2":"type-post","3":"status-publish","4":"format-standard","5":"has-post-thumbnail","7":"category-interes-general"},"jetpack_publicize_connections":[],"jetpack_featured_media_url":"https:\/\/i0.wp.com\/larevistadigital.com.ar\/blog\/wp-content\/uploads\/Captura-de-pantalla-2026-04-29-124751.jpg?fit=670%2C377&ssl=1","jetpack_sharing_enabled":true,"jetpack_shortlink":"https:\/\/wp.me\/p8qtrQ-bO2","jetpack-related-posts":[{"id":44286,"url":"https:\/\/larevistadigital.com.ar\/blog\/donald-trump-amenaza-con-cortar-el-comercio-con-espana-por-el-uso-de-bases-militares\/","url_meta":{"origin":45386,"position":0},"title":"Donald Trump amenaza con cortar el comercio con Espa\u00f1a por el uso de bases militares","author":"Alejandro Sosa Ruda","date":"4 marzo, 2026","format":false,"excerpt":"El presidente estadounidense cuestion\u00f3 la negativa del gobierno de Pedro S\u00e1nchez a autorizar el uso de las bases de Rota y Mor\u00f3n para ataques contra Ir\u00e1n y advirti\u00f3 sobre posibles represalias comerciales. Madrid respondi\u00f3 que actuar\u00e1 conforme a la legalidad internacional y sus compromisos con la OTAN. 03 de marzo\u2026","rel":"","context":"En \u00abINTERES GENERAL\u00bb","block_context":{"text":"INTERES GENERAL","link":"https:\/\/larevistadigital.com.ar\/blog\/category\/interes-general\/"},"img":{"alt_text":"","src":"https:\/\/i0.wp.com\/larevistadigital.com.ar\/blog\/wp-content\/uploads\/Captura-de-pantalla-2026-03-04-003939.jpg?fit=1200%2C453&ssl=1&resize=350%2C200","width":350,"height":200,"srcset":"https:\/\/i0.wp.com\/larevistadigital.com.ar\/blog\/wp-content\/uploads\/Captura-de-pantalla-2026-03-04-003939.jpg?fit=1200%2C453&ssl=1&resize=350%2C200 1x, https:\/\/i0.wp.com\/larevistadigital.com.ar\/blog\/wp-content\/uploads\/Captura-de-pantalla-2026-03-04-003939.jpg?fit=1200%2C453&ssl=1&resize=525%2C300 1.5x, https:\/\/i0.wp.com\/larevistadigital.com.ar\/blog\/wp-content\/uploads\/Captura-de-pantalla-2026-03-04-003939.jpg?fit=1200%2C453&ssl=1&resize=700%2C400 2x, https:\/\/i0.wp.com\/larevistadigital.com.ar\/blog\/wp-content\/uploads\/Captura-de-pantalla-2026-03-04-003939.jpg?fit=1200%2C453&ssl=1&resize=1050%2C600 3x"},"classes":[]},{"id":27693,"url":"https:\/\/larevistadigital.com.ar\/blog\/el-presidente-tras-el-ataque-a-cristina-hablaban-de-que-el-proximo-soy-yo\/","url_meta":{"origin":45386,"position":1},"title":"EL PRESIDENTE TRAS EL ATAQUE A CRISTINA: \u00abHABLABAN DE QUE EL PR\u00d3XIMO SOY YO\u00bb","author":"Alejandro Sosa Ruda","date":"12 septiembre, 2022","format":false,"excerpt":"En un reportaje con un medio espa\u00f1ol, Alberto Fern\u00e1ndez revel\u00f3 conversaciones entre los agresores. \"Hay que estar atentos\", advirti\u00f3. 12 de septiembre de 2022 El presidente Alberto Fern\u00e1ndez calific\u00f3 al intento de magnicidio que sufri\u00f3 la vicepresidente Cristina Fern\u00e1ndez de Kirchner como \u00abun momento de conmoci\u00f3n para todos\u00bb,\u00a0asegur\u00f3 que lo\u2026","rel":"","context":"En \u00abINTERES GENERAL\u00bb","block_context":{"text":"INTERES GENERAL","link":"https:\/\/larevistadigital.com.ar\/blog\/category\/interes-general\/"},"img":{"alt_text":"","src":"https:\/\/i0.wp.com\/larevistadigital.com.ar\/blog\/wp-content\/uploads\/PRESI-1.png?fit=803%2C486&ssl=1&resize=350%2C200","width":350,"height":200,"srcset":"https:\/\/i0.wp.com\/larevistadigital.com.ar\/blog\/wp-content\/uploads\/PRESI-1.png?fit=803%2C486&ssl=1&resize=350%2C200 1x, https:\/\/i0.wp.com\/larevistadigital.com.ar\/blog\/wp-content\/uploads\/PRESI-1.png?fit=803%2C486&ssl=1&resize=525%2C300 1.5x, https:\/\/i0.wp.com\/larevistadigital.com.ar\/blog\/wp-content\/uploads\/PRESI-1.png?fit=803%2C486&ssl=1&resize=700%2C400 2x"},"classes":[]},{"id":9440,"url":"https:\/\/larevistadigital.com.ar\/blog\/viajero-del-tiempo-pasa-el-detector-de-mentiras-y-revela-quien-sera-presidente-de-eeuu-en-2045\/","url_meta":{"origin":45386,"position":2},"title":"VIAJERO DEL TIEMPO PASA EL DETECTOR DE MENTIRAS Y REVELA QUIEN SER\u00c1 PRESIDENTE DE EEUU EN 2045","author":"Alejandro Sosa Ruda","date":"29 marzo, 2019","format":false,"excerpt":"Un hombre de 27 a\u00f1os asegura que naci\u00f3 en diciembre de 2019 y que sabe demasiadas cosas sobre el futuro. ESTADOS UNIDOS, Miami.- Un hombre que asegura ser un viajero del tiempo\u00a0hizo una revelaci\u00f3n sorprendente acerca de qui\u00e9n ser\u00e1\u00a0el presidente de Estados Unidos\u00a0dentro de 26 a\u00f1os. Despu\u00e9s de insistir en\u2026","rel":"","context":"En \u00abCURIOSAS\u00bb","block_context":{"text":"CURIOSAS","link":"https:\/\/larevistadigital.com.ar\/blog\/category\/curiosas\/"},"img":{"alt_text":"","src":"https:\/\/i0.wp.com\/larevistadigital.com.ar\/blog\/wp-content\/uploads\/2019\/03\/f800x450-513585_565031_13.jpg?fit=800%2C450&ssl=1&resize=350%2C200","width":350,"height":200,"srcset":"https:\/\/i0.wp.com\/larevistadigital.com.ar\/blog\/wp-content\/uploads\/2019\/03\/f800x450-513585_565031_13.jpg?fit=800%2C450&ssl=1&resize=350%2C200 1x, https:\/\/i0.wp.com\/larevistadigital.com.ar\/blog\/wp-content\/uploads\/2019\/03\/f800x450-513585_565031_13.jpg?fit=800%2C450&ssl=1&resize=525%2C300 1.5x, https:\/\/i0.wp.com\/larevistadigital.com.ar\/blog\/wp-content\/uploads\/2019\/03\/f800x450-513585_565031_13.jpg?fit=800%2C450&ssl=1&resize=700%2C400 2x"},"classes":[]},{"id":27696,"url":"https:\/\/larevistadigital.com.ar\/blog\/el-primer-tuit-de-cristina-desde-el-atentado-en-su-contra\/","url_meta":{"origin":45386,"position":3},"title":"EL PRIMER TUIT DE CRISTINA DESDE EL ATENTADO EN SU CONTRA","author":"Alejandro Sosa Ruda","date":"12 septiembre, 2022","format":false,"excerpt":"La vicepresidente reapareci\u00f3 por primera vez en la red social con un mensaje en contra de Clar\u00edn. Los detalles. 12 de septiembre de 2022 Cristina Kirchner se llam\u00f3 al silencio en sus redes luego del intento de magnicidio que sufri\u00f3 el jueves 1\u00b0 de septiembre. \u00a0Este lunes, 11 d\u00edas despu\u00e9s,\u2026","rel":"","context":"En \u00abINTERES GENERAL\u00bb","block_context":{"text":"INTERES GENERAL","link":"https:\/\/larevistadigital.com.ar\/blog\/category\/interes-general\/"},"img":{"alt_text":"","src":"https:\/\/i0.wp.com\/larevistadigital.com.ar\/blog\/wp-content\/uploads\/5OZ4CFJZGVHUBOL2SCRMBCNQP4.jpg?fit=1023%2C682&ssl=1&resize=350%2C200","width":350,"height":200,"srcset":"https:\/\/i0.wp.com\/larevistadigital.com.ar\/blog\/wp-content\/uploads\/5OZ4CFJZGVHUBOL2SCRMBCNQP4.jpg?fit=1023%2C682&ssl=1&resize=350%2C200 1x, https:\/\/i0.wp.com\/larevistadigital.com.ar\/blog\/wp-content\/uploads\/5OZ4CFJZGVHUBOL2SCRMBCNQP4.jpg?fit=1023%2C682&ssl=1&resize=525%2C300 1.5x, https:\/\/i0.wp.com\/larevistadigital.com.ar\/blog\/wp-content\/uploads\/5OZ4CFJZGVHUBOL2SCRMBCNQP4.jpg?fit=1023%2C682&ssl=1&resize=700%2C400 2x"},"classes":[]},{"id":5205,"url":"https:\/\/larevistadigital.com.ar\/blog\/la-actriz-porno-stormy-daniels-demando-donald-trump-anular-pacto-confidencialidad-la-relacion-habrian-mantenido\/","url_meta":{"origin":45386,"position":4},"title":"LA ACTRIZ PORNO STORMY DANIELS DEMAND\u00d3 A DONALD TRUMP PARA ANULAR EL PACTO DE CONFIDENCIALIDAD DE LA RELACI\u00d3N QUE HABR\u00cdAN MANTENIDO","author":"Alejandro Sosa Ruda","date":"7 marzo, 2018","format":false,"excerpt":"EL PRESIDENTE AMERICANO Y LA ACTRIZ PORNO HABR\u00cdAN MANTENIDO ENCUENTROS SEXUALES DURANTE LOS A\u00d1OS 2006 Y 2007 Y SE HABR\u00cdAN PAGADO A LA MUJER UNOS 130.000 DOLARES POR SU SILENCIO... Una actriz porno que afirma haber tenido relaciones sexuales con\u00a0Donald Trump present\u00f3 el martes una demanda para invalidar un acuerdo\u2026","rel":"","context":"En \u00abPOLITICA\u00bb","block_context":{"text":"POLITICA","link":"https:\/\/larevistadigital.com.ar\/blog\/category\/politica\/"},"img":{"alt_text":"","src":"https:\/\/i0.wp.com\/larevistadigital.com.ar\/blog\/wp-content\/uploads\/2018\/03\/daniels.jpg.size-custom-crop.1086x0.jpg?fit=1086%2C673&ssl=1&resize=350%2C200","width":350,"height":200,"srcset":"https:\/\/i0.wp.com\/larevistadigital.com.ar\/blog\/wp-content\/uploads\/2018\/03\/daniels.jpg.size-custom-crop.1086x0.jpg?fit=1086%2C673&ssl=1&resize=350%2C200 1x, https:\/\/i0.wp.com\/larevistadigital.com.ar\/blog\/wp-content\/uploads\/2018\/03\/daniels.jpg.size-custom-crop.1086x0.jpg?fit=1086%2C673&ssl=1&resize=525%2C300 1.5x, https:\/\/i0.wp.com\/larevistadigital.com.ar\/blog\/wp-content\/uploads\/2018\/03\/daniels.jpg.size-custom-crop.1086x0.jpg?fit=1086%2C673&ssl=1&resize=700%2C400 2x, https:\/\/i0.wp.com\/larevistadigital.com.ar\/blog\/wp-content\/uploads\/2018\/03\/daniels.jpg.size-custom-crop.1086x0.jpg?fit=1086%2C673&ssl=1&resize=1050%2C600 3x"},"classes":[]},{"id":27707,"url":"https:\/\/larevistadigital.com.ar\/blog\/mas-implicados-detienen-a-otrar-mujer-por-el-intento-de-atentado-contra-cristina-fernandez-de-kirchner\/","url_meta":{"origin":45386,"position":5},"title":"MAS IMPLICADOS: DETIENEN A OTRAR MUJER POR EL INTENTO DE ATENTADO CONTRA CRISTINA FERN\u00c1NDEZ DE KIRCHNER","author":"Alejandro Sosa Ruda","date":"13 septiembre, 2022","format":false,"excerpt":"La nueva detenci\u00f3n, que se suma a la de Fernando Sabag Montiel y Brenda Uliarte, se concret\u00f3 en las \u00faltimas horas en San Miguel, en uno de tres allanamientos ordenados por la Justicia Federal. 13 de septiembre de 2022 Una mujer fue detenida en las \u00faltimas horas en el partido\u2026","rel":"","context":"En \u00abINTERES GENERAL\u00bb","block_context":{"text":"INTERES GENERAL","link":"https:\/\/larevistadigital.com.ar\/blog\/category\/interes-general\/"},"img":{"alt_text":"","src":"https:\/\/i0.wp.com\/larevistadigital.com.ar\/blog\/wp-content\/uploads\/NUEVA-DETENIDA.png?fit=815%2C461&ssl=1&resize=350%2C200","width":350,"height":200,"srcset":"https:\/\/i0.wp.com\/larevistadigital.com.ar\/blog\/wp-content\/uploads\/NUEVA-DETENIDA.png?fit=815%2C461&ssl=1&resize=350%2C200 1x, https:\/\/i0.wp.com\/larevistadigital.com.ar\/blog\/wp-content\/uploads\/NUEVA-DETENIDA.png?fit=815%2C461&ssl=1&resize=525%2C300 1.5x, https:\/\/i0.wp.com\/larevistadigital.com.ar\/blog\/wp-content\/uploads\/NUEVA-DETENIDA.png?fit=815%2C461&ssl=1&resize=700%2C400 2x"},"classes":[]}],"_links":{"self":[{"href":"https:\/\/larevistadigital.com.ar\/blog\/wp-json\/wp\/v2\/posts\/45386","targetHints":{"allow":["GET"]}}],"collection":[{"href":"https:\/\/larevistadigital.com.ar\/blog\/wp-json\/wp\/v2\/posts"}],"about":[{"href":"https:\/\/larevistadigital.com.ar\/blog\/wp-json\/wp\/v2\/types\/post"}],"author":[{"embeddable":true,"href":"https:\/\/larevistadigital.com.ar\/blog\/wp-json\/wp\/v2\/users\/3"}],"replies":[{"embeddable":true,"href":"https:\/\/larevistadigital.com.ar\/blog\/wp-json\/wp\/v2\/comments?post=45386"}],"version-history":[{"count":1,"href":"https:\/\/larevistadigital.com.ar\/blog\/wp-json\/wp\/v2\/posts\/45386\/revisions"}],"predecessor-version":[{"id":45389,"href":"https:\/\/larevistadigital.com.ar\/blog\/wp-json\/wp\/v2\/posts\/45386\/revisions\/45389"}],"wp:featuredmedia":[{"embeddable":true,"href":"https:\/\/larevistadigital.com.ar\/blog\/wp-json\/wp\/v2\/media\/45388"}],"wp:attachment":[{"href":"https:\/\/larevistadigital.com.ar\/blog\/wp-json\/wp\/v2\/media?parent=45386"}],"wp:term":[{"taxonomy":"category","embeddable":true,"href":"https:\/\/larevistadigital.com.ar\/blog\/wp-json\/wp\/v2\/categories?post=45386"},{"taxonomy":"post_tag","embeddable":true,"href":"https:\/\/larevistadigital.com.ar\/blog\/wp-json\/wp\/v2\/tags?post=45386"}],"curies":[{"name":"wp","href":"https:\/\/api.w.org\/{rel}","templated":true}]}}