{"id":45390,"date":"2026-04-29T14:08:47","date_gmt":"2026-04-29T17:08:47","guid":{"rendered":"https:\/\/larevistadigital.com.ar\/blog\/?p=45390"},"modified":"2026-04-29T14:17:48","modified_gmt":"2026-04-29T17:17:48","slug":"terror-en-el-monte-gritos-objetos-que-se-mueven-solos-y-una-figura-en-la-oscuridad","status":"publish","type":"post","link":"https:\/\/larevistadigital.com.ar\/blog\/terror-en-el-monte-gritos-objetos-que-se-mueven-solos-y-una-figura-en-la-oscuridad\/","title":{"rendered":"Terror en el monte: gritos, objetos que se mueven solos y una figura en la oscuridad"},"content":{"rendered":"<section class=\"text-token-text-primary w-full focus:outline-none [--shadow-height:45px] has-data-writing-block:pointer-events-none has-data-writing-block:-mt-(--shadow-height) has-data-writing-block:pt-(--shadow-height) [&amp;:has([data-writing-block])&gt;*]:pointer-events-auto [content-visibility:auto] supports-[content-visibility:auto]:[contain-intrinsic-size:auto_100lvh] R6Vx5W_threadScrollVars scroll-mb-[calc(var(--scroll-root-safe-area-inset-bottom,0px)+var(--thread-response-height))] scroll-mt-[calc(var(--header-height)+min(200px,max(70px,20svh)))]\" dir=\"auto\" data-turn-id=\"request-69e58da6-ad78-83e9-a8b2-e310aa1f317e-0\" data-testid=\"conversation-turn-54\" data-scroll-anchor=\"false\" data-turn=\"assistant\">\n<div class=\"text-base my-auto mx-auto pb-10 [--thread-content-margin:var(--thread-content-margin-xs,calc(var(--spacing)*4))] @w-sm\/main:[--thread-content-margin:var(--thread-content-margin-sm,calc(var(--spacing)*6))] @w-lg\/main:[--thread-content-margin:var(--thread-content-margin-lg,calc(var(--spacing)*16))] px-(--thread-content-margin)\">\n<div class=\"[--thread-content-max-width:40rem] @w-lg\/main:[--thread-content-max-width:48rem] mx-auto max-w-(--thread-content-max-width) flex-1 group\/turn-messages focus-visible:outline-hidden relative flex w-full min-w-0 flex-col agent-turn\">\n<div class=\"flex max-w-full flex-col gap-4 grow\">\n<div class=\"min-h-8 text-message relative flex w-full flex-col items-end gap-2 text-start break-words whitespace-normal outline-none keyboard-focused:focus-ring [.text-message+&amp;]:mt-1\" dir=\"auto\" data-message-author-role=\"assistant\" data-message-id=\"3440f390-a02a-4b04-bb95-fd5e24a72c74\" data-message-model-slug=\"gpt-5-3\" data-turn-start-message=\"true\">\n<div class=\"flex w-full flex-col gap-1 empty:hidden\">\n<div class=\"markdown prose dark:prose-invert w-full wrap-break-word light markdown-new-styling\">\n<p data-start=\"91\" data-end=\"263\"><strong data-start=\"91\" data-end=\"263\">\u00a0de Una joven denunci\u00f3 una serie de episodios inexplicables en su granja. Los videos se viralizaron y abrieron un debate entre lo paranormal y una posible intrusi\u00f3n humana.<\/strong><\/p>\n<p data-start=\"91\" data-end=\"263\">29 de abril de 2026<\/p>\n<p data-start=\"265\" data-end=\"564\">Lo que comenz\u00f3 como una rutina tranquila en una granja aislada termin\u00f3 convirti\u00e9ndose en un caso inquietante que recorre redes sociales. <strong>Whitney<\/strong>, una joven que vive en medio del bosque junto a sus animales, asegura que algo \u2014o alguien\u2014 acecha su propiedad y dej\u00f3 registros que alimentan el misterio.<\/p>\n<blockquote>\n<h3 data-start=\"566\" data-end=\"818\">El primer indicio fue el cambio abrupto en el comportamiento de sus caballos. Sin motivo aparente, los animales comenzaron a mostrarse alterados, corriendo de un lado a otro con signos de miedo. Decidida a entender qu\u00e9 ocurr\u00eda, Whitney empez\u00f3 a grabar.<\/h3>\n<\/blockquote>\n<p data-start=\"820\" data-end=\"1144\">En uno de esos registros capt\u00f3 un sonido que dispar\u00f3 la alarma: un grito estremecedor proveniente del interior del bosque. <em><strong>\u201cCreo que los caballos pueden sentirlo\u201d<\/strong><\/em>, sostuvo, convencida de que los animales perciben algo que ella no logra ver. En otro video, incluso, se escuchan risas inquietantes, similares a las de un ni\u00f1o.<\/p>\n<blockquote>\n<h3 data-start=\"1146\" data-end=\"1425\">Pero los episodios no se limitaron al exterior. Dentro del establo, mientras filmaba a su gato, la joven registr\u00f3 c\u00f3mo herramientas y objetos pesados ca\u00edan al suelo sin intervenci\u00f3n visible. La escena elev\u00f3 el nivel de tensi\u00f3n y reforz\u00f3 la hip\u00f3tesis de una presencia desconocida.<\/h3>\n<\/blockquote>\n<p data-start=\"1427\" data-end=\"1694\">El momento m\u00e1s impactante ocurri\u00f3 durante la noche. Mientras trasladaba a los animales, una voz oscura \u2014seguida de una risa\u2014 qued\u00f3 registrada. La reacci\u00f3n fue inmediata: los caballos se detuvieron en seco y se negaron a avanzar. <strong>\u201cActuaban de manera nerviosa\u201d<\/strong>, relat\u00f3.<\/p>\n<blockquote>\n<h3 data-start=\"1696\" data-end=\"1887\">El enigma se profundiz\u00f3 con im\u00e1genes captadas por una c\u00e1mara de visi\u00f3n nocturna. All\u00ed, seg\u00fan se observa, una figura aparece a la distancia, oculta entre los \u00e1rboles, aparentemente observando.<\/h3>\n<\/blockquote>\n<p data-start=\"1889\" data-end=\"2088\">El caso fue analizado en redes por <strong><span class=\"hover:entity-accent entity-underline inline cursor-pointer align-baseline\"><span class=\"whitespace-normal\">Mar\u00eda Jos\u00e9 Arce<\/span><\/span><\/strong>, quien explic\u00f3 que <strong>Whitney<\/strong> decidi\u00f3 poner su cuenta en privado tras la viralizaci\u00f3n, lo que dej\u00f3 el desenlace en incertidumbre.<\/p>\n<blockquote>\n<h3 data-start=\"2090\" data-end=\"2290\">Las hip\u00f3tesis est\u00e1n divididas. Algunos sostienen que podr\u00eda tratarse de una persona que ingresa al campo para generar miedo. Otros van m\u00e1s all\u00e1 y plantean la posibilidad de una presencia sobrenatural.<\/h3>\n<\/blockquote>\n<p data-start=\"2292\" data-end=\"2531\" data-is-last-node=\"\" data-is-only-node=\"\">Sin pruebas concluyentes, el caso se mantiene en una zona gris entre lo real y lo inexplicable. Pero hay un dato que nadie discute: algo alter\u00f3 la calma en esa granja, y las im\u00e1genes alcanzaron para sembrar dudas mucho m\u00e1s all\u00e1 del bosque.<\/p>\n<p data-start=\"2292\" data-end=\"2531\" data-is-last-node=\"\" data-is-only-node=\"\">fuente e imagen C5N<\/p>\n<\/div>\n<\/div>\n<\/div>\n<\/div>\n<div class=\"z-0 flex min-h-[46px] justify-start\"><\/div>\n<div class=\"mt-3 w-full empty:hidden\">\n<div class=\"text-center\"><\/div>\n<\/div>\n<\/div>\n<\/div>\n<\/section>\n<div class=\"pointer-events-none -mt-px h-px translate-y-[calc(var(--scroll-root-safe-area-inset-bottom)-14*var(--spacing))]\" aria-hidden=\"true\"><\/div>\n","protected":false},"excerpt":{"rendered":"<div class=\"mh-excerpt\"><p>\u00a0de Una joven denunci\u00f3 una serie de episodios inexplicables en su granja. Los videos se viralizaron y abrieron un debate entre lo paranormal y una posible intrusi\u00f3n humana. 29 de abril de 2026 Lo que <a class=\"mh-excerpt-more\" href=\"https:\/\/larevistadigital.com.ar\/blog\/terror-en-el-monte-gritos-objetos-que-se-mueven-solos-y-una-figura-en-la-oscuridad\/\" title=\"Terror en el monte: gritos, objetos que se mueven solos y una figura en la oscuridad\">[Leer M\u00e1s]<\/a><\/p>\n<\/div>","protected":false},"author":3,"featured_media":45393,"comment_status":"open","ping_status":"open","sticky":false,"template":"","format":"standard","meta":{"_jetpack_memberships_contains_paid_content":false,"footnotes":"","jetpack_publicize_message":"","jetpack_publicize_feature_enabled":true,"jetpack_social_post_already_shared":true,"jetpack_social_options":{"image_generator_settings":{"template":"highway","default_image_id":0,"font":"","enabled":false},"version":2}},"categories":[50],"tags":[],"class_list":{"0":"post-45390","1":"post","2":"type-post","3":"status-publish","4":"format-standard","5":"has-post-thumbnail","7":"category-interes-general"},"jetpack_publicize_connections":[],"jetpack_featured_media_url":"https:\/\/i0.wp.com\/larevistadigital.com.ar\/blog\/wp-content\/uploads\/Captura-de-pantalla-2026-04-29-140808.jpg?fit=665%2C374&ssl=1","jetpack_sharing_enabled":true,"jetpack_shortlink":"https:\/\/wp.me\/p8qtrQ-bO6","jetpack-related-posts":[{"id":21695,"url":"https:\/\/larevistadigital.com.ar\/blog\/nuevo-agradecimiento-al-doctor-dos-santos-y-autoridades-del-municipio-de-general-paz\/","url_meta":{"origin":45390,"position":0},"title":"NUEVO AGRADECIMIENTO AL DOCTOR DOS SANTOS Y AUTORIDADES DEL MUNICIPIO DE GENERAL PAZ","author":"Alejandro Sosa Ruda","date":"25 agosto, 2021","format":false,"excerpt":"RANCHOS - El pasado domingo, mientras jugaba un partido de f\u00fatbol en San Miguel del Monte, Luca sufri\u00f3 un accidente por lo que debi\u00f3 ser internado en el hospital local, y posteriormente trasladado a Ranchos. Es por ello que deseamos dar gracias al personal del Hospital Campomar, por su atenci\u00f3n\u2026","rel":"","context":"En \u00abINTERES GENERAL\u00bb","block_context":{"text":"INTERES GENERAL","link":"https:\/\/larevistadigital.com.ar\/blog\/category\/interes-general\/"},"img":{"alt_text":"","src":"https:\/\/i0.wp.com\/larevistadigital.com.ar\/blog\/wp-content\/uploads\/IMG_20150318_141610935.jpg?fit=1200%2C674&ssl=1&resize=350%2C200","width":350,"height":200,"srcset":"https:\/\/i0.wp.com\/larevistadigital.com.ar\/blog\/wp-content\/uploads\/IMG_20150318_141610935.jpg?fit=1200%2C674&ssl=1&resize=350%2C200 1x, https:\/\/i0.wp.com\/larevistadigital.com.ar\/blog\/wp-content\/uploads\/IMG_20150318_141610935.jpg?fit=1200%2C674&ssl=1&resize=525%2C300 1.5x, https:\/\/i0.wp.com\/larevistadigital.com.ar\/blog\/wp-content\/uploads\/IMG_20150318_141610935.jpg?fit=1200%2C674&ssl=1&resize=700%2C400 2x, https:\/\/i0.wp.com\/larevistadigital.com.ar\/blog\/wp-content\/uploads\/IMG_20150318_141610935.jpg?fit=1200%2C674&ssl=1&resize=1050%2C600 3x"},"classes":[]},{"id":43154,"url":"https:\/\/larevistadigital.com.ar\/blog\/prevencion-de-accidentes-domesticos-con-ninos-y-ninas-pequenos\/","url_meta":{"origin":45390,"position":1},"title":"Prevenci\u00f3n de accidentes dom\u00e9sticos con ni\u00f1os y ni\u00f1as peque\u00f1os","author":"Alejandro Sosa Ruda","date":"5 enero, 2026","format":false,"excerpt":"Desde la secretar\u00eda de Salud P\u00fablica Municipal se brindan recomendaciones para evitar los accidentes que se producen en el hogar. 05 de enero de 2026 CHASCOM\u00daS -\u00a0 \u00a0Cada grupo familiar debe tener presente que el ni\u00f1o o la ni\u00f1a progresan r\u00e1pidamente en su desarrollo motor y que los episodios de\u2026","rel":"","context":"En \u00abINTERES GENERAL\u00bb","block_context":{"text":"INTERES GENERAL","link":"https:\/\/larevistadigital.com.ar\/blog\/category\/interes-general\/"},"img":{"alt_text":"","src":"https:\/\/i0.wp.com\/larevistadigital.com.ar\/blog\/wp-content\/uploads\/695bf1379a61a.png?fit=668%2C445&ssl=1&resize=350%2C200","width":350,"height":200,"srcset":"https:\/\/i0.wp.com\/larevistadigital.com.ar\/blog\/wp-content\/uploads\/695bf1379a61a.png?fit=668%2C445&ssl=1&resize=350%2C200 1x, https:\/\/i0.wp.com\/larevistadigital.com.ar\/blog\/wp-content\/uploads\/695bf1379a61a.png?fit=668%2C445&ssl=1&resize=525%2C300 1.5x"},"classes":[]},{"id":11754,"url":"https:\/\/larevistadigital.com.ar\/blog\/video-la-llorona-en-mendoza-el-video-que-se-hizo-viral-y-confirmaria-la-leyenda-urbana\/","url_meta":{"origin":45390,"position":2},"title":"[VIDEO] \u00bfLA LLORONA EN MENDOZA? EL VIDEO QUE SE HIZO VIRAL Y CONFIRMAR\u00cdA LA LEYENDA URBANA","author":"Alejandro Sosa Ruda","date":"7 agosto, 2019","format":false,"excerpt":"En los \u00faltimos d\u00edas\u00a0se ha vuelto viral en las redes sociales un video en el que se escuchan los gritos desgarradores de una mujer, identificada como\u00a0\"La\u00a0Llorona\",\u00a0en la localidad mendocina de Las Heras. La grabaci\u00f3n\u00a0fue publicada\u00a0por personal de seguridad de un dep\u00f3sito ubicado en el Parque Industrial de dicho barrio, y\u2026","rel":"","context":"En \u00abLO V\u00cd EN INTERNET\u00bb","block_context":{"text":"LO V\u00cd EN INTERNET","link":"https:\/\/larevistadigital.com.ar\/blog\/category\/lo-vi-en-internet\/"},"img":{"alt_text":"","src":"https:\/\/i0.wp.com\/larevistadigital.com.ar\/blog\/wp-content\/uploads\/Screenshot_1-34.jpg?fit=897%2C822&ssl=1&resize=350%2C200","width":350,"height":200,"srcset":"https:\/\/i0.wp.com\/larevistadigital.com.ar\/blog\/wp-content\/uploads\/Screenshot_1-34.jpg?fit=897%2C822&ssl=1&resize=350%2C200 1x, https:\/\/i0.wp.com\/larevistadigital.com.ar\/blog\/wp-content\/uploads\/Screenshot_1-34.jpg?fit=897%2C822&ssl=1&resize=525%2C300 1.5x, https:\/\/i0.wp.com\/larevistadigital.com.ar\/blog\/wp-content\/uploads\/Screenshot_1-34.jpg?fit=897%2C822&ssl=1&resize=700%2C400 2x"},"classes":[]},{"id":44984,"url":"https:\/\/larevistadigital.com.ar\/blog\/video-el-duende-que-trabaja-en-un-diario-y-desata-fenomenos-inexplicables\/","url_meta":{"origin":45390,"position":3},"title":"[VIDEO] El duende que \u201ctrabaja\u201d en un diario y desata fen\u00f3menos inexplicables","author":"Alejandro Sosa Ruda","date":"7 abril, 2026","format":false,"excerpt":"En Oruro, Bolivia, periodistas aseguran convivir con una entidad que mueve objetos, hace ruidos y protege un misterioso \u201ctesoro\u201d. 07 de abril de 2026 Oruro, BOLIVIA -\u00a0 \u00a0Lo que parece una historia salida de la ficci\u00f3n ocurre \u2014seg\u00fan relatan sus propios protagonistas\u2014 dentro de un peri\u00f3dico de la ciudad de\u2026","rel":"","context":"En \u00abCURIOSAS\u00bb","block_context":{"text":"CURIOSAS","link":"https:\/\/larevistadigital.com.ar\/blog\/category\/curiosas\/"},"img":{"alt_text":"","src":"https:\/\/i0.wp.com\/larevistadigital.com.ar\/blog\/wp-content\/uploads\/Captura-de-pantalla-2026-04-07-161900.jpg?fit=809%2C418&ssl=1&resize=350%2C200","width":350,"height":200,"srcset":"https:\/\/i0.wp.com\/larevistadigital.com.ar\/blog\/wp-content\/uploads\/Captura-de-pantalla-2026-04-07-161900.jpg?fit=809%2C418&ssl=1&resize=350%2C200 1x, https:\/\/i0.wp.com\/larevistadigital.com.ar\/blog\/wp-content\/uploads\/Captura-de-pantalla-2026-04-07-161900.jpg?fit=809%2C418&ssl=1&resize=525%2C300 1.5x, https:\/\/i0.wp.com\/larevistadigital.com.ar\/blog\/wp-content\/uploads\/Captura-de-pantalla-2026-04-07-161900.jpg?fit=809%2C418&ssl=1&resize=700%2C400 2x"},"classes":[]},{"id":19461,"url":"https:\/\/larevistadigital.com.ar\/blog\/gritos-amenazas-y-violencia-verbal-de-los-responsables-de-cafe-mule-contra-la-gerenta-de-edea-porque-tuvieron-una-inspeccion\/","url_meta":{"origin":45390,"position":4},"title":"GRITOS, AMENAZAS Y VIOLENCIA VERBAL DE LOS RESPONSABLES DE  CAF\u00c9  MULE, CONTRA LA GERENTA DE EDEA PORQUE TUVIERON UNA INSPECCI\u00d3N","author":"Alejandro Sosa Ruda","date":"27 marzo, 2021","format":false,"excerpt":"Un hecho que adem\u00e1s de cobarde y desagradable, estar\u00eda encuadrado como \"violencia de g\u00e9nero\" y que no deber\u00eda quedar impune. CHASCOM\u00daS - Algunos vecinos, clientes de EDEA presenciaron una desagradable situaci\u00f3n que se vivi\u00f3 en las oficinas de la empresa en calle Libres del Sur, cuando Lucas y Tom\u00e1s Capasso\u2026","rel":"","context":"En \u00abINTERES GENERAL\u00bb","block_context":{"text":"INTERES GENERAL","link":"https:\/\/larevistadigital.com.ar\/blog\/category\/interes-general\/"},"img":{"alt_text":"","src":"https:\/\/i0.wp.com\/larevistadigital.com.ar\/blog\/wp-content\/uploads\/recurso363.jpg?fit=623%2C363&ssl=1&resize=350%2C200","width":350,"height":200,"srcset":"https:\/\/i0.wp.com\/larevistadigital.com.ar\/blog\/wp-content\/uploads\/recurso363.jpg?fit=623%2C363&ssl=1&resize=350%2C200 1x, https:\/\/i0.wp.com\/larevistadigital.com.ar\/blog\/wp-content\/uploads\/recurso363.jpg?fit=623%2C363&ssl=1&resize=525%2C300 1.5x"},"classes":[]},{"id":25240,"url":"https:\/\/larevistadigital.com.ar\/blog\/terror-por-la-aparicion-de-un-ucumar-en-salta-parece-un-gorila-tiene-ojos-rojos-y-es-enorme\/","url_meta":{"origin":45390,"position":5},"title":"TERROR POR LA APARICI\u00d3N DE UN \u00abUCUMAR\u00bb EN SALTA: \u00a1PARECE UN GORILA, TIENE OJOS ROJOS Y ES ENORME!","author":"Alejandro Sosa Ruda","date":"23 abril, 2022","format":false,"excerpt":"Es \u201cel Yeti\u201d salte\u00f1o. Lo vieron visto en una zona rural, cerca de Met\u00e1n. En los \u00faltimos 10 a\u00f1os hubo 33 episodios similares. SALTA -\u00a0 Lo llaman\u00a0\"el Yeti\" de Salta. Es una temible bestia, una mezcla en partes desiguales entre\u00a0gorila, oso y humano; y habita, escondido, en los montes de\u2026","rel":"","context":"En \u00abINTERES GENERAL\u00bb","block_context":{"text":"INTERES GENERAL","link":"https:\/\/larevistadigital.com.ar\/blog\/category\/interes-general\/"},"img":{"alt_text":"","src":"https:\/\/i0.wp.com\/larevistadigital.com.ar\/blog\/wp-content\/uploads\/Ucumar.png?fit=1116%2C841&ssl=1&resize=350%2C200","width":350,"height":200,"srcset":"https:\/\/i0.wp.com\/larevistadigital.com.ar\/blog\/wp-content\/uploads\/Ucumar.png?fit=1116%2C841&ssl=1&resize=350%2C200 1x, https:\/\/i0.wp.com\/larevistadigital.com.ar\/blog\/wp-content\/uploads\/Ucumar.png?fit=1116%2C841&ssl=1&resize=525%2C300 1.5x, https:\/\/i0.wp.com\/larevistadigital.com.ar\/blog\/wp-content\/uploads\/Ucumar.png?fit=1116%2C841&ssl=1&resize=700%2C400 2x, https:\/\/i0.wp.com\/larevistadigital.com.ar\/blog\/wp-content\/uploads\/Ucumar.png?fit=1116%2C841&ssl=1&resize=1050%2C600 3x"},"classes":[]}],"_links":{"self":[{"href":"https:\/\/larevistadigital.com.ar\/blog\/wp-json\/wp\/v2\/posts\/45390","targetHints":{"allow":["GET"]}}],"collection":[{"href":"https:\/\/larevistadigital.com.ar\/blog\/wp-json\/wp\/v2\/posts"}],"about":[{"href":"https:\/\/larevistadigital.com.ar\/blog\/wp-json\/wp\/v2\/types\/post"}],"author":[{"embeddable":true,"href":"https:\/\/larevistadigital.com.ar\/blog\/wp-json\/wp\/v2\/users\/3"}],"replies":[{"embeddable":true,"href":"https:\/\/larevistadigital.com.ar\/blog\/wp-json\/wp\/v2\/comments?post=45390"}],"version-history":[{"count":5,"href":"https:\/\/larevistadigital.com.ar\/blog\/wp-json\/wp\/v2\/posts\/45390\/revisions"}],"predecessor-version":[{"id":45396,"href":"https:\/\/larevistadigital.com.ar\/blog\/wp-json\/wp\/v2\/posts\/45390\/revisions\/45396"}],"wp:featuredmedia":[{"embeddable":true,"href":"https:\/\/larevistadigital.com.ar\/blog\/wp-json\/wp\/v2\/media\/45393"}],"wp:attachment":[{"href":"https:\/\/larevistadigital.com.ar\/blog\/wp-json\/wp\/v2\/media?parent=45390"}],"wp:term":[{"taxonomy":"category","embeddable":true,"href":"https:\/\/larevistadigital.com.ar\/blog\/wp-json\/wp\/v2\/categories?post=45390"},{"taxonomy":"post_tag","embeddable":true,"href":"https:\/\/larevistadigital.com.ar\/blog\/wp-json\/wp\/v2\/tags?post=45390"}],"curies":[{"name":"wp","href":"https:\/\/api.w.org\/{rel}","templated":true}]}}