{"id":45397,"date":"2026-04-29T15:06:36","date_gmt":"2026-04-29T18:06:36","guid":{"rendered":"https:\/\/larevistadigital.com.ar\/blog\/?p=45397"},"modified":"2026-04-29T15:06:36","modified_gmt":"2026-04-29T18:06:36","slug":"chascomus-impactante-accidente-en-ruta-2-un-camion-cayo-desde-el-puente-alto-tras-perder-el-control","status":"publish","type":"post","link":"https:\/\/larevistadigital.com.ar\/blog\/chascomus-impactante-accidente-en-ruta-2-un-camion-cayo-desde-el-puente-alto-tras-perder-el-control\/","title":{"rendered":"Chascom\u00fas: Impactante accidente en Ruta 2: un cami\u00f3n cay\u00f3 desde el \u201cPuente Alto\u201d tras perder el control"},"content":{"rendered":"<section class=\"text-token-text-primary w-full focus:outline-none [--shadow-height:45px] has-data-writing-block:pointer-events-none has-data-writing-block:-mt-(--shadow-height) has-data-writing-block:pt-(--shadow-height) [&amp;:has([data-writing-block])&gt;*]:pointer-events-auto [content-visibility:auto] supports-[content-visibility:auto]:[contain-intrinsic-size:auto_100lvh] R6Vx5W_threadScrollVars scroll-mb-[calc(var(--scroll-root-safe-area-inset-bottom,0px)+var(--thread-response-height))] scroll-mt-[calc(var(--header-height)+min(200px,max(70px,20svh)))]\" dir=\"auto\" data-turn-id=\"request-69e58da6-ad78-83e9-a8b2-e310aa1f317e-1\" data-testid=\"conversation-turn-56\" data-scroll-anchor=\"false\" data-turn=\"assistant\">\n<div class=\"text-base my-auto mx-auto pb-10 [--thread-content-margin:var(--thread-content-margin-xs,calc(var(--spacing)*4))] @w-sm\/main:[--thread-content-margin:var(--thread-content-margin-sm,calc(var(--spacing)*6))] @w-lg\/main:[--thread-content-margin:var(--thread-content-margin-lg,calc(var(--spacing)*16))] px-(--thread-content-margin)\">\n<div class=\"[--thread-content-max-width:40rem] @w-lg\/main:[--thread-content-max-width:48rem] mx-auto max-w-(--thread-content-max-width) flex-1 group\/turn-messages focus-visible:outline-hidden relative flex w-full min-w-0 flex-col agent-turn\">\n<div class=\"flex max-w-full flex-col gap-4 grow\">\n<div class=\"min-h-8 text-message relative flex w-full flex-col items-end gap-2 text-start break-words whitespace-normal outline-none keyboard-focused:focus-ring [.text-message+&amp;]:mt-1\" dir=\"auto\" data-message-author-role=\"assistant\" data-message-id=\"f4f848ae-8931-4346-a265-830c041e62b5\" data-message-model-slug=\"gpt-5-3\" data-turn-start-message=\"true\">\n<div class=\"flex w-full flex-col gap-1 empty:hidden\">\n<div class=\"markdown prose dark:prose-invert w-full wrap-break-word light markdown-new-styling\">\n<p data-start=\"98\" data-end=\"237\"><strong data-start=\"98\" data-end=\"237\">El conductor habr\u00eda quedado dormido al volante. Sali\u00f3 por sus propios medios con heridas leves tras el violento siniestro en Chascom\u00fas.<\/strong><\/p>\n<p data-start=\"98\" data-end=\"237\">29 de abril de 2026<\/p>\n<p data-start=\"239\" data-end=\"466\"><strong>CHASCOM\u00daS &#8211;\u00a0<\/strong> \u00a0Un impresionante accidente se registr\u00f3 en la madrugada en <span class=\"hover:entity-accent entity-underline inline cursor-pointer align-baseline\"><span class=\"whitespace-normal\">Chascom\u00fas<\/span><\/span>, cuando un cami\u00f3n que transportaba agua mineral cay\u00f3 al vac\u00edo en la Ruta 2, a la altura del kil\u00f3metro 136, en la mano ascendente.<\/p>\n<p data-start=\"468\" data-end=\"772\">El hecho ocurri\u00f3 en el sector conocido como \u201cPuente Alto\u201d, donde \u2014seg\u00fan las primeras informaciones\u2014 el conductor se habr\u00eda quedado dormido mientras manejaba. Esa situaci\u00f3n deriv\u00f3 en la p\u00e9rdida de control del veh\u00edculo, que termin\u00f3 impactando contra el guard rail antes de precipitarse desde la estructura.<\/p>\n<blockquote>\n<h3 data-start=\"774\" data-end=\"1036\">La magnitud del siniestro gener\u00f3 fuerte impacto en la zona, aunque, de manera casi milagrosa, el chofer logr\u00f3 sobrevivir. Fuentes oficiales indicaron que sufri\u00f3 solo algunos cortes en el rostro y pudo salir del cami\u00f3n por sus propios medios, sin quedar atrapado.<\/h3>\n<\/blockquote>\n<p data-start=\"1038\" data-end=\"1233\" data-is-last-node=\"\" data-is-only-node=\"\">El episodio vuelve a poner en evidencia los riesgos de conducir durante la noche y las consecuencias que puede tener el cansancio al volante, especialmente en rutas de alta circulaci\u00f3n como la 2.<\/p>\n<p data-start=\"1038\" data-end=\"1233\" data-is-last-node=\"\" data-is-only-node=\"\">Fuente; propia<br \/>\nImagenes: Infozona<\/p>\n<\/div>\n<\/div>\n<\/div>\n<\/div>\n<div class=\"z-0 flex min-h-[46px] justify-start\"><\/div>\n<div class=\"mt-3 w-full empty:hidden\">\n<div class=\"text-center\"><\/div>\n<\/div>\n<\/div>\n<\/div>\n<\/section>\n<div class=\"pointer-events-none -mt-px h-px translate-y-[calc(var(--scroll-root-safe-area-inset-bottom)-14*var(--spacing))]\" aria-hidden=\"true\"><\/div>\n","protected":false},"excerpt":{"rendered":"<div class=\"mh-excerpt\"><p>El conductor habr\u00eda quedado dormido al volante. Sali\u00f3 por sus propios medios con heridas leves tras el violento siniestro en Chascom\u00fas. 29 de abril de 2026 CHASCOM\u00daS &#8211;\u00a0 \u00a0Un impresionante accidente se registr\u00f3 en la <a class=\"mh-excerpt-more\" href=\"https:\/\/larevistadigital.com.ar\/blog\/chascomus-impactante-accidente-en-ruta-2-un-camion-cayo-desde-el-puente-alto-tras-perder-el-control\/\" title=\"Chascom\u00fas: Impactante accidente en Ruta 2: un cami\u00f3n cay\u00f3 desde el \u201cPuente Alto\u201d tras perder el control\">[Leer M\u00e1s]<\/a><\/p>\n<\/div>","protected":false},"author":3,"featured_media":45399,"comment_status":"open","ping_status":"open","sticky":false,"template":"","format":"standard","meta":{"_jetpack_memberships_contains_paid_content":false,"footnotes":"","jetpack_publicize_message":"","jetpack_publicize_feature_enabled":true,"jetpack_social_post_already_shared":true,"jetpack_social_options":{"image_generator_settings":{"template":"highway","default_image_id":0,"font":"","enabled":false},"version":2}},"categories":[41,44],"tags":[],"class_list":{"0":"post-45397","1":"post","2":"type-post","3":"status-publish","4":"format-standard","5":"has-post-thumbnail","7":"category-destacadas","8":"category-policiales"},"jetpack_publicize_connections":[],"jetpack_featured_media_url":"https:\/\/i0.wp.com\/larevistadigital.com.ar\/blog\/wp-content\/uploads\/vuelco-1-541x721-1.jpg?fit=750%2C925&ssl=1","jetpack_sharing_enabled":true,"jetpack_shortlink":"https:\/\/wp.me\/p8qtrQ-bOd","jetpack-related-posts":[{"id":29616,"url":"https:\/\/larevistadigital.com.ar\/blog\/tragedia-mueren-dos-personas-al-caer-un-camion-al-vacio-desde-el-puente-zarate-brazo-largo\/","url_meta":{"origin":45397,"position":0},"title":"TRAGEDIA: MUEREN DOS PERSONAS AL CAER UN CAMI\u00d3N AL VAC\u00cdO DESDE EL PUENTE Z\u00c1RATE BRAZO LARGO","author":"Alejandro Sosa Ruda","date":"24 diciembre, 2022","format":false,"excerpt":"El hecho tuvo lugar a eso de las 6 de la ma\u00f1ana en el kil\u00f3metro 88 de la ruta nacional 12, en el puente Bartolom\u00e9 Mitre del complejo Z\u00e1rate-Brazo Largo, cuando un cami\u00f3n rompi\u00f3 las barandas de contenci\u00f3n y cay\u00f3 al vac\u00edo a la vera del r\u00edo Paran\u00e1. 23 de\u2026","rel":"","context":"En \u00abINTERES GENERAL\u00bb","block_context":{"text":"INTERES GENERAL","link":"https:\/\/larevistadigital.com.ar\/blog\/category\/interes-general\/"},"img":{"alt_text":"","src":"https:\/\/i0.wp.com\/larevistadigital.com.ar\/blog\/wp-content\/uploads\/20221223145222_camion3.jpg?fit=880%2C512&ssl=1&resize=350%2C200","width":350,"height":200,"srcset":"https:\/\/i0.wp.com\/larevistadigital.com.ar\/blog\/wp-content\/uploads\/20221223145222_camion3.jpg?fit=880%2C512&ssl=1&resize=350%2C200 1x, https:\/\/i0.wp.com\/larevistadigital.com.ar\/blog\/wp-content\/uploads\/20221223145222_camion3.jpg?fit=880%2C512&ssl=1&resize=525%2C300 1.5x, https:\/\/i0.wp.com\/larevistadigital.com.ar\/blog\/wp-content\/uploads\/20221223145222_camion3.jpg?fit=880%2C512&ssl=1&resize=700%2C400 2x"},"classes":[]},{"id":36396,"url":"https:\/\/larevistadigital.com.ar\/blog\/impactante-vuelco-de-un-camion-en-la-ruta\/","url_meta":{"origin":45397,"position":1},"title":"IMPACTANTE VUELCO DE UN CAMI\u00d3N EN LA RUTA","author":"Alejandro Sosa Ruda","date":"21 junio, 2024","format":false,"excerpt":"Sucedi\u00f3 hoy, y fue realmente violento. Transportaba cebollas hacia Mar del Plata. 21 de Junio de 2024 BUENOS AIRES -\u00a0 El accidente, ocurri\u00f3 en el kil\u00f3metro 632 de la ruta 3, jurisdicci\u00f3n de Coronel Dorrego, se produjo el vuelco de un cami\u00f3n que transportaba cebollas desde Mayor Buratovich con destino\u2026","rel":"","context":"En \u00abPOLICIALES\u00bb","block_context":{"text":"POLICIALES","link":"https:\/\/larevistadigital.com.ar\/blog\/category\/policiales\/"},"img":{"alt_text":"","src":"https:\/\/i0.wp.com\/larevistadigital.com.ar\/blog\/wp-content\/uploads\/448802050_885210823644051_4827700571129504572_n.jpg?fit=1200%2C900&ssl=1&resize=350%2C200","width":350,"height":200,"srcset":"https:\/\/i0.wp.com\/larevistadigital.com.ar\/blog\/wp-content\/uploads\/448802050_885210823644051_4827700571129504572_n.jpg?fit=1200%2C900&ssl=1&resize=350%2C200 1x, https:\/\/i0.wp.com\/larevistadigital.com.ar\/blog\/wp-content\/uploads\/448802050_885210823644051_4827700571129504572_n.jpg?fit=1200%2C900&ssl=1&resize=525%2C300 1.5x, https:\/\/i0.wp.com\/larevistadigital.com.ar\/blog\/wp-content\/uploads\/448802050_885210823644051_4827700571129504572_n.jpg?fit=1200%2C900&ssl=1&resize=700%2C400 2x, https:\/\/i0.wp.com\/larevistadigital.com.ar\/blog\/wp-content\/uploads\/448802050_885210823644051_4827700571129504572_n.jpg?fit=1200%2C900&ssl=1&resize=1050%2C600 3x"},"classes":[]},{"id":30315,"url":"https:\/\/larevistadigital.com.ar\/blog\/fallece-vecino-de-chascomus-en-un-accidente-vial-en-san-andres-de-giles\/","url_meta":{"origin":45397,"position":2},"title":"FALLECE VECINO DE CHASCOM\u00daS EN UN ACCIDENTE VIAL EN SAN ANDR\u00c9S DE GILES","author":"Alejandro Sosa Ruda","date":"2 marzo, 2023","format":false,"excerpt":"Sucedi\u00f3 en la ruta N\u00b07 a la altura de San Andr\u00e9s de Giles. Choc\u00f3 contra un cami\u00f3n con acoplado. 2 de marzo de 2023 SAN ANDRES DE GILES -\u00a0 Se conoci\u00f3 a trav\u00e9s de una publicaci\u00f3n en el portal \"Infocielo\", del lamentable accidente sufrido por un vecino de Chascom\u00fas, identificado\u2026","rel":"","context":"En \u00abDESTACADAS\u00bb","block_context":{"text":"DESTACADAS","link":"https:\/\/larevistadigital.com.ar\/blog\/category\/destacadas\/"},"img":{"alt_text":"","src":"https:\/\/i0.wp.com\/larevistadigital.com.ar\/blog\/wp-content\/uploads\/d.png?fit=900%2C451&ssl=1&resize=350%2C200","width":350,"height":200,"srcset":"https:\/\/i0.wp.com\/larevistadigital.com.ar\/blog\/wp-content\/uploads\/d.png?fit=900%2C451&ssl=1&resize=350%2C200 1x, https:\/\/i0.wp.com\/larevistadigital.com.ar\/blog\/wp-content\/uploads\/d.png?fit=900%2C451&ssl=1&resize=525%2C300 1.5x, https:\/\/i0.wp.com\/larevistadigital.com.ar\/blog\/wp-content\/uploads\/d.png?fit=900%2C451&ssl=1&resize=700%2C400 2x"},"classes":[]},{"id":5252,"url":"https:\/\/larevistadigital.com.ar\/blog\/fallece-vecino-de-chascomus-en-tragico-accidente\/","url_meta":{"origin":45397,"position":3},"title":"Fallece vecino de Chascom\u00fas en tr\u00e1gico accidente.","author":"admin","date":"28 marzo, 2018","format":false,"excerpt":"INFORME BOMBERIL DEL ACCIDENTE. Siendo las 12:20 hs se recibe un llamado de Ambulancia de AUBASA Manifestando que en ruta 2 kil\u00f3metro 93 se produc\u00eda un accidente con alarma parte unidad 5 al mando del comandante Zaccheo Gerardo . Llegados al lugar se comprueba que una pickup toyota hilux hab\u00eda\u2026","rel":"","context":"En \u00abDESTACADAS\u00bb","block_context":{"text":"DESTACADAS","link":"https:\/\/larevistadigital.com.ar\/blog\/category\/destacadas\/"},"img":{"alt_text":"","src":"https:\/\/i0.wp.com\/larevistadigital.com.ar\/blog\/wp-content\/uploads\/2018\/03\/32d53322-b68c-4f10-a499-1dd999d146bb.jpg?fit=900%2C1200&ssl=1&resize=350%2C200","width":350,"height":200,"srcset":"https:\/\/i0.wp.com\/larevistadigital.com.ar\/blog\/wp-content\/uploads\/2018\/03\/32d53322-b68c-4f10-a499-1dd999d146bb.jpg?fit=900%2C1200&ssl=1&resize=350%2C200 1x, https:\/\/i0.wp.com\/larevistadigital.com.ar\/blog\/wp-content\/uploads\/2018\/03\/32d53322-b68c-4f10-a499-1dd999d146bb.jpg?fit=900%2C1200&ssl=1&resize=525%2C300 1.5x, https:\/\/i0.wp.com\/larevistadigital.com.ar\/blog\/wp-content\/uploads\/2018\/03\/32d53322-b68c-4f10-a499-1dd999d146bb.jpg?fit=900%2C1200&ssl=1&resize=700%2C400 2x"},"classes":[]},{"id":7598,"url":"https:\/\/larevistadigital.com.ar\/blog\/camion-choca-puente-en-la-ruta-2-y-lo-derrumba\/","url_meta":{"origin":45397,"position":4},"title":"CAMI\u00d3N CHOCA PUENTE EN LA RUTA 2 Y LO DERRUMBA","author":"Alejandro Sosa Ruda","date":"5 enero, 2019","format":false,"excerpt":"En medio de un intenso tr\u00e1nsito hacia la costa atl\u00e1ntica, un cami\u00f3n que circulaba por la ruta 2 a la altura de El Pato, embisti\u00f3 un puente peatonal al intentar pasar por debajo y lo derrumb\u00f3 por completo. Obviamente esto ha provocado grandes demoras a la altura del kil\u00f3metro 44,\u2026","rel":"","context":"En \u00abPOLICIALES\u00bb","block_context":{"text":"POLICIALES","link":"https:\/\/larevistadigital.com.ar\/blog\/category\/policiales\/"},"img":{"alt_text":"","src":"https:\/\/i0.wp.com\/larevistadigital.com.ar\/blog\/wp-content\/uploads\/2019\/01\/ruta-2-puente-el-peligro-km-44-infopolicial-89944_600x315.jpg?fit=600%2C315&ssl=1&resize=350%2C200","width":350,"height":200,"srcset":"https:\/\/i0.wp.com\/larevistadigital.com.ar\/blog\/wp-content\/uploads\/2019\/01\/ruta-2-puente-el-peligro-km-44-infopolicial-89944_600x315.jpg?fit=600%2C315&ssl=1&resize=350%2C200 1x, https:\/\/i0.wp.com\/larevistadigital.com.ar\/blog\/wp-content\/uploads\/2019\/01\/ruta-2-puente-el-peligro-km-44-infopolicial-89944_600x315.jpg?fit=600%2C315&ssl=1&resize=525%2C300 1.5x"},"classes":[]},{"id":34006,"url":"https:\/\/larevistadigital.com.ar\/blog\/video-tremendo-impresionante-accidente-el-dia-de-ayer-en-la-ruta-2\/","url_meta":{"origin":45397,"position":5},"title":"VIDEO TREMENDO: IMPRESIONANTE ACCIDENTE EL D\u00cdA DE AYER EN LA RUTA 2","author":"Alejandro Sosa Ruda","date":"14 octubre, 2023","format":false,"excerpt":"Un cami\u00f3n que circulaba hacia Bs. As, rompi\u00f3 un puente. 14 de octubre de 2023 Sucedi\u00f3 en la Ruta 2 a la altura del km 38.50. cuando un cami\u00f3n marca Mercedes Benz 1622 con semiremolque, circulaba sentido a la ciudad de Buenos Aires, y en momentos que pasaba por debajo\u2026","rel":"","context":"En \u00abDESTACADAS\u00bb","block_context":{"text":"DESTACADAS","link":"https:\/\/larevistadigital.com.ar\/blog\/category\/destacadas\/"},"img":{"alt_text":"","src":"https:\/\/i0.wp.com\/larevistadigital.com.ar\/blog\/wp-content\/uploads\/WhatsApp-Image-2023-10-13-at-15.29.12.jpeg?fit=859%2C974&ssl=1&resize=350%2C200","width":350,"height":200,"srcset":"https:\/\/i0.wp.com\/larevistadigital.com.ar\/blog\/wp-content\/uploads\/WhatsApp-Image-2023-10-13-at-15.29.12.jpeg?fit=859%2C974&ssl=1&resize=350%2C200 1x, https:\/\/i0.wp.com\/larevistadigital.com.ar\/blog\/wp-content\/uploads\/WhatsApp-Image-2023-10-13-at-15.29.12.jpeg?fit=859%2C974&ssl=1&resize=525%2C300 1.5x, https:\/\/i0.wp.com\/larevistadigital.com.ar\/blog\/wp-content\/uploads\/WhatsApp-Image-2023-10-13-at-15.29.12.jpeg?fit=859%2C974&ssl=1&resize=700%2C400 2x"},"classes":[]}],"_links":{"self":[{"href":"https:\/\/larevistadigital.com.ar\/blog\/wp-json\/wp\/v2\/posts\/45397","targetHints":{"allow":["GET"]}}],"collection":[{"href":"https:\/\/larevistadigital.com.ar\/blog\/wp-json\/wp\/v2\/posts"}],"about":[{"href":"https:\/\/larevistadigital.com.ar\/blog\/wp-json\/wp\/v2\/types\/post"}],"author":[{"embeddable":true,"href":"https:\/\/larevistadigital.com.ar\/blog\/wp-json\/wp\/v2\/users\/3"}],"replies":[{"embeddable":true,"href":"https:\/\/larevistadigital.com.ar\/blog\/wp-json\/wp\/v2\/comments?post=45397"}],"version-history":[{"count":1,"href":"https:\/\/larevistadigital.com.ar\/blog\/wp-json\/wp\/v2\/posts\/45397\/revisions"}],"predecessor-version":[{"id":45400,"href":"https:\/\/larevistadigital.com.ar\/blog\/wp-json\/wp\/v2\/posts\/45397\/revisions\/45400"}],"wp:featuredmedia":[{"embeddable":true,"href":"https:\/\/larevistadigital.com.ar\/blog\/wp-json\/wp\/v2\/media\/45399"}],"wp:attachment":[{"href":"https:\/\/larevistadigital.com.ar\/blog\/wp-json\/wp\/v2\/media?parent=45397"}],"wp:term":[{"taxonomy":"category","embeddable":true,"href":"https:\/\/larevistadigital.com.ar\/blog\/wp-json\/wp\/v2\/categories?post=45397"},{"taxonomy":"post_tag","embeddable":true,"href":"https:\/\/larevistadigital.com.ar\/blog\/wp-json\/wp\/v2\/tags?post=45397"}],"curies":[{"name":"wp","href":"https:\/\/api.w.org\/{rel}","templated":true}]}}