{"id":45401,"date":"2026-04-29T21:14:15","date_gmt":"2026-04-30T00:14:15","guid":{"rendered":"https:\/\/larevistadigital.com.ar\/blog\/?p=45401"},"modified":"2026-04-29T21:14:15","modified_gmt":"2026-04-30T00:14:15","slug":"chascomus-ataco-a-policias-con-un-palo-tras-negarse-a-ser-identificado-y-termino-detenido","status":"publish","type":"post","link":"https:\/\/larevistadigital.com.ar\/blog\/chascomus-ataco-a-policias-con-un-palo-tras-negarse-a-ser-identificado-y-termino-detenido\/","title":{"rendered":"Chascom\u00fas: atac\u00f3 a polic\u00edas con un palo tras negarse a ser identificado y termin\u00f3 detenido"},"content":{"rendered":"<p data-start=\"93\" data-end=\"227\"><strong data-start=\"93\" data-end=\"227\">El hecho ocurri\u00f3 sobre Ruta 2, cerca del barrio San Cayetano. El hombre fue aprehendido por lesiones y resistencia a la autoridad.<\/strong><\/p>\n<p data-start=\"93\" data-end=\"227\">29 de abril de 2026<\/p>\n<p data-start=\"229\" data-end=\"427\"><strong>CHASCOM\u00daS &#8211;\u00a0 \u00a0<\/strong> Un violento episodio se registr\u00f3 en <span class=\"hover:entity-accent entity-underline inline cursor-pointer align-baseline\"><span class=\"whitespace-normal\">Chascom\u00fas<\/span><\/span> cuando un hombre fue detenido tras agredir a efectivos policiales que intentaban identificarlo luego de una denuncia al 911.<\/p>\n<blockquote>\n<h3 data-start=\"429\" data-end=\"681\">Seg\u00fan informaron fuentes oficiales, el hecho ocurri\u00f3 el pasado 5 de abril en un predio ubicado sobre la Ruta 2, en cercan\u00edas del barrio San Cayetano. El alerta indicaba la presencia de un masculino que se encontraba molestando a transe\u00fantes en la zona.<\/h3>\n<\/blockquote>\n<p data-start=\"683\" data-end=\"925\">Al arribar al lugar, personal de la Estaci\u00f3n de Polic\u00eda Comunal intent\u00f3 proceder a su identificaci\u00f3n, pero el sujeto se neg\u00f3 a aportar sus datos y adopt\u00f3 una actitud hostil. En ese contexto, tom\u00f3 un palo y comenz\u00f3 a agredir a los uniformados.<\/p>\n<blockquote>\n<h3 data-start=\"927\" data-end=\"1109\">Ante la escalada de violencia, los efectivos lograron reducirlo y concretaron su aprehensi\u00f3n. El hombre, mayor de edad, fue trasladado a la dependencia policial, donde qued\u00f3 alojado.<\/h3>\n<\/blockquote>\n<p data-start=\"1111\" data-end=\"1346\" data-is-last-node=\"\" data-is-only-node=\"\">Interviene la <span class=\"hover:entity-accent entity-underline inline cursor-pointer align-baseline\"><span class=\"whitespace-normal\">Unidad Funcional de Instrucci\u00f3n y Descentralizada N\u00b0 9 de Chascom\u00fas<\/span><\/span>, que aval\u00f3 lo actuado y dispuso las diligencias correspondientes. La causa fue caratulada como lesiones y resistencia a la autoridad, y el detenido qued\u00f3 a disposici\u00f3n de la Justicia.<\/p>\n","protected":false},"excerpt":{"rendered":"<div class=\"mh-excerpt\"><p>El hecho ocurri\u00f3 sobre Ruta 2, cerca del barrio San Cayetano. El hombre fue aprehendido por lesiones y resistencia a la autoridad. 29 de abril de 2026 CHASCOM\u00daS &#8211;\u00a0 \u00a0 Un violento episodio se registr\u00f3 <a class=\"mh-excerpt-more\" href=\"https:\/\/larevistadigital.com.ar\/blog\/chascomus-ataco-a-policias-con-un-palo-tras-negarse-a-ser-identificado-y-termino-detenido\/\" title=\"Chascom\u00fas: atac\u00f3 a polic\u00edas con un palo tras negarse a ser identificado y termin\u00f3 detenido\">[Leer M\u00e1s]<\/a><\/p>\n<\/div>","protected":false},"author":3,"featured_media":20770,"comment_status":"open","ping_status":"open","sticky":false,"template":"","format":"standard","meta":{"_jetpack_memberships_contains_paid_content":false,"footnotes":"","jetpack_publicize_message":"","jetpack_publicize_feature_enabled":true,"jetpack_social_post_already_shared":true,"jetpack_social_options":{"image_generator_settings":{"template":"highway","default_image_id":0,"font":"","enabled":false},"version":2}},"categories":[6,44],"tags":[],"class_list":{"0":"post-45401","1":"post","2":"type-post","3":"status-publish","4":"format-standard","5":"has-post-thumbnail","7":"category-chascomus","8":"category-policiales"},"jetpack_publicize_connections":[],"jetpack_featured_media_url":"https:\/\/i0.wp.com\/larevistadigital.com.ar\/blog\/wp-content\/uploads\/1620734311775.jpg?fit=1500%2C971&ssl=1","jetpack_sharing_enabled":true,"jetpack_shortlink":"https:\/\/wp.me\/p8qtrQ-bOh","jetpack-related-posts":[{"id":26132,"url":"https:\/\/larevistadigital.com.ar\/blog\/chascomus-la-policia-evito-un-linchamiento-y-detuvo-a-un-individuo-con-frondosos-antecedentes\/","url_meta":{"origin":45401,"position":0},"title":"CHASCOM\u00daS: LA POLIC\u00cdA EVIT\u00d3 UN LINCHAMIENTO Y DETUVO A UN INDIVIDUO CON FRONDOSOS ANTECEDENTES","author":"Alejandro Sosa Ruda","date":"26 junio, 2022","format":false,"excerpt":"CHASCOM\u00daS -\u00a0 Luego de ser alertados por vecinos, la Polic\u00eda Comunal, logr\u00f3 detener en el barrio San Cayetano a un sujeto que habr\u00eda cometido gran cantidad de il\u00edcitos. El hecho ocurri\u00f3 apenas pasadas las 14 hs. Todo comenz\u00f3 con el robo de una moto marca \"Gilera\" lo que provoc\u00f3 que\u2026","rel":"","context":"En \u00abINTERES GENERAL\u00bb","block_context":{"text":"INTERES GENERAL","link":"https:\/\/larevistadigital.com.ar\/blog\/category\/interes-general\/"},"img":{"alt_text":"","src":"https:\/\/i0.wp.com\/larevistadigital.com.ar\/blog\/wp-content\/uploads\/WhatsApp-Image-2022-06-26-at-4.28.00-PM.jpeg?fit=1200%2C675&ssl=1&resize=350%2C200","width":350,"height":200,"srcset":"https:\/\/i0.wp.com\/larevistadigital.com.ar\/blog\/wp-content\/uploads\/WhatsApp-Image-2022-06-26-at-4.28.00-PM.jpeg?fit=1200%2C675&ssl=1&resize=350%2C200 1x, https:\/\/i0.wp.com\/larevistadigital.com.ar\/blog\/wp-content\/uploads\/WhatsApp-Image-2022-06-26-at-4.28.00-PM.jpeg?fit=1200%2C675&ssl=1&resize=525%2C300 1.5x, https:\/\/i0.wp.com\/larevistadigital.com.ar\/blog\/wp-content\/uploads\/WhatsApp-Image-2022-06-26-at-4.28.00-PM.jpeg?fit=1200%2C675&ssl=1&resize=700%2C400 2x, https:\/\/i0.wp.com\/larevistadigital.com.ar\/blog\/wp-content\/uploads\/WhatsApp-Image-2022-06-26-at-4.28.00-PM.jpeg?fit=1200%2C675&ssl=1&resize=1050%2C600 3x"},"classes":[]},{"id":26442,"url":"https:\/\/larevistadigital.com.ar\/blog\/chascomus-por-segundo-dia-consecutivo-se-allano-una-vivienda-en-san-cayetano-con-secuestro-de-drogas-y-un-sujeto-detenido\/","url_meta":{"origin":45401,"position":1},"title":"CHASCOM\u00daS: POR SEGUNDO D\u00cdA CONSECUTIVO, SE ALLAN\u00d3 UNA VIVIENDA EN SAN CAYETANO, CON SECUESTRO DE DROGAS Y UN SUJETO DETENIDO","author":"Alejandro Sosa Ruda","date":"8 julio, 2022","format":false,"excerpt":"En menos de 24 hs. se realizaron dos allanamientos en el Barrio San Cayetano, con secuestro de drogas y detenidos. CHASCOM\u00daS -\u00a0 Afortunadamente para los vecinos, pero fruto de trabajos de inteligencia e investigaci\u00f3n, se allan\u00f3 una vivienda en el Barrio San Cayetano, donde se secuestr\u00f3 droga y se detuvo\u2026","rel":"","context":"En \u00abDESTACADAS\u00bb","block_context":{"text":"DESTACADAS","link":"https:\/\/larevistadigital.com.ar\/blog\/category\/destacadas\/"},"img":{"alt_text":"","src":"https:\/\/i0.wp.com\/larevistadigital.com.ar\/blog\/wp-content\/uploads\/WhatsApp-Image-2022-07-07-at-10.39.24-PM.jpeg?fit=1160%2C868&ssl=1&resize=350%2C200","width":350,"height":200,"srcset":"https:\/\/i0.wp.com\/larevistadigital.com.ar\/blog\/wp-content\/uploads\/WhatsApp-Image-2022-07-07-at-10.39.24-PM.jpeg?fit=1160%2C868&ssl=1&resize=350%2C200 1x, https:\/\/i0.wp.com\/larevistadigital.com.ar\/blog\/wp-content\/uploads\/WhatsApp-Image-2022-07-07-at-10.39.24-PM.jpeg?fit=1160%2C868&ssl=1&resize=525%2C300 1.5x, https:\/\/i0.wp.com\/larevistadigital.com.ar\/blog\/wp-content\/uploads\/WhatsApp-Image-2022-07-07-at-10.39.24-PM.jpeg?fit=1160%2C868&ssl=1&resize=700%2C400 2x, https:\/\/i0.wp.com\/larevistadigital.com.ar\/blog\/wp-content\/uploads\/WhatsApp-Image-2022-07-07-at-10.39.24-PM.jpeg?fit=1160%2C868&ssl=1&resize=1050%2C600 3x"},"classes":[]},{"id":39376,"url":"https:\/\/larevistadigital.com.ar\/blog\/chascomus-violo-la-perimetral-y-termino-detenido-una-mujer-denuncio-agresiones-junto-a-su-madre\/","url_meta":{"origin":45401,"position":2},"title":"Chascom\u00fas. Viol\u00f3 la perimetral y termin\u00f3 detenido: una mujer denunci\u00f3 agresiones junto a su madre","author":"Alejandro Sosa Ruda","date":"15 abril, 2025","format":false,"excerpt":"Un hombre fue aprehendido por la polic\u00eda tras ser acusado de agredir f\u00edsicamente a su ex pareja y a la madre de ella. Ya ten\u00eda medidas cautelares vigentes. 15 de Abril de 2025 CHASCOM\u00daS -\u00a0 En un operativo de patrullaje preventivo, personal policial logr\u00f3 detener a un hombre acusado de\u2026","rel":"","context":"En \u00abPOLICIALES\u00bb","block_context":{"text":"POLICIALES","link":"https:\/\/larevistadigital.com.ar\/blog\/category\/policiales\/"},"img":{"alt_text":"","src":"https:\/\/i0.wp.com\/larevistadigital.com.ar\/blog\/wp-content\/uploads\/20230313183828_patrullero2-1.jpg?fit=880%2C512&ssl=1&resize=350%2C200","width":350,"height":200,"srcset":"https:\/\/i0.wp.com\/larevistadigital.com.ar\/blog\/wp-content\/uploads\/20230313183828_patrullero2-1.jpg?fit=880%2C512&ssl=1&resize=350%2C200 1x, https:\/\/i0.wp.com\/larevistadigital.com.ar\/blog\/wp-content\/uploads\/20230313183828_patrullero2-1.jpg?fit=880%2C512&ssl=1&resize=525%2C300 1.5x, https:\/\/i0.wp.com\/larevistadigital.com.ar\/blog\/wp-content\/uploads\/20230313183828_patrullero2-1.jpg?fit=880%2C512&ssl=1&resize=700%2C400 2x"},"classes":[]},{"id":32783,"url":"https:\/\/larevistadigital.com.ar\/blog\/chascomus-esta-detenido-el-inspector-que-habria-provocado-la-caida-de-un-joven-motociclista-durante-un-operativo\/","url_meta":{"origin":45401,"position":3},"title":"CHASCOM\u00daS: EST\u00c1 DETENIDO EL INSPECTOR QUE HABR\u00cdA PROVOCADO LA CA\u00cdDA DE UN JOVEN MOTOCICLISTA DURANTE UN OPERATIVO","author":"Alejandro Sosa Ruda","date":"5 agosto, 2023","format":false,"excerpt":"CHASCOM\u00daS -\u00a0 El d\u00eda de ayer, al mediod\u00eda personal de la Polic\u00eda Comunal, procedi\u00f3 a efectivizar la detenci\u00f3n de una persona de sexo masculino mayor de edad en el barrio San Cayetano, por orden emanada por el Juzgado de Garant\u00edas n 5 de Chascom\u00fas a cargo del Juez Christian Gasquet\u2026","rel":"","context":"En \u00abDESTACADAS\u00bb","block_context":{"text":"DESTACADAS","link":"https:\/\/larevistadigital.com.ar\/blog\/category\/destacadas\/"},"img":{"alt_text":"","src":"https:\/\/i0.wp.com\/larevistadigital.com.ar\/blog\/wp-content\/uploads\/WhatsApp-Image-2023-08-04-at-16.45.03-e1691256242778.jpeg?fit=697%2C560&ssl=1&resize=350%2C200","width":350,"height":200,"srcset":"https:\/\/i0.wp.com\/larevistadigital.com.ar\/blog\/wp-content\/uploads\/WhatsApp-Image-2023-08-04-at-16.45.03-e1691256242778.jpeg?fit=697%2C560&ssl=1&resize=350%2C200 1x, https:\/\/i0.wp.com\/larevistadigital.com.ar\/blog\/wp-content\/uploads\/WhatsApp-Image-2023-08-04-at-16.45.03-e1691256242778.jpeg?fit=697%2C560&ssl=1&resize=525%2C300 1.5x"},"classes":[]},{"id":42431,"url":"https:\/\/larevistadigital.com.ar\/blog\/allanamiento-en-el-barrio-30-de-mayo-por-el-robo-a-un-comercio-de-chascomus\/","url_meta":{"origin":45401,"position":4},"title":"Allanamiento en el barrio 30 de Mayo por el robo a un comercio de Chascom\u00fas","author":"Alejandro Sosa Ruda","date":"8 noviembre, 2025","format":false,"excerpt":"El detenido hab\u00eda recuperado su libertad hace un poco m\u00e1s de un mes. 08 de Noviembre de 2025 CHASCOM\u00daS -\u00a0 \u00a0Autoridades policiales informaron que, tras una denuncia realizada el mi\u00e9rcoles 5 de noviembre por el robo de dinero en efectivo y una notebook en un comercio local, personal del Gabinete\u2026","rel":"","context":"En \u00abINTERES GENERAL\u00bb","block_context":{"text":"INTERES GENERAL","link":"https:\/\/larevistadigital.com.ar\/blog\/category\/interes-general\/"},"img":{"alt_text":"","src":"https:\/\/i0.wp.com\/larevistadigital.com.ar\/blog\/wp-content\/uploads\/2019\/03\/detenido-esposado.jpg?fit=1024%2C683&ssl=1&resize=350%2C200","width":350,"height":200,"srcset":"https:\/\/i0.wp.com\/larevistadigital.com.ar\/blog\/wp-content\/uploads\/2019\/03\/detenido-esposado.jpg?fit=1024%2C683&ssl=1&resize=350%2C200 1x, https:\/\/i0.wp.com\/larevistadigital.com.ar\/blog\/wp-content\/uploads\/2019\/03\/detenido-esposado.jpg?fit=1024%2C683&ssl=1&resize=525%2C300 1.5x, https:\/\/i0.wp.com\/larevistadigital.com.ar\/blog\/wp-content\/uploads\/2019\/03\/detenido-esposado.jpg?fit=1024%2C683&ssl=1&resize=700%2C400 2x"},"classes":[]},{"id":6924,"url":"https:\/\/larevistadigital.com.ar\/blog\/chascomus-hombre-detenido-por-tenencia-de-arma-de-guerra\/","url_meta":{"origin":45401,"position":5},"title":"CHASCOM\u00daS: HOMBRE DETENIDO POR TENENCIA DE ARMA DE GUERRA","author":"Alejandro Sosa Ruda","date":"19 octubre, 2018","format":false,"excerpt":"Se inform\u00f3 desde el Comando de Prevenci\u00f3n Rural, que ayer en horas de la madrugada, fue aprehendido un hombre mayor de edad, por tenencia ilegal de arma. Del hecho tomaron conocimiento a trav\u00e9s de productores de la zona del Cuartel X del Distrito, quienes alertaron sobre la presencia de cazadores.\u2026","rel":"","context":"En \u00abPOLICIALES\u00bb","block_context":{"text":"POLICIALES","link":"https:\/\/larevistadigital.com.ar\/blog\/category\/policiales\/"},"img":{"alt_text":"","src":"https:\/\/i0.wp.com\/larevistadigital.com.ar\/blog\/wp-content\/uploads\/2018\/10\/Castelli.jpg?fit=800%2C449&ssl=1&resize=350%2C200","width":350,"height":200,"srcset":"https:\/\/i0.wp.com\/larevistadigital.com.ar\/blog\/wp-content\/uploads\/2018\/10\/Castelli.jpg?fit=800%2C449&ssl=1&resize=350%2C200 1x, https:\/\/i0.wp.com\/larevistadigital.com.ar\/blog\/wp-content\/uploads\/2018\/10\/Castelli.jpg?fit=800%2C449&ssl=1&resize=525%2C300 1.5x, https:\/\/i0.wp.com\/larevistadigital.com.ar\/blog\/wp-content\/uploads\/2018\/10\/Castelli.jpg?fit=800%2C449&ssl=1&resize=700%2C400 2x"},"classes":[]}],"_links":{"self":[{"href":"https:\/\/larevistadigital.com.ar\/blog\/wp-json\/wp\/v2\/posts\/45401","targetHints":{"allow":["GET"]}}],"collection":[{"href":"https:\/\/larevistadigital.com.ar\/blog\/wp-json\/wp\/v2\/posts"}],"about":[{"href":"https:\/\/larevistadigital.com.ar\/blog\/wp-json\/wp\/v2\/types\/post"}],"author":[{"embeddable":true,"href":"https:\/\/larevistadigital.com.ar\/blog\/wp-json\/wp\/v2\/users\/3"}],"replies":[{"embeddable":true,"href":"https:\/\/larevistadigital.com.ar\/blog\/wp-json\/wp\/v2\/comments?post=45401"}],"version-history":[{"count":1,"href":"https:\/\/larevistadigital.com.ar\/blog\/wp-json\/wp\/v2\/posts\/45401\/revisions"}],"predecessor-version":[{"id":45402,"href":"https:\/\/larevistadigital.com.ar\/blog\/wp-json\/wp\/v2\/posts\/45401\/revisions\/45402"}],"wp:featuredmedia":[{"embeddable":true,"href":"https:\/\/larevistadigital.com.ar\/blog\/wp-json\/wp\/v2\/media\/20770"}],"wp:attachment":[{"href":"https:\/\/larevistadigital.com.ar\/blog\/wp-json\/wp\/v2\/media?parent=45401"}],"wp:term":[{"taxonomy":"category","embeddable":true,"href":"https:\/\/larevistadigital.com.ar\/blog\/wp-json\/wp\/v2\/categories?post=45401"},{"taxonomy":"post_tag","embeddable":true,"href":"https:\/\/larevistadigital.com.ar\/blog\/wp-json\/wp\/v2\/tags?post=45401"}],"curies":[{"name":"wp","href":"https:\/\/api.w.org\/{rel}","templated":true}]}}