{"id":45403,"date":"2026-04-29T21:27:35","date_gmt":"2026-04-30T00:27:35","guid":{"rendered":"https:\/\/larevistadigital.com.ar\/blog\/?p=45403"},"modified":"2026-04-29T21:27:35","modified_gmt":"2026-04-30T00:27:35","slug":"chascomus-un-cuidador-de-72-anos-frustro-un-robo-y-redujo-a-un-menor-dentro-de-una-quinta","status":"publish","type":"post","link":"https:\/\/larevistadigital.com.ar\/blog\/chascomus-un-cuidador-de-72-anos-frustro-un-robo-y-redujo-a-un-menor-dentro-de-una-quinta\/","title":{"rendered":"Chascom\u00fas: un cuidador de 72 a\u00f1os frustr\u00f3 un robo y redujo a un menor dentro de una quinta"},"content":{"rendered":"<div class=\"flex max-w-full flex-col gap-4 grow\">\n<div class=\"min-h-8 text-message relative flex w-full flex-col items-end gap-2 text-start break-words whitespace-normal outline-none keyboard-focused:focus-ring [.text-message+&amp;]:mt-1\" dir=\"auto\" data-message-author-role=\"assistant\" data-message-id=\"5a09ab58-df3b-4d6c-8fb8-dad161d9d094\" data-message-model-slug=\"gpt-5-3\" data-turn-start-message=\"true\">\n<div class=\"flex w-full flex-col gap-1 empty:hidden\">\n<div class=\"markdown prose dark:prose-invert w-full wrap-break-word light markdown-new-styling\">\n<p data-start=\"96\" data-end=\"241\"><strong data-start=\"96\" data-end=\"241\">El hecho ocurri\u00f3 en pleno barrio Centro tras un alerta al 911. El adolescente, de 16 a\u00f1os, fue entregado a su madre por disposici\u00f3n judicial.<\/strong><\/p>\n<p data-start=\"96\" data-end=\"241\">29 de abril de 2026<\/p>\n<p data-start=\"243\" data-end=\"445\"><strong>CHASCOM\u00daS\u00a0 \u00a0&#8211;\u00a0<\/strong> \u00a0 Un intento de robo fue frustrado en <span class=\"hover:entity-accent entity-underline inline cursor-pointer align-baseline\"><span class=\"whitespace-normal\">Chascom\u00fas<\/span><\/span> gracias a la intervenci\u00f3n directa de un hombre de 72 a\u00f1os, quien logr\u00f3 reducir a uno de los sospechosos dentro de una quinta que cuidaba.<\/p>\n<blockquote>\n<h3 data-start=\"447\" data-end=\"708\">El episodio ocurri\u00f3 el pasado 10 de abril en el barrio Centro, luego de un llamado al 911 que alertaba sobre un il\u00edcito en curso. Al arribar al lugar, efectivos de la Estaci\u00f3n de Polic\u00eda Comunal se entrevistaron con el cuidador de una quinta ubicada en la zona.<\/h3>\n<\/blockquote>\n<p data-start=\"710\" data-end=\"948\">Seg\u00fan su relato, al ingresar al predio se activ\u00f3 la alarma y, al recorrer el lugar, observ\u00f3 a un individuo darse a la fuga por el parque. En ese contexto, logr\u00f3 interceptar y reducir a otro sujeto que se encontraba dentro de la propiedad.<\/p>\n<blockquote>\n<h3 data-start=\"950\" data-end=\"1163\">Minutos despu\u00e9s, el personal policial procedi\u00f3 a la aprehensi\u00f3n del involucrado, quien result\u00f3 ser un menor de 16 a\u00f1os. La situaci\u00f3n fue comunicada a la <span class=\"hover:entity-accent entity-underline inline cursor-pointer align-baseline\"><span class=\"whitespace-normal\">Unidad Funcional de Responsabilidad Penal Juvenil N\u00b0 2 de Dolores<\/span><\/span>, que aval\u00f3 lo actuado.<\/h3>\n<\/blockquote>\n<p data-start=\"1165\" data-end=\"1410\" data-is-last-node=\"\" data-is-only-node=\"\">La causa fue caratulada como robo en grado de tentativa y, conforme a la normativa vigente, se dispuso la entrega del adolescente a su progenitora. En tanto, la investigaci\u00f3n contin\u00faa para determinar la posible participaci\u00f3n de otros implicados.<\/p>\n<\/div>\n<\/div>\n<\/div>\n<\/div>\n<div class=\"z-0 flex min-h-[46px] justify-start\"><\/div>\n<div class=\"mt-3 w-full empty:hidden\">\n<div class=\"text-center\">\n<div>\n<div class=\"inline-flex border border-gray-100 dark:border-gray-700 rounded-xl\">\n<div class=\"bg-token-main-surface-tertiary w-px flex-1 self-stretch\"><\/div>\n<\/div>\n<\/div>\n<\/div>\n<\/div>\n","protected":false},"excerpt":{"rendered":"<div class=\"mh-excerpt\"><p>El hecho ocurri\u00f3 en pleno barrio Centro tras un alerta al 911. El adolescente, de 16 a\u00f1os, fue entregado a su madre por disposici\u00f3n judicial. 29 de abril de 2026 CHASCOM\u00daS\u00a0 \u00a0&#8211;\u00a0 \u00a0 Un intento <a class=\"mh-excerpt-more\" href=\"https:\/\/larevistadigital.com.ar\/blog\/chascomus-un-cuidador-de-72-anos-frustro-un-robo-y-redujo-a-un-menor-dentro-de-una-quinta\/\" title=\"Chascom\u00fas: un cuidador de 72 a\u00f1os frustr\u00f3 un robo y redujo a un menor dentro de una quinta\">[Leer M\u00e1s]<\/a><\/p>\n<\/div>","protected":false},"author":3,"featured_media":15712,"comment_status":"open","ping_status":"open","sticky":false,"template":"","format":"standard","meta":{"_jetpack_memberships_contains_paid_content":false,"footnotes":"","jetpack_publicize_message":"","jetpack_publicize_feature_enabled":true,"jetpack_social_post_already_shared":true,"jetpack_social_options":{"image_generator_settings":{"template":"highway","default_image_id":0,"font":"","enabled":false},"version":2}},"categories":[50,44],"tags":[],"class_list":{"0":"post-45403","1":"post","2":"type-post","3":"status-publish","4":"format-standard","5":"has-post-thumbnail","7":"category-interes-general","8":"category-policiales"},"jetpack_publicize_connections":[],"jetpack_featured_media_url":"https:\/\/i0.wp.com\/larevistadigital.com.ar\/blog\/wp-content\/uploads\/Screenshot_1-121.jpg?fit=1007%2C565&ssl=1","jetpack_sharing_enabled":true,"jetpack_shortlink":"https:\/\/wp.me\/p8qtrQ-bOj","jetpack-related-posts":[{"id":35259,"url":"https:\/\/larevistadigital.com.ar\/blog\/chascomus-fue-liberado-hace-dos-semanas-ayer-lastimo-y-robo-a-una-mujer-de-77-anos-y-la-policia-volvio-a-apresarlo\/","url_meta":{"origin":45403,"position":0},"title":"CHASCOM\u00daS: FUE LIBERADO HACE DOS SEMANAS, AYER LASTIM\u00d3 Y ROB\u00d3 A UNA MUJER DE 77 A\u00d1OS Y LA POLIC\u00cdA VOLVI\u00d3 A APRESARLO","author":"Alejandro Sosa Ruda","date":"14 febrero, 2024","format":false,"excerpt":"El detenido viv\u00eda en el Barrio 30 de Mayo y estuvo encarcelado hasta hace dos semanas. Ahora volvi\u00f3 a delinquir y nuevamente se encuentra detenido. 14 de febrero de 2024 CHASCOM\u00daS -\u00a0 \u00a0En horas de la tarde del dia de ayer, la polic\u00eda recibio una denuncia de una mujer de\u2026","rel":"","context":"En \u00abCHASCOM\u00daS\u00bb","block_context":{"text":"CHASCOM\u00daS","link":"https:\/\/larevistadigital.com.ar\/blog\/category\/chascomus\/"},"img":{"alt_text":"","src":"https:\/\/i0.wp.com\/larevistadigital.com.ar\/blog\/wp-content\/uploads\/detenido-2-e1707954251403.jpg?fit=699%2C401&ssl=1&resize=350%2C200","width":350,"height":200,"srcset":"https:\/\/i0.wp.com\/larevistadigital.com.ar\/blog\/wp-content\/uploads\/detenido-2-e1707954251403.jpg?fit=699%2C401&ssl=1&resize=350%2C200 1x, https:\/\/i0.wp.com\/larevistadigital.com.ar\/blog\/wp-content\/uploads\/detenido-2-e1707954251403.jpg?fit=699%2C401&ssl=1&resize=525%2C300 1.5x"},"classes":[]},{"id":3442,"url":"https:\/\/larevistadigital.com.ar\/blog\/chascomus-robo-en-casa-de-fin-de-semana\/","url_meta":{"origin":45403,"position":1},"title":"CHASCOM\u00daS: ROBO EN CASA DE FIN DE SEMANA","author":"Alejandro Sosa Ruda","date":"10 octubre, 2017","format":false,"excerpt":"Inform\u00f3 la polic\u00eda local, de un hecho de robo ocurrido durante el fin de semana que fue denunciado el d\u00eda de ayer. El titular de la vivienda, es un hombre de 66 a\u00f1os de edad, oriundo de Remedios de Escalada en el conurbano bonaerense, que fue alertado por un vecino\u2026","rel":"","context":"En \u00abPOLICIALES\u00bb","block_context":{"text":"POLICIALES","link":"https:\/\/larevistadigital.com.ar\/blog\/category\/policiales\/"},"img":{"alt_text":"","src":"https:\/\/i0.wp.com\/larevistadigital.com.ar\/blog\/wp-content\/uploads\/2017\/10\/movil-policial-camioneta_02-10-2015.jpg?fit=800%2C476&ssl=1&resize=350%2C200","width":350,"height":200,"srcset":"https:\/\/i0.wp.com\/larevistadigital.com.ar\/blog\/wp-content\/uploads\/2017\/10\/movil-policial-camioneta_02-10-2015.jpg?fit=800%2C476&ssl=1&resize=350%2C200 1x, https:\/\/i0.wp.com\/larevistadigital.com.ar\/blog\/wp-content\/uploads\/2017\/10\/movil-policial-camioneta_02-10-2015.jpg?fit=800%2C476&ssl=1&resize=525%2C300 1.5x, https:\/\/i0.wp.com\/larevistadigital.com.ar\/blog\/wp-content\/uploads\/2017\/10\/movil-policial-camioneta_02-10-2015.jpg?fit=800%2C476&ssl=1&resize=700%2C400 2x"},"classes":[]},{"id":9431,"url":"https:\/\/larevistadigital.com.ar\/blog\/chascomus-la-policia-comunal-detuvo-a-un-ladron-al-rato-de-cometer-un-robo\/","url_meta":{"origin":45403,"position":2},"title":"CHASCOM\u00daS: LA POLIC\u00cdA COMUNAL DETUVO A UN LADR\u00d3N, AL RATO DE COMETER UN ROBO","author":"Alejandro Sosa Ruda","date":"27 marzo, 2019","format":false,"excerpt":"Alrededor de las 03:00 hs de hoy ante un llamado al 911 por presencia de intrusos en el patio de una vivienda de calle Neuqu\u00e9n al 50 personal de la EPC Chascom\u00fas aprehendi\u00f3 a un sujeto de 33 a\u00f1os quien fue hallado por un rastrillaje a 200 metros del lugar\u2026","rel":"","context":"En \u00abPOLICIALES\u00bb","block_context":{"text":"POLICIALES","link":"https:\/\/larevistadigital.com.ar\/blog\/category\/policiales\/"},"img":{"alt_text":"","src":"https:\/\/i0.wp.com\/larevistadigital.com.ar\/blog\/wp-content\/uploads\/2019\/03\/detenido-esposado.jpg?fit=1024%2C683&ssl=1&resize=350%2C200","width":350,"height":200,"srcset":"https:\/\/i0.wp.com\/larevistadigital.com.ar\/blog\/wp-content\/uploads\/2019\/03\/detenido-esposado.jpg?fit=1024%2C683&ssl=1&resize=350%2C200 1x, https:\/\/i0.wp.com\/larevistadigital.com.ar\/blog\/wp-content\/uploads\/2019\/03\/detenido-esposado.jpg?fit=1024%2C683&ssl=1&resize=525%2C300 1.5x, https:\/\/i0.wp.com\/larevistadigital.com.ar\/blog\/wp-content\/uploads\/2019\/03\/detenido-esposado.jpg?fit=1024%2C683&ssl=1&resize=700%2C400 2x"},"classes":[]},{"id":28820,"url":"https:\/\/larevistadigital.com.ar\/blog\/chascomus-denuncian-robo-de-pertenencias-de-una-camioneta-en-el-estacionamiento-del-local-de-mac-donalds\/","url_meta":{"origin":45403,"position":3},"title":"CHASCOM\u00daS: DENUNCIAN ROBO DE PERTENENCIAS DE UNA CAMIONETA EN EL ESTACIONAMIENTO DEL LOCAL DE MAC DONALDS","author":"Alejandro Sosa Ruda","date":"8 noviembre, 2022","format":false,"excerpt":"Le sustrajeron distintas pertenencias mientras su camioneta estaba estacionada. 7 de noviembre de 2022 CHASCOM\u00daS -\u00a0\u00a0Un hombre fue v\u00edctima de un robo en la playa de estacionamiento del local de Mac Donalds ubicado en la ruta 2. El hecho, ocurri\u00f3 cuando Miguel Stellatelli, de 66 a\u00f1os y oriundo de la\u2026","rel":"","context":"En \u00abINTERES GENERAL\u00bb","block_context":{"text":"INTERES GENERAL","link":"https:\/\/larevistadigital.com.ar\/blog\/category\/interes-general\/"},"img":{"alt_text":"","src":"https:\/\/i0.wp.com\/larevistadigital.com.ar\/blog\/wp-content\/uploads\/ESTACIONAMIENTO-MAC-DONALDS-CHASCOMUS.jpg?fit=800%2C800&ssl=1&resize=350%2C200","width":350,"height":200,"srcset":"https:\/\/i0.wp.com\/larevistadigital.com.ar\/blog\/wp-content\/uploads\/ESTACIONAMIENTO-MAC-DONALDS-CHASCOMUS.jpg?fit=800%2C800&ssl=1&resize=350%2C200 1x, https:\/\/i0.wp.com\/larevistadigital.com.ar\/blog\/wp-content\/uploads\/ESTACIONAMIENTO-MAC-DONALDS-CHASCOMUS.jpg?fit=800%2C800&ssl=1&resize=525%2C300 1.5x, https:\/\/i0.wp.com\/larevistadigital.com.ar\/blog\/wp-content\/uploads\/ESTACIONAMIENTO-MAC-DONALDS-CHASCOMUS.jpg?fit=800%2C800&ssl=1&resize=700%2C400 2x"},"classes":[]},{"id":35437,"url":"https:\/\/larevistadigital.com.ar\/blog\/chascomus-robo-en-un-corralon-y-fue-detenido-por-la-policia\/","url_meta":{"origin":45403,"position":4},"title":"CHASCOM\u00daS: ROB\u00d3 EN UN CORRAL\u00d3N Y FUE DETENIDO POR LA POLIC\u00cdA","author":"Alejandro Sosa Ruda","date":"9 marzo, 2024","format":false,"excerpt":"El sujeto oriundo de Dolores, intent\u00f3 escapar, pero fue aprehendido a pocas cuadras del lugar, con todos los elementos robados. 9 de marzo de 2024 CHASCOM\u00daS -\u00a0 Durante las primeras horas de la madrugada del dia de la fecha, personal policial de E.P.C. Chascomus 1ra., procedi\u00f3 a la aprehensi\u00f3n de\u2026","rel":"","context":"En \u00abCHASCOM\u00daS\u00bb","block_context":{"text":"CHASCOM\u00daS","link":"https:\/\/larevistadigital.com.ar\/blog\/category\/chascomus\/"},"img":{"alt_text":"","src":"https:\/\/i0.wp.com\/larevistadigital.com.ar\/blog\/wp-content\/uploads\/1620734311775.jpg?fit=1200%2C777&ssl=1&resize=350%2C200","width":350,"height":200,"srcset":"https:\/\/i0.wp.com\/larevistadigital.com.ar\/blog\/wp-content\/uploads\/1620734311775.jpg?fit=1200%2C777&ssl=1&resize=350%2C200 1x, https:\/\/i0.wp.com\/larevistadigital.com.ar\/blog\/wp-content\/uploads\/1620734311775.jpg?fit=1200%2C777&ssl=1&resize=525%2C300 1.5x, https:\/\/i0.wp.com\/larevistadigital.com.ar\/blog\/wp-content\/uploads\/1620734311775.jpg?fit=1200%2C777&ssl=1&resize=700%2C400 2x, https:\/\/i0.wp.com\/larevistadigital.com.ar\/blog\/wp-content\/uploads\/1620734311775.jpg?fit=1200%2C777&ssl=1&resize=1050%2C600 3x"},"classes":[]},{"id":24770,"url":"https:\/\/larevistadigital.com.ar\/blog\/detienen-a-sujeto-imputado-por-robo\/","url_meta":{"origin":45403,"position":5},"title":"DETIENEN A SUJETO IMPUTADO POR ROBO","author":"Alejandro Sosa Ruda","date":"23 marzo, 2022","format":false,"excerpt":"CHASCOM\u00daS -\u00a0 Por orden del juzgado Criminal N\u00famero 2 del Departamento Judicial Dolores, a cargo de la Doctora Anal\u00eda \u00c1valos, se detuvo a Ezequiel Vera de 34 a\u00f1os de edad, por estar imputado en una causa por robo agravado por ser veh\u00edculo dejado en via p\u00fablica y por la participaci\u00f3n\u2026","rel":"","context":"En \u00abCHASCOM\u00daS\u00bb","block_context":{"text":"CHASCOM\u00daS","link":"https:\/\/larevistadigital.com.ar\/blog\/category\/chascomus\/"},"img":{"alt_text":"","src":"https:\/\/i0.wp.com\/larevistadigital.com.ar\/blog\/wp-content\/uploads\/WhatsApp-Image-2022-03-23-at-05.41.25.jpeg?fit=1051%2C1200&ssl=1&resize=350%2C200","width":350,"height":200,"srcset":"https:\/\/i0.wp.com\/larevistadigital.com.ar\/blog\/wp-content\/uploads\/WhatsApp-Image-2022-03-23-at-05.41.25.jpeg?fit=1051%2C1200&ssl=1&resize=350%2C200 1x, https:\/\/i0.wp.com\/larevistadigital.com.ar\/blog\/wp-content\/uploads\/WhatsApp-Image-2022-03-23-at-05.41.25.jpeg?fit=1051%2C1200&ssl=1&resize=525%2C300 1.5x, https:\/\/i0.wp.com\/larevistadigital.com.ar\/blog\/wp-content\/uploads\/WhatsApp-Image-2022-03-23-at-05.41.25.jpeg?fit=1051%2C1200&ssl=1&resize=700%2C400 2x, https:\/\/i0.wp.com\/larevistadigital.com.ar\/blog\/wp-content\/uploads\/WhatsApp-Image-2022-03-23-at-05.41.25.jpeg?fit=1051%2C1200&ssl=1&resize=1050%2C600 3x"},"classes":[]}],"_links":{"self":[{"href":"https:\/\/larevistadigital.com.ar\/blog\/wp-json\/wp\/v2\/posts\/45403","targetHints":{"allow":["GET"]}}],"collection":[{"href":"https:\/\/larevistadigital.com.ar\/blog\/wp-json\/wp\/v2\/posts"}],"about":[{"href":"https:\/\/larevistadigital.com.ar\/blog\/wp-json\/wp\/v2\/types\/post"}],"author":[{"embeddable":true,"href":"https:\/\/larevistadigital.com.ar\/blog\/wp-json\/wp\/v2\/users\/3"}],"replies":[{"embeddable":true,"href":"https:\/\/larevistadigital.com.ar\/blog\/wp-json\/wp\/v2\/comments?post=45403"}],"version-history":[{"count":1,"href":"https:\/\/larevistadigital.com.ar\/blog\/wp-json\/wp\/v2\/posts\/45403\/revisions"}],"predecessor-version":[{"id":45404,"href":"https:\/\/larevistadigital.com.ar\/blog\/wp-json\/wp\/v2\/posts\/45403\/revisions\/45404"}],"wp:featuredmedia":[{"embeddable":true,"href":"https:\/\/larevistadigital.com.ar\/blog\/wp-json\/wp\/v2\/media\/15712"}],"wp:attachment":[{"href":"https:\/\/larevistadigital.com.ar\/blog\/wp-json\/wp\/v2\/media?parent=45403"}],"wp:term":[{"taxonomy":"category","embeddable":true,"href":"https:\/\/larevistadigital.com.ar\/blog\/wp-json\/wp\/v2\/categories?post=45403"},{"taxonomy":"post_tag","embeddable":true,"href":"https:\/\/larevistadigital.com.ar\/blog\/wp-json\/wp\/v2\/tags?post=45403"}],"curies":[{"name":"wp","href":"https:\/\/api.w.org\/{rel}","templated":true}]}}