{"id":45405,"date":"2026-04-29T21:40:06","date_gmt":"2026-04-30T00:40:06","guid":{"rendered":"https:\/\/larevistadigital.com.ar\/blog\/?p=45405"},"modified":"2026-04-29T21:40:06","modified_gmt":"2026-04-30T00:40:06","slug":"chascomus-demoraron-a-un-menor-que-intentaba-ingresar-a-una-propiedad-en-el-porteno","status":"publish","type":"post","link":"https:\/\/larevistadigital.com.ar\/blog\/chascomus-demoraron-a-un-menor-que-intentaba-ingresar-a-una-propiedad-en-el-porteno\/","title":{"rendered":"Chascom\u00fas: demoraron a un menor que intentaba ingresar a una propiedad en El Porte\u00f1o"},"content":{"rendered":"<section class=\"text-token-text-primary w-full focus:outline-none [--shadow-height:45px] has-data-writing-block:pointer-events-none has-data-writing-block:-mt-(--shadow-height) has-data-writing-block:pt-(--shadow-height) [&amp;:has([data-writing-block])&gt;*]:pointer-events-auto [content-visibility:auto] supports-[content-visibility:auto]:[contain-intrinsic-size:auto_100lvh] R6Vx5W_threadScrollVars scroll-mb-[calc(var(--scroll-root-safe-area-inset-bottom,0px)+var(--thread-response-height))] scroll-mt-[calc(var(--header-height)+min(200px,max(70px,20svh)))]\" dir=\"auto\" data-turn-id=\"request-69e58da6-ad78-83e9-a8b2-e310aa1f317e-7\" data-testid=\"conversation-turn-62\" data-scroll-anchor=\"false\" data-turn=\"assistant\">\n<div class=\"text-base my-auto mx-auto pb-10 [--thread-content-margin:var(--thread-content-margin-xs,calc(var(--spacing)*4))] @w-sm\/main:[--thread-content-margin:var(--thread-content-margin-sm,calc(var(--spacing)*6))] @w-lg\/main:[--thread-content-margin:var(--thread-content-margin-lg,calc(var(--spacing)*16))] px-(--thread-content-margin)\">\n<div class=\"[--thread-content-max-width:40rem] @w-lg\/main:[--thread-content-max-width:48rem] mx-auto max-w-(--thread-content-max-width) flex-1 group\/turn-messages focus-visible:outline-hidden relative flex w-full min-w-0 flex-col agent-turn\">\n<div class=\"flex max-w-full flex-col gap-4 grow\">\n<div class=\"min-h-8 text-message relative flex w-full flex-col items-end gap-2 text-start break-words whitespace-normal outline-none keyboard-focused:focus-ring [.text-message+&amp;]:mt-1\" dir=\"auto\" data-message-author-role=\"assistant\" data-message-id=\"fcf1f432-7f40-4672-b5e9-872704d9bbcd\" data-message-model-slug=\"gpt-5-3\" data-turn-start-message=\"true\">\n<div class=\"flex w-full flex-col gap-1 empty:hidden\">\n<div class=\"markdown prose dark:prose-invert w-full wrap-break-word light markdown-new-styling\">\n<p data-start=\"90\" data-end=\"235\"><strong data-start=\"90\" data-end=\"235\">Fue encontrado oculto entre pastizales tras un llamado de alerta. La Justicia lo notific\u00f3 por violaci\u00f3n de domicilio.<\/strong><\/p>\n<p data-start=\"90\" data-end=\"235\">29 de abril de 2026<\/p>\n<p data-start=\"237\" data-end=\"419\"><strong>CHASCOM\u00daS\u00a0 &#8211;\u00a0<\/strong> \u00a0Un nuevo episodio de inseguridad se registr\u00f3 en <span class=\"hover:entity-accent entity-underline inline cursor-pointer align-baseline\"><span class=\"whitespace-normal\">Chascom\u00fas<\/span><\/span>, donde un menor de edad fue demorado tras intentar ingresar a un predio en el barrio El Porte\u00f1o.<\/p>\n<blockquote>\n<h3 data-start=\"421\" data-end=\"609\">El hecho ocurri\u00f3 el pasado 13 de abril, cuando personal policial fue comisionado al lugar luego de que la Patrulla de Prevenci\u00f3n Municipal detectara la situaci\u00f3n y retuviera al sospechoso.<\/h3>\n<\/blockquote>\n<p data-start=\"611\" data-end=\"791\">Al arribar, los efectivos constataron que el menor, junto a otros individuos, habr\u00eda intentado acceder a una propiedad y luego se ocult\u00f3 entre pastizales para evitar ser detectado.<\/p>\n<blockquote>\n<h3 data-start=\"793\" data-end=\"967\">Tras la intervenci\u00f3n, se mantuvo comunicaci\u00f3n con la <span class=\"hover:entity-accent entity-underline inline cursor-pointer align-baseline\"><span class=\"whitespace-normal\">Unidad Funcional de Instrucci\u00f3n Descentralizada N\u00b0 2 de Dolores<\/span><\/span>, desde donde se dispuso labrar actuaciones por el delito de violaci\u00f3n de domicilio.<\/h3>\n<\/blockquote>\n<p data-start=\"969\" data-end=\"1161\" data-is-last-node=\"\" data-is-only-node=\"\">De acuerdo a lo establecido qued\u00f3 notificado de la causa en el marco de la investigaci\u00f3n que contin\u00faa en curso.<\/p>\n<\/div>\n<\/div>\n<\/div>\n<\/div>\n<div class=\"z-0 flex min-h-[46px] justify-start\"><\/div>\n<div class=\"mt-3 w-full empty:hidden\">\n<div class=\"text-center\"><\/div>\n<\/div>\n<\/div>\n<\/div>\n<\/section>\n<div class=\"pointer-events-none -mt-px h-px translate-y-[calc(var(--scroll-root-safe-area-inset-bottom)-14*var(--spacing))]\" aria-hidden=\"true\"><\/div>\n","protected":false},"excerpt":{"rendered":"<div class=\"mh-excerpt\"><p>Fue encontrado oculto entre pastizales tras un llamado de alerta. La Justicia lo notific\u00f3 por violaci\u00f3n de domicilio. 29 de abril de 2026 CHASCOM\u00daS\u00a0 &#8211;\u00a0 \u00a0Un nuevo episodio de inseguridad se registr\u00f3 en Chascom\u00fas, donde <a class=\"mh-excerpt-more\" href=\"https:\/\/larevistadigital.com.ar\/blog\/chascomus-demoraron-a-un-menor-que-intentaba-ingresar-a-una-propiedad-en-el-porteno\/\" title=\"Chascom\u00fas: demoraron a un menor que intentaba ingresar a una propiedad en El Porte\u00f1o\">[Leer M\u00e1s]<\/a><\/p>\n<\/div>","protected":false},"author":3,"featured_media":45406,"comment_status":"open","ping_status":"open","sticky":false,"template":"","format":"standard","meta":{"_jetpack_memberships_contains_paid_content":false,"footnotes":"","jetpack_publicize_message":"","jetpack_publicize_feature_enabled":true,"jetpack_social_post_already_shared":true,"jetpack_social_options":{"image_generator_settings":{"template":"highway","default_image_id":0,"font":"","enabled":false},"version":2}},"categories":[50,44],"tags":[],"class_list":{"0":"post-45405","1":"post","2":"type-post","3":"status-publish","4":"format-standard","5":"has-post-thumbnail","7":"category-interes-general","8":"category-policiales"},"jetpack_publicize_connections":[],"jetpack_featured_media_url":"https:\/\/i0.wp.com\/larevistadigital.com.ar\/blog\/wp-content\/uploads\/WhatsApp-Image-2026-04-29-at-17.24.49.jpeg?fit=1077%2C777&ssl=1","jetpack_sharing_enabled":true,"jetpack_shortlink":"https:\/\/wp.me\/p8qtrQ-bOl","jetpack-related-posts":[{"id":35996,"url":"https:\/\/larevistadigital.com.ar\/blog\/chascomus-la-policia-aprehendio-a-un-sujeto-que-intentaba-ingresar-a-un-galpon-de-la-rural-con-fines-de-robo\/","url_meta":{"origin":45405,"position":0},"title":"CHASCOM\u00daS: LA POLIC\u00cdA APREHENDI\u00d3 A UN SUJETO QUE INTENTABA INGRESAR A UN GALP\u00d3N DE LA RURAL CON FINES DE ROBO","author":"Alejandro Sosa Ruda","date":"5 mayo, 2024","format":false,"excerpt":"El sujeto fue detenido cuando intent\u00f3 ingresar a un galp\u00f3n. 5 de mayo de 2024 CHASCOM\u00daS\u00a0 -\u00a0 En horas de la madrugada de ayer, personal policial de E.P.C. Chascom\u00fas 1ra. procedi\u00f3 en conjunto con personal de seguridad privada a aprehender a una persona mayor de edad de esta localidad con\u2026","rel":"","context":"En \u00abINTERES GENERAL\u00bb","block_context":{"text":"INTERES GENERAL","link":"https:\/\/larevistadigital.com.ar\/blog\/category\/interes-general\/"},"img":{"alt_text":"","src":"https:\/\/i0.wp.com\/larevistadigital.com.ar\/blog\/wp-content\/uploads\/WhatsApp-Image-2024-05-04-at-20.36.15.jpeg?fit=980%2C1200&ssl=1&resize=350%2C200","width":350,"height":200,"srcset":"https:\/\/i0.wp.com\/larevistadigital.com.ar\/blog\/wp-content\/uploads\/WhatsApp-Image-2024-05-04-at-20.36.15.jpeg?fit=980%2C1200&ssl=1&resize=350%2C200 1x, https:\/\/i0.wp.com\/larevistadigital.com.ar\/blog\/wp-content\/uploads\/WhatsApp-Image-2024-05-04-at-20.36.15.jpeg?fit=980%2C1200&ssl=1&resize=525%2C300 1.5x, https:\/\/i0.wp.com\/larevistadigital.com.ar\/blog\/wp-content\/uploads\/WhatsApp-Image-2024-05-04-at-20.36.15.jpeg?fit=980%2C1200&ssl=1&resize=700%2C400 2x"},"classes":[]},{"id":38874,"url":"https:\/\/larevistadigital.com.ar\/blog\/chascomus-personal-de-la-patrulla-de-prevencion-municipal-descubre-un-joven-que-intentaba-robar-un-auto-y-la-policia-lo-detuvo\/","url_meta":{"origin":45405,"position":1},"title":"Chascom\u00fas: Personal de la patrulla de prevenci\u00f3n municipal descubre un joven que intentaba robar un auto, y la polic\u00eda lo detuvo.","author":"Alejandro Sosa Ruda","date":"27 febrero, 2025","format":false,"excerpt":"Se trat\u00f3 de un joven de 17 a\u00f1os, que fue entregado a sus padres... 27 de Febrero de 2025 CHASCOM\u00daS -\u00a0 En horas de la madrugada del d\u00eda de la fecha, personal de la Patrulla de Prevenci\u00f3n Municipal, detect\u00f3 movimientos extra\u00f1os dentro de un veh\u00edculo estacionado en la calle Mendoza\u2026","rel":"","context":"En \u00abINTERES GENERAL\u00bb","block_context":{"text":"INTERES GENERAL","link":"https:\/\/larevistadigital.com.ar\/blog\/category\/interes-general\/"},"img":{"alt_text":"","src":"https:\/\/i0.wp.com\/larevistadigital.com.ar\/blog\/wp-content\/uploads\/policia-24-9-2021-4.jpg?fit=1199%2C1200&ssl=1&resize=350%2C200","width":350,"height":200,"srcset":"https:\/\/i0.wp.com\/larevistadigital.com.ar\/blog\/wp-content\/uploads\/policia-24-9-2021-4.jpg?fit=1199%2C1200&ssl=1&resize=350%2C200 1x, https:\/\/i0.wp.com\/larevistadigital.com.ar\/blog\/wp-content\/uploads\/policia-24-9-2021-4.jpg?fit=1199%2C1200&ssl=1&resize=525%2C300 1.5x, https:\/\/i0.wp.com\/larevistadigital.com.ar\/blog\/wp-content\/uploads\/policia-24-9-2021-4.jpg?fit=1199%2C1200&ssl=1&resize=700%2C400 2x, https:\/\/i0.wp.com\/larevistadigital.com.ar\/blog\/wp-content\/uploads\/policia-24-9-2021-4.jpg?fit=1199%2C1200&ssl=1&resize=1050%2C600 3x"},"classes":[]},{"id":45403,"url":"https:\/\/larevistadigital.com.ar\/blog\/chascomus-un-cuidador-de-72-anos-frustro-un-robo-y-redujo-a-un-menor-dentro-de-una-quinta\/","url_meta":{"origin":45405,"position":2},"title":"Chascom\u00fas: un cuidador de 72 a\u00f1os frustr\u00f3 un robo y redujo a un menor dentro de una quinta","author":"Alejandro Sosa Ruda","date":"29 abril, 2026","format":false,"excerpt":"El hecho ocurri\u00f3 en pleno barrio Centro tras un alerta al 911. El adolescente, de 16 a\u00f1os, fue entregado a su madre por disposici\u00f3n judicial. 29 de abril de 2026 CHASCOM\u00daS\u00a0 \u00a0-\u00a0 \u00a0 Un intento de robo fue frustrado en Chascom\u00fas gracias a la intervenci\u00f3n directa de un hombre de\u2026","rel":"","context":"En \u00abINTERES GENERAL\u00bb","block_context":{"text":"INTERES GENERAL","link":"https:\/\/larevistadigital.com.ar\/blog\/category\/interes-general\/"},"img":{"alt_text":"","src":"https:\/\/i0.wp.com\/larevistadigital.com.ar\/blog\/wp-content\/uploads\/Screenshot_1-121.jpg?fit=1007%2C565&ssl=1&resize=350%2C200","width":350,"height":200,"srcset":"https:\/\/i0.wp.com\/larevistadigital.com.ar\/blog\/wp-content\/uploads\/Screenshot_1-121.jpg?fit=1007%2C565&ssl=1&resize=350%2C200 1x, https:\/\/i0.wp.com\/larevistadigital.com.ar\/blog\/wp-content\/uploads\/Screenshot_1-121.jpg?fit=1007%2C565&ssl=1&resize=525%2C300 1.5x, https:\/\/i0.wp.com\/larevistadigital.com.ar\/blog\/wp-content\/uploads\/Screenshot_1-121.jpg?fit=1007%2C565&ssl=1&resize=700%2C400 2x"},"classes":[]},{"id":37314,"url":"https:\/\/larevistadigital.com.ar\/blog\/chascomus-detienen-a-un-joven-cuando-intentaba-robar-una-moto\/","url_meta":{"origin":45405,"position":3},"title":"CHASCOM\u00daS: Detienen a un joven cuando intentaba robar una moto","author":"Alejandro Sosa Ruda","date":"25 septiembre, 2024","format":false,"excerpt":"El detenido tiene 18 a\u00f1os de edad y qued\u00f3 alojado en la Comisar\u00eda 1ra. 25 de Septiembre de 2024 CHASCOM\u00daS -\u00a0 En horas del mediodia del dia Domingo, personal policial de E.P.C. Chascomus 1ra. procedio a aprehender a un muchacho de 18 a\u00f1os, en momentos en que el mismo intentaba\u2026","rel":"","context":"En \u00abINTERES GENERAL\u00bb","block_context":{"text":"INTERES GENERAL","link":"https:\/\/larevistadigital.com.ar\/blog\/category\/interes-general\/"},"img":{"alt_text":"","src":"https:\/\/i0.wp.com\/larevistadigital.com.ar\/blog\/wp-content\/uploads\/20220821171121_auto-policial-bernal.jpg?fit=880%2C512&ssl=1&resize=350%2C200","width":350,"height":200,"srcset":"https:\/\/i0.wp.com\/larevistadigital.com.ar\/blog\/wp-content\/uploads\/20220821171121_auto-policial-bernal.jpg?fit=880%2C512&ssl=1&resize=350%2C200 1x, https:\/\/i0.wp.com\/larevistadigital.com.ar\/blog\/wp-content\/uploads\/20220821171121_auto-policial-bernal.jpg?fit=880%2C512&ssl=1&resize=525%2C300 1.5x, https:\/\/i0.wp.com\/larevistadigital.com.ar\/blog\/wp-content\/uploads\/20220821171121_auto-policial-bernal.jpg?fit=880%2C512&ssl=1&resize=700%2C400 2x"},"classes":[]},{"id":31238,"url":"https:\/\/larevistadigital.com.ar\/blog\/chascomus-aprehenden-a-un-menor-que-robo-elementos-en-el-barrio-fatima\/","url_meta":{"origin":45405,"position":4},"title":"CHASCOM\u00daS: APREHENDEN A UN MENOR QUE ROBO ELEMENTOS EN EL BARRIO F\u00c1TIMA","author":"Alejandro Sosa Ruda","date":"25 abril, 2023","format":false,"excerpt":"Rob\u00f3 distintos elementos y termin\u00f3 aprehendido. 25 de abril de 2023 CHASCOM\u00daS -\u00a0 Durante el d\u00eda de hoy, y aproximadamente a las 10:30 hs. personal de Polic\u00eda Comunal procedi\u00f3 a la aprehensi\u00f3n de un menor de edad. El joven hab\u00eda sustra\u00eddo elementos de un veh\u00edculo en el Barrio F\u00e1tima, los\u2026","rel":"","context":"En \u00abINTERES GENERAL\u00bb","block_context":{"text":"INTERES GENERAL","link":"https:\/\/larevistadigital.com.ar\/blog\/category\/interes-general\/"},"img":{"alt_text":"","src":"https:\/\/i0.wp.com\/larevistadigital.com.ar\/blog\/wp-content\/uploads\/WhatsApp-Image-2023-04-25-at-11.30.20.jpeg?fit=675%2C1200&ssl=1&resize=350%2C200","width":350,"height":200,"srcset":"https:\/\/i0.wp.com\/larevistadigital.com.ar\/blog\/wp-content\/uploads\/WhatsApp-Image-2023-04-25-at-11.30.20.jpeg?fit=675%2C1200&ssl=1&resize=350%2C200 1x, https:\/\/i0.wp.com\/larevistadigital.com.ar\/blog\/wp-content\/uploads\/WhatsApp-Image-2023-04-25-at-11.30.20.jpeg?fit=675%2C1200&ssl=1&resize=525%2C300 1.5x"},"classes":[]},{"id":32391,"url":"https:\/\/larevistadigital.com.ar\/blog\/chascomus-la-policia-detuvo-a-un-sujeto-con-frondoso-prontuario-cuando-intentaba-robar\/","url_meta":{"origin":45405,"position":5},"title":"CHASCOM\u00daS: LA POLIC\u00cdA DETUVO A UN SUJETO CON FRONDOSO PRONTUARIO, CUANDO INTENTABA ROBAR","author":"Alejandro Sosa Ruda","date":"13 julio, 2023","format":false,"excerpt":"El aprehendido, de 48 a\u00f1os tiene gran cantidad de antecedentes y fue alojado en la comisar\u00eda. 13 de julio de 2023 CHASCOM\u00daS -\u00a0 En las \u00faltimas horas del d\u00eda de ayer 12 de Julio personal policial de EPC Chascom\u00fas Primera lograron proceder a la aprehensi\u00f3n de una persona de 48\u2026","rel":"","context":"En \u00abINTERES GENERAL\u00bb","block_context":{"text":"INTERES GENERAL","link":"https:\/\/larevistadigital.com.ar\/blog\/category\/interes-general\/"},"img":{"alt_text":"","src":"https:\/\/i0.wp.com\/larevistadigital.com.ar\/blog\/wp-content\/uploads\/WhatsApp-Image-2023-07-13-at-09.49.23-e1689285213996.jpeg?fit=723%2C761&ssl=1&resize=350%2C200","width":350,"height":200,"srcset":"https:\/\/i0.wp.com\/larevistadigital.com.ar\/blog\/wp-content\/uploads\/WhatsApp-Image-2023-07-13-at-09.49.23-e1689285213996.jpeg?fit=723%2C761&ssl=1&resize=350%2C200 1x, https:\/\/i0.wp.com\/larevistadigital.com.ar\/blog\/wp-content\/uploads\/WhatsApp-Image-2023-07-13-at-09.49.23-e1689285213996.jpeg?fit=723%2C761&ssl=1&resize=525%2C300 1.5x, https:\/\/i0.wp.com\/larevistadigital.com.ar\/blog\/wp-content\/uploads\/WhatsApp-Image-2023-07-13-at-09.49.23-e1689285213996.jpeg?fit=723%2C761&ssl=1&resize=700%2C400 2x"},"classes":[]}],"_links":{"self":[{"href":"https:\/\/larevistadigital.com.ar\/blog\/wp-json\/wp\/v2\/posts\/45405","targetHints":{"allow":["GET"]}}],"collection":[{"href":"https:\/\/larevistadigital.com.ar\/blog\/wp-json\/wp\/v2\/posts"}],"about":[{"href":"https:\/\/larevistadigital.com.ar\/blog\/wp-json\/wp\/v2\/types\/post"}],"author":[{"embeddable":true,"href":"https:\/\/larevistadigital.com.ar\/blog\/wp-json\/wp\/v2\/users\/3"}],"replies":[{"embeddable":true,"href":"https:\/\/larevistadigital.com.ar\/blog\/wp-json\/wp\/v2\/comments?post=45405"}],"version-history":[{"count":1,"href":"https:\/\/larevistadigital.com.ar\/blog\/wp-json\/wp\/v2\/posts\/45405\/revisions"}],"predecessor-version":[{"id":45407,"href":"https:\/\/larevistadigital.com.ar\/blog\/wp-json\/wp\/v2\/posts\/45405\/revisions\/45407"}],"wp:featuredmedia":[{"embeddable":true,"href":"https:\/\/larevistadigital.com.ar\/blog\/wp-json\/wp\/v2\/media\/45406"}],"wp:attachment":[{"href":"https:\/\/larevistadigital.com.ar\/blog\/wp-json\/wp\/v2\/media?parent=45405"}],"wp:term":[{"taxonomy":"category","embeddable":true,"href":"https:\/\/larevistadigital.com.ar\/blog\/wp-json\/wp\/v2\/categories?post=45405"},{"taxonomy":"post_tag","embeddable":true,"href":"https:\/\/larevistadigital.com.ar\/blog\/wp-json\/wp\/v2\/tags?post=45405"}],"curies":[{"name":"wp","href":"https:\/\/api.w.org\/{rel}","templated":true}]}}