{"id":45408,"date":"2026-04-29T21:52:06","date_gmt":"2026-04-30T00:52:06","guid":{"rendered":"https:\/\/larevistadigital.com.ar\/blog\/?p=45408"},"modified":"2026-04-29T21:52:06","modified_gmt":"2026-04-30T00:52:06","slug":"allanamiento-en-chascomus-no-hallaron-pruebas-por-amenazas-pero-secuestraron-mas-de-10-kilos-de-cannabis","status":"publish","type":"post","link":"https:\/\/larevistadigital.com.ar\/blog\/allanamiento-en-chascomus-no-hallaron-pruebas-por-amenazas-pero-secuestraron-mas-de-10-kilos-de-cannabis\/","title":{"rendered":"Allanamiento en Chascom\u00fas: no hallaron pruebas por amenazas, pero secuestraron m\u00e1s de 10 kilos de cannabis"},"content":{"rendered":"<h3>El operativo se realiz\u00f3 en barrio Centro. Aunque el resultado fue negativo para la causa principal, se inici\u00f3 otra investigaci\u00f3n por infracci\u00f3n a la ley de drogas.<\/h3>\n<p>29 de abril de 2026<\/p>\n<p><strong>CHASCOM\u00daS &#8211;\u00a0<\/strong> \u00a0Autoridades policiales informaron que en fecha 15 de abril del corriente a\u00f1o personales de la Estaci\u00f3n de Polic\u00eda Comunal Chascom\u00fas, en el marco de una orden de allanamiento dispuesta por el Juzgado de Garant\u00edas N\u00b0 5 a requerimiento de la U.F.I.D. N\u00b0 10 del Departamento Judicial Dolores, procedi\u00f3 a diligenciar mandato judicial en un domicilio del barrio Centro de este medio, en relaci\u00f3n a una causa por \u00abAmenazas y Lesiones Agravadas\u201d, Efectuado el registro del inmueble, el mismo arroj\u00f3 resultado negativo respecto de los elementos buscados. No obstante, por razones de necesidad y urgencia, se procedi\u00f3 a la incautaci\u00f3n de tres (03) plantas de Cannabis Sativa, con un peso total de 10.014 gramos.<br \/>\nMantenida comunicaci\u00f3n con el Ministerio P\u00fablico Fiscal, se aval\u00f3 lo actuado, disponi\u00e9ndose la intervenci\u00f3n de la Ayudant\u00eda de Estupefacientes e inici\u00e1ndose actuaciones por infracci\u00f3n a la Ley N\u00b0 23.737, con intervenci\u00f3n de la U.F.I. Descentralizada N\u00b0 9 de Chascom\u00fas.<\/p>\n","protected":false},"excerpt":{"rendered":"<div class=\"mh-excerpt\"><p>El operativo se realiz\u00f3 en barrio Centro. Aunque el resultado fue negativo para la causa principal, se inici\u00f3 otra investigaci\u00f3n por infracci\u00f3n a la ley de drogas. 29 de abril de 2026 CHASCOM\u00daS &#8211;\u00a0 \u00a0Autoridades <a class=\"mh-excerpt-more\" href=\"https:\/\/larevistadigital.com.ar\/blog\/allanamiento-en-chascomus-no-hallaron-pruebas-por-amenazas-pero-secuestraron-mas-de-10-kilos-de-cannabis\/\" title=\"Allanamiento en Chascom\u00fas: no hallaron pruebas por amenazas, pero secuestraron m\u00e1s de 10 kilos de cannabis\">[Leer M\u00e1s]<\/a><\/p>\n<\/div>","protected":false},"author":3,"featured_media":45409,"comment_status":"open","ping_status":"open","sticky":false,"template":"","format":"standard","meta":{"_jetpack_memberships_contains_paid_content":false,"footnotes":"","jetpack_publicize_message":"","jetpack_publicize_feature_enabled":true,"jetpack_social_post_already_shared":true,"jetpack_social_options":{"image_generator_settings":{"template":"highway","default_image_id":0,"font":"","enabled":false},"version":2}},"categories":[41,44],"tags":[],"class_list":{"0":"post-45408","1":"post","2":"type-post","3":"status-publish","4":"format-standard","5":"has-post-thumbnail","7":"category-destacadas","8":"category-policiales"},"jetpack_publicize_connections":[],"jetpack_featured_media_url":"https:\/\/i0.wp.com\/larevistadigital.com.ar\/blog\/wp-content\/uploads\/WhatsApp-Image-2026-04-29-at-20.30.16.jpeg?fit=1200%2C1600&ssl=1","jetpack_sharing_enabled":true,"jetpack_shortlink":"https:\/\/wp.me\/p8qtrQ-bOo","jetpack-related-posts":[{"id":42405,"url":"https:\/\/larevistadigital.com.ar\/blog\/chascomus-allanamiento-en-el-barrio-escribano-tras-el-robo-de-dos-bicicletas\/","url_meta":{"origin":45408,"position":0},"title":"Chascom\u00fas: Allanamiento en el Barrio Escribano, tras el robo de dos bicicletas","author":"Alejandro Sosa Ruda","date":"5 noviembre, 2025","format":false,"excerpt":"La Polic\u00eda de Chascom\u00fas realiz\u00f3 un allanamiento en una vivienda de calle Estrada y notific\u00f3 al presunto autor del robo de dos bicicletas sustra\u00eddas del patio de una casa del barrio Escribano. 05 de Noviembre de 2025 CHASCOM\u00daS -\u00a0 \u00a0Autoridades policiales informaron que, a ra\u00edz de una denuncia radicada el\u2026","rel":"","context":"En \u00abINTERES GENERAL\u00bb","block_context":{"text":"INTERES GENERAL","link":"https:\/\/larevistadigital.com.ar\/blog\/category\/interes-general\/"},"img":{"alt_text":"","src":"https:\/\/i0.wp.com\/larevistadigital.com.ar\/blog\/wp-content\/uploads\/Patrullero-La-Plata-Berisso-Policia.jpg?fit=882%2C492&ssl=1&resize=350%2C200","width":350,"height":200,"srcset":"https:\/\/i0.wp.com\/larevistadigital.com.ar\/blog\/wp-content\/uploads\/Patrullero-La-Plata-Berisso-Policia.jpg?fit=882%2C492&ssl=1&resize=350%2C200 1x, https:\/\/i0.wp.com\/larevistadigital.com.ar\/blog\/wp-content\/uploads\/Patrullero-La-Plata-Berisso-Policia.jpg?fit=882%2C492&ssl=1&resize=525%2C300 1.5x, https:\/\/i0.wp.com\/larevistadigital.com.ar\/blog\/wp-content\/uploads\/Patrullero-La-Plata-Berisso-Policia.jpg?fit=882%2C492&ssl=1&resize=700%2C400 2x"},"classes":[]},{"id":42431,"url":"https:\/\/larevistadigital.com.ar\/blog\/allanamiento-en-el-barrio-30-de-mayo-por-el-robo-a-un-comercio-de-chascomus\/","url_meta":{"origin":45408,"position":1},"title":"Allanamiento en el barrio 30 de Mayo por el robo a un comercio de Chascom\u00fas","author":"Alejandro Sosa Ruda","date":"8 noviembre, 2025","format":false,"excerpt":"El detenido hab\u00eda recuperado su libertad hace un poco m\u00e1s de un mes. 08 de Noviembre de 2025 CHASCOM\u00daS -\u00a0 \u00a0Autoridades policiales informaron que, tras una denuncia realizada el mi\u00e9rcoles 5 de noviembre por el robo de dinero en efectivo y una notebook en un comercio local, personal del Gabinete\u2026","rel":"","context":"En \u00abINTERES GENERAL\u00bb","block_context":{"text":"INTERES GENERAL","link":"https:\/\/larevistadigital.com.ar\/blog\/category\/interes-general\/"},"img":{"alt_text":"","src":"https:\/\/i0.wp.com\/larevistadigital.com.ar\/blog\/wp-content\/uploads\/2019\/03\/detenido-esposado.jpg?fit=1024%2C683&ssl=1&resize=350%2C200","width":350,"height":200,"srcset":"https:\/\/i0.wp.com\/larevistadigital.com.ar\/blog\/wp-content\/uploads\/2019\/03\/detenido-esposado.jpg?fit=1024%2C683&ssl=1&resize=350%2C200 1x, https:\/\/i0.wp.com\/larevistadigital.com.ar\/blog\/wp-content\/uploads\/2019\/03\/detenido-esposado.jpg?fit=1024%2C683&ssl=1&resize=525%2C300 1.5x, https:\/\/i0.wp.com\/larevistadigital.com.ar\/blog\/wp-content\/uploads\/2019\/03\/detenido-esposado.jpg?fit=1024%2C683&ssl=1&resize=700%2C400 2x"},"classes":[]},{"id":32933,"url":"https:\/\/larevistadigital.com.ar\/blog\/chascomus-allanamiento-con-resultado-positivo-y-aprehenden-a-una-persona-de-sexo-masculino\/","url_meta":{"origin":45408,"position":2},"title":"CHASCOM\u00daS: ALLANAMIENTO CON RESULTADO POSITIVO Y APREHENDEN A UNA PERSONA DE SEXO MASCULINO.","author":"Alejandro Sosa Ruda","date":"20 agosto, 2023","format":false,"excerpt":"Se lograron incautar distintos elementos y drogas. Aprehendieron a un sujeto con frondosos antecedentes. 20 de agosto de 2023 CHASCOM\u00daS -\u00a0 El d\u00eda viernes pasado, la polic\u00eda comunal de Chascom\u00fas, procedi\u00f3 a realizar un allanamiento en el barrio el Algarrobo. La medida judicial se recibi\u00f3 del Juzgado de Garant\u00edas N\u2026","rel":"","context":"En \u00abINTERES GENERAL\u00bb","block_context":{"text":"INTERES GENERAL","link":"https:\/\/larevistadigital.com.ar\/blog\/category\/interes-general\/"},"img":{"alt_text":"","src":"https:\/\/i0.wp.com\/larevistadigital.com.ar\/blog\/wp-content\/uploads\/APREHENDIDO.jpg?fit=800%2C812&ssl=1&resize=350%2C200","width":350,"height":200,"srcset":"https:\/\/i0.wp.com\/larevistadigital.com.ar\/blog\/wp-content\/uploads\/APREHENDIDO.jpg?fit=800%2C812&ssl=1&resize=350%2C200 1x, https:\/\/i0.wp.com\/larevistadigital.com.ar\/blog\/wp-content\/uploads\/APREHENDIDO.jpg?fit=800%2C812&ssl=1&resize=525%2C300 1.5x, https:\/\/i0.wp.com\/larevistadigital.com.ar\/blog\/wp-content\/uploads\/APREHENDIDO.jpg?fit=800%2C812&ssl=1&resize=700%2C400 2x"},"classes":[]},{"id":25958,"url":"https:\/\/larevistadigital.com.ar\/blog\/violencia-de-genero-en-chascomus-la-policia-detuvo-a-un-individuo-por-desobediencia-y-amenazas\/","url_meta":{"origin":45408,"position":3},"title":"VIOLENCIA DE G\u00c9NERO EN CHASCOM\u00daS: LA POLIC\u00cdA DETUVO A UN INDIVIDUO POR DESOBEDIENCIA Y AMENAZAS","author":"Alejandro Sosa Ruda","date":"16 junio, 2022","format":false,"excerpt":"CHASCOM\u00daS -\u00a0 Durante la jornada de hoy, jueves 16\/6, se efectu\u00f3 un allanamiento por polic\u00eda Comunal conjuntamente con el GTO, en la calle Las Heras. La orden de allanamiento ordenada por el Juzgado de Garant\u00edas N\u00b0 05 del Dpto. Judicial Dolores, y en la misma se procedi\u00f3 al secuestro de\u2026","rel":"","context":"En \u00abINTERES GENERAL\u00bb","block_context":{"text":"INTERES GENERAL","link":"https:\/\/larevistadigital.com.ar\/blog\/category\/interes-general\/"},"img":{"alt_text":"","src":"https:\/\/i0.wp.com\/larevistadigital.com.ar\/blog\/wp-content\/uploads\/2017\/08\/comisaria.jpg?fit=640%2C324&ssl=1&resize=350%2C200","width":350,"height":200,"srcset":"https:\/\/i0.wp.com\/larevistadigital.com.ar\/blog\/wp-content\/uploads\/2017\/08\/comisaria.jpg?fit=640%2C324&ssl=1&resize=350%2C200 1x, https:\/\/i0.wp.com\/larevistadigital.com.ar\/blog\/wp-content\/uploads\/2017\/08\/comisaria.jpg?fit=640%2C324&ssl=1&resize=525%2C300 1.5x"},"classes":[]},{"id":40653,"url":"https:\/\/larevistadigital.com.ar\/blog\/chascomus-allanamiento-y-detencion-de-una-pareja-por-robo\/","url_meta":{"origin":45408,"position":4},"title":"Chascom\u00fas: Allanamiento y detenci\u00f3n de una pareja por robo","author":"Alejandro Sosa Ruda","date":"29 julio, 2025","format":false,"excerpt":"Tras una r\u00e1pida investigaci\u00f3n, lograron recuperar una moto, garrafas y televisores. La Justicia ya los tiene bajo su control. 29 de Julio de 2025 CHASCOM\u00daS\u00a0 -\u00a0 \u00a0Una pareja fue detenida en las \u00faltimas horas tras una serie de procedimientos encabezados por personal policial de Chascom\u00fas, que permitieron esclarecer un robo\u2026","rel":"","context":"En \u00abDESTACADAS\u00bb","block_context":{"text":"DESTACADAS","link":"https:\/\/larevistadigital.com.ar\/blog\/category\/destacadas\/"},"img":{"alt_text":"","src":"https:\/\/i0.wp.com\/larevistadigital.com.ar\/blog\/wp-content\/uploads\/POLICIA.png?fit=1002%2C658&ssl=1&resize=350%2C200","width":350,"height":200,"srcset":"https:\/\/i0.wp.com\/larevistadigital.com.ar\/blog\/wp-content\/uploads\/POLICIA.png?fit=1002%2C658&ssl=1&resize=350%2C200 1x, https:\/\/i0.wp.com\/larevistadigital.com.ar\/blog\/wp-content\/uploads\/POLICIA.png?fit=1002%2C658&ssl=1&resize=525%2C300 1.5x, https:\/\/i0.wp.com\/larevistadigital.com.ar\/blog\/wp-content\/uploads\/POLICIA.png?fit=1002%2C658&ssl=1&resize=700%2C400 2x"},"classes":[]},{"id":40362,"url":"https:\/\/larevistadigital.com.ar\/blog\/recuperan-moto-robada-en-chascomus-tras-un-allanamiento-positivo-en-el-barrio-acceso-norte\/","url_meta":{"origin":45408,"position":5},"title":"Recuperan moto robada en Chascom\u00fas tras un allanamiento positivo en el barrio Acceso Norte","author":"Alejandro Sosa Ruda","date":"7 julio, 2025","format":false,"excerpt":"El operativo fue realizado por personal policial tras una denuncia por hurto. Se secuestraron elementos clave para la investigaci\u00f3n y se notific\u00f3 al principal sospechoso. 07 de Julio de 2025 CHASCOM\u00daS -\u00a0 Una investigaci\u00f3n por el robo de una motocicleta en Chascom\u00fas deriv\u00f3 en un allanamiento con resultado positivo en\u2026","rel":"","context":"En \u00abDESTACADAS\u00bb","block_context":{"text":"DESTACADAS","link":"https:\/\/larevistadigital.com.ar\/blog\/category\/destacadas\/"},"img":{"alt_text":"","src":"https:\/\/i0.wp.com\/larevistadigital.com.ar\/blog\/wp-content\/uploads\/2017\/03\/policia-nino-mata.jpg?fit=745%2C574&ssl=1&resize=350%2C200","width":350,"height":200,"srcset":"https:\/\/i0.wp.com\/larevistadigital.com.ar\/blog\/wp-content\/uploads\/2017\/03\/policia-nino-mata.jpg?fit=745%2C574&ssl=1&resize=350%2C200 1x, https:\/\/i0.wp.com\/larevistadigital.com.ar\/blog\/wp-content\/uploads\/2017\/03\/policia-nino-mata.jpg?fit=745%2C574&ssl=1&resize=525%2C300 1.5x, https:\/\/i0.wp.com\/larevistadigital.com.ar\/blog\/wp-content\/uploads\/2017\/03\/policia-nino-mata.jpg?fit=745%2C574&ssl=1&resize=700%2C400 2x"},"classes":[]}],"_links":{"self":[{"href":"https:\/\/larevistadigital.com.ar\/blog\/wp-json\/wp\/v2\/posts\/45408","targetHints":{"allow":["GET"]}}],"collection":[{"href":"https:\/\/larevistadigital.com.ar\/blog\/wp-json\/wp\/v2\/posts"}],"about":[{"href":"https:\/\/larevistadigital.com.ar\/blog\/wp-json\/wp\/v2\/types\/post"}],"author":[{"embeddable":true,"href":"https:\/\/larevistadigital.com.ar\/blog\/wp-json\/wp\/v2\/users\/3"}],"replies":[{"embeddable":true,"href":"https:\/\/larevistadigital.com.ar\/blog\/wp-json\/wp\/v2\/comments?post=45408"}],"version-history":[{"count":1,"href":"https:\/\/larevistadigital.com.ar\/blog\/wp-json\/wp\/v2\/posts\/45408\/revisions"}],"predecessor-version":[{"id":45410,"href":"https:\/\/larevistadigital.com.ar\/blog\/wp-json\/wp\/v2\/posts\/45408\/revisions\/45410"}],"wp:featuredmedia":[{"embeddable":true,"href":"https:\/\/larevistadigital.com.ar\/blog\/wp-json\/wp\/v2\/media\/45409"}],"wp:attachment":[{"href":"https:\/\/larevistadigital.com.ar\/blog\/wp-json\/wp\/v2\/media?parent=45408"}],"wp:term":[{"taxonomy":"category","embeddable":true,"href":"https:\/\/larevistadigital.com.ar\/blog\/wp-json\/wp\/v2\/categories?post=45408"},{"taxonomy":"post_tag","embeddable":true,"href":"https:\/\/larevistadigital.com.ar\/blog\/wp-json\/wp\/v2\/tags?post=45408"}],"curies":[{"name":"wp","href":"https:\/\/api.w.org\/{rel}","templated":true}]}}