{"id":45411,"date":"2026-04-29T21:58:07","date_gmt":"2026-04-30T00:58:07","guid":{"rendered":"https:\/\/larevistadigital.com.ar\/blog\/?p=45411"},"modified":"2026-04-29T21:58:07","modified_gmt":"2026-04-30T00:58:07","slug":"chascomus-identificaron-a-un-hombre-con-pedido-de-captura-por-multiples-delitos","status":"publish","type":"post","link":"https:\/\/larevistadigital.com.ar\/blog\/chascomus-identificaron-a-un-hombre-con-pedido-de-captura-por-multiples-delitos\/","title":{"rendered":"Chascom\u00fas: identificaron a un hombre con pedido de captura por m\u00faltiples delitos"},"content":{"rendered":"<div>\n<div class=\"flex h-svh w-screen flex-col\">\n<div class=\"relative z-0 flex min-h-0 w-full flex-1\">\n<div class=\"relative flex min-h-0 w-full flex-1\">\n<div class=\"@container\/main relative flex min-w-0 flex-1 flex-col -translate-y-[calc(env(safe-area-inset-bottom,0px)\/2)] pt-[calc(env(safe-area-inset-bottom,0px)\/2)]\">\n<div class=\"@w-sm\/main:[scrollbar-gutter:var(--stage-scroll-gutter)] touch:[scrollbar-width:none] group\/scroll-root relative flex min-h-0 min-w-0 flex-1 flex-col [scrollbar-gutter:stable] not-print:overflow-x-clip not-print:overflow-y-auto group-data-stream-active\/scroll-root:[overflow-anchor:none] scroll-pt-(--header-height) [--sticky-padding-top:var(--header-height)] [--sticky-padding-bottom:0px] [--scroll-root-safe-area-inset-top:calc(var(--sticky-padding-top)+env(safe-area-inset-top,0px))] [--scroll-root-safe-area-inset-bottom:calc(var(--sticky-padding-bottom)+var(--screen-keyboard-height,0px)+env(safe-area-inset-bottom,0px))] [--scroll-root-safe-area-height:calc(100lvh-var(--scroll-root-safe-area-inset-top)-var(--scroll-root-safe-area-inset-bottom))] has-data-[fixed-header=less-than-xl]:@w-xl\/main:scroll-pt-0 has-data-[fixed-header=less-than-xl]:@w-xl\/main:[--sticky-padding-top:0px] has-data-[fixed-header=less-than-xxl]:@w-2xl\/main:scroll-pt-0 has-data-[fixed-header=less-than-xxl]:@w-2xl\/main:[--sticky-padding-top:0px]\" data-scroll-root=\"\" data-scroll-from-top=\"\"><main id=\"main\" class=\"min-h-0 flex-1\"><\/p>\n<div id=\"thread\" class=\"group\/thread flex flex-col min-h-full\">\n<div class=\"composer-parent flex flex-1 flex-col focus-visible:outline-0\" role=\"presentation\">\n<div class=\"relative basis-auto flex-col -mb-(--composer-overlap-px) pb-(--composer-overlap-px) [--composer-overlap-px:28px] grow flex\">\n<div class=\"flex flex-col text-sm\">\n<section class=\"text-token-text-primary w-full focus:outline-none [--shadow-height:45px] has-data-writing-block:pointer-events-none has-data-writing-block:-mt-(--shadow-height) has-data-writing-block:pt-(--shadow-height) [&amp;:has([data-writing-block])&gt;*]:pointer-events-auto [content-visibility:auto] supports-[content-visibility:auto]:[contain-intrinsic-size:auto_100lvh] R6Vx5W_threadScrollVars scroll-mb-[calc(var(--scroll-root-safe-area-inset-bottom,0px)+var(--thread-response-height))] scroll-mt-[calc(var(--header-height)+min(200px,max(70px,20svh)))]\" dir=\"auto\" data-turn-id=\"request-69e58da6-ad78-83e9-a8b2-e310aa1f317e-11\" data-testid=\"conversation-turn-66\" data-scroll-anchor=\"false\" data-turn=\"assistant\">\n<div class=\"text-base my-auto mx-auto pb-10 [--thread-content-margin:var(--thread-content-margin-xs,calc(var(--spacing)*4))] @w-sm\/main:[--thread-content-margin:var(--thread-content-margin-sm,calc(var(--spacing)*6))] @w-lg\/main:[--thread-content-margin:var(--thread-content-margin-lg,calc(var(--spacing)*16))] px-(--thread-content-margin)\">\n<div class=\"[--thread-content-max-width:40rem] @w-lg\/main:[--thread-content-max-width:48rem] mx-auto max-w-(--thread-content-max-width) flex-1 group\/turn-messages focus-visible:outline-hidden relative flex w-full min-w-0 flex-col agent-turn\">\n<div class=\"flex max-w-full flex-col gap-4 grow\">\n<div class=\"min-h-8 text-message relative flex w-full flex-col items-end gap-2 text-start break-words whitespace-normal outline-none keyboard-focused:focus-ring [.text-message+&amp;]:mt-1\" dir=\"auto\" data-message-author-role=\"assistant\" data-message-id=\"02a75161-9ad2-49ad-8782-292db371b0b9\" data-message-model-slug=\"gpt-5-3\" data-turn-start-message=\"true\">\n<div class=\"flex w-full flex-col gap-1 empty:hidden\">\n<div class=\"markdown prose dark:prose-invert w-full wrap-break-word light markdown-new-styling\">\n<p data-start=\"86\" data-end=\"223\"><strong data-start=\"86\" data-end=\"223\">Fue detectado durante un operativo preventivo en el barrio La Pampita. La Justicia orden\u00f3 su presentaci\u00f3n ante la Defensor\u00eda Oficial.<\/strong><\/p>\n<p data-start=\"86\" data-end=\"223\">29 De abril de 2026<\/p>\n<p data-start=\"225\" data-end=\"428\"><strong>CHASCOM\u00daS\u00a0 &#8211;\u00a0<\/strong> \u00a0En el marco de tareas de prevenci\u00f3n, personal policial de <span class=\"hover:entity-accent entity-underline inline cursor-pointer align-baseline\"><span class=\"whitespace-normal\">Chascom\u00fas<\/span><\/span> identific\u00f3 a un hombre que registraba un pedido de captura activo por una causa con m\u00faltiples imputaciones.<\/p>\n<p data-start=\"430\" data-end=\"706\">El procedimiento tuvo lugar el 18 de abril en el barrio La Pampita, cuando efectivos de la Estaci\u00f3n de Polic\u00eda Comunal realizaban recorridas de rutina. Al verificar sus datos en el sistema, constataron que el sujeto era buscado por la Justicia en el marco de la causa N\u00b0 3959.<\/p>\n<p data-start=\"708\" data-end=\"906\">La investigaci\u00f3n incluye cargos por tenencia simple de estupefacientes, en concurso real con delitos de robo (dos hechos), da\u00f1o, amenazas, atentado a la autoridad, da\u00f1os reiterados y lesiones leves.<\/p>\n<p data-start=\"908\" data-end=\"1126\">Ante esta situaci\u00f3n, se dio intervenci\u00f3n al <span class=\"hover:entity-accent entity-underline inline cursor-pointer align-baseline\"><span class=\"whitespace-normal\">Juzgado en lo Correccional N\u00b0 3 de Dolores<\/span><\/span>, desde donde se dispuso que el imputado comparezca ante la <span class=\"hover:entity-accent entity-underline inline cursor-pointer align-baseline\"><span class=\"whitespace-normal\">Defensor\u00eda Oficial N\u00b0 5 de Chascom\u00fas<\/span><\/span> para regularizar su situaci\u00f3n procesal.<\/p>\n<p data-start=\"1128\" data-end=\"1296\" data-is-last-node=\"\" data-is-only-node=\"\">El operativo se enmarca en los controles preventivos que se desarrollan en distintos barrios de la ciudad para detectar personas con requerimientos judiciales vigentes.<\/p>\n<\/div>\n<\/div>\n<\/div>\n<\/div>\n<div class=\"z-0 flex min-h-[46px] justify-start\"><\/div>\n<div class=\"mt-3 w-full empty:hidden\">\n<div class=\"text-center\"><\/div>\n<\/div>\n<\/div>\n<\/div>\n<\/section>\n<div class=\"pointer-events-none -mt-px h-px translate-y-[calc(var(--scroll-root-safe-area-inset-bottom)-14*var(--spacing))]\" aria-hidden=\"true\"><\/div>\n<div class=\"pointer-events-none translate-y-(--scroll-root-safe-area-inset-bottom) R6Vx5W_threadScrollVars min-h-(--gutter-remaining-height,0px) group-data-stream-active\/scroll-root:h-[calc(var(--thread-response-height)-16*var(--spacing))]\"><\/div>\n<\/div>\n<\/div>\n<div id=\"thread-bottom-container\" class=\"sticky bottom-0 z-10 group\/thread-bottom-container relative isolate w-full basis-auto has-data-has-thread-error:pt-2 has-data-has-thread-error:[box-shadow:var(--sharp-edge-bottom-shadow)] md:border-transparent md:pt-0 dark:border-white\/20 md:dark:border-transparent print:hidden content-fade single-line flex flex-col\">\n<div class=\"relative mx-auto h-0\">\n<div class=\"flex h-0 items-end justify-center motion-safe:transition-all motion-safe:delay-300 motion-safe:duration-300 group-[:not([data-scroll-from-end])]\/scroll-root:scale-50 group-[:not([data-scroll-from-end])]\/scroll-root:translate-y-2 group-[:not([data-scroll-from-end])]\/scroll-root:opacity-0 group-[:not([data-scroll-from-end])]\/scroll-root:pointer-events-none group-[:not([data-scroll-from-end])]\/scroll-root:duration-100 group-[:not([data-scroll-from-end])]\/scroll-root:delay-0 absolute start-1\/2 z-10 -translate-x-1\/2 bottom-[calc(100%+6*var(--spacing)+var(--thread-scroll-to-bottom-banner-offset,0px))]\"><\/div>\n<\/div>\n<div id=\"thread-bottom\">\n<div>\n<div class=\"text-base mx-auto [--thread-content-margin:var(--thread-content-margin-xs,calc(var(--spacing)*4))] @w-sm\/main:[--thread-content-margin:var(--thread-content-margin-sm,calc(var(--spacing)*6))] @w-lg\/main:[--thread-content-margin:var(--thread-content-margin-lg,calc(var(--spacing)*16))] px-(--thread-content-margin)\">\n<div>\n<div class=\"[--thread-content-max-width:40rem] @w-lg\/main:[--thread-content-max-width:48rem] mx-auto max-w-(--thread-content-max-width) flex-1 mb-[var(--thread-component-gap,1rem)]\">\n<div class=\"flex justify-center empty:hidden\"><\/div>\n<div class=\"pointer-events-auto relative z-1 flex h-(--composer-container-height,100%) max-w-full flex-(--composer-container-flex,1) flex-col\">\n<div class=\"absolute start-0 end-0 bottom-full z-20\"><\/div>\n<div class=\"hidden\"><\/div>\n<div class=\"\">\n<div class=\"bg-token-bg-primary dark:bg-token-bg-elevated-primary dark-oled:bg-token-bg-primary corner-superellipse\/1.1 cursor-text overflow-clip bg-clip-padding p-2.5 contain-inline-size motion-safe:transition-colors motion-safe:duration-200 motion-safe:ease-in-out grid grid-cols-[auto_1fr_auto] [grid-template-areas:'header_header_header'_'leading_primary_trailing'_'._footer_.'] group-data-expanded\/composer:[grid-template-areas:'header_header_header'_'primary_primary_primary'_'leading_footer_trailing'] shadow-short-composer\" data-composer-surface=\"true\">\n<div class=\"[grid-area:leading]\"><\/div>\n<div class=\"-my-2.5 flex min-h-14 items-center overflow-x-hidden px-1.5 [grid-area:primary] group-data-expanded\/composer:mb-0 group-data-expanded\/composer:px-2.5\">\n<div class=\"wcDTda_prosemirror-parent text-token-text-primary max-h-[max(30svh,5rem)] max-h-52 min-h-[var(--deep-research-composer-extra-height,unset)] flex-1 overflow-auto [scrollbar-width:thin] default-browser vertical-scroll-fade-mask\"><textarea class=\"wcDTda_fallbackTextarea\" name=\"prompt-textarea\" aria-label=\"Chatear con ChatGPT\" data-virtualkeyboard=\"true\"><\/textarea><\/p>\n<div id=\"prompt-textarea\" class=\"ProseMirror\" role=\"textbox\" data-virtualkeyboard=\"true\" aria-label=\"Chatear con ChatGPT\"><\/div>\n<\/div>\n<\/div>\n<div class=\"flex items-center gap-2 [grid-area:trailing]\">\n<div class=\"ms-auto flex items-center gap-1.5\">\n<div id=\"_r_7nc_\" class=\"overflow-visible bg-transparent inset-s-[anchor(center)] inset-e-auto top-[calc(anchor(bottom)+var(--spacing))] bottom-auto h-fit -translate-x-1\/2 [position-try-fallbacks:flip-block] z-50\" role=\"tooltip\"><\/div>\n<p><button class=\"composer-btn h-9 min-h-9 w-9 min-w-9\" type=\"button\" aria-label=\"Iniciar dictado\" aria-describedby=\"_r_7nc_\"><\/button><\/p>\n<div>\n<div class=\"inline-flex\">\n<div>\n<div id=\"_r_89n_\" class=\"overflow-visible bg-transparent inset-s-[anchor(center)] inset-e-auto top-[calc(anchor(bottom)+var(--spacing))] bottom-auto h-fit -translate-x-1\/2 [position-try-fallbacks:flip-block] z-50\" role=\"tooltip\"><\/div>\n<p><button class=\"composer-submit-button-color text-submit-btn-text keyboard-focused:focus-ring relative flex h-9 w-9 items-center justify-center rounded-full transition-colors hover:opacity-70 disabled:text-[#f4f4f4] disabled:opacity-30\" type=\"button\" aria-describedby=\"_r_89n_\" aria-label=\"Iniciar voz\"><\/button><\/div>\n<\/div>\n<\/div>\n<\/div>\n<\/div>\n<\/div>\n<\/div>\n<\/div>\n<\/div>\n<\/div>\n<\/div>\n<\/div>\n<\/div>\n<div class=\"-mt-4 text-token-text-secondary relative w-full overflow-hidden text-center text-xs [view-transition-name:var(--vt-disclaimer)] md:px-[60px]\"><\/div>\n<\/div>\n<\/div>\n<\/div>\n<p><\/main><\/div>\n<\/div>\n<\/div>\n<\/div>\n<div><\/div>\n<\/div>\n<\/div>\n<p>&nbsp;<\/p>\n<p>&nbsp;<\/p>\n<p><audio class=\"fixed start-0 bottom-0 hidden h-0 w-0\" autoplay=\"autoplay\" data-mce-fragment=\"1\"><\/audio><\/p>\n","protected":false},"excerpt":{"rendered":"<div class=\"mh-excerpt\"><p>Fue detectado durante un operativo preventivo en el barrio La Pampita. La Justicia orden\u00f3 su presentaci\u00f3n ante la Defensor\u00eda Oficial. 29 De abril de 2026 CHASCOM\u00daS\u00a0 &#8211;\u00a0 \u00a0En el marco de tareas de prevenci\u00f3n, personal <a class=\"mh-excerpt-more\" href=\"https:\/\/larevistadigital.com.ar\/blog\/chascomus-identificaron-a-un-hombre-con-pedido-de-captura-por-multiples-delitos\/\" title=\"Chascom\u00fas: identificaron a un hombre con pedido de captura por m\u00faltiples delitos\">[Leer M\u00e1s]<\/a><\/p>\n<\/div>","protected":false},"author":3,"featured_media":45412,"comment_status":"open","ping_status":"open","sticky":false,"template":"","format":"standard","meta":{"_jetpack_memberships_contains_paid_content":false,"footnotes":"","jetpack_publicize_message":"","jetpack_publicize_feature_enabled":true,"jetpack_social_post_already_shared":true,"jetpack_social_options":{"image_generator_settings":{"template":"highway","default_image_id":0,"font":"","enabled":false},"version":2}},"categories":[50,44],"tags":[],"class_list":{"0":"post-45411","1":"post","2":"type-post","3":"status-publish","4":"format-standard","5":"has-post-thumbnail","7":"category-interes-general","8":"category-policiales"},"jetpack_publicize_connections":[],"jetpack_featured_media_url":"https:\/\/i0.wp.com\/larevistadigital.com.ar\/blog\/wp-content\/uploads\/Captura-de-pantalla-2026-01-20-174208.jpg?fit=791%2C458&ssl=1","jetpack_sharing_enabled":true,"jetpack_shortlink":"https:\/\/wp.me\/p8qtrQ-bOr","jetpack-related-posts":[{"id":26040,"url":"https:\/\/larevistadigital.com.ar\/blog\/chascomus-la-policia-detuvo-a-un-individuo-que-poseia-pedido-de-captura-tras-reconocerlo-durante-la-recorrida\/","url_meta":{"origin":45411,"position":0},"title":"CHASCOM\u00daS: LA POLIC\u00cdA DETUVO A UN INDIVIDUO QUE POSE\u00cdA PEDIDO DE CAPTURA TRAS RECONOCERLO DURANTE LA RECORRIDA","author":"Alejandro Sosa Ruda","date":"22 junio, 2022","format":false,"excerpt":"La polic\u00eda se encontraba patrullando e identific\u00f3 a un hombre sobre el que pesaba un pedido de captura activo. Fue detenido, pero la justicia orden\u00f3 su libertad. CHASCOM\u00daS -\u00a0 El d\u00eda de ayer, la Polic\u00eda Comunal detect\u00f3 durante la recorrida la presencia de un hombre, sobre quien pesaba un pedido\u2026","rel":"","context":"En \u00abINTERES GENERAL\u00bb","block_context":{"text":"INTERES GENERAL","link":"https:\/\/larevistadigital.com.ar\/blog\/category\/interes-general\/"},"img":{"alt_text":"","src":"https:\/\/i0.wp.com\/larevistadigital.com.ar\/blog\/wp-content\/uploads\/detenido-esposado.jpg?fit=1024%2C683&ssl=1&resize=350%2C200","width":350,"height":200,"srcset":"https:\/\/i0.wp.com\/larevistadigital.com.ar\/blog\/wp-content\/uploads\/detenido-esposado.jpg?fit=1024%2C683&ssl=1&resize=350%2C200 1x, https:\/\/i0.wp.com\/larevistadigital.com.ar\/blog\/wp-content\/uploads\/detenido-esposado.jpg?fit=1024%2C683&ssl=1&resize=525%2C300 1.5x, https:\/\/i0.wp.com\/larevistadigital.com.ar\/blog\/wp-content\/uploads\/detenido-esposado.jpg?fit=1024%2C683&ssl=1&resize=700%2C400 2x"},"classes":[]},{"id":33302,"url":"https:\/\/larevistadigital.com.ar\/blog\/chascomus-allanan-un-sitio-de-compra-de-metales-y-aprehenden-a-un-hombre-con-pedido-de-captura-por-robo\/","url_meta":{"origin":45411,"position":1},"title":"CHASCOM\u00daS: ALLANAN UN SITIO DE COMPRA DE METALES Y APREHENDEN A UN HOMBRE CON PEDIDO DE CAPTURA POR ROBO.","author":"Alejandro Sosa Ruda","date":"5 septiembre, 2023","format":false,"excerpt":"CHASCOM\u00daS -\u00a0 En el d\u00eda de la fecha en horas de la tarde la Polic\u00eda Comunal procedi\u00f3 a dar cumplimiento a una orden de allanamiento, registro y secuestro sobre un comercio destinado a la compra y venta de metales (cobre, bronce, alumino, chatarra, etc.). El lugar allanado, se encuentra ubicado\u2026","rel":"","context":"En \u00abINTERES GENERAL\u00bb","block_context":{"text":"INTERES GENERAL","link":"https:\/\/larevistadigital.com.ar\/blog\/category\/interes-general\/"},"img":{"alt_text":"","src":"https:\/\/i0.wp.com\/larevistadigital.com.ar\/blog\/wp-content\/uploads\/WhatsApp-Image-2023-09-05-at-20.00.44.jpeg?fit=1200%2C674&ssl=1&resize=350%2C200","width":350,"height":200,"srcset":"https:\/\/i0.wp.com\/larevistadigital.com.ar\/blog\/wp-content\/uploads\/WhatsApp-Image-2023-09-05-at-20.00.44.jpeg?fit=1200%2C674&ssl=1&resize=350%2C200 1x, https:\/\/i0.wp.com\/larevistadigital.com.ar\/blog\/wp-content\/uploads\/WhatsApp-Image-2023-09-05-at-20.00.44.jpeg?fit=1200%2C674&ssl=1&resize=525%2C300 1.5x, https:\/\/i0.wp.com\/larevistadigital.com.ar\/blog\/wp-content\/uploads\/WhatsApp-Image-2023-09-05-at-20.00.44.jpeg?fit=1200%2C674&ssl=1&resize=700%2C400 2x, https:\/\/i0.wp.com\/larevistadigital.com.ar\/blog\/wp-content\/uploads\/WhatsApp-Image-2023-09-05-at-20.00.44.jpeg?fit=1200%2C674&ssl=1&resize=1050%2C600 3x"},"classes":[]},{"id":13088,"url":"https:\/\/larevistadigital.com.ar\/blog\/detienen-en-banfield-a-mujer-con-pedido-de-captura-en-chascomus\/","url_meta":{"origin":45411,"position":2},"title":"DETIENEN EN BANFIELD A MUJER CON PEDIDO DE CAPTURA EN CHASCOM\u00daS","author":"Alejandro Sosa Ruda","date":"6 noviembre, 2019","format":false,"excerpt":"Una mujer que se encontraba pr\u00f3fuga desde el a\u00f1o 2014 en Chascom\u00fas, fue detenida en las \u00faltimas horas en inmediaciones de la estaci\u00f3n de trenes de Banfield. La Polic\u00eda incaut\u00f3 un celular que hab\u00eda sido arrebatado minutos antes a un hombre que circulaba por la zona. Seg\u00fan inform\u00f3 el portal\u2026","rel":"","context":"En \u00abINTERES GENERAL\u00bb","block_context":{"text":"INTERES GENERAL","link":"https:\/\/larevistadigital.com.ar\/blog\/category\/interes-general\/"},"img":{"alt_text":"","src":"https:\/\/i0.wp.com\/larevistadigital.com.ar\/blog\/wp-content\/uploads\/captura_06denoviembrede2019_elfuerte.jpg?fit=737%2C415&ssl=1&resize=350%2C200","width":350,"height":200,"srcset":"https:\/\/i0.wp.com\/larevistadigital.com.ar\/blog\/wp-content\/uploads\/captura_06denoviembrede2019_elfuerte.jpg?fit=737%2C415&ssl=1&resize=350%2C200 1x, https:\/\/i0.wp.com\/larevistadigital.com.ar\/blog\/wp-content\/uploads\/captura_06denoviembrede2019_elfuerte.jpg?fit=737%2C415&ssl=1&resize=525%2C300 1.5x, https:\/\/i0.wp.com\/larevistadigital.com.ar\/blog\/wp-content\/uploads\/captura_06denoviembrede2019_elfuerte.jpg?fit=737%2C415&ssl=1&resize=700%2C400 2x"},"classes":[]},{"id":33464,"url":"https:\/\/larevistadigital.com.ar\/blog\/chascomus-durante-tareas-preventivas-la-policia-intercepto-un-sujeto-con-pedido-de-captura-por-robo-en-brandsen\/","url_meta":{"origin":45411,"position":3},"title":"CHASCOM\u00daS: DURANTE TAREAS PREVENTIVAS LA POLIC\u00cdA INTERCEPT\u00d3 UN SUJETO CON PEDIDO DE CAPTURA POR ROBO EN BRANDSEN","author":"Alejandro Sosa Ruda","date":"15 septiembre, 2023","format":false,"excerpt":"El sujeto ten\u00eda pedido de captura por Hurto. 15 de Septiembre de 2023 CHASCOM\u00daS -\u00a0 En horas de la madrugada personal policial de EPC Chascomus 1ra. continuando con las diferentes tareas preventivas realizando operativo de interceptacion selectiva de personas, lograron interceptar en Colombia y Ameghino a una persona de sexo\u2026","rel":"","context":"En \u00abCHASCOM\u00daS\u00bb","block_context":{"text":"CHASCOM\u00daS","link":"https:\/\/larevistadigital.com.ar\/blog\/category\/chascomus\/"},"img":{"alt_text":"","src":"https:\/\/i0.wp.com\/larevistadigital.com.ar\/blog\/wp-content\/uploads\/WhatsApp-Image-2023-09-15-at-09.30.22-e1694793939517.jpeg?fit=966%2C293&ssl=1&resize=350%2C200","width":350,"height":200,"srcset":"https:\/\/i0.wp.com\/larevistadigital.com.ar\/blog\/wp-content\/uploads\/WhatsApp-Image-2023-09-15-at-09.30.22-e1694793939517.jpeg?fit=966%2C293&ssl=1&resize=350%2C200 1x, https:\/\/i0.wp.com\/larevistadigital.com.ar\/blog\/wp-content\/uploads\/WhatsApp-Image-2023-09-15-at-09.30.22-e1694793939517.jpeg?fit=966%2C293&ssl=1&resize=525%2C300 1.5x, https:\/\/i0.wp.com\/larevistadigital.com.ar\/blog\/wp-content\/uploads\/WhatsApp-Image-2023-09-15-at-09.30.22-e1694793939517.jpeg?fit=966%2C293&ssl=1&resize=700%2C400 2x"},"classes":[]},{"id":44063,"url":"https:\/\/larevistadigital.com.ar\/blog\/operativos-rurales-en-accion-cazadores-demorados-amenazas-y-un-detenido-con-captura-vigente\/","url_meta":{"origin":45411,"position":4},"title":"Operativos rurales en acci\u00f3n: cazadores demorados, amenazas y un detenido con captura vigente","author":"Alejandro Sosa Ruda","date":"20 febrero, 2026","format":false,"excerpt":"Los procedimientos se realizaron en distintos puntos del distrito. Hubo actuaciones por caza furtiva, una causa por amenazas y la aprehensi\u00f3n de un sujeto con requerimientos judiciales vigentes. Tambi\u00e9n se investiga la faena ilegal de animales. 20 de febrero de 2026 CHASCOM\u00daS -\u00a0 \u00a0El Comando de Prevenci\u00f3n Rural de Chascom\u00fas\u2026","rel":"","context":"En \u00abINTERES GENERAL\u00bb","block_context":{"text":"INTERES GENERAL","link":"https:\/\/larevistadigital.com.ar\/blog\/category\/interes-general\/"},"img":{"alt_text":"","src":"https:\/\/i0.wp.com\/larevistadigital.com.ar\/blog\/wp-content\/uploads\/2017\/08\/CPR-2.png?fit=565%2C313&ssl=1&resize=350%2C200","width":350,"height":200,"srcset":"https:\/\/i0.wp.com\/larevistadigital.com.ar\/blog\/wp-content\/uploads\/2017\/08\/CPR-2.png?fit=565%2C313&ssl=1&resize=350%2C200 1x, https:\/\/i0.wp.com\/larevistadigital.com.ar\/blog\/wp-content\/uploads\/2017\/08\/CPR-2.png?fit=565%2C313&ssl=1&resize=525%2C300 1.5x"},"classes":[]},{"id":21960,"url":"https:\/\/larevistadigital.com.ar\/blog\/detienen-a-un-presidente-de-mesa-que-tenia-un-pedido-de-captura\/","url_meta":{"origin":45411,"position":5},"title":"DETIENEN A UN PRESIDENTE DE MESA QUE TEN\u00cdA UN PEDIDO DE CAPTURA","author":"Alejandro Sosa Ruda","date":"13 septiembre, 2021","format":false,"excerpt":"SANTA CLARA DEL MAR -\u00a0Fue detenido un hombre de 37 a\u00f1os, sobre el que pesaba un pedido de captura Nacional solicitado por la Justicia de la Provincia de Salta. El hecho ocurri\u00f3 por la ma\u00f1ana en la escuela 503, donde el mencionado individuo cumpl\u00eda con las funciones de \"Presidente de\u2026","rel":"","context":"En \u00abPOLICIALES\u00bb","block_context":{"text":"POLICIALES","link":"https:\/\/larevistadigital.com.ar\/blog\/category\/policiales\/"},"img":{"alt_text":"","src":"https:\/\/i0.wp.com\/larevistadigital.com.ar\/blog\/wp-content\/uploads\/Captura-de-pantalla-2021-09-13-005020.jpg?fit=1122%2C598&ssl=1&resize=350%2C200","width":350,"height":200,"srcset":"https:\/\/i0.wp.com\/larevistadigital.com.ar\/blog\/wp-content\/uploads\/Captura-de-pantalla-2021-09-13-005020.jpg?fit=1122%2C598&ssl=1&resize=350%2C200 1x, https:\/\/i0.wp.com\/larevistadigital.com.ar\/blog\/wp-content\/uploads\/Captura-de-pantalla-2021-09-13-005020.jpg?fit=1122%2C598&ssl=1&resize=525%2C300 1.5x, https:\/\/i0.wp.com\/larevistadigital.com.ar\/blog\/wp-content\/uploads\/Captura-de-pantalla-2021-09-13-005020.jpg?fit=1122%2C598&ssl=1&resize=700%2C400 2x, https:\/\/i0.wp.com\/larevistadigital.com.ar\/blog\/wp-content\/uploads\/Captura-de-pantalla-2021-09-13-005020.jpg?fit=1122%2C598&ssl=1&resize=1050%2C600 3x"},"classes":[]}],"_links":{"self":[{"href":"https:\/\/larevistadigital.com.ar\/blog\/wp-json\/wp\/v2\/posts\/45411","targetHints":{"allow":["GET"]}}],"collection":[{"href":"https:\/\/larevistadigital.com.ar\/blog\/wp-json\/wp\/v2\/posts"}],"about":[{"href":"https:\/\/larevistadigital.com.ar\/blog\/wp-json\/wp\/v2\/types\/post"}],"author":[{"embeddable":true,"href":"https:\/\/larevistadigital.com.ar\/blog\/wp-json\/wp\/v2\/users\/3"}],"replies":[{"embeddable":true,"href":"https:\/\/larevistadigital.com.ar\/blog\/wp-json\/wp\/v2\/comments?post=45411"}],"version-history":[{"count":1,"href":"https:\/\/larevistadigital.com.ar\/blog\/wp-json\/wp\/v2\/posts\/45411\/revisions"}],"predecessor-version":[{"id":45413,"href":"https:\/\/larevistadigital.com.ar\/blog\/wp-json\/wp\/v2\/posts\/45411\/revisions\/45413"}],"wp:featuredmedia":[{"embeddable":true,"href":"https:\/\/larevistadigital.com.ar\/blog\/wp-json\/wp\/v2\/media\/45412"}],"wp:attachment":[{"href":"https:\/\/larevistadigital.com.ar\/blog\/wp-json\/wp\/v2\/media?parent=45411"}],"wp:term":[{"taxonomy":"category","embeddable":true,"href":"https:\/\/larevistadigital.com.ar\/blog\/wp-json\/wp\/v2\/categories?post=45411"},{"taxonomy":"post_tag","embeddable":true,"href":"https:\/\/larevistadigital.com.ar\/blog\/wp-json\/wp\/v2\/tags?post=45411"}],"curies":[{"name":"wp","href":"https:\/\/api.w.org\/{rel}","templated":true}]}}