{"id":4544,"date":"2018-01-16T03:29:10","date_gmt":"2018-01-16T03:29:10","guid":{"rendered":"https:\/\/larevistadigital.com.ar\/blog\/?p=4544"},"modified":"2018-01-16T03:34:30","modified_gmt":"2018-01-16T03:34:30","slug":"chascomus-acusan-policias-tirar-la-moto-hombre-mayor-operativo-transito","status":"publish","type":"post","link":"https:\/\/larevistadigital.com.ar\/blog\/chascomus-acusan-policias-tirar-la-moto-hombre-mayor-operativo-transito\/","title":{"rendered":"CHASCOM\u00daS: ACUSAN A POLICIAS DE TIRAR DE LA MOTO A UN HOMBRE MAYOR DURANTE UN OPERATIVO DE TR\u00c1NSITO"},"content":{"rendered":"<p>En un confuso episodio filmado por una vecina, se acus\u00f3 a un polic\u00eda de empujar a un hombre mayor durante un operativo, y tirarlo de su moto, cayendo sobre la vereda.<\/p>\n<p>Los vecinos reaccionaron gritando a los uniformados y defendiendo al hombre que se encontraba en el piso, sujetado por un polic\u00eda que no le permit\u00eda ponerse de pi\u00e9, ante los reclamos de la gente.<\/p>\n<blockquote>\n<h3>Todo esto qued\u00f3 registrado en un video que film\u00f3 una muchacha que pasaba ocasionalmente por el lugar, e incluso cuando una de las agentes le pidi\u00f3 que no filme, la muchacha asegur\u00f3 que <strong><em>\u00abes mi derecho el filmar\u00bb\u00a0<\/em><\/strong>a lo que la uniformada no volvi\u00f3 a abrir la boca.<\/h3>\n<\/blockquote>\n<p>Esto, fue subido a las redes sociales, en donde r\u00e1pidamente se viraliz\u00f3, provocando encendidos comentarios de la gente que se mostr\u00f3 indignada por la actitud de quienes estaban a cargo del operativo que se llev\u00f3 a cabo en la intersecci\u00f3n de las calles Casalins y San Lorenzo.<\/p>\n<p><iframe loading=\"lazy\" style=\"border: none; overflow: hidden;\" src=\"https:\/\/www.facebook.com\/plugins\/video.php?href=https%3A%2F%2Fwww.facebook.com%2Fmica.orbe.752%2Fvideos%2F724293584441678%2F&amp;show_text=0&amp;width=267\" width=\"267\" height=\"476\" frameborder=\"0\" scrolling=\"no\" allowfullscreen=\"allowfullscreen\"><\/iframe><\/p>\n","protected":false},"excerpt":{"rendered":"<div class=\"mh-excerpt\"><p>En un confuso episodio filmado por una vecina, se acus\u00f3 a un polic\u00eda de empujar a un hombre mayor durante un operativo, y tirarlo de su moto, cayendo sobre la vereda. Los vecinos reaccionaron gritando <a class=\"mh-excerpt-more\" href=\"https:\/\/larevistadigital.com.ar\/blog\/chascomus-acusan-policias-tirar-la-moto-hombre-mayor-operativo-transito\/\" title=\"CHASCOM\u00daS: ACUSAN A POLICIAS DE TIRAR DE LA MOTO A UN HOMBRE MAYOR DURANTE UN OPERATIVO DE TR\u00c1NSITO\">[Leer M\u00e1s]<\/a><\/p>\n<\/div>","protected":false},"author":3,"featured_media":4546,"comment_status":"open","ping_status":"open","sticky":false,"template":"","format":"standard","meta":{"_jetpack_memberships_contains_paid_content":false,"footnotes":"","jetpack_publicize_message":"","jetpack_publicize_feature_enabled":true,"jetpack_social_post_already_shared":true,"jetpack_social_options":{"image_generator_settings":{"template":"highway","default_image_id":0,"font":"","enabled":false},"version":2}},"categories":[41],"tags":[],"class_list":{"0":"post-4544","1":"post","2":"type-post","3":"status-publish","4":"format-standard","5":"has-post-thumbnail","7":"category-destacadas"},"jetpack_publicize_connections":[],"jetpack_featured_media_url":"https:\/\/i0.wp.com\/larevistadigital.com.ar\/blog\/wp-content\/uploads\/2018\/01\/operativo_22deenerode2017_elfuerte.jpg?fit=876%2C493&ssl=1","jetpack_sharing_enabled":true,"jetpack_shortlink":"https:\/\/wp.me\/p8qtrQ-1bi","jetpack-related-posts":[{"id":33067,"url":"https:\/\/larevistadigital.com.ar\/blog\/chascomus-durante-un-operativo-de-control-la-policia-logro-recuperar-una-moto-robada\/","url_meta":{"origin":4544,"position":0},"title":"CHASCOM\u00daS: DURANTE UN OPERATIVO DE CONTROL, LA POLIC\u00cdA LOGR\u00d3 RECUPERAR UNA MOTO ROBADA","author":"Alejandro Sosa Ruda","date":"27 agosto, 2023","format":false,"excerpt":"El motoveh\u00edculo ten\u00eda pedido de secuestro. Se recuper\u00f3 en un operativo conjunto con el Centro de Monitoreo. 27 de agosto de 2023 CHASCOM\u00daS -\u00a0 \u00a0En horas de la tarde y tras realizar un operativo selectivo de moto veh\u00edculos articulado con el Centro de Monitoreo de Chascom\u00fas en distintos puntos de\u2026","rel":"","context":"En \u00abINTERES GENERAL\u00bb","block_context":{"text":"INTERES GENERAL","link":"https:\/\/larevistadigital.com.ar\/blog\/category\/interes-general\/"},"img":{"alt_text":"","src":"https:\/\/i0.wp.com\/larevistadigital.com.ar\/blog\/wp-content\/uploads\/WhatsApp-Image-2023-08-27-at-19.40.48.jpeg?fit=757%2C892&ssl=1&resize=350%2C200","width":350,"height":200,"srcset":"https:\/\/i0.wp.com\/larevistadigital.com.ar\/blog\/wp-content\/uploads\/WhatsApp-Image-2023-08-27-at-19.40.48.jpeg?fit=757%2C892&ssl=1&resize=350%2C200 1x, https:\/\/i0.wp.com\/larevistadigital.com.ar\/blog\/wp-content\/uploads\/WhatsApp-Image-2023-08-27-at-19.40.48.jpeg?fit=757%2C892&ssl=1&resize=525%2C300 1.5x, https:\/\/i0.wp.com\/larevistadigital.com.ar\/blog\/wp-content\/uploads\/WhatsApp-Image-2023-08-27-at-19.40.48.jpeg?fit=757%2C892&ssl=1&resize=700%2C400 2x"},"classes":[]},{"id":33608,"url":"https:\/\/larevistadigital.com.ar\/blog\/chascomus-la-policia-recupero-en-un-operativo-una-moto-con-denuncia-de-robo\/","url_meta":{"origin":4544,"position":1},"title":"CHASCOM\u00daS: LA POLIC\u00cdA RECUPER\u00d3 EN UN OPERATIVO UNA MOTO CON DENUNCIA DE ROBO","author":"Alejandro Sosa Ruda","date":"25 septiembre, 2023","format":false,"excerpt":"El pedido de secuestro era por robo de motoveh\u00edculo en septiembre de 2021. 25 de Septiembre de 2023 CHASCOM\u00daS -\u00a0 El pasado s\u00e1bado 23 en horas de la tarde noche, personal policial de EPC Chascomus Primera durante un operativo de interceptacion selectiva de veh\u00edculos, procedi\u00f3 a detener a una motocicleta\u2026","rel":"","context":"En \u00abPOLICIALES\u00bb","block_context":{"text":"POLICIALES","link":"https:\/\/larevistadigital.com.ar\/blog\/category\/policiales\/"},"img":{"alt_text":"","src":"https:\/\/i0.wp.com\/larevistadigital.com.ar\/blog\/wp-content\/uploads\/WhatsApp-Image-2023-09-25-at-20.06.49.jpeg?fit=675%2C1200&ssl=1&resize=350%2C200","width":350,"height":200,"srcset":"https:\/\/i0.wp.com\/larevistadigital.com.ar\/blog\/wp-content\/uploads\/WhatsApp-Image-2023-09-25-at-20.06.49.jpeg?fit=675%2C1200&ssl=1&resize=350%2C200 1x, https:\/\/i0.wp.com\/larevistadigital.com.ar\/blog\/wp-content\/uploads\/WhatsApp-Image-2023-09-25-at-20.06.49.jpeg?fit=675%2C1200&ssl=1&resize=525%2C300 1.5x"},"classes":[]},{"id":33081,"url":"https:\/\/larevistadigital.com.ar\/blog\/chascomus-recuperan-otra-moto-durante-un-operativo-conjunto-de-polic\/","url_meta":{"origin":4544,"position":2},"title":"CHASCOM\u00daS: RECUPERAN OTRA MOTO DURANTE UN OPERATIVO CONJUNTO DE POLIC+","author":"Alejandro Sosa Ruda","date":"28 agosto, 2023","format":false,"excerpt":"Los operativos siguen arrojando resultados, y las autoridades aseguran que las \u00f3rdenes de la conducci\u00f3n es\u00a0 continuar e intensificarlos. 28 de agosto de 2023 CHASCOM\u00daS -\u00a0 Durante la tarde de hoy, la Polic\u00eda Comunal continu\u00f3 con las tareas de\u00a0 \"saturaci\u00f3n de imagen policial\" en distintos puntos y en operativos donde\u2026","rel":"","context":"En \u00abCHASCOM\u00daS\u00bb","block_context":{"text":"CHASCOM\u00daS","link":"https:\/\/larevistadigital.com.ar\/blog\/category\/chascomus\/"},"img":{"alt_text":"","src":"https:\/\/i0.wp.com\/larevistadigital.com.ar\/blog\/wp-content\/uploads\/WhatsApp-Image-2023-08-28-at-14.55.14.jpeg?fit=900%2C1160&ssl=1&resize=350%2C200","width":350,"height":200,"srcset":"https:\/\/i0.wp.com\/larevistadigital.com.ar\/blog\/wp-content\/uploads\/WhatsApp-Image-2023-08-28-at-14.55.14.jpeg?fit=900%2C1160&ssl=1&resize=350%2C200 1x, https:\/\/i0.wp.com\/larevistadigital.com.ar\/blog\/wp-content\/uploads\/WhatsApp-Image-2023-08-28-at-14.55.14.jpeg?fit=900%2C1160&ssl=1&resize=525%2C300 1.5x, https:\/\/i0.wp.com\/larevistadigital.com.ar\/blog\/wp-content\/uploads\/WhatsApp-Image-2023-08-28-at-14.55.14.jpeg?fit=900%2C1160&ssl=1&resize=700%2C400 2x"},"classes":[]},{"id":44409,"url":"https:\/\/larevistadigital.com.ar\/blog\/conmocion-en-toma-de-rehenes-una-policia-herida-y-un-delincuente-detenido\/","url_meta":{"origin":4544,"position":3},"title":"Conmoci\u00f3n en toma de rehenes: una polic\u00eda herida y un delincuente detenido","author":"Alejandro Sosa Ruda","date":"9 marzo, 2026","format":false,"excerpt":"El hombre, que ten\u00eda pedido de captura, abri\u00f3 fuego contra los efectivos, tom\u00f3 un reh\u00e9n y termin\u00f3 reducido tras un operativo policial en el sur de Mar del Plata. 09 de marzo de 2026 MAR DEL PLATA -\u00a0 \u00a0Una mujer polic\u00eda result\u00f3 herida de dos disparos este lunes por la\u2026","rel":"","context":"En \u00abPOLICIALES\u00bb","block_context":{"text":"POLICIALES","link":"https:\/\/larevistadigital.com.ar\/blog\/category\/policiales\/"},"img":{"alt_text":"","src":"https:\/\/i0.wp.com\/larevistadigital.com.ar\/blog\/wp-content\/uploads\/Captura-de-pantalla-2026-03-09-191122.jpg?fit=735%2C363&ssl=1&resize=350%2C200","width":350,"height":200,"srcset":"https:\/\/i0.wp.com\/larevistadigital.com.ar\/blog\/wp-content\/uploads\/Captura-de-pantalla-2026-03-09-191122.jpg?fit=735%2C363&ssl=1&resize=350%2C200 1x, https:\/\/i0.wp.com\/larevistadigital.com.ar\/blog\/wp-content\/uploads\/Captura-de-pantalla-2026-03-09-191122.jpg?fit=735%2C363&ssl=1&resize=525%2C300 1.5x, https:\/\/i0.wp.com\/larevistadigital.com.ar\/blog\/wp-content\/uploads\/Captura-de-pantalla-2026-03-09-191122.jpg?fit=735%2C363&ssl=1&resize=700%2C400 2x"},"classes":[]},{"id":16891,"url":"https:\/\/larevistadigital.com.ar\/blog\/ostende-muchacha-denuncia-que-fue-abusada-durante-anos-por-la-pareja-de-su-madre\/","url_meta":{"origin":4544,"position":4},"title":"OSTENDE: MUCHACHA DENUNCIA QUE FUE ABUSADA DURANTE A\u00d1OS POR LA PAREJA DE SU MADRE","author":"Alejandro Sosa Ruda","date":"10 octubre, 2020","format":false,"excerpt":"La chica tiene 16 a\u00f1os y desde los 9 a\u00f1os fue sometida por el sujeto. Habr\u00eda quedado embarazada como consecuencia de las violaciones y el sujeto la amenaz\u00f3 de muerte. El hombre ya se encuentra detenido. Una joven de 16 a\u00f1os denunci\u00f3 que durante 7 a\u00f1os fue v\u00edctima de repetidos\u2026","rel":"","context":"En \u00abPOLICIALES\u00bb","block_context":{"text":"POLICIALES","link":"https:\/\/larevistadigital.com.ar\/blog\/category\/policiales\/"},"img":{"alt_text":"","src":"https:\/\/i0.wp.com\/larevistadigital.com.ar\/blog\/wp-content\/uploads\/c2728acf85a63a49cfbbf9fff249c657c9aa068d.png?fit=1140%2C640&ssl=1&resize=350%2C200","width":350,"height":200,"srcset":"https:\/\/i0.wp.com\/larevistadigital.com.ar\/blog\/wp-content\/uploads\/c2728acf85a63a49cfbbf9fff249c657c9aa068d.png?fit=1140%2C640&ssl=1&resize=350%2C200 1x, https:\/\/i0.wp.com\/larevistadigital.com.ar\/blog\/wp-content\/uploads\/c2728acf85a63a49cfbbf9fff249c657c9aa068d.png?fit=1140%2C640&ssl=1&resize=525%2C300 1.5x, https:\/\/i0.wp.com\/larevistadigital.com.ar\/blog\/wp-content\/uploads\/c2728acf85a63a49cfbbf9fff249c657c9aa068d.png?fit=1140%2C640&ssl=1&resize=700%2C400 2x, https:\/\/i0.wp.com\/larevistadigital.com.ar\/blog\/wp-content\/uploads\/c2728acf85a63a49cfbbf9fff249c657c9aa068d.png?fit=1140%2C640&ssl=1&resize=1050%2C600 3x"},"classes":[]},{"id":42771,"url":"https:\/\/larevistadigital.com.ar\/blog\/allanamiento-en-berazategui-recuperan-casi-todas-las-partes-de-una-moto-robada-en-chascomus\/","url_meta":{"origin":4544,"position":5},"title":"Allanamiento en Berazategui: recuperan casi todas las partes de una moto robada en Chascom\u00fas","author":"Alejandro Sosa Ruda","date":"5 diciembre, 2025","format":false,"excerpt":"La investigaci\u00f3n policial permiti\u00f3 localizar el rodado desarmado tras una denuncia presentada el 28 de noviembre. El sospechoso no fue encontrado en el domicilio allanado. 05 De Diciembre de 2025 Autoridades policiales informaron que, tras la denuncia radicada el 28 de noviembre en la Estaci\u00f3n de Polic\u00eda Comunal Chascom\u00fas por\u2026","rel":"","context":"En \u00abINTERES GENERAL\u00bb","block_context":{"text":"INTERES GENERAL","link":"https:\/\/larevistadigital.com.ar\/blog\/category\/interes-general\/"},"img":{"alt_text":"","src":"https:\/\/i0.wp.com\/larevistadigital.com.ar\/blog\/wp-content\/uploads\/WhatsApp-Image-2025-12-05-at-10.42.38.jpeg?fit=900%2C1200&ssl=1&resize=350%2C200","width":350,"height":200,"srcset":"https:\/\/i0.wp.com\/larevistadigital.com.ar\/blog\/wp-content\/uploads\/WhatsApp-Image-2025-12-05-at-10.42.38.jpeg?fit=900%2C1200&ssl=1&resize=350%2C200 1x, https:\/\/i0.wp.com\/larevistadigital.com.ar\/blog\/wp-content\/uploads\/WhatsApp-Image-2025-12-05-at-10.42.38.jpeg?fit=900%2C1200&ssl=1&resize=525%2C300 1.5x, https:\/\/i0.wp.com\/larevistadigital.com.ar\/blog\/wp-content\/uploads\/WhatsApp-Image-2025-12-05-at-10.42.38.jpeg?fit=900%2C1200&ssl=1&resize=700%2C400 2x"},"classes":[]}],"_links":{"self":[{"href":"https:\/\/larevistadigital.com.ar\/blog\/wp-json\/wp\/v2\/posts\/4544","targetHints":{"allow":["GET"]}}],"collection":[{"href":"https:\/\/larevistadigital.com.ar\/blog\/wp-json\/wp\/v2\/posts"}],"about":[{"href":"https:\/\/larevistadigital.com.ar\/blog\/wp-json\/wp\/v2\/types\/post"}],"author":[{"embeddable":true,"href":"https:\/\/larevistadigital.com.ar\/blog\/wp-json\/wp\/v2\/users\/3"}],"replies":[{"embeddable":true,"href":"https:\/\/larevistadigital.com.ar\/blog\/wp-json\/wp\/v2\/comments?post=4544"}],"version-history":[{"count":5,"href":"https:\/\/larevistadigital.com.ar\/blog\/wp-json\/wp\/v2\/posts\/4544\/revisions"}],"predecessor-version":[{"id":4551,"href":"https:\/\/larevistadigital.com.ar\/blog\/wp-json\/wp\/v2\/posts\/4544\/revisions\/4551"}],"wp:featuredmedia":[{"embeddable":true,"href":"https:\/\/larevistadigital.com.ar\/blog\/wp-json\/wp\/v2\/media\/4546"}],"wp:attachment":[{"href":"https:\/\/larevistadigital.com.ar\/blog\/wp-json\/wp\/v2\/media?parent=4544"}],"wp:term":[{"taxonomy":"category","embeddable":true,"href":"https:\/\/larevistadigital.com.ar\/blog\/wp-json\/wp\/v2\/categories?post=4544"},{"taxonomy":"post_tag","embeddable":true,"href":"https:\/\/larevistadigital.com.ar\/blog\/wp-json\/wp\/v2\/tags?post=4544"}],"curies":[{"name":"wp","href":"https:\/\/api.w.org\/{rel}","templated":true}]}}