{"id":45485,"date":"2026-05-06T10:52:26","date_gmt":"2026-05-06T13:52:26","guid":{"rendered":"https:\/\/larevistadigital.com.ar\/blog\/?p=45485"},"modified":"2026-05-06T10:52:26","modified_gmt":"2026-05-06T13:52:26","slug":"kicillof-fue-a-ensenada-y-se-llevo-la-nueva-cancion-axel-presidente","status":"publish","type":"post","link":"https:\/\/larevistadigital.com.ar\/blog\/kicillof-fue-a-ensenada-y-se-llevo-la-nueva-cancion-axel-presidente\/","title":{"rendered":"Kicillof fue a Ensenada y se llev\u00f3 la nueva canci\u00f3n: \u00abAxel presidente\u00bb"},"content":{"rendered":"<h3>El gobernador particip\u00f3 de la inauguraron del nuevo edificio del Palacio Municipal. Y el intendente Mario Secco dijo que debe ser candidato a Presidente.<\/h3>\n<p>06 de Mayo de 2026<\/p>\n<p>El 225\u00b0 aniversario de la ciudad de Ensenada que tuvo como eje la inauguraci\u00f3n del nuevo edificio del Palacio Municipal tuvo un nuevo gesto pol\u00edtico al proyecto presidencialista de\u00a0<strong><a href=\"https:\/\/dib.com.ar\/tag\/axel-kicillof\" target=\"_blank\" rel=\"follow noopener\">Axel Kicillof\u00a0<\/a><\/strong>cuando el intendente\u00a0<strong>Mario Secco<\/strong>, parafraseando al gobernador, habl\u00f3 de cantar \u201c<strong>nuevas canciones<\/strong>\u201d para 2027.<\/p>\n<article class=\"article-body article-body--second-paragraph\">\n<blockquote>\n<p id=\"p-1778070450643-64936\"><strong>\u201cYa el pueblo argentino canta las nuevas canciones, Axel presidente\u201d, dijo Secco<\/strong>\u00a0ante la mirada y aplauso de Kicillof, en la inauguraci\u00f3n del edificio que cuenta con una superficie total de 4.000 metros cuadrados divididos en seis plantas. \u201cAxel es la esperanza, y no lo dicen solo las encuestas\u201d, agreg\u00f3.<\/p>\n<\/blockquote>\n<\/article>\n<article class=\"article-body article-body--second-paragraph\">\n<p id=\"p-1778070450643-34527\">La frase nuevas canciones remite a unos dichos de septiembre de 2023, cuando Kicillof\u00a0<strong>habl\u00f3 del poskirchnerismo\u00a0<\/strong>con una met\u00e1fora musical. En ese sentido, pidi\u00f3 no aferrarse a esos s\u00edmbolos con \u201clas\u00a0<strong>bandas de rock\u00a0<\/strong>que tocan grandes viejos \u00e9xitos\u201d y llam\u00f3 a \u201ccomponer una\u00a0<strong>nueva<\/strong>, no una que sepamos todos\u201d. Desde La C\u00e1mpora, y hasta el propio M\u00e1ximo Kirchner, nunca le dejaron pasar esa afirmaci\u00f3n.<\/p>\n<\/article>\n<article class=\"article-body article-body--second-paragraph\">\n<p id=\"p-1778070450643-98371\">Pero ahora, y tras el lanzamiento del\u00a0<strong>Movimiento Derecho al Futuro<\/strong>, los intendentes que rodean a Kicillof insisten con su candidatura presidencial y\u00a0<strong>Secco<\/strong>\u00a0es uno de los principales impulsores. <strong><em>\u201cYa no son nuestras las nuevas canciones, las nuevas canciones son del pueblo argentino. Ya el pueblo argentino canta las nuevas canciones, Axel presidente\u201d<\/em><\/strong>, dijo <strong>Secco<\/strong> ante una multitud, y\u00a0<strong>se comprometi\u00f3 a sumarse \u201ca esta cruzada\u201d recorriendo el pa\u00eds<\/strong>.<\/p>\n<p id=\"p-1778070450643-70920\"><strong>Kicillof<\/strong>\u00a0tambi\u00e9n habl\u00f3 desde el escenario y aprovech\u00f3 para cargar contra las pol\u00edticas de <strong>Javier Milei<\/strong> pero tambi\u00e9n dej\u00f3 un mensaje para la interna. En ese sentido y en lo que pareci\u00f3 un mensaje para el kirchnerismo record\u00f3 que\u00a0<strong>\u201cla democracia es que el pueblo elija a los que quieren elegir\u00bb<\/strong>, y destac\u00f3 que<em><strong> \u201cen la provincia de Buenos Aires est\u00e1 la voluntad de dar vuelta este presente espantoso que nos ofrecen\u201d.<\/strong><\/em><\/p>\n<p id=\"p-1778070450643-82986\"><strong><em>\u201cEstamos en un punto de inflexi\u00f3n: no se trata solo de se\u00f1alar el da\u00f1o que est\u00e1 generando el Gobierno nacional, sino de\u00a0proponer y construir una etapa mucho m\u00e1s feliz para nuestro pueblo\u201d<\/em><\/strong>, cerr\u00f3 el gobernador.<\/p>\n<\/article>\n","protected":false},"excerpt":{"rendered":"<div class=\"mh-excerpt\"><p>El gobernador particip\u00f3 de la inauguraron del nuevo edificio del Palacio Municipal. Y el intendente Mario Secco dijo que debe ser candidato a Presidente. 06 de Mayo de 2026 El 225\u00b0 aniversario de la ciudad <a class=\"mh-excerpt-more\" href=\"https:\/\/larevistadigital.com.ar\/blog\/kicillof-fue-a-ensenada-y-se-llevo-la-nueva-cancion-axel-presidente\/\" title=\"Kicillof fue a Ensenada y se llev\u00f3 la nueva canci\u00f3n: \u00abAxel presidente\u00bb\">[Leer M\u00e1s]<\/a><\/p>\n<\/div>","protected":false},"author":3,"featured_media":45486,"comment_status":"open","ping_status":"open","sticky":false,"template":"","format":"standard","meta":{"_jetpack_memberships_contains_paid_content":false,"footnotes":"","jetpack_publicize_message":"","jetpack_publicize_feature_enabled":true,"jetpack_social_post_already_shared":true,"jetpack_social_options":{"image_generator_settings":{"template":"highway","default_image_id":0,"font":"","enabled":false},"version":2}},"categories":[12,51],"tags":[],"class_list":{"0":"post-45485","1":"post","2":"type-post","3":"status-publish","4":"format-standard","5":"has-post-thumbnail","7":"category-politica","8":"category-regionales"},"jetpack_publicize_connections":[],"jetpack_featured_media_url":"https:\/\/i0.wp.com\/larevistadigital.com.ar\/blog\/wp-content\/uploads\/Captura-de-pantalla-2026-05-06-104949.jpg?fit=625%2C411&ssl=1","jetpack_sharing_enabled":true,"jetpack_shortlink":"https:\/\/wp.me\/p8qtrQ-bPD","jetpack-related-posts":[{"id":34137,"url":"https:\/\/larevistadigital.com.ar\/blog\/axel-kicillof-cerro-la-campana-junto-a-julio-alak-mario-secco-y-fabian-cagliardi\/","url_meta":{"origin":45485,"position":0},"title":"AXEL KICILLOF CERR\u00d3 LA CAMPA\u00d1A JUNTO A JULIO ALAK, MARIO SECCO Y FABI\u00c1N CAGLIARDI","author":"Alejandro Sosa Ruda","date":"19 octubre, 2023","format":false,"excerpt":"El candidato a intendente de La Plata de UxP firm\u00f3 un acta compromiso junto a los intendentes de Berisso y Ensenada para fomentar el desarrollo de la regi\u00f3n. 19 de Octubre de 2023 BUENOS AIRES -\u00a0 El candidato a intendente de\u00a0Uni\u00f3n por la Patria,\u00a0Julio Alak, cerr\u00f3 este jueves su campa\u00f1a\u2026","rel":"","context":"En \u00abDESTACADAS\u00bb","block_context":{"text":"DESTACADAS","link":"https:\/\/larevistadigital.com.ar\/blog\/category\/destacadas\/"},"img":{"alt_text":"","src":"https:\/\/i0.wp.com\/larevistadigital.com.ar\/blog\/wp-content\/uploads\/Captura-de-pantalla-2023-10-19-232941.png?fit=881%2C425&ssl=1&resize=350%2C200","width":350,"height":200,"srcset":"https:\/\/i0.wp.com\/larevistadigital.com.ar\/blog\/wp-content\/uploads\/Captura-de-pantalla-2023-10-19-232941.png?fit=881%2C425&ssl=1&resize=350%2C200 1x, https:\/\/i0.wp.com\/larevistadigital.com.ar\/blog\/wp-content\/uploads\/Captura-de-pantalla-2023-10-19-232941.png?fit=881%2C425&ssl=1&resize=525%2C300 1.5x, https:\/\/i0.wp.com\/larevistadigital.com.ar\/blog\/wp-content\/uploads\/Captura-de-pantalla-2023-10-19-232941.png?fit=881%2C425&ssl=1&resize=700%2C400 2x"},"classes":[]},{"id":44728,"url":"https:\/\/larevistadigital.com.ar\/blog\/kicillof-inauguro-el-nuevo-edificio-de-la-escuela-secundaria-n8-en-ensenada\/","url_meta":{"origin":45485,"position":1},"title":"Kicillof inaugur\u00f3 el nuevo edificio de la Escuela Secundaria N\u00b08 en Ensenada","author":"Alejandro Sosa Ruda","date":"26 marzo, 2026","format":false,"excerpt":"El gobernador de la provincia de Buenos Aires, Axel Kicillof, encabez\u00f3 este jueves la inauguraci\u00f3n del nuevo edificio de la Escuela Secundaria N\u00b08 en el municipio de Ensenada, junto a la directora general de Cultura y Educaci\u00f3n, Flavia Terigi; el intendente local, Mario Secco; y la directora de la instituci\u00f3n,\u2026","rel":"","context":"En \u00abPOLITICA PROVINCIAL\u00bb","block_context":{"text":"POLITICA PROVINCIAL","link":"https:\/\/larevistadigital.com.ar\/blog\/category\/politica\/politica-provincial\/"},"img":{"alt_text":"","src":"https:\/\/i0.wp.com\/larevistadigital.com.ar\/blog\/wp-content\/uploads\/AR15829-2-scaled.jpg?fit=1200%2C800&ssl=1&resize=350%2C200","width":350,"height":200,"srcset":"https:\/\/i0.wp.com\/larevistadigital.com.ar\/blog\/wp-content\/uploads\/AR15829-2-scaled.jpg?fit=1200%2C800&ssl=1&resize=350%2C200 1x, https:\/\/i0.wp.com\/larevistadigital.com.ar\/blog\/wp-content\/uploads\/AR15829-2-scaled.jpg?fit=1200%2C800&ssl=1&resize=525%2C300 1.5x, https:\/\/i0.wp.com\/larevistadigital.com.ar\/blog\/wp-content\/uploads\/AR15829-2-scaled.jpg?fit=1200%2C800&ssl=1&resize=700%2C400 2x, https:\/\/i0.wp.com\/larevistadigital.com.ar\/blog\/wp-content\/uploads\/AR15829-2-scaled.jpg?fit=1200%2C800&ssl=1&resize=1050%2C600 3x"},"classes":[]},{"id":38076,"url":"https:\/\/larevistadigital.com.ar\/blog\/kicillof-y-secco-inauguraron-el-puente-stella-maris-en-ensenada\/","url_meta":{"origin":45485,"position":2},"title":"Kicillof y Secco inauguraron el puente Stella Maris en Ensenada","author":"Alejandro Sosa Ruda","date":"1 diciembre, 2024","format":false,"excerpt":"Adem\u00e1s, el Gobernador puso en funcionamiento nueva infraestructura en materia de seguridad y comunitaria para el distrito. 01 de diciembre de 2024 BUENOS AIRES -\u00a0 El gobernador de la provincia de Buenos Aires, Axel Kicillof, encabez\u00f3 este jueves en el municipio de Ensenada el acto de inauguraci\u00f3n del puente Stella\u2026","rel":"","context":"En \u00abATAQUE DE RADIO\u00bb","block_context":{"text":"ATAQUE DE RADIO","link":"https:\/\/larevistadigital.com.ar\/blog\/category\/ataque-de-radio\/"},"img":{"alt_text":"","src":"https:\/\/i0.wp.com\/larevistadigital.com.ar\/blog\/wp-content\/uploads\/Axel-Kicillof_69.jpg?fit=743%2C530&ssl=1&resize=350%2C200","width":350,"height":200,"srcset":"https:\/\/i0.wp.com\/larevistadigital.com.ar\/blog\/wp-content\/uploads\/Axel-Kicillof_69.jpg?fit=743%2C530&ssl=1&resize=350%2C200 1x, https:\/\/i0.wp.com\/larevistadigital.com.ar\/blog\/wp-content\/uploads\/Axel-Kicillof_69.jpg?fit=743%2C530&ssl=1&resize=525%2C300 1.5x, https:\/\/i0.wp.com\/larevistadigital.com.ar\/blog\/wp-content\/uploads\/Axel-Kicillof_69.jpg?fit=743%2C530&ssl=1&resize=700%2C400 2x"},"classes":[]},{"id":43013,"url":"https:\/\/larevistadigital.com.ar\/blog\/comunicado-del-frente-grande-respaldando-al-gobernador-axelkicillof\/","url_meta":{"origin":45485,"position":3},"title":"Comunicado del Frente Grande respaldando al gobernador AxelKicillof","author":"Alejandro Sosa Ruda","date":"23 diciembre, 2025","format":false,"excerpt":"En un plenario marcado por el clima militante y el debate estrat\u00e9gico del peronismo, el gobernador bonaerense llam\u00f3 a construir una alternativa nacional. El Frente Grande expres\u00f3 su apoyo mediante un comunicado y particip\u00f3 del encuentro Juan Pablo \u201cPoli\u201d Odera, armador de ese espacio en la Quinta Secci\u00f3n Electoral. 23\u2026","rel":"","context":"En \u00abPOLITICA PROVINCIAL\u00bb","block_context":{"text":"POLITICA PROVINCIAL","link":"https:\/\/larevistadigital.com.ar\/blog\/category\/politica\/politica-provincial\/"},"img":{"alt_text":"","src":"https:\/\/i0.wp.com\/larevistadigital.com.ar\/blog\/wp-content\/uploads\/Captura-de-pantalla-2025-12-23-163021.jpg?fit=643%2C366&ssl=1&resize=350%2C200","width":350,"height":200,"srcset":"https:\/\/i0.wp.com\/larevistadigital.com.ar\/blog\/wp-content\/uploads\/Captura-de-pantalla-2025-12-23-163021.jpg?fit=643%2C366&ssl=1&resize=350%2C200 1x, https:\/\/i0.wp.com\/larevistadigital.com.ar\/blog\/wp-content\/uploads\/Captura-de-pantalla-2025-12-23-163021.jpg?fit=643%2C366&ssl=1&resize=525%2C300 1.5x"},"classes":[]},{"id":47087,"url":"https:\/\/larevistadigital.com.ar\/blog\/kicillof-inauguro-la-primera-planta-embotelladora-de-aguas-bonaerenses\/","url_meta":{"origin":45485,"position":4},"title":"Kicillof inaugur\u00f3 la primera planta embotelladora de Aguas Bonaerenses","author":"Alejandro Sosa Ruda","date":"28 agosto, 2026","format":false,"excerpt":"Adem\u00e1s, el Gobernador entreg\u00f3 60 camionetas y dos camiones para limpieza y desobstrucci\u00f3n de colectores cloacales. 28 de agosto de 2026 El gobernador de la provincia de Buenos Aires, Axel Kicillof, inaugur\u00f3 este viernes en Ensenada la primera planta embotelladora de agua potable de Aguas Bonaerenses (ABSA). Fue junto al\u2026","rel":"","context":"En \u00abPOLITICA\u00bb","block_context":{"text":"POLITICA","link":"https:\/\/larevistadigital.com.ar\/blog\/category\/politica\/"},"img":{"alt_text":"","src":"https:\/\/i0.wp.com\/larevistadigital.com.ar\/blog\/wp-content\/uploads\/26-08-28-12-34-14-4085-scaled.jpg?fit=1200%2C800&ssl=1&resize=350%2C200","width":350,"height":200,"srcset":"https:\/\/i0.wp.com\/larevistadigital.com.ar\/blog\/wp-content\/uploads\/26-08-28-12-34-14-4085-scaled.jpg?fit=1200%2C800&ssl=1&resize=350%2C200 1x, https:\/\/i0.wp.com\/larevistadigital.com.ar\/blog\/wp-content\/uploads\/26-08-28-12-34-14-4085-scaled.jpg?fit=1200%2C800&ssl=1&resize=525%2C300 1.5x, https:\/\/i0.wp.com\/larevistadigital.com.ar\/blog\/wp-content\/uploads\/26-08-28-12-34-14-4085-scaled.jpg?fit=1200%2C800&ssl=1&resize=700%2C400 2x, https:\/\/i0.wp.com\/larevistadigital.com.ar\/blog\/wp-content\/uploads\/26-08-28-12-34-14-4085-scaled.jpg?fit=1200%2C800&ssl=1&resize=1050%2C600 3x"},"classes":[]},{"id":32766,"url":"https:\/\/larevistadigital.com.ar\/blog\/axel-kicillof-union-por-la-patria-es-un-escudo-contra-la-derecha\/","url_meta":{"origin":45485,"position":5},"title":"AXEL KICILLOF: \u00abUNI\u00d3N POR LA PATRIA ES UN ESCUDO CONTRA LA DERECHA\u00bb","author":"Alejandro Sosa Ruda","date":"4 agosto, 2023","format":false,"excerpt":"El gobernador bonaerense y candidato a la reelecci\u00f3n por UxP encabez\u00f3 un acto junto a varios gremios en Ensenada, donde llam\u00f3 \"a reventar las urnas el 13 de agosto\" y \"a dar\u00a0una demostraci\u00f3n de defensa ante las pol\u00edticas que ya se aplicaron durante el macrismo\". 3 de agosto de 2023\u2026","rel":"","context":"En \u00abPOLITICA\u00bb","block_context":{"text":"POLITICA","link":"https:\/\/larevistadigital.com.ar\/blog\/category\/politica\/"},"img":{"alt_text":"","src":"https:\/\/i0.wp.com\/larevistadigital.com.ar\/blog\/wp-content\/uploads\/Captura-de-pantalla-2023-08-03-235331.jpg?fit=830%2C445&ssl=1&resize=350%2C200","width":350,"height":200,"srcset":"https:\/\/i0.wp.com\/larevistadigital.com.ar\/blog\/wp-content\/uploads\/Captura-de-pantalla-2023-08-03-235331.jpg?fit=830%2C445&ssl=1&resize=350%2C200 1x, https:\/\/i0.wp.com\/larevistadigital.com.ar\/blog\/wp-content\/uploads\/Captura-de-pantalla-2023-08-03-235331.jpg?fit=830%2C445&ssl=1&resize=525%2C300 1.5x, https:\/\/i0.wp.com\/larevistadigital.com.ar\/blog\/wp-content\/uploads\/Captura-de-pantalla-2023-08-03-235331.jpg?fit=830%2C445&ssl=1&resize=700%2C400 2x"},"classes":[]}],"_links":{"self":[{"href":"https:\/\/larevistadigital.com.ar\/blog\/wp-json\/wp\/v2\/posts\/45485","targetHints":{"allow":["GET"]}}],"collection":[{"href":"https:\/\/larevistadigital.com.ar\/blog\/wp-json\/wp\/v2\/posts"}],"about":[{"href":"https:\/\/larevistadigital.com.ar\/blog\/wp-json\/wp\/v2\/types\/post"}],"author":[{"embeddable":true,"href":"https:\/\/larevistadigital.com.ar\/blog\/wp-json\/wp\/v2\/users\/3"}],"replies":[{"embeddable":true,"href":"https:\/\/larevistadigital.com.ar\/blog\/wp-json\/wp\/v2\/comments?post=45485"}],"version-history":[{"count":1,"href":"https:\/\/larevistadigital.com.ar\/blog\/wp-json\/wp\/v2\/posts\/45485\/revisions"}],"predecessor-version":[{"id":45487,"href":"https:\/\/larevistadigital.com.ar\/blog\/wp-json\/wp\/v2\/posts\/45485\/revisions\/45487"}],"wp:featuredmedia":[{"embeddable":true,"href":"https:\/\/larevistadigital.com.ar\/blog\/wp-json\/wp\/v2\/media\/45486"}],"wp:attachment":[{"href":"https:\/\/larevistadigital.com.ar\/blog\/wp-json\/wp\/v2\/media?parent=45485"}],"wp:term":[{"taxonomy":"category","embeddable":true,"href":"https:\/\/larevistadigital.com.ar\/blog\/wp-json\/wp\/v2\/categories?post=45485"},{"taxonomy":"post_tag","embeddable":true,"href":"https:\/\/larevistadigital.com.ar\/blog\/wp-json\/wp\/v2\/tags?post=45485"}],"curies":[{"name":"wp","href":"https:\/\/api.w.org\/{rel}","templated":true}]}}