{"id":45628,"date":"2026-05-13T16:47:22","date_gmt":"2026-05-13T19:47:22","guid":{"rendered":"https:\/\/larevistadigital.com.ar\/blog\/?p=45628"},"modified":"2026-05-13T16:47:22","modified_gmt":"2026-05-13T19:47:22","slug":"castelli-volco-un-camion-en-la-madrugada-sobre-la-ruta-2","status":"publish","type":"post","link":"https:\/\/larevistadigital.com.ar\/blog\/castelli-volco-un-camion-en-la-madrugada-sobre-la-ruta-2\/","title":{"rendered":"Castelli: Volc\u00f3 un cami\u00f3n en la madrugada sobre la Ruta 2"},"content":{"rendered":"<h3>El siniestro ocurri\u00f3 a la altura del kil\u00f3metro 168, en la zona de Guerrero. El veh\u00edculo transportaba cajas de cart\u00f3n y termin\u00f3 sobre el cantero central de la autov\u00eda. No hubo heridos.<\/h3>\n<p>13 de Mayo de 2026<\/p>\n<p><strong>CASTELLI &#8211;\u00a0<\/strong> \u00a0Un cami\u00f3n que transportaba cajas de cart\u00f3n volc\u00f3 durante la madrugada de este mi\u00e9rcoles sobre la Ruta 2, a la altura del kil\u00f3metro 168, en la zona de Guerrero, partido de Castelli.<\/p>\n<blockquote>\n<h3>El accidente ocurri\u00f3 cerca de la 1:30, cuando por causas que todav\u00eda son materia de investigaci\u00f3n el conductor perdi\u00f3 el control del veh\u00edculo, despist\u00f3 y termin\u00f3 volcando sobre el cantero central de la autov\u00eda.<\/h3>\n<\/blockquote>\n<p>A pesar de la violencia del siniestro, no se registraron personas heridas, aunque el episodio gener\u00f3 un importante despliegue de emergencia en el lugar.<\/p>\n<blockquote>\n<h3>Del operativo participaron Bomberos, efectivos policiales y servicios m\u00e9dicos, que trabajaron para asistir la situaci\u00f3n y evitar complicaciones en el tr\u00e1nsito durante las primeras horas de la ma\u00f1ana.<\/h3>\n<\/blockquote>\n<p>Las actuaciones correspondientes intentar\u00e1n determinar ahora qu\u00e9 provoc\u00f3 el vuelco del transporte de carga.<\/p>\n<p>fuente e imagen:Castellidiario<\/p>\n","protected":false},"excerpt":{"rendered":"<div class=\"mh-excerpt\"><p>El siniestro ocurri\u00f3 a la altura del kil\u00f3metro 168, en la zona de Guerrero. El veh\u00edculo transportaba cajas de cart\u00f3n y termin\u00f3 sobre el cantero central de la autov\u00eda. No hubo heridos. 13 de Mayo <a class=\"mh-excerpt-more\" href=\"https:\/\/larevistadigital.com.ar\/blog\/castelli-volco-un-camion-en-la-madrugada-sobre-la-ruta-2\/\" title=\"Castelli: Volc\u00f3 un cami\u00f3n en la madrugada sobre la Ruta 2\">[Leer M\u00e1s]<\/a><\/p>\n<\/div>","protected":false},"author":3,"featured_media":45630,"comment_status":"open","ping_status":"open","sticky":false,"template":"","format":"standard","meta":{"_jetpack_memberships_contains_paid_content":false,"footnotes":"","jetpack_publicize_message":"","jetpack_publicize_feature_enabled":true,"jetpack_social_post_already_shared":true,"jetpack_social_options":{"image_generator_settings":{"template":"highway","default_image_id":0,"font":"","enabled":false},"version":2}},"categories":[44,51],"tags":[],"class_list":{"0":"post-45628","1":"post","2":"type-post","3":"status-publish","4":"format-standard","5":"has-post-thumbnail","7":"category-policiales","8":"category-regionales"},"jetpack_publicize_connections":[],"jetpack_featured_media_url":"https:\/\/i0.wp.com\/larevistadigital.com.ar\/blog\/wp-content\/uploads\/2000.jpg?fit=650%2C320&ssl=1","jetpack_sharing_enabled":true,"jetpack_shortlink":"https:\/\/wp.me\/p8qtrQ-bRW","jetpack-related-posts":[{"id":36065,"url":"https:\/\/larevistadigital.com.ar\/blog\/ruta-2-camion-volco-a-la-altura-de-castelli-hubo-seis-heridos\/","url_meta":{"origin":45628,"position":0},"title":"RUTA 2: CAMI\u00d3N VOLC\u00d3 A LA ALTURA DE CASTELLI. HUBO SEIS HERIDOS","author":"Alejandro Sosa Ruda","date":"18 mayo, 2024","format":false,"excerpt":"CASTELLI -\u00a0 \u00a0En las primeras horas de este viernes se produjo un accidente en la Ruta 2, a la altura del partido de\u00a0Castelli, que dej\u00f3 como saldo\u00a06 personas heridas, afortunadamente ninguna de gravedad. Ocurri\u00f3 cuando, por cuestiones que a\u00fan se tratan de establecer, el conductor de un cami\u00f3n que transportaba\u2026","rel":"","context":"En \u00abPOLICIALES\u00bb","block_context":{"text":"POLICIALES","link":"https:\/\/larevistadigital.com.ar\/blog\/category\/policiales\/"},"img":{"alt_text":"","src":"https:\/\/i0.wp.com\/larevistadigital.com.ar\/blog\/wp-content\/uploads\/d6c644c411a0407f97d8969aed8687aba153cefc.jpg?fit=1140%2C713&ssl=1&resize=350%2C200","width":350,"height":200,"srcset":"https:\/\/i0.wp.com\/larevistadigital.com.ar\/blog\/wp-content\/uploads\/d6c644c411a0407f97d8969aed8687aba153cefc.jpg?fit=1140%2C713&ssl=1&resize=350%2C200 1x, https:\/\/i0.wp.com\/larevistadigital.com.ar\/blog\/wp-content\/uploads\/d6c644c411a0407f97d8969aed8687aba153cefc.jpg?fit=1140%2C713&ssl=1&resize=525%2C300 1.5x, https:\/\/i0.wp.com\/larevistadigital.com.ar\/blog\/wp-content\/uploads\/d6c644c411a0407f97d8969aed8687aba153cefc.jpg?fit=1140%2C713&ssl=1&resize=700%2C400 2x, https:\/\/i0.wp.com\/larevistadigital.com.ar\/blog\/wp-content\/uploads\/d6c644c411a0407f97d8969aed8687aba153cefc.jpg?fit=1140%2C713&ssl=1&resize=1050%2C600 3x"},"classes":[]},{"id":46950,"url":"https:\/\/larevistadigital.com.ar\/blog\/despisto-en-la-ruta-2-y-termino-en-el-cantero-central-dos-hombres-salieron-ilesos\/","url_meta":{"origin":45628,"position":1},"title":"Despist\u00f3 en la Ruta 2 y termin\u00f3 en el cantero central: dos hombres salieron ilesos","author":"Alejandro Sosa Ruda","date":"17 agosto, 2026","format":false,"excerpt":"El siniestro ocurri\u00f3 a la altura del kil\u00f3metro 306 de la Autov\u00eda 2. La camioneta qued\u00f3 detenida en el sector que divide ambas manos de circulaci\u00f3n. 17 de agosto de 2026 BUENOS AIRES\u00a0 -\u00a0 \u00a0Un nuevo siniestro vial se registr\u00f3 en la Autov\u00eda 2, donde una camioneta termin\u00f3 fuera de\u2026","rel":"","context":"En \u00abPOLICIALES\u00bb","block_context":{"text":"POLICIALES","link":"https:\/\/larevistadigital.com.ar\/blog\/category\/policiales\/"},"img":{"alt_text":"","src":"https:\/\/i0.wp.com\/larevistadigital.com.ar\/blog\/wp-content\/uploads\/4e381ea96f0f2034051d8fcecfc6de7103a25636.jpg?fit=1140%2C848&ssl=1&resize=350%2C200","width":350,"height":200,"srcset":"https:\/\/i0.wp.com\/larevistadigital.com.ar\/blog\/wp-content\/uploads\/4e381ea96f0f2034051d8fcecfc6de7103a25636.jpg?fit=1140%2C848&ssl=1&resize=350%2C200 1x, https:\/\/i0.wp.com\/larevistadigital.com.ar\/blog\/wp-content\/uploads\/4e381ea96f0f2034051d8fcecfc6de7103a25636.jpg?fit=1140%2C848&ssl=1&resize=525%2C300 1.5x, https:\/\/i0.wp.com\/larevistadigital.com.ar\/blog\/wp-content\/uploads\/4e381ea96f0f2034051d8fcecfc6de7103a25636.jpg?fit=1140%2C848&ssl=1&resize=700%2C400 2x, https:\/\/i0.wp.com\/larevistadigital.com.ar\/blog\/wp-content\/uploads\/4e381ea96f0f2034051d8fcecfc6de7103a25636.jpg?fit=1140%2C848&ssl=1&resize=1050%2C600 3x"},"classes":[]},{"id":46504,"url":"https:\/\/larevistadigital.com.ar\/blog\/volco-un-camion-en-la-ruta-2-cerca-de-dolores\/","url_meta":{"origin":45628,"position":2},"title":"Volc\u00f3 un cami\u00f3n en la Ruta 2, cerca de Dolores","author":"Alejandro Sosa Ruda","date":"11 julio, 2026","format":false,"excerpt":"El accidente ocurri\u00f3 este s\u00e1bado por la ma\u00f1ana a la altura del kil\u00f3metro 203 de la Autov\u00eda 2. El conductor fue asistido por los servicios de emergencia y trasladado al Hospital Municipal de Dolores. El tr\u00e1nsito present\u00f3 importantes demoras mientras contin\u00faan las tareas para remover el veh\u00edculo. 11 de julio\u2026","rel":"","context":"En \u00abDESTACADAS\u00bb","block_context":{"text":"DESTACADAS","link":"https:\/\/larevistadigital.com.ar\/blog\/category\/destacadas\/"},"img":{"alt_text":"","src":"https:\/\/i0.wp.com\/larevistadigital.com.ar\/blog\/wp-content\/uploads\/830db42fa8c106e459ab3d3dac25076235cc1024.jpg?fit=1140%2C855&ssl=1&resize=350%2C200","width":350,"height":200,"srcset":"https:\/\/i0.wp.com\/larevistadigital.com.ar\/blog\/wp-content\/uploads\/830db42fa8c106e459ab3d3dac25076235cc1024.jpg?fit=1140%2C855&ssl=1&resize=350%2C200 1x, https:\/\/i0.wp.com\/larevistadigital.com.ar\/blog\/wp-content\/uploads\/830db42fa8c106e459ab3d3dac25076235cc1024.jpg?fit=1140%2C855&ssl=1&resize=525%2C300 1.5x, https:\/\/i0.wp.com\/larevistadigital.com.ar\/blog\/wp-content\/uploads\/830db42fa8c106e459ab3d3dac25076235cc1024.jpg?fit=1140%2C855&ssl=1&resize=700%2C400 2x, https:\/\/i0.wp.com\/larevistadigital.com.ar\/blog\/wp-content\/uploads\/830db42fa8c106e459ab3d3dac25076235cc1024.jpg?fit=1140%2C855&ssl=1&resize=1050%2C600 3x"},"classes":[]},{"id":19228,"url":"https:\/\/larevistadigital.com.ar\/blog\/cruce-entre-rutas-2-y-41-camion-se-paso-de-largo-y-quedo-en-el-cantero-central\/","url_meta":{"origin":45628,"position":3},"title":"CRUCE ENTRE RUTAS 2 Y 41: CAMI\u00d3N SE PAS\u00d3 DE LARGO Y QUED\u00d3 EN EL CANTERO CENTRAL","author":"Alejandro Sosa Ruda","date":"15 marzo, 2021","format":false,"excerpt":"Un cami\u00f3n cargado de hierro, que circulaba por la ruta 41, sigui\u00f3 de largo, deteni\u00e9ndose sobre el cantero central de la autov\u00eda 2, milagrosamente sin que nadie circulara por la misma en ese momento, lo que hubiera significado una desgracias con graves consecuencias. El siniestro ocurri\u00f3 durante la ma\u00f1ana del\u2026","rel":"","context":"En \u00abPOLICIALES\u00bb","block_context":{"text":"POLICIALES","link":"https:\/\/larevistadigital.com.ar\/blog\/category\/policiales\/"},"img":{"alt_text":"","src":"https:\/\/i0.wp.com\/larevistadigital.com.ar\/blog\/wp-content\/uploads\/Captura-de-pantalla-2021-03-15-121413.png?fit=868%2C381&ssl=1&resize=350%2C200","width":350,"height":200,"srcset":"https:\/\/i0.wp.com\/larevistadigital.com.ar\/blog\/wp-content\/uploads\/Captura-de-pantalla-2021-03-15-121413.png?fit=868%2C381&ssl=1&resize=350%2C200 1x, https:\/\/i0.wp.com\/larevistadigital.com.ar\/blog\/wp-content\/uploads\/Captura-de-pantalla-2021-03-15-121413.png?fit=868%2C381&ssl=1&resize=525%2C300 1.5x, https:\/\/i0.wp.com\/larevistadigital.com.ar\/blog\/wp-content\/uploads\/Captura-de-pantalla-2021-03-15-121413.png?fit=868%2C381&ssl=1&resize=700%2C400 2x"},"classes":[]},{"id":44527,"url":"https:\/\/larevistadigital.com.ar\/blog\/volco-un-micro-rumbo-a-mar-del-plata-con-mas-de-40-heridos\/","url_meta":{"origin":45628,"position":4},"title":"Volc\u00f3 un micro rumbo a Mar del Plata con m\u00e1s de 40 heridos","author":"Alejandro Sosa Ruda","date":"16 marzo, 2026","format":false,"excerpt":"El colectivo viajaba desde C\u00f3rdoba con unos 50 pasajeros. El veh\u00edculo termin\u00f3 volcado sobre el cantero central de la Ruta 9 y varios heridos debieron ser hospitalizados. 16 de marzo de 2026 Un colectivo de larga distancia que viajaba desde C\u00f3rdoba hacia Mar del Plata volc\u00f3 durante la madrugada de\u2026","rel":"","context":"En \u00abDESTACADAS\u00bb","block_context":{"text":"DESTACADAS","link":"https:\/\/larevistadigital.com.ar\/blog\/category\/destacadas\/"},"img":{"alt_text":"","src":"https:\/\/i0.wp.com\/larevistadigital.com.ar\/blog\/wp-content\/uploads\/Captura-de-pantalla-2026-03-16-142541.jpg?fit=747%2C410&ssl=1&resize=350%2C200","width":350,"height":200,"srcset":"https:\/\/i0.wp.com\/larevistadigital.com.ar\/blog\/wp-content\/uploads\/Captura-de-pantalla-2026-03-16-142541.jpg?fit=747%2C410&ssl=1&resize=350%2C200 1x, https:\/\/i0.wp.com\/larevistadigital.com.ar\/blog\/wp-content\/uploads\/Captura-de-pantalla-2026-03-16-142541.jpg?fit=747%2C410&ssl=1&resize=525%2C300 1.5x, https:\/\/i0.wp.com\/larevistadigital.com.ar\/blog\/wp-content\/uploads\/Captura-de-pantalla-2026-03-16-142541.jpg?fit=747%2C410&ssl=1&resize=700%2C400 2x"},"classes":[]},{"id":46524,"url":"https:\/\/larevistadigital.com.ar\/blog\/un-micro-de-doble-piso-despisto-en-la-ruta-2-y-termino-sobre-el-cantero-central\/","url_meta":{"origin":45628,"position":5},"title":"Un micro de doble piso despist\u00f3 en la ruta 2 y termin\u00f3 sobre el cantero central","author":"Alejandro Sosa Ruda","date":"12 julio, 2026","format":false,"excerpt":"El incidente ocurri\u00f3 a la altura del kil\u00f3metro 302, en la localidad de Las Armas, partido de Maip\u00fa. El colectivo no lleg\u00f3 a volcar ni choc\u00f3 contra otros veh\u00edculos y, afortunadamente, no se registraron personas heridas. 12 de julio de 2026 BUENOS AIRES -\u00a0 \u00a0Un micro de larga distancia de\u2026","rel":"","context":"En \u00abPOLICIALES\u00bb","block_context":{"text":"POLICIALES","link":"https:\/\/larevistadigital.com.ar\/blog\/category\/policiales\/"},"img":{"alt_text":"","src":"https:\/\/i0.wp.com\/larevistadigital.com.ar\/blog\/wp-content\/uploads\/89cb68afb9be2615ff12d3c28775fd7644192142.jpg?fit=1140%2C563&ssl=1&resize=350%2C200","width":350,"height":200,"srcset":"https:\/\/i0.wp.com\/larevistadigital.com.ar\/blog\/wp-content\/uploads\/89cb68afb9be2615ff12d3c28775fd7644192142.jpg?fit=1140%2C563&ssl=1&resize=350%2C200 1x, https:\/\/i0.wp.com\/larevistadigital.com.ar\/blog\/wp-content\/uploads\/89cb68afb9be2615ff12d3c28775fd7644192142.jpg?fit=1140%2C563&ssl=1&resize=525%2C300 1.5x, https:\/\/i0.wp.com\/larevistadigital.com.ar\/blog\/wp-content\/uploads\/89cb68afb9be2615ff12d3c28775fd7644192142.jpg?fit=1140%2C563&ssl=1&resize=700%2C400 2x, https:\/\/i0.wp.com\/larevistadigital.com.ar\/blog\/wp-content\/uploads\/89cb68afb9be2615ff12d3c28775fd7644192142.jpg?fit=1140%2C563&ssl=1&resize=1050%2C600 3x"},"classes":[]}],"_links":{"self":[{"href":"https:\/\/larevistadigital.com.ar\/blog\/wp-json\/wp\/v2\/posts\/45628","targetHints":{"allow":["GET"]}}],"collection":[{"href":"https:\/\/larevistadigital.com.ar\/blog\/wp-json\/wp\/v2\/posts"}],"about":[{"href":"https:\/\/larevistadigital.com.ar\/blog\/wp-json\/wp\/v2\/types\/post"}],"author":[{"embeddable":true,"href":"https:\/\/larevistadigital.com.ar\/blog\/wp-json\/wp\/v2\/users\/3"}],"replies":[{"embeddable":true,"href":"https:\/\/larevistadigital.com.ar\/blog\/wp-json\/wp\/v2\/comments?post=45628"}],"version-history":[{"count":1,"href":"https:\/\/larevistadigital.com.ar\/blog\/wp-json\/wp\/v2\/posts\/45628\/revisions"}],"predecessor-version":[{"id":45631,"href":"https:\/\/larevistadigital.com.ar\/blog\/wp-json\/wp\/v2\/posts\/45628\/revisions\/45631"}],"wp:featuredmedia":[{"embeddable":true,"href":"https:\/\/larevistadigital.com.ar\/blog\/wp-json\/wp\/v2\/media\/45630"}],"wp:attachment":[{"href":"https:\/\/larevistadigital.com.ar\/blog\/wp-json\/wp\/v2\/media?parent=45628"}],"wp:term":[{"taxonomy":"category","embeddable":true,"href":"https:\/\/larevistadigital.com.ar\/blog\/wp-json\/wp\/v2\/categories?post=45628"},{"taxonomy":"post_tag","embeddable":true,"href":"https:\/\/larevistadigital.com.ar\/blog\/wp-json\/wp\/v2\/tags?post=45628"}],"curies":[{"name":"wp","href":"https:\/\/api.w.org\/{rel}","templated":true}]}}