{"id":45749,"date":"2026-05-22T22:25:54","date_gmt":"2026-05-23T01:25:54","guid":{"rendered":"https:\/\/larevistadigital.com.ar\/blog\/?p=45749"},"modified":"2026-05-22T22:28:34","modified_gmt":"2026-05-23T01:28:34","slug":"confuso-episodio-en-chascomus-investigan-un-incidente-tras-un-llamado-al-911-por-disturbios-donde-un-policia-termino-herido","status":"publish","type":"post","link":"https:\/\/larevistadigital.com.ar\/blog\/confuso-episodio-en-chascomus-investigan-un-incidente-tras-un-llamado-al-911-por-disturbios-donde-un-policia-termino-herido\/","title":{"rendered":"Confuso episodio en Chascom\u00fas: investigan un incidente tras un llamado al 911 por disturbios donde un polic\u00eda termin\u00f3 herido"},"content":{"rendered":"<h3 data-section-id=\"14r6538\" data-start=\"97\" data-end=\"335\">Un hombre con una herida en una pierna fue encontrado por la Polic\u00eda en inmediaciones de General Paz y M\u00e9xico. La Justicia inici\u00f3 actuaciones por \u201cAveriguaci\u00f3n de Il\u00edcito\u201d y tom\u00f3 intervenci\u00f3n Asuntos Internos de la Polic\u00eda Bonaerense.<\/h3>\n<p>22 de mayo de 2026<\/p>\n<p data-start=\"337\" data-end=\"641\">Un confuso episodio ocurrido durante el domingo pasado en Chascom\u00fas es investigado por la Justicia, luego de que personal de la Estaci\u00f3n de Polic\u00eda Comunal acudiera a un llamado al 911 que alertaba sobre una persona alcoholizada ocasionando disturbios en la zona de calles General Paz y M\u00e9xico.<\/p>\n<blockquote>\n<h3 data-start=\"643\" data-end=\"964\">De acuerdo a la informaci\u00f3n oficial, efectivos policiales que recorr\u00edan la jurisdicci\u00f3n a bordo de un m\u00f3vil fueron comisionados al lugar por la central de emergencias. Al arribar, se entrevistaron con un hombre que se neg\u00f3 a brindar sus datos personales completos y manifest\u00f3 haber mantenido inconvenientes con un vecino.<\/h3>\n<\/blockquote>\n<p data-start=\"966\" data-end=\"1230\">Seg\u00fan consta en las actuaciones, los uniformados observaron adem\u00e1s que el sujeto presentaba una herida en la pierna izquierda, a la altura del tobillo. No obstante, el hombre rechaz\u00f3 reiteradamente recibir asistencia m\u00e9dica y posteriormente ingres\u00f3 a su domicilio.<\/p>\n<blockquote>\n<h3 data-start=\"1232\" data-end=\"1550\">Ante la situaci\u00f3n, se solicit\u00f3 apoyo policial y se mantuvo comunicaci\u00f3n con la Unidad Funcional de Instrucci\u00f3n y Descentralizada N\u00b0 10 de Chascom\u00fas, desde donde se dispuso la apertura de actuaciones bajo la car\u00e1tula \u201cAveriguaci\u00f3n de Il\u00edcito\u201d, adem\u00e1s de las diligencias de rigor y la intervenci\u00f3n de Polic\u00eda Cient\u00edfica.<\/h3>\n<\/blockquote>\n<p data-start=\"1552\" data-end=\"1650\">Asimismo, se dio intervenci\u00f3n a la Auditor\u00eda General de Asuntos Internos de la Polic\u00eda Bonaerense.<\/p>\n<p data-start=\"1652\" data-end=\"1903\" data-is-last-node=\"\" data-is-only-node=\"\">Fuentes policiales identificaron posteriormente al involucrado como<strong> un subcomisario que presta servicios en el Centro de Despacho y Emergencias 911<\/strong> de Chascom\u00fas. La investigaci\u00f3n judicial contin\u00faa en curso para esclarecer las circunstancias del hecho.<\/p>\n","protected":false},"excerpt":{"rendered":"<div class=\"mh-excerpt\"><p>Un hombre con una herida en una pierna fue encontrado por la Polic\u00eda en inmediaciones de General Paz y M\u00e9xico. La Justicia inici\u00f3 actuaciones por \u201cAveriguaci\u00f3n de Il\u00edcito\u201d y tom\u00f3 intervenci\u00f3n Asuntos Internos de la <a class=\"mh-excerpt-more\" href=\"https:\/\/larevistadigital.com.ar\/blog\/confuso-episodio-en-chascomus-investigan-un-incidente-tras-un-llamado-al-911-por-disturbios-donde-un-policia-termino-herido\/\" title=\"Confuso episodio en Chascom\u00fas: investigan un incidente tras un llamado al 911 por disturbios donde un polic\u00eda termin\u00f3 herido\">[Leer M\u00e1s]<\/a><\/p>\n<\/div>","protected":false},"author":3,"featured_media":15712,"comment_status":"open","ping_status":"open","sticky":false,"template":"","format":"standard","meta":{"_jetpack_memberships_contains_paid_content":false,"footnotes":"","jetpack_publicize_message":"","jetpack_publicize_feature_enabled":true,"jetpack_social_post_already_shared":true,"jetpack_social_options":{"image_generator_settings":{"template":"highway","default_image_id":0,"font":"","enabled":false},"version":2}},"categories":[50,44,1],"tags":[],"class_list":{"0":"post-45749","1":"post","2":"type-post","3":"status-publish","4":"format-standard","5":"has-post-thumbnail","7":"category-interes-general","8":"category-policiales","9":"category-sin-categoria"},"jetpack_publicize_connections":[],"jetpack_featured_media_url":"https:\/\/i0.wp.com\/larevistadigital.com.ar\/blog\/wp-content\/uploads\/Screenshot_1-121.jpg?fit=1007%2C565&ssl=1","jetpack_sharing_enabled":true,"jetpack_shortlink":"https:\/\/wp.me\/p8qtrQ-bTT","jetpack-related-posts":[{"id":24133,"url":"https:\/\/larevistadigital.com.ar\/blog\/chascomus-la-policia-intercepta-a-dos-individuos-con-una-moto-robada-la-justicia-los-dejo-rapidamente-en-libertad\/","url_meta":{"origin":45749,"position":0},"title":"CHASCOMUS: LA POLIC\u00cdA INTERCEPTA A DOS INDIVIDUOS CON UNA MOTO ROBADA, LA JUSTICIA LOS DEJ\u00d3 R\u00c1PIDAMENTE EN LIBERTAD&#8230;","author":"Alejandro Sosa Ruda","date":"22 febrero, 2022","format":false,"excerpt":"CHASCOM\u00daS -\u00a0 La polic\u00eda de Chascom\u00fas logr\u00f3 interceptar a dos sujetos que circulaban en una moto que pose\u00eda pedido de captura, por lo que se les incaut\u00f3 el veh\u00edculo y se los detuvo, por \"encubrimiento\", pero la justicia determin\u00f3 la libertad de los mismos. El hecho, fue el desencadenante de\u2026","rel":"","context":"En \u00abINTERES GENERAL\u00bb","block_context":{"text":"INTERES GENERAL","link":"https:\/\/larevistadigital.com.ar\/blog\/category\/interes-general\/"},"img":{"alt_text":"","src":"https:\/\/i0.wp.com\/larevistadigital.com.ar\/blog\/wp-content\/uploads\/WhatsApp-Image-2022-02-22-at-08.41.30.jpeg?fit=1200%2C900&ssl=1&resize=350%2C200","width":350,"height":200,"srcset":"https:\/\/i0.wp.com\/larevistadigital.com.ar\/blog\/wp-content\/uploads\/WhatsApp-Image-2022-02-22-at-08.41.30.jpeg?fit=1200%2C900&ssl=1&resize=350%2C200 1x, https:\/\/i0.wp.com\/larevistadigital.com.ar\/blog\/wp-content\/uploads\/WhatsApp-Image-2022-02-22-at-08.41.30.jpeg?fit=1200%2C900&ssl=1&resize=525%2C300 1.5x, https:\/\/i0.wp.com\/larevistadigital.com.ar\/blog\/wp-content\/uploads\/WhatsApp-Image-2022-02-22-at-08.41.30.jpeg?fit=1200%2C900&ssl=1&resize=700%2C400 2x, https:\/\/i0.wp.com\/larevistadigital.com.ar\/blog\/wp-content\/uploads\/WhatsApp-Image-2022-02-22-at-08.41.30.jpeg?fit=1200%2C900&ssl=1&resize=1050%2C600 3x"},"classes":[]},{"id":38525,"url":"https:\/\/larevistadigital.com.ar\/blog\/chascomus-tras-un-llamado-al-911-la-policia-aprehendio-a-dos-sujetos-que-intentaban-ingresar-a-una-vivienda\/","url_meta":{"origin":45749,"position":1},"title":"Chascom\u00fas: Tras un llamado al 911 la polic\u00eda aprehendi\u00f3 a dos sujetos que intentaban ingresar a una vivienda","author":"Alejandro Sosa Ruda","date":"25 enero, 2025","format":false,"excerpt":"Eran chascomunenses con antecedentes penales. Se encuentran en la Comisar\u00eda, esperando la resoluci\u00f3n judicial que determine si quedan detenidos o recuperan su libertad. 25 de Enero de 2025 CHASCOM\u00daS -\u00a0 En horas del mediodia de ayer la polic\u00eda recibi\u00f3 un aviso telefonico al 911 informando que una persona masculina ingresaba\u2026","rel":"","context":"En \u00abDESTACADAS\u00bb","block_context":{"text":"DESTACADAS","link":"https:\/\/larevistadigital.com.ar\/blog\/category\/destacadas\/"},"img":{"alt_text":"","src":"https:\/\/i0.wp.com\/larevistadigital.com.ar\/blog\/wp-content\/uploads\/detenido-esposado.jpg?fit=1024%2C683&ssl=1&resize=350%2C200","width":350,"height":200,"srcset":"https:\/\/i0.wp.com\/larevistadigital.com.ar\/blog\/wp-content\/uploads\/detenido-esposado.jpg?fit=1024%2C683&ssl=1&resize=350%2C200 1x, https:\/\/i0.wp.com\/larevistadigital.com.ar\/blog\/wp-content\/uploads\/detenido-esposado.jpg?fit=1024%2C683&ssl=1&resize=525%2C300 1.5x, https:\/\/i0.wp.com\/larevistadigital.com.ar\/blog\/wp-content\/uploads\/detenido-esposado.jpg?fit=1024%2C683&ssl=1&resize=700%2C400 2x"},"classes":[]},{"id":45424,"url":"https:\/\/larevistadigital.com.ar\/blog\/villa-gesell-amenazo-a-su-ex-pareja-con-incendiar-su-casa-y-termino-detenido-tras-agredir-a-la-policia\/","url_meta":{"origin":45749,"position":2},"title":"Villa Gesell: amenaz\u00f3 a su ex pareja con incendiar su casa y termin\u00f3 detenido tras agredir a la Polic\u00eda","author":"Alejandro Sosa Ruda","date":"2 mayo, 2026","format":false,"excerpt":"El hombre fue aprehendido luego de un llamado al 911. Se mostr\u00f3 violento con los efectivos y qued\u00f3 imputado por amenazas y resistencia a la autoridad. 02 de mayo de 2026 Villa Gesell .- BUENOS AIRES -\u00a0 \u00a0Un grave episodio de violencia se registr\u00f3 en Villa Gesell, donde un hombre\u2026","rel":"","context":"En \u00abPOLICIALES\u00bb","block_context":{"text":"POLICIALES","link":"https:\/\/larevistadigital.com.ar\/blog\/category\/policiales\/"},"img":{"alt_text":"","src":"https:\/\/i0.wp.com\/larevistadigital.com.ar\/blog\/wp-content\/uploads\/Captura-de-pantalla-2026-05-02-194736.jpg?fit=447%2C594&ssl=1&resize=350%2C200","width":350,"height":200},"classes":[]},{"id":42586,"url":"https:\/\/larevistadigital.com.ar\/blog\/chascomus-aprehemden-a-una-mujer-que-ataco-con-violencia-a-un-automovil\/","url_meta":{"origin":45749,"position":3},"title":"Chascom\u00fas: Aprehemden a una mujer que atac\u00f3 con violencia a un autom\u00f3vil","author":"Alejandro Sosa Ruda","date":"23 noviembre, 2025","format":false,"excerpt":"Una vecina fue detenida luego de da\u00f1ar un veh\u00edculo a pedradas. La Justicia investiga el motivo del ataque. 23 de Noviembre de 2025 CHASCOM\u00daS -\u00a0 \u00a0Una mujer mayor de edad fue aprehendida este s\u00e1bado por la ma\u00f1ana en un domicilio del barrio El Porte\u00f1o, luego de protagonizar un violento episodio\u2026","rel":"","context":"En \u00abINTERES GENERAL\u00bb","block_context":{"text":"INTERES GENERAL","link":"https:\/\/larevistadigital.com.ar\/blog\/category\/interes-general\/"},"img":{"alt_text":"","src":"https:\/\/i0.wp.com\/larevistadigital.com.ar\/blog\/wp-content\/uploads\/mujer-esposada-1.jpg?fit=800%2C452&ssl=1&resize=350%2C200","width":350,"height":200,"srcset":"https:\/\/i0.wp.com\/larevistadigital.com.ar\/blog\/wp-content\/uploads\/mujer-esposada-1.jpg?fit=800%2C452&ssl=1&resize=350%2C200 1x, https:\/\/i0.wp.com\/larevistadigital.com.ar\/blog\/wp-content\/uploads\/mujer-esposada-1.jpg?fit=800%2C452&ssl=1&resize=525%2C300 1.5x, https:\/\/i0.wp.com\/larevistadigital.com.ar\/blog\/wp-content\/uploads\/mujer-esposada-1.jpg?fit=800%2C452&ssl=1&resize=700%2C400 2x"},"classes":[]},{"id":46188,"url":"https:\/\/larevistadigital.com.ar\/blog\/chascomus-investigan-una-violenta-pelea-que-termino-con-un-hombre-herido-de-bala\/","url_meta":{"origin":45749,"position":4},"title":"Chascom\u00fas: Investigan una violenta pelea que termin\u00f3 con un hombre herido de bala","author":"Alejandro Sosa Ruda","date":"18 junio, 2026","format":false,"excerpt":"El episodio se registr\u00f3 tras una confrontaci\u00f3n entre varios individuos. La v\u00edctima fue trasladada al Hospital Municipal con una lesi\u00f3n en una de sus piernas y la Polic\u00eda trabaja para esclarecer lo ocurrido. 18 de junio de 2026 CHASCOM\u00daS -\u00a0 \u00a0Un confuso y violento episodio ocurrido en Chascom\u00fas es materia\u2026","rel":"","context":"En \u00abDESTACADAS\u00bb","block_context":{"text":"DESTACADAS","link":"https:\/\/larevistadigital.com.ar\/blog\/category\/destacadas\/"},"img":{"alt_text":"","src":"https:\/\/i0.wp.com\/larevistadigital.com.ar\/blog\/wp-content\/uploads\/POLICIA-4.jpg?fit=880%2C512&ssl=1&resize=350%2C200","width":350,"height":200,"srcset":"https:\/\/i0.wp.com\/larevistadigital.com.ar\/blog\/wp-content\/uploads\/POLICIA-4.jpg?fit=880%2C512&ssl=1&resize=350%2C200 1x, https:\/\/i0.wp.com\/larevistadigital.com.ar\/blog\/wp-content\/uploads\/POLICIA-4.jpg?fit=880%2C512&ssl=1&resize=525%2C300 1.5x, https:\/\/i0.wp.com\/larevistadigital.com.ar\/blog\/wp-content\/uploads\/POLICIA-4.jpg?fit=880%2C512&ssl=1&resize=700%2C400 2x"},"classes":[]},{"id":9431,"url":"https:\/\/larevistadigital.com.ar\/blog\/chascomus-la-policia-comunal-detuvo-a-un-ladron-al-rato-de-cometer-un-robo\/","url_meta":{"origin":45749,"position":5},"title":"CHASCOM\u00daS: LA POLIC\u00cdA COMUNAL DETUVO A UN LADR\u00d3N, AL RATO DE COMETER UN ROBO","author":"Alejandro Sosa Ruda","date":"27 marzo, 2019","format":false,"excerpt":"Alrededor de las 03:00 hs de hoy ante un llamado al 911 por presencia de intrusos en el patio de una vivienda de calle Neuqu\u00e9n al 50 personal de la EPC Chascom\u00fas aprehendi\u00f3 a un sujeto de 33 a\u00f1os quien fue hallado por un rastrillaje a 200 metros del lugar\u2026","rel":"","context":"En \u00abPOLICIALES\u00bb","block_context":{"text":"POLICIALES","link":"https:\/\/larevistadigital.com.ar\/blog\/category\/policiales\/"},"img":{"alt_text":"","src":"https:\/\/i0.wp.com\/larevistadigital.com.ar\/blog\/wp-content\/uploads\/2019\/03\/detenido-esposado.jpg?fit=1024%2C683&ssl=1&resize=350%2C200","width":350,"height":200,"srcset":"https:\/\/i0.wp.com\/larevistadigital.com.ar\/blog\/wp-content\/uploads\/2019\/03\/detenido-esposado.jpg?fit=1024%2C683&ssl=1&resize=350%2C200 1x, https:\/\/i0.wp.com\/larevistadigital.com.ar\/blog\/wp-content\/uploads\/2019\/03\/detenido-esposado.jpg?fit=1024%2C683&ssl=1&resize=525%2C300 1.5x, https:\/\/i0.wp.com\/larevistadigital.com.ar\/blog\/wp-content\/uploads\/2019\/03\/detenido-esposado.jpg?fit=1024%2C683&ssl=1&resize=700%2C400 2x"},"classes":[]}],"_links":{"self":[{"href":"https:\/\/larevistadigital.com.ar\/blog\/wp-json\/wp\/v2\/posts\/45749","targetHints":{"allow":["GET"]}}],"collection":[{"href":"https:\/\/larevistadigital.com.ar\/blog\/wp-json\/wp\/v2\/posts"}],"about":[{"href":"https:\/\/larevistadigital.com.ar\/blog\/wp-json\/wp\/v2\/types\/post"}],"author":[{"embeddable":true,"href":"https:\/\/larevistadigital.com.ar\/blog\/wp-json\/wp\/v2\/users\/3"}],"replies":[{"embeddable":true,"href":"https:\/\/larevistadigital.com.ar\/blog\/wp-json\/wp\/v2\/comments?post=45749"}],"version-history":[{"count":4,"href":"https:\/\/larevistadigital.com.ar\/blog\/wp-json\/wp\/v2\/posts\/45749\/revisions"}],"predecessor-version":[{"id":45754,"href":"https:\/\/larevistadigital.com.ar\/blog\/wp-json\/wp\/v2\/posts\/45749\/revisions\/45754"}],"wp:featuredmedia":[{"embeddable":true,"href":"https:\/\/larevistadigital.com.ar\/blog\/wp-json\/wp\/v2\/media\/15712"}],"wp:attachment":[{"href":"https:\/\/larevistadigital.com.ar\/blog\/wp-json\/wp\/v2\/media?parent=45749"}],"wp:term":[{"taxonomy":"category","embeddable":true,"href":"https:\/\/larevistadigital.com.ar\/blog\/wp-json\/wp\/v2\/categories?post=45749"},{"taxonomy":"post_tag","embeddable":true,"href":"https:\/\/larevistadigital.com.ar\/blog\/wp-json\/wp\/v2\/tags?post=45749"}],"curies":[{"name":"wp","href":"https:\/\/api.w.org\/{rel}","templated":true}]}}