{"id":4666,"date":"2018-01-29T02:47:21","date_gmt":"2018-01-29T02:47:21","guid":{"rendered":"https:\/\/larevistadigital.com.ar\/blog\/?p=4666"},"modified":"2018-01-29T02:47:21","modified_gmt":"2018-01-29T02:47:21","slug":"chascomus-terrible-accidente-vuelco-la-costanera","status":"publish","type":"post","link":"https:\/\/larevistadigital.com.ar\/blog\/chascomus-terrible-accidente-vuelco-la-costanera\/","title":{"rendered":"CHASCOM\u00daS: TERRIBLE ACCIDENTE CON VUELCO EN LA COSTANERA"},"content":{"rendered":"<p>Seg\u00fan narr\u00f3 en su cuenta de facebook un vecino de Chascom\u00fas , y lo menciona FM POR SIEMPRE, el hecho habr\u00eda ocurrido alrededor de las 6:30 AM del domingo, y se comenta que quien protagoniz\u00f3 el siniestro ten\u00eda un valor de alcohol en sangre de 1,68 (lo permitido es hasta 0,50).<\/p>\n<p>Los datos de la alcoholemia, los habr\u00eda aportado personal de seguridad urbana.<\/p>\n<p><strong>AQU\u00cd LAS FOTOS<\/strong><\/p>\n<p><a href=\"https:\/\/i0.wp.com\/larevistadigital.com.ar\/blog\/wp-content\/uploads\/2018\/01\/WhatsApp-Image-2018-01-28-at-22.36.35.jpeg?ssl=1\"><img data-recalc-dims=\"1\" loading=\"lazy\" decoding=\"async\" class=\"size-full wp-image-4668 aligncenter\" src=\"https:\/\/i0.wp.com\/larevistadigital.com.ar\/blog\/wp-content\/uploads\/2018\/01\/WhatsApp-Image-2018-01-28-at-22.36.35.jpeg?resize=780%2C1040&#038;ssl=1\" alt=\"\" width=\"780\" height=\"1040\" srcset=\"https:\/\/i0.wp.com\/larevistadigital.com.ar\/blog\/wp-content\/uploads\/2018\/01\/WhatsApp-Image-2018-01-28-at-22.36.35.jpeg?w=780&amp;ssl=1 780w, https:\/\/i0.wp.com\/larevistadigital.com.ar\/blog\/wp-content\/uploads\/2018\/01\/WhatsApp-Image-2018-01-28-at-22.36.35.jpeg?resize=225%2C300&amp;ssl=1 225w, https:\/\/i0.wp.com\/larevistadigital.com.ar\/blog\/wp-content\/uploads\/2018\/01\/WhatsApp-Image-2018-01-28-at-22.36.35.jpeg?resize=768%2C1024&amp;ssl=1 768w\" sizes=\"auto, (max-width: 780px) 100vw, 780px\" \/><\/a> <a href=\"https:\/\/i0.wp.com\/larevistadigital.com.ar\/blog\/wp-content\/uploads\/2018\/01\/WhatsApp-Image-2018-01-28-at-22.36.28.jpeg?ssl=1\"><img data-recalc-dims=\"1\" loading=\"lazy\" decoding=\"async\" class=\"alignnone size-full wp-image-4669\" src=\"https:\/\/i0.wp.com\/larevistadigital.com.ar\/blog\/wp-content\/uploads\/2018\/01\/WhatsApp-Image-2018-01-28-at-22.36.28.jpeg?resize=1040%2C780&#038;ssl=1\" alt=\"\" width=\"1040\" height=\"780\" srcset=\"https:\/\/i0.wp.com\/larevistadigital.com.ar\/blog\/wp-content\/uploads\/2018\/01\/WhatsApp-Image-2018-01-28-at-22.36.28.jpeg?w=1040&amp;ssl=1 1040w, https:\/\/i0.wp.com\/larevistadigital.com.ar\/blog\/wp-content\/uploads\/2018\/01\/WhatsApp-Image-2018-01-28-at-22.36.28.jpeg?resize=300%2C225&amp;ssl=1 300w, https:\/\/i0.wp.com\/larevistadigital.com.ar\/blog\/wp-content\/uploads\/2018\/01\/WhatsApp-Image-2018-01-28-at-22.36.28.jpeg?resize=768%2C576&amp;ssl=1 768w, https:\/\/i0.wp.com\/larevistadigital.com.ar\/blog\/wp-content\/uploads\/2018\/01\/WhatsApp-Image-2018-01-28-at-22.36.28.jpeg?resize=1024%2C768&amp;ssl=1 1024w, https:\/\/i0.wp.com\/larevistadigital.com.ar\/blog\/wp-content\/uploads\/2018\/01\/WhatsApp-Image-2018-01-28-at-22.36.28.jpeg?resize=678%2C509&amp;ssl=1 678w, https:\/\/i0.wp.com\/larevistadigital.com.ar\/blog\/wp-content\/uploads\/2018\/01\/WhatsApp-Image-2018-01-28-at-22.36.28.jpeg?resize=326%2C245&amp;ssl=1 326w, https:\/\/i0.wp.com\/larevistadigital.com.ar\/blog\/wp-content\/uploads\/2018\/01\/WhatsApp-Image-2018-01-28-at-22.36.28.jpeg?resize=80%2C60&amp;ssl=1 80w\" sizes=\"auto, (max-width: 1000px) 100vw, 1000px\" \/><\/a> <a href=\"https:\/\/i0.wp.com\/larevistadigital.com.ar\/blog\/wp-content\/uploads\/2018\/01\/WhatsApp-Image-2018-01-28-at-22.36.26.jpeg?ssl=1\"><img data-recalc-dims=\"1\" loading=\"lazy\" decoding=\"async\" class=\"alignnone size-full wp-image-4670\" src=\"https:\/\/i0.wp.com\/larevistadigital.com.ar\/blog\/wp-content\/uploads\/2018\/01\/WhatsApp-Image-2018-01-28-at-22.36.26.jpeg?resize=960%2C1280&#038;ssl=1\" alt=\"\" width=\"960\" height=\"1280\" srcset=\"https:\/\/i0.wp.com\/larevistadigital.com.ar\/blog\/wp-content\/uploads\/2018\/01\/WhatsApp-Image-2018-01-28-at-22.36.26.jpeg?w=960&amp;ssl=1 960w, https:\/\/i0.wp.com\/larevistadigital.com.ar\/blog\/wp-content\/uploads\/2018\/01\/WhatsApp-Image-2018-01-28-at-22.36.26.jpeg?resize=225%2C300&amp;ssl=1 225w, https:\/\/i0.wp.com\/larevistadigital.com.ar\/blog\/wp-content\/uploads\/2018\/01\/WhatsApp-Image-2018-01-28-at-22.36.26.jpeg?resize=768%2C1024&amp;ssl=1 768w\" sizes=\"auto, (max-width: 960px) 100vw, 960px\" \/><\/a> <a href=\"https:\/\/i0.wp.com\/larevistadigital.com.ar\/blog\/wp-content\/uploads\/2018\/01\/WhatsApp-Image-2018-01-28-at-22.36.25.jpeg?ssl=1\"><img data-recalc-dims=\"1\" loading=\"lazy\" decoding=\"async\" class=\"alignnone size-full wp-image-4671\" src=\"https:\/\/i0.wp.com\/larevistadigital.com.ar\/blog\/wp-content\/uploads\/2018\/01\/WhatsApp-Image-2018-01-28-at-22.36.25.jpeg?resize=1040%2C780&#038;ssl=1\" alt=\"\" width=\"1040\" height=\"780\" srcset=\"https:\/\/i0.wp.com\/larevistadigital.com.ar\/blog\/wp-content\/uploads\/2018\/01\/WhatsApp-Image-2018-01-28-at-22.36.25.jpeg?w=1040&amp;ssl=1 1040w, https:\/\/i0.wp.com\/larevistadigital.com.ar\/blog\/wp-content\/uploads\/2018\/01\/WhatsApp-Image-2018-01-28-at-22.36.25.jpeg?resize=300%2C225&amp;ssl=1 300w, https:\/\/i0.wp.com\/larevistadigital.com.ar\/blog\/wp-content\/uploads\/2018\/01\/WhatsApp-Image-2018-01-28-at-22.36.25.jpeg?resize=768%2C576&amp;ssl=1 768w, https:\/\/i0.wp.com\/larevistadigital.com.ar\/blog\/wp-content\/uploads\/2018\/01\/WhatsApp-Image-2018-01-28-at-22.36.25.jpeg?resize=1024%2C768&amp;ssl=1 1024w, https:\/\/i0.wp.com\/larevistadigital.com.ar\/blog\/wp-content\/uploads\/2018\/01\/WhatsApp-Image-2018-01-28-at-22.36.25.jpeg?resize=678%2C509&amp;ssl=1 678w, https:\/\/i0.wp.com\/larevistadigital.com.ar\/blog\/wp-content\/uploads\/2018\/01\/WhatsApp-Image-2018-01-28-at-22.36.25.jpeg?resize=326%2C245&amp;ssl=1 326w, https:\/\/i0.wp.com\/larevistadigital.com.ar\/blog\/wp-content\/uploads\/2018\/01\/WhatsApp-Image-2018-01-28-at-22.36.25.jpeg?resize=80%2C60&amp;ssl=1 80w\" sizes=\"auto, (max-width: 1000px) 100vw, 1000px\" \/><\/a> <a href=\"https:\/\/i0.wp.com\/larevistadigital.com.ar\/blog\/wp-content\/uploads\/2018\/01\/WhatsApp-Image-2018-01-28-at-22.36.22.jpeg?ssl=1\"><img data-recalc-dims=\"1\" loading=\"lazy\" decoding=\"async\" class=\"alignnone size-full wp-image-4672\" src=\"https:\/\/i0.wp.com\/larevistadigital.com.ar\/blog\/wp-content\/uploads\/2018\/01\/WhatsApp-Image-2018-01-28-at-22.36.22.jpeg?resize=1040%2C780&#038;ssl=1\" alt=\"\" width=\"1040\" height=\"780\" srcset=\"https:\/\/i0.wp.com\/larevistadigital.com.ar\/blog\/wp-content\/uploads\/2018\/01\/WhatsApp-Image-2018-01-28-at-22.36.22.jpeg?w=1040&amp;ssl=1 1040w, https:\/\/i0.wp.com\/larevistadigital.com.ar\/blog\/wp-content\/uploads\/2018\/01\/WhatsApp-Image-2018-01-28-at-22.36.22.jpeg?resize=300%2C225&amp;ssl=1 300w, https:\/\/i0.wp.com\/larevistadigital.com.ar\/blog\/wp-content\/uploads\/2018\/01\/WhatsApp-Image-2018-01-28-at-22.36.22.jpeg?resize=768%2C576&amp;ssl=1 768w, https:\/\/i0.wp.com\/larevistadigital.com.ar\/blog\/wp-content\/uploads\/2018\/01\/WhatsApp-Image-2018-01-28-at-22.36.22.jpeg?resize=1024%2C768&amp;ssl=1 1024w, https:\/\/i0.wp.com\/larevistadigital.com.ar\/blog\/wp-content\/uploads\/2018\/01\/WhatsApp-Image-2018-01-28-at-22.36.22.jpeg?resize=678%2C509&amp;ssl=1 678w, https:\/\/i0.wp.com\/larevistadigital.com.ar\/blog\/wp-content\/uploads\/2018\/01\/WhatsApp-Image-2018-01-28-at-22.36.22.jpeg?resize=326%2C245&amp;ssl=1 326w, https:\/\/i0.wp.com\/larevistadigital.com.ar\/blog\/wp-content\/uploads\/2018\/01\/WhatsApp-Image-2018-01-28-at-22.36.22.jpeg?resize=80%2C60&amp;ssl=1 80w\" sizes=\"auto, (max-width: 1000px) 100vw, 1000px\" \/><\/a> <a href=\"https:\/\/i0.wp.com\/larevistadigital.com.ar\/blog\/wp-content\/uploads\/2018\/01\/WhatsApp-Image-2018-01-28-at-22.36.20.jpeg?ssl=1\"><img data-recalc-dims=\"1\" loading=\"lazy\" decoding=\"async\" class=\"size-full wp-image-4673 aligncenter\" src=\"https:\/\/i0.wp.com\/larevistadigital.com.ar\/blog\/wp-content\/uploads\/2018\/01\/WhatsApp-Image-2018-01-28-at-22.36.20.jpeg?resize=780%2C1040&#038;ssl=1\" alt=\"\" width=\"780\" height=\"1040\" srcset=\"https:\/\/i0.wp.com\/larevistadigital.com.ar\/blog\/wp-content\/uploads\/2018\/01\/WhatsApp-Image-2018-01-28-at-22.36.20.jpeg?w=780&amp;ssl=1 780w, https:\/\/i0.wp.com\/larevistadigital.com.ar\/blog\/wp-content\/uploads\/2018\/01\/WhatsApp-Image-2018-01-28-at-22.36.20.jpeg?resize=225%2C300&amp;ssl=1 225w, https:\/\/i0.wp.com\/larevistadigital.com.ar\/blog\/wp-content\/uploads\/2018\/01\/WhatsApp-Image-2018-01-28-at-22.36.20.jpeg?resize=768%2C1024&amp;ssl=1 768w\" sizes=\"auto, (max-width: 780px) 100vw, 780px\" \/><\/a><\/p>\n","protected":false},"excerpt":{"rendered":"<div class=\"mh-excerpt\"><p>Seg\u00fan narr\u00f3 en su cuenta de facebook un vecino de Chascom\u00fas , y lo menciona FM POR SIEMPRE, el hecho habr\u00eda ocurrido alrededor de las 6:30 AM del domingo, y se comenta que quien protagoniz\u00f3 <a class=\"mh-excerpt-more\" href=\"https:\/\/larevistadigital.com.ar\/blog\/chascomus-terrible-accidente-vuelco-la-costanera\/\" title=\"CHASCOM\u00daS: TERRIBLE ACCIDENTE CON VUELCO EN LA COSTANERA\">[Leer M\u00e1s]<\/a><\/p>\n<\/div>","protected":false},"author":3,"featured_media":4667,"comment_status":"open","ping_status":"open","sticky":false,"template":"","format":"standard","meta":{"_jetpack_memberships_contains_paid_content":false,"footnotes":"","jetpack_publicize_message":"","jetpack_publicize_feature_enabled":true,"jetpack_social_post_already_shared":true,"jetpack_social_options":{"image_generator_settings":{"template":"highway","default_image_id":0,"font":"","enabled":false},"version":2}},"categories":[6,12],"tags":[],"class_list":{"0":"post-4666","1":"post","2":"type-post","3":"status-publish","4":"format-standard","5":"has-post-thumbnail","7":"category-chascomus","8":"category-politica"},"jetpack_publicize_connections":[],"jetpack_featured_media_url":"https:\/\/i0.wp.com\/larevistadigital.com.ar\/blog\/wp-content\/uploads\/2018\/01\/WhatsApp-Image-2018-01-28-at-22.27.18.jpeg?fit=720%2C540&ssl=1","jetpack_sharing_enabled":true,"jetpack_shortlink":"https:\/\/wp.me\/p8qtrQ-1dg","jetpack-related-posts":[{"id":18832,"url":"https:\/\/larevistadigital.com.ar\/blog\/chascomus-por-agresion-a-menor-vecinos-habrian-querido-linchar-al-responsable\/","url_meta":{"origin":4666,"position":0},"title":"CHASCOM\u00daS: POR AGRESI\u00d3N A MENOR, VECINOS HABR\u00cdAN QUERIDO LINCHAR AL RESPONSABLE","author":"Alejandro Sosa Ruda","date":"12 febrero, 2021","format":false,"excerpt":"Ocurri\u00f3 anoche una grave situaci\u00f3n en donde un joven habr\u00eda agredido, o intentado hacerlo a una criatura, el padre quiso castigar\u00a0 al agresor y los vecinos del barrio habr\u00edan tratado de lincharlo. Esa es la informaci\u00f3n que nos env\u00edan algunos vecinos. Algunos lectores amigos se comunicaron con nosotros, relat\u00e1ndonos los\u2026","rel":"","context":"En \u00abCHASCOM\u00daS\u00bb","block_context":{"text":"CHASCOM\u00daS","link":"https:\/\/larevistadigital.com.ar\/blog\/category\/chascomus\/"},"img":{"alt_text":"","src":"https:\/\/i0.wp.com\/larevistadigital.com.ar\/blog\/wp-content\/uploads\/Screenshot_1-121.jpg?fit=1007%2C565&ssl=1&resize=350%2C200","width":350,"height":200,"srcset":"https:\/\/i0.wp.com\/larevistadigital.com.ar\/blog\/wp-content\/uploads\/Screenshot_1-121.jpg?fit=1007%2C565&ssl=1&resize=350%2C200 1x, https:\/\/i0.wp.com\/larevistadigital.com.ar\/blog\/wp-content\/uploads\/Screenshot_1-121.jpg?fit=1007%2C565&ssl=1&resize=525%2C300 1.5x, https:\/\/i0.wp.com\/larevistadigital.com.ar\/blog\/wp-content\/uploads\/Screenshot_1-121.jpg?fit=1007%2C565&ssl=1&resize=700%2C400 2x"},"classes":[]},{"id":6141,"url":"https:\/\/larevistadigital.com.ar\/blog\/chascomus-malos-tratos-en-dependencia-municipal\/","url_meta":{"origin":4666,"position":1},"title":"CHASCOM\u00daS: \u00bfMALOS TRATOS EN DEPENDENCIA MUNICIPAL?","author":"Alejandro Sosa Ruda","date":"3 agosto, 2018","format":false,"excerpt":"Una vez m\u00e1s ha llegado hasta nuestra redacci\u00f3n un ciudadano chascomunense que presenci\u00f3 una fuerte y desubicada discusi\u00f3n en una oficina municipal de calle Dorrego. Con esta son varias las ocasiones que nos llegan quejas de esa dependencia. El vecino asegura que mientras \u00e9l solicitaba informaci\u00f3n para la renovaci\u00f3n de\u2026","rel":"","context":"En \u00abCHASCOM\u00daS\u00bb","block_context":{"text":"CHASCOM\u00daS","link":"https:\/\/larevistadigital.com.ar\/blog\/category\/chascomus\/"},"img":{"alt_text":"","src":"https:\/\/i0.wp.com\/larevistadigital.com.ar\/blog\/wp-content\/uploads\/2018\/08\/4E0.jpg?fit=660%2C350&ssl=1&resize=350%2C200","width":350,"height":200,"srcset":"https:\/\/i0.wp.com\/larevistadigital.com.ar\/blog\/wp-content\/uploads\/2018\/08\/4E0.jpg?fit=660%2C350&ssl=1&resize=350%2C200 1x, https:\/\/i0.wp.com\/larevistadigital.com.ar\/blog\/wp-content\/uploads\/2018\/08\/4E0.jpg?fit=660%2C350&ssl=1&resize=525%2C300 1.5x"},"classes":[]},{"id":11806,"url":"https:\/\/larevistadigital.com.ar\/blog\/fernandez-se-impondria-con-amplitud-sobre-macri-kicillof-habria-ganado-en-provincia-y-en-chascomus-el-ganador-seria-tambien-el-frente-de-todos\/","url_meta":{"origin":4666,"position":2},"title":"FERNANDEZ SE IMPONDR\u00cdA CON AMPLITUD SOBRE MACRI, KICILLOF HABR\u00cdA GANADO EN PROVINCIA, Y EN CHASCOM\u00daS EL GANADOR SER\u00cdA TAMBI\u00c9N EL FRENTE DE TODOS","author":"Alejandro Sosa Ruda","date":"11 agosto, 2019","format":false,"excerpt":"Los primeros datos extraoficiales, indicar\u00edan que el triunfo en estas PASO ser\u00eda de la f\u00f3rmula Alberto Fern\u00e1ndez y Cristina Kirchner, como tambi\u00e9n en la provincia, pero por menor margen se habr\u00eda impuesto el candidato K, Axel Kicillof. En la ciudad de Chascom\u00fas, el actual intendente y candidato del Frente de\u2026","rel":"","context":"En \u00abDESTACADAS\u00bb","block_context":{"text":"DESTACADAS","link":"https:\/\/larevistadigital.com.ar\/blog\/category\/destacadas\/"},"img":{"alt_text":"","src":"https:\/\/i0.wp.com\/larevistadigital.com.ar\/blog\/wp-content\/uploads\/elecciones-2019.jpg?fit=791%2C445&ssl=1&resize=350%2C200","width":350,"height":200,"srcset":"https:\/\/i0.wp.com\/larevistadigital.com.ar\/blog\/wp-content\/uploads\/elecciones-2019.jpg?fit=791%2C445&ssl=1&resize=350%2C200 1x, https:\/\/i0.wp.com\/larevistadigital.com.ar\/blog\/wp-content\/uploads\/elecciones-2019.jpg?fit=791%2C445&ssl=1&resize=525%2C300 1.5x, https:\/\/i0.wp.com\/larevistadigital.com.ar\/blog\/wp-content\/uploads\/elecciones-2019.jpg?fit=791%2C445&ssl=1&resize=700%2C400 2x"},"classes":[]},{"id":13634,"url":"https:\/\/larevistadigital.com.ar\/blog\/chascomus-vecinos-de-el-porteno-enojados-elevan-nota-al-municipio\/","url_meta":{"origin":4666,"position":3},"title":"CHASCOM\u00daS: VECINOS DE EL PORTE\u00d1O ENOJADOS, ELEVAN NOTA AL MUNICIPIO","author":"Alejandro Sosa Ruda","date":"12 diciembre, 2019","format":false,"excerpt":"Vecinos del barrio \"El Porte\u00f1o\", y algunos propietarios de la zona rural, presentaron una nota por mesa de entradas de la Municipalidad de Chascom\u00fas, en donde solicitan que se vuelvan a colocar los moderadores de velocidad por la escuela 8. Tambi\u00e9n, est\u00e1n reclamando el mejorado de piedra para camino de\u2026","rel":"","context":"En \u00abINTERES GENERAL\u00bb","block_context":{"text":"INTERES GENERAL","link":"https:\/\/larevistadigital.com.ar\/blog\/category\/interes-general\/"},"img":{"alt_text":"","src":"https:\/\/i0.wp.com\/larevistadigital.com.ar\/blog\/wp-content\/uploads\/WhatsApp-Image-2019-12-12-at-20.21.28.jpeg?fit=1152%2C864&ssl=1&resize=350%2C200","width":350,"height":200,"srcset":"https:\/\/i0.wp.com\/larevistadigital.com.ar\/blog\/wp-content\/uploads\/WhatsApp-Image-2019-12-12-at-20.21.28.jpeg?fit=1152%2C864&ssl=1&resize=350%2C200 1x, https:\/\/i0.wp.com\/larevistadigital.com.ar\/blog\/wp-content\/uploads\/WhatsApp-Image-2019-12-12-at-20.21.28.jpeg?fit=1152%2C864&ssl=1&resize=525%2C300 1.5x, https:\/\/i0.wp.com\/larevistadigital.com.ar\/blog\/wp-content\/uploads\/WhatsApp-Image-2019-12-12-at-20.21.28.jpeg?fit=1152%2C864&ssl=1&resize=700%2C400 2x, https:\/\/i0.wp.com\/larevistadigital.com.ar\/blog\/wp-content\/uploads\/WhatsApp-Image-2019-12-12-at-20.21.28.jpeg?fit=1152%2C864&ssl=1&resize=1050%2C600 3x"},"classes":[]},{"id":3611,"url":"https:\/\/larevistadigital.com.ar\/blog\/chascomus-lamentable-primicia-fallecio-una-mujer-accidentada-no-habrian-podido-operarla-tiempo\/","url_meta":{"origin":4666,"position":4},"title":"CHASCOM\u00daS: LAMENTABLE PRIMICIA. FALLECI\u00d3 UNA MUJER ACCIDENTADA. NO HABR\u00cdAN PODIDO OPERARLA  CON LA URGENCIA DEL CASO","author":"Alejandro Sosa Ruda","date":"27 octubre, 2017","format":false,"excerpt":"Una mujer que sufri\u00f3 las consecuencias de un accidente automovil\u00edstico ocurrido por la tarde habr\u00eda fallecido por las graves lesiones que tuvo como consecuencia del siniestro, y seg\u00fan comentaron fuentes altamente confiables a LRD el deceso habr\u00eda ocurrido por las graves lesiones que presentaba la se\u00f1ora, y lo peor, es\u2026","rel":"","context":"En \u00abDESTACADAS\u00bb","block_context":{"text":"DESTACADAS","link":"https:\/\/larevistadigital.com.ar\/blog\/category\/destacadas\/"},"img":{"alt_text":"","src":"https:\/\/i0.wp.com\/larevistadigital.com.ar\/blog\/wp-content\/uploads\/2017\/10\/22730318_1588559504497487_4180207929121000854_n.jpg?fit=650%2C596&ssl=1&resize=350%2C200","width":350,"height":200,"srcset":"https:\/\/i0.wp.com\/larevistadigital.com.ar\/blog\/wp-content\/uploads\/2017\/10\/22730318_1588559504497487_4180207929121000854_n.jpg?fit=650%2C596&ssl=1&resize=350%2C200 1x, https:\/\/i0.wp.com\/larevistadigital.com.ar\/blog\/wp-content\/uploads\/2017\/10\/22730318_1588559504497487_4180207929121000854_n.jpg?fit=650%2C596&ssl=1&resize=525%2C300 1.5x"},"classes":[]},{"id":37178,"url":"https:\/\/larevistadigital.com.ar\/blog\/chascomus-allanamiento-con-secuestro-de-mas-de-2kg-de-marihuana\/","url_meta":{"origin":4666,"position":5},"title":"CHASCOM\u00daS : ALLANAMIENTO CON SECUESTRO DE M\u00c1S DE 2KG. DE MARIHUANA","author":"Alejandro Sosa Ruda","date":"10 septiembre, 2024","format":false,"excerpt":"Se llev\u00f3 a cabo desde las 7 de la ma\u00f1ana aproximadamente. 10 de Septiembre de 2024 CHASCOM\u00daS -\u00a0 \u00a0\u00a0Fuentes inobjetables nos hicieron llegar la informaci\u00f3n que esta ma\u00f1ana, un poco antes de las 7 AM, se llev\u00f3 a cabo un allanamiento detr\u00e1s del cementerio, m\u00e1s precisamente sobre calle Necochea, cai\u2026","rel":"","context":"En \u00abDESTACADAS\u00bb","block_context":{"text":"DESTACADAS","link":"https:\/\/larevistadigital.com.ar\/blog\/category\/destacadas\/"},"img":{"alt_text":"","src":"https:\/\/i0.wp.com\/larevistadigital.com.ar\/blog\/wp-content\/uploads\/ALLANAMIENTO.jpg?fit=1200%2C814&ssl=1&resize=350%2C200","width":350,"height":200,"srcset":"https:\/\/i0.wp.com\/larevistadigital.com.ar\/blog\/wp-content\/uploads\/ALLANAMIENTO.jpg?fit=1200%2C814&ssl=1&resize=350%2C200 1x, https:\/\/i0.wp.com\/larevistadigital.com.ar\/blog\/wp-content\/uploads\/ALLANAMIENTO.jpg?fit=1200%2C814&ssl=1&resize=525%2C300 1.5x, https:\/\/i0.wp.com\/larevistadigital.com.ar\/blog\/wp-content\/uploads\/ALLANAMIENTO.jpg?fit=1200%2C814&ssl=1&resize=700%2C400 2x, https:\/\/i0.wp.com\/larevistadigital.com.ar\/blog\/wp-content\/uploads\/ALLANAMIENTO.jpg?fit=1200%2C814&ssl=1&resize=1050%2C600 3x"},"classes":[]}],"_links":{"self":[{"href":"https:\/\/larevistadigital.com.ar\/blog\/wp-json\/wp\/v2\/posts\/4666","targetHints":{"allow":["GET"]}}],"collection":[{"href":"https:\/\/larevistadigital.com.ar\/blog\/wp-json\/wp\/v2\/posts"}],"about":[{"href":"https:\/\/larevistadigital.com.ar\/blog\/wp-json\/wp\/v2\/types\/post"}],"author":[{"embeddable":true,"href":"https:\/\/larevistadigital.com.ar\/blog\/wp-json\/wp\/v2\/users\/3"}],"replies":[{"embeddable":true,"href":"https:\/\/larevistadigital.com.ar\/blog\/wp-json\/wp\/v2\/comments?post=4666"}],"version-history":[{"count":1,"href":"https:\/\/larevistadigital.com.ar\/blog\/wp-json\/wp\/v2\/posts\/4666\/revisions"}],"predecessor-version":[{"id":4674,"href":"https:\/\/larevistadigital.com.ar\/blog\/wp-json\/wp\/v2\/posts\/4666\/revisions\/4674"}],"wp:featuredmedia":[{"embeddable":true,"href":"https:\/\/larevistadigital.com.ar\/blog\/wp-json\/wp\/v2\/media\/4667"}],"wp:attachment":[{"href":"https:\/\/larevistadigital.com.ar\/blog\/wp-json\/wp\/v2\/media?parent=4666"}],"wp:term":[{"taxonomy":"category","embeddable":true,"href":"https:\/\/larevistadigital.com.ar\/blog\/wp-json\/wp\/v2\/categories?post=4666"},{"taxonomy":"post_tag","embeddable":true,"href":"https:\/\/larevistadigital.com.ar\/blog\/wp-json\/wp\/v2\/tags?post=4666"}],"curies":[{"name":"wp","href":"https:\/\/api.w.org\/{rel}","templated":true}]}}