{"id":4676,"date":"2018-01-29T12:23:49","date_gmt":"2018-01-29T12:23:49","guid":{"rendered":"https:\/\/larevistadigital.com.ar\/blog\/?p=4676"},"modified":"2018-01-29T12:25:50","modified_gmt":"2018-01-29T12:25:50","slug":"lezama-concejal-del-pro-renuncio-dieta","status":"publish","type":"post","link":"https:\/\/larevistadigital.com.ar\/blog\/lezama-concejal-del-pro-renuncio-dieta\/","title":{"rendered":"LEZAMA: CONCEJAL DEL PRO RENUNCI\u00d3 A SU DIETA"},"content":{"rendered":"<p>El concejal del PRO,<strong> Lucas Iturri<\/strong>, que integra el bloque de concejales del \u00abFrente Uni\u00f3n por Lezama\u00bb, hizo saber a trav\u00e9s de una nota que present\u00f3 al Presidente del Concejo Deliberante de Lezama, en la que comunica su decisi\u00f3n de renunciar a la dieta\u00a0que le corresponde por ejercer el cargo para el cual fue electo.<\/p>\n<p>Fuentes cercanas al edil, nos brindaron la informaci\u00f3n, adem\u00e1s de facilitarnos una imagen de la nota que fuera presentada por el mismo.<\/p>\n<p>Solamente percibir\u00e1\u00a0una suma No Remunerativa y Compensatoria de los Gastos Inherentes a la funci\u00f3n de Concejal, que ser\u00eda el equivalente a las dos terceras partes de la dieta que se establece, seg\u00fan lo reglamenta la Ley Org\u00e1nica Municipal en su art\u00edculo 92.<\/p>\n<p style=\"text-align: center\"><strong>AQU\u00cd LA NOTA PRESENTADA<\/strong><\/p>\n<p><a href=\"https:\/\/i0.wp.com\/larevistadigital.com.ar\/blog\/wp-content\/uploads\/2018\/01\/nota-iturri.jpg?ssl=1\"><img data-recalc-dims=\"1\" loading=\"lazy\" decoding=\"async\" class=\"size-full wp-image-4677 aligncenter\" src=\"https:\/\/i0.wp.com\/larevistadigital.com.ar\/blog\/wp-content\/uploads\/2018\/01\/nota-iturri.jpg?resize=717%2C960&#038;ssl=1\" alt=\"\" width=\"717\" height=\"960\" srcset=\"https:\/\/i0.wp.com\/larevistadigital.com.ar\/blog\/wp-content\/uploads\/2018\/01\/nota-iturri.jpg?w=717&amp;ssl=1 717w, https:\/\/i0.wp.com\/larevistadigital.com.ar\/blog\/wp-content\/uploads\/2018\/01\/nota-iturri.jpg?resize=224%2C300&amp;ssl=1 224w\" sizes=\"auto, (max-width: 717px) 100vw, 717px\" \/><\/a><\/p>\n","protected":false},"excerpt":{"rendered":"<div class=\"mh-excerpt\"><p>El concejal del PRO, Lucas Iturri, que integra el bloque de concejales del \u00abFrente Uni\u00f3n por Lezama\u00bb, hizo saber a trav\u00e9s de una nota que present\u00f3 al Presidente del Concejo Deliberante de Lezama, en la <a class=\"mh-excerpt-more\" href=\"https:\/\/larevistadigital.com.ar\/blog\/lezama-concejal-del-pro-renuncio-dieta\/\" title=\"LEZAMA: CONCEJAL DEL PRO RENUNCI\u00d3 A SU DIETA\">[Leer M\u00e1s]<\/a><\/p>\n<\/div>","protected":false},"author":3,"featured_media":4678,"comment_status":"open","ping_status":"open","sticky":false,"template":"","format":"standard","meta":{"_jetpack_memberships_contains_paid_content":false,"footnotes":"","jetpack_publicize_message":"","jetpack_publicize_feature_enabled":true,"jetpack_social_post_already_shared":true,"jetpack_social_options":{"image_generator_settings":{"template":"highway","default_image_id":0,"font":"","enabled":false},"version":2}},"categories":[7,12,1],"tags":[],"class_list":{"0":"post-4676","1":"post","2":"type-post","3":"status-publish","4":"format-standard","5":"has-post-thumbnail","7":"category-lezama","8":"category-politica","9":"category-sin-categoria"},"jetpack_publicize_connections":[],"jetpack_featured_media_url":"https:\/\/i0.wp.com\/larevistadigital.com.ar\/blog\/wp-content\/uploads\/2018\/01\/LUCAS-ITURRI.jpg?fit=650%2C576&ssl=1","jetpack_sharing_enabled":true,"jetpack_shortlink":"https:\/\/wp.me\/p8qtrQ-1dq","jetpack-related-posts":[{"id":4191,"url":"https:\/\/larevistadigital.com.ar\/blog\/lezama-asumieron-los-nuevos-ediles\/","url_meta":{"origin":4676,"position":0},"title":"LEZAMA: ASUMIERON LOS NUEVOS EDILES","author":"Alejandro Sosa Ruda","date":"12 diciembre, 2017","format":false,"excerpt":"Como en los otros distritos, asumieron en Lezama los concejales electos en octubre pasado, adem\u00e1s de elegir las nuevas autoridades del Concejo Deliberante. En primer lugar, se realiz\u00f3 el acto de reconocimiento a los Concejales que terminaron su mandato, siendo los mismos,\u00a0\u00a0Mar\u00eda Gabriela Blanco (renov\u00f3 su Banca) y Mat\u00edas Mognone\u2026","rel":"","context":"En \u00abLEZAMA\u00bb","block_context":{"text":"LEZAMA","link":"https:\/\/larevistadigital.com.ar\/blog\/category\/lezama\/"},"img":{"alt_text":"","src":"https:\/\/i0.wp.com\/larevistadigital.com.ar\/blog\/wp-content\/uploads\/2017\/12\/4iv9v.jpg?fit=600%2C595&ssl=1&resize=350%2C200","width":350,"height":200,"srcset":"https:\/\/i0.wp.com\/larevistadigital.com.ar\/blog\/wp-content\/uploads\/2017\/12\/4iv9v.jpg?fit=600%2C595&ssl=1&resize=350%2C200 1x, https:\/\/i0.wp.com\/larevistadigital.com.ar\/blog\/wp-content\/uploads\/2017\/12\/4iv9v.jpg?fit=600%2C595&ssl=1&resize=525%2C300 1.5x"},"classes":[]},{"id":20511,"url":"https:\/\/larevistadigital.com.ar\/blog\/lezama-no-sera-mucho-es-concejal-del-fdt-es-jefe-de-anses-y-ahora-recibio-un-plan-procrear\/","url_meta":{"origin":4676,"position":1},"title":"LEZAMA: \u00bfNO SER\u00c1 MUCHO? ES CONCEJAL DEL FDT, ES JEFE DE ANS\u00c9S,  Y AHORA RECIBI\u00d3 UN PLAN \u00abPROCREAR\u00bb","author":"Alejandro Sosa Ruda","date":"28 mayo, 2021","format":false,"excerpt":"LEZAMA - Luego de los distintos esc\u00e1ndalos de diferente calibre que hemos tenido que observar, a veces con bronca, con impotencia y con indignaci\u00f3n al observar c\u00f3mo algunos actores pol\u00edticos se apropian de beneficios, que est\u00e1n supuestamente pensados para ayudar a los \"que m\u00e1s lo necesitan\". As\u00ed, con cada vez\u2026","rel":"","context":"En \u00abLEZAMA\u00bb","block_context":{"text":"LEZAMA","link":"https:\/\/larevistadigital.com.ar\/blog\/category\/lezama\/"},"img":{"alt_text":"","src":"https:\/\/i0.wp.com\/larevistadigital.com.ar\/blog\/wp-content\/uploads\/hamacher-procrear.jpg?fit=1200%2C1200&ssl=1&resize=350%2C200","width":350,"height":200,"srcset":"https:\/\/i0.wp.com\/larevistadigital.com.ar\/blog\/wp-content\/uploads\/hamacher-procrear.jpg?fit=1200%2C1200&ssl=1&resize=350%2C200 1x, https:\/\/i0.wp.com\/larevistadigital.com.ar\/blog\/wp-content\/uploads\/hamacher-procrear.jpg?fit=1200%2C1200&ssl=1&resize=525%2C300 1.5x, https:\/\/i0.wp.com\/larevistadigital.com.ar\/blog\/wp-content\/uploads\/hamacher-procrear.jpg?fit=1200%2C1200&ssl=1&resize=700%2C400 2x, https:\/\/i0.wp.com\/larevistadigital.com.ar\/blog\/wp-content\/uploads\/hamacher-procrear.jpg?fit=1200%2C1200&ssl=1&resize=1050%2C600 3x"},"classes":[]},{"id":1373,"url":"https:\/\/larevistadigital.com.ar\/blog\/un-concejal-dono-su-dieta-a-defensa-civil\/","url_meta":{"origin":4676,"position":2},"title":"Un Concejal don\u00f3 su dieta a Defensa Civil","author":"editor","date":"15 marzo, 2017","format":false,"excerpt":"Un rayo ca\u00eddo el pasado 21 de febrero provoc\u00f3 la destrucci\u00f3n de la totalidad de los equipos t\u00e9cnicos que posee la Direcci\u00f3n de Defensa Civil de la ciudad de Castelli. Su titular, Carlos Aranciaga aclar\u00f3 en su momento que una PC de escritorio, el equipo satelital y los equipos de\u2026","rel":"","context":"En \u00abCASTELLI\u00bb","block_context":{"text":"CASTELLI","link":"https:\/\/larevistadigital.com.ar\/blog\/category\/castelli\/"},"img":{"alt_text":"","src":"https:\/\/i0.wp.com\/larevistadigital.com.ar\/blog\/wp-content\/uploads\/2017\/03\/DEFENSA-CIVIL-CASTELLI.jpg?fit=960%2C576&ssl=1&resize=350%2C200","width":350,"height":200,"srcset":"https:\/\/i0.wp.com\/larevistadigital.com.ar\/blog\/wp-content\/uploads\/2017\/03\/DEFENSA-CIVIL-CASTELLI.jpg?fit=960%2C576&ssl=1&resize=350%2C200 1x, https:\/\/i0.wp.com\/larevistadigital.com.ar\/blog\/wp-content\/uploads\/2017\/03\/DEFENSA-CIVIL-CASTELLI.jpg?fit=960%2C576&ssl=1&resize=525%2C300 1.5x, https:\/\/i0.wp.com\/larevistadigital.com.ar\/blog\/wp-content\/uploads\/2017\/03\/DEFENSA-CIVIL-CASTELLI.jpg?fit=960%2C576&ssl=1&resize=700%2C400 2x"},"classes":[]},{"id":2898,"url":"https:\/\/larevistadigital.com.ar\/blog\/baldi-coronas-correra-los-mil-kilometros-del-tc\/","url_meta":{"origin":4676,"position":3},"title":"Baldi Coronas correr\u00e1 los mil kil\u00f3metros del TC","author":"admin","date":"4 agosto, 2017","format":false,"excerpt":"El piloto de Lezama ser\u00e1 parte del tr\u00edo junto a Pablo Constanzo y Sergio Alaux el pr\u00f3ximo fin de semana. Baldi habl\u00f3 sobre el evento, en F.M La Nube la Radio de Lezama... \u00a0 Baldi Coronas correr\u00e1 los mil kil\u00f3metros del TC \u00a0NOTA REALIZADA POR FM LA NUBE","rel":"","context":"En \u00abLEZAMA\u00bb","block_context":{"text":"LEZAMA","link":"https:\/\/larevistadigital.com.ar\/blog\/category\/lezama\/"},"img":{"alt_text":"","src":"https:\/\/i0.wp.com\/larevistadigital.com.ar\/blog\/wp-content\/uploads\/2017\/08\/resize_1501604882.jpg?fit=800%2C600&ssl=1&resize=350%2C200","width":350,"height":200,"srcset":"https:\/\/i0.wp.com\/larevistadigital.com.ar\/blog\/wp-content\/uploads\/2017\/08\/resize_1501604882.jpg?fit=800%2C600&ssl=1&resize=350%2C200 1x, https:\/\/i0.wp.com\/larevistadigital.com.ar\/blog\/wp-content\/uploads\/2017\/08\/resize_1501604882.jpg?fit=800%2C600&ssl=1&resize=525%2C300 1.5x, https:\/\/i0.wp.com\/larevistadigital.com.ar\/blog\/wp-content\/uploads\/2017\/08\/resize_1501604882.jpg?fit=800%2C600&ssl=1&resize=700%2C400 2x"},"classes":[]},{"id":16518,"url":"https:\/\/larevistadigital.com.ar\/blog\/lezama-el-municipio-retomo-el-horario-habitual\/","url_meta":{"origin":4676,"position":4},"title":"LEZAMA: EL MUNICIPIO RETOM\u00d3 EL HORARIO HABITUAL","author":"Alejandro Sosa Ruda","date":"26 septiembre, 2020","format":false,"excerpt":"A trav\u00e9s de su p\u00e1gina de Facebook, el Municipio de Lezama inform\u00f3 que retornar\u00e1 a su horario de atenci\u00f3n habitual, siendo el mismo de 8:00 a 13:00 horas, y que las cajas cierran a las 12.30, por tr\u00e1mites bancarios. \u00a0","rel":"","context":"En \u00abLEZAMA\u00bb","block_context":{"text":"LEZAMA","link":"https:\/\/larevistadigital.com.ar\/blog\/category\/lezama\/"},"img":{"alt_text":"","src":"https:\/\/i0.wp.com\/larevistadigital.com.ar\/blog\/wp-content\/uploads\/2019\/05\/59931493_1454351558090874_3533011660711133184_o.jpg?fit=1200%2C708&ssl=1&resize=350%2C200","width":350,"height":200,"srcset":"https:\/\/i0.wp.com\/larevistadigital.com.ar\/blog\/wp-content\/uploads\/2019\/05\/59931493_1454351558090874_3533011660711133184_o.jpg?fit=1200%2C708&ssl=1&resize=350%2C200 1x, https:\/\/i0.wp.com\/larevistadigital.com.ar\/blog\/wp-content\/uploads\/2019\/05\/59931493_1454351558090874_3533011660711133184_o.jpg?fit=1200%2C708&ssl=1&resize=525%2C300 1.5x, https:\/\/i0.wp.com\/larevistadigital.com.ar\/blog\/wp-content\/uploads\/2019\/05\/59931493_1454351558090874_3533011660711133184_o.jpg?fit=1200%2C708&ssl=1&resize=700%2C400 2x, https:\/\/i0.wp.com\/larevistadigital.com.ar\/blog\/wp-content\/uploads\/2019\/05\/59931493_1454351558090874_3533011660711133184_o.jpg?fit=1200%2C708&ssl=1&resize=1050%2C600 3x"},"classes":[]},{"id":9489,"url":"https:\/\/larevistadigital.com.ar\/blog\/lezama-informacion-util\/","url_meta":{"origin":4676,"position":5},"title":"LEZAMA: INFORMACI\u00d3N \u00daTIL","author":"Alejandro Sosa Ruda","date":"1 abril, 2019","format":false,"excerpt":"Desde la cuenta de facebook de la Municipalidad de Lezama, se informa que el sector de Desarrollo Social, atender\u00e1 desde el pr\u00f3ximo 4 de abril en su nuevo horario de 8:00 a 13:000 horas.","rel":"","context":"En \u00abLEZAMA\u00bb","block_context":{"text":"LEZAMA","link":"https:\/\/larevistadigital.com.ar\/blog\/category\/lezama\/"},"img":{"alt_text":"","src":"https:\/\/i0.wp.com\/larevistadigital.com.ar\/blog\/wp-content\/uploads\/2019\/04\/Screenshot_2.jpg?fit=732%2C501&ssl=1&resize=350%2C200","width":350,"height":200,"srcset":"https:\/\/i0.wp.com\/larevistadigital.com.ar\/blog\/wp-content\/uploads\/2019\/04\/Screenshot_2.jpg?fit=732%2C501&ssl=1&resize=350%2C200 1x, https:\/\/i0.wp.com\/larevistadigital.com.ar\/blog\/wp-content\/uploads\/2019\/04\/Screenshot_2.jpg?fit=732%2C501&ssl=1&resize=525%2C300 1.5x, https:\/\/i0.wp.com\/larevistadigital.com.ar\/blog\/wp-content\/uploads\/2019\/04\/Screenshot_2.jpg?fit=732%2C501&ssl=1&resize=700%2C400 2x"},"classes":[]}],"_links":{"self":[{"href":"https:\/\/larevistadigital.com.ar\/blog\/wp-json\/wp\/v2\/posts\/4676","targetHints":{"allow":["GET"]}}],"collection":[{"href":"https:\/\/larevistadigital.com.ar\/blog\/wp-json\/wp\/v2\/posts"}],"about":[{"href":"https:\/\/larevistadigital.com.ar\/blog\/wp-json\/wp\/v2\/types\/post"}],"author":[{"embeddable":true,"href":"https:\/\/larevistadigital.com.ar\/blog\/wp-json\/wp\/v2\/users\/3"}],"replies":[{"embeddable":true,"href":"https:\/\/larevistadigital.com.ar\/blog\/wp-json\/wp\/v2\/comments?post=4676"}],"version-history":[{"count":1,"href":"https:\/\/larevistadigital.com.ar\/blog\/wp-json\/wp\/v2\/posts\/4676\/revisions"}],"predecessor-version":[{"id":4679,"href":"https:\/\/larevistadigital.com.ar\/blog\/wp-json\/wp\/v2\/posts\/4676\/revisions\/4679"}],"wp:featuredmedia":[{"embeddable":true,"href":"https:\/\/larevistadigital.com.ar\/blog\/wp-json\/wp\/v2\/media\/4678"}],"wp:attachment":[{"href":"https:\/\/larevistadigital.com.ar\/blog\/wp-json\/wp\/v2\/media?parent=4676"}],"wp:term":[{"taxonomy":"category","embeddable":true,"href":"https:\/\/larevistadigital.com.ar\/blog\/wp-json\/wp\/v2\/categories?post=4676"},{"taxonomy":"post_tag","embeddable":true,"href":"https:\/\/larevistadigital.com.ar\/blog\/wp-json\/wp\/v2\/tags?post=4676"}],"curies":[{"name":"wp","href":"https:\/\/api.w.org\/{rel}","templated":true}]}}