{"id":4681,"date":"2018-01-30T00:42:58","date_gmt":"2018-01-30T00:42:58","guid":{"rendered":"https:\/\/larevistadigital.com.ar\/blog\/?p=4681"},"modified":"2018-01-30T01:00:28","modified_gmt":"2018-01-30T01:00:28","slug":"lo-vi-internet-hoy-la-broma-la-serpiente-dos-videos","status":"publish","type":"post","link":"https:\/\/larevistadigital.com.ar\/blog\/lo-vi-internet-hoy-la-broma-la-serpiente-dos-videos\/","title":{"rendered":"\u00abLO VI EN INTERNET\u00bb HOY LA BROMA DE LA SERPIENTE&#8230; (dos videos)"},"content":{"rendered":"<p>Una falsa serpiente, dos chicos malos y&#8230;<\/p>\n<div style=\"width: 360px;\" class=\"wp-video\"><!--[if lt IE 9]><script>document.createElement('video');<\/script><![endif]-->\n<video class=\"wp-video-shortcode\" id=\"video-4681-1\" width=\"360\" height=\"360\" preload=\"metadata\" controls=\"controls\"><source type=\"video\/mp4\" src=\"https:\/\/larevistadigital.com.ar\/blog\/wp-content\/uploads\/2018\/01\/otravezz.mp4?_=1\" \/><a href=\"https:\/\/larevistadigital.com.ar\/blog\/wp-content\/uploads\/2018\/01\/otravezz.mp4\">https:\/\/larevistadigital.com.ar\/blog\/wp-content\/uploads\/2018\/01\/otravezz.mp4<\/a><\/video><\/div>\n<p>&nbsp;<\/p>\n<p>Toman dos nuevos empleados, que deben convivir con una amiguita&#8230;Y luego si se escapa?&#8230;<\/p>\n<p>&nbsp;<\/p>\n<div style=\"width: 640px;\" class=\"wp-video\"><video class=\"wp-video-shortcode\" id=\"video-4681-2\" width=\"640\" height=\"360\" preload=\"metadata\" controls=\"controls\"><source type=\"video\/mp4\" src=\"https:\/\/larevistadigital.com.ar\/blog\/wp-content\/uploads\/2018\/01\/SERPENTINAS-1.mp4?_=2\" \/><a href=\"https:\/\/larevistadigital.com.ar\/blog\/wp-content\/uploads\/2018\/01\/SERPENTINAS-1.mp4\">https:\/\/larevistadigital.com.ar\/blog\/wp-content\/uploads\/2018\/01\/SERPENTINAS-1.mp4<\/a><\/video><\/div>\n","protected":false},"excerpt":{"rendered":"<div class=\"mh-excerpt\"><p>Una falsa serpiente, dos chicos malos y&#8230; &nbsp; Toman dos nuevos empleados, que deben convivir con una amiguita&#8230;Y luego si se escapa?&#8230; &nbsp;<\/p>\n<\/div>","protected":false},"author":3,"featured_media":4689,"comment_status":"open","ping_status":"open","sticky":false,"template":"","format":"standard","meta":{"_jetpack_memberships_contains_paid_content":false,"footnotes":"","jetpack_publicize_message":"","jetpack_publicize_feature_enabled":true,"jetpack_social_post_already_shared":true,"jetpack_social_options":{"image_generator_settings":{"template":"highway","default_image_id":0,"font":"","enabled":false},"version":2}},"categories":[45],"tags":[],"class_list":{"0":"post-4681","1":"post","2":"type-post","3":"status-publish","4":"format-standard","5":"has-post-thumbnail","7":"category-lo-vi-en-internet"},"jetpack_publicize_connections":[],"jetpack_featured_media_url":"https:\/\/i0.wp.com\/larevistadigital.com.ar\/blog\/wp-content\/uploads\/2018\/01\/Screenshot_1-3.jpg?fit=1169%2C810&ssl=1","jetpack_sharing_enabled":true,"jetpack_shortlink":"https:\/\/wp.me\/p8qtrQ-1dv","jetpack-related-posts":[{"id":13061,"url":"https:\/\/larevistadigital.com.ar\/blog\/panico-al-encontrar-una-serpiente-en-escuela-primaria\/","url_meta":{"origin":4681,"position":0},"title":"P\u00c1NICO AL ENCONTRAR UNA SERPIENTE EN ESCUELA PRIMARIA","author":"Alejandro Sosa Ruda","date":"5 noviembre, 2019","format":false,"excerpt":"Una serpiente de importantes dimensiones fue encontrada en la Escuela Primaria 4 de Paseo 119 y Avenida 30, en Monte Rinc\u00f3n, Villa Gesell. Seg\u00fan Minuto G, el animal, que no es venenoso, provoc\u00f3 la inmediata evacuaci\u00f3n de la zona. Personal de zoonosis municipal lo retir\u00f3 del establecimiento y lo llev\u00f3\u2026","rel":"","context":"En \u00abCURIOSAS\u00bb","block_context":{"text":"CURIOSAS","link":"https:\/\/larevistadigital.com.ar\/blog\/category\/curiosas\/"},"img":{"alt_text":"","src":"https:\/\/i0.wp.com\/larevistadigital.com.ar\/blog\/wp-content\/uploads\/e7dfc716acb58d7fc9bde24d12548f5227d78fb0.jpg?fit=1140%2C759&ssl=1&resize=350%2C200","width":350,"height":200,"srcset":"https:\/\/i0.wp.com\/larevistadigital.com.ar\/blog\/wp-content\/uploads\/e7dfc716acb58d7fc9bde24d12548f5227d78fb0.jpg?fit=1140%2C759&ssl=1&resize=350%2C200 1x, https:\/\/i0.wp.com\/larevistadigital.com.ar\/blog\/wp-content\/uploads\/e7dfc716acb58d7fc9bde24d12548f5227d78fb0.jpg?fit=1140%2C759&ssl=1&resize=525%2C300 1.5x, https:\/\/i0.wp.com\/larevistadigital.com.ar\/blog\/wp-content\/uploads\/e7dfc716acb58d7fc9bde24d12548f5227d78fb0.jpg?fit=1140%2C759&ssl=1&resize=700%2C400 2x, https:\/\/i0.wp.com\/larevistadigital.com.ar\/blog\/wp-content\/uploads\/e7dfc716acb58d7fc9bde24d12548f5227d78fb0.jpg?fit=1140%2C759&ssl=1&resize=1050%2C600 3x"},"classes":[]},{"id":4821,"url":"https:\/\/larevistadigital.com.ar\/blog\/la-hija-menor-balcedo-fue-mordida-una-serpiente\/","url_meta":{"origin":4681,"position":1},"title":"LA HIJA MENOR DE BALCEDO FUE MORDIDA POR UNA SERPIENTE","author":"Alejandro Sosa Ruda","date":"9 febrero, 2018","format":false,"excerpt":"La hija menor de Marcelo Balcedo, el ex titular del Soeme detenido por lavado de activos, se encuentra\u00a0internada en el hospital de Maldonado luego de haber sido mordida por una serpiente\u00a0mientras estaba en la estancia \"El Gran Chaparral\" de Playa Verde, departamento de Maldonado. Uno de los abogados de Balcedo,\u2026","rel":"","context":"En \u00abPOLITICA\u00bb","block_context":{"text":"POLITICA","link":"https:\/\/larevistadigital.com.ar\/blog\/category\/politica\/"},"img":{"alt_text":"","src":"","width":0,"height":0},"classes":[]},{"id":3959,"url":"https:\/\/larevistadigital.com.ar\/blog\/encuentra-una-serpiente-gigante-suelo-casa\/","url_meta":{"origin":4681,"position":2},"title":"Encuentra una serpiente gigante bajo el suelo de su casa","author":"admin","date":"27 noviembre, 2017","format":false,"excerpt":"Una mujer colgaba la ropa en su casa, en Tailandia, cuando sinti\u00f3 una extra\u00f1a vibraci\u00f3n en el suelo y vio que, en uno de los bordes del pavimento, asomaba la cola de una serpiente. En principio, el personal de emergencia que se desplaz\u00f3 hasta la vivienda de esa mujer no\u2026","rel":"","context":"En \u00abCURIOSAS\u00bb","block_context":{"text":"CURIOSAS","link":"https:\/\/larevistadigital.com.ar\/blog\/category\/curiosas\/"},"img":{"alt_text":"","src":"https:\/\/i0.wp.com\/larevistadigital.com.ar\/blog\/wp-content\/uploads\/2017\/11\/maxresdefault.jpg?fit=1200%2C675&ssl=1&resize=350%2C200","width":350,"height":200,"srcset":"https:\/\/i0.wp.com\/larevistadigital.com.ar\/blog\/wp-content\/uploads\/2017\/11\/maxresdefault.jpg?fit=1200%2C675&ssl=1&resize=350%2C200 1x, https:\/\/i0.wp.com\/larevistadigital.com.ar\/blog\/wp-content\/uploads\/2017\/11\/maxresdefault.jpg?fit=1200%2C675&ssl=1&resize=525%2C300 1.5x, https:\/\/i0.wp.com\/larevistadigital.com.ar\/blog\/wp-content\/uploads\/2017\/11\/maxresdefault.jpg?fit=1200%2C675&ssl=1&resize=700%2C400 2x, https:\/\/i0.wp.com\/larevistadigital.com.ar\/blog\/wp-content\/uploads\/2017\/11\/maxresdefault.jpg?fit=1200%2C675&ssl=1&resize=1050%2C600 3x"},"classes":[]},{"id":12060,"url":"https:\/\/larevistadigital.com.ar\/blog\/video-graban-en-rio-de-china-una-monstruosa-criatura\/","url_meta":{"origin":4681,"position":3},"title":"[VIDEO] GRABAN EN R\u00cdO DE CHINA UNA MONSTRUOSA CRIATURA","author":"Alejandro Sosa Ruda","date":"15 septiembre, 2019","format":false,"excerpt":"Medios en China han denunciado la aparici\u00f3n de una extra\u00f1a criatura de al menos tres metros de largos y de una anchura sorprendente en el r\u00edo Yangts\u00e9. El monstruo, que a simple vista tiene la forma de una serpiente, apareci\u00f3 delante de docenas de testigos. El video se grab\u00f3 desde\u2026","rel":"","context":"En \u00abLO V\u00cd EN INTERNET\u00bb","block_context":{"text":"LO V\u00cd EN INTERNET","link":"https:\/\/larevistadigital.com.ar\/blog\/category\/lo-vi-en-internet\/"},"img":{"alt_text":"","src":"https:\/\/i0.wp.com\/larevistadigital.com.ar\/blog\/wp-content\/uploads\/17-Criatura-monstruosa-es-grabada-en-un-r%C2%A1o-de-China-1.jpg?fit=699%2C400&ssl=1&resize=350%2C200","width":350,"height":200,"srcset":"https:\/\/i0.wp.com\/larevistadigital.com.ar\/blog\/wp-content\/uploads\/17-Criatura-monstruosa-es-grabada-en-un-r%C2%A1o-de-China-1.jpg?fit=699%2C400&ssl=1&resize=350%2C200 1x, https:\/\/i0.wp.com\/larevistadigital.com.ar\/blog\/wp-content\/uploads\/17-Criatura-monstruosa-es-grabada-en-un-r%C2%A1o-de-China-1.jpg?fit=699%2C400&ssl=1&resize=525%2C300 1.5x"},"classes":[]},{"id":12603,"url":"https:\/\/larevistadigital.com.ar\/blog\/el-peligroso-pez-cabeza-de-serpiente-y-la-drastica-recomendacion-en-caso-de-tener-un-encuentro\/","url_meta":{"origin":4681,"position":4},"title":"EL PELIGROSO PEZ CABEZA DE SERPIENTE Y LA DR\u00c1STICA RECOMENDACI\u00d3N EN CASO DE TENER UN ENCUENTRO","author":"Alejandro Sosa Ruda","date":"11 octubre, 2019","format":false,"excerpt":"El Departamento de Recursos Naturales de Georgia, EEUU -lugar donde fue reportado- emiti\u00f3 un alerta a la poblaci\u00f3n El pez cabeza de serpiente del norte\u00a0(Channa argus), es una\u00a0especie invasora\u00a0con capacidad de\u00a0respirar el mismo aire que el resto de la humanidad y sobrevivir en tierra.\u00a0Las autoridades del estado de Georgia, en\u2026","rel":"","context":"En \u00abCURIOSAS\u00bb","block_context":{"text":"CURIOSAS","link":"https:\/\/larevistadigital.com.ar\/blog\/category\/curiosas\/"},"img":{"alt_text":"","src":"https:\/\/i0.wp.com\/larevistadigital.com.ar\/blog\/wp-content\/uploads\/Screenshot_1-49.jpg?fit=932%2C524&ssl=1&resize=350%2C200","width":350,"height":200,"srcset":"https:\/\/i0.wp.com\/larevistadigital.com.ar\/blog\/wp-content\/uploads\/Screenshot_1-49.jpg?fit=932%2C524&ssl=1&resize=350%2C200 1x, https:\/\/i0.wp.com\/larevistadigital.com.ar\/blog\/wp-content\/uploads\/Screenshot_1-49.jpg?fit=932%2C524&ssl=1&resize=525%2C300 1.5x, https:\/\/i0.wp.com\/larevistadigital.com.ar\/blog\/wp-content\/uploads\/Screenshot_1-49.jpg?fit=932%2C524&ssl=1&resize=700%2C400 2x"},"classes":[]},{"id":27776,"url":"https:\/\/larevistadigital.com.ar\/blog\/gral-lavalle-preocupacion-por-la-aparicion-de-yararas-en-zonas-rurales\/","url_meta":{"origin":4681,"position":5},"title":"GRAL. LAVALLE: PREOCUPACI\u00d3N POR LA APARICI\u00d3N DE YARARAS EN ZONAS RURALES","author":"Alejandro Sosa Ruda","date":"15 septiembre, 2022","format":false,"excerpt":"Un productor encontr\u00f3 dos de sus caballos muertos, con signos de haber sido mordidos por esa clase de serpientes. Qu\u00e9 hacer en estos casos: detalles y recomendaciones. 15 de septiembre de 2022 Un productor rural del\u00a0paraje Las Chacras, en\u00a0General Lavalle, advirti\u00f3 que\u00a0dos caballos de su propiedad hab\u00edan muerto por lesiones\u2026","rel":"","context":"En \u00abREGIONALES\u00bb","block_context":{"text":"REGIONALES","link":"https:\/\/larevistadigital.com.ar\/blog\/category\/regionales\/"},"img":{"alt_text":"","src":"https:\/\/i0.wp.com\/larevistadigital.com.ar\/blog\/wp-content\/uploads\/foto-72.jpg?fit=850%2C465&ssl=1&resize=350%2C200","width":350,"height":200,"srcset":"https:\/\/i0.wp.com\/larevistadigital.com.ar\/blog\/wp-content\/uploads\/foto-72.jpg?fit=850%2C465&ssl=1&resize=350%2C200 1x, https:\/\/i0.wp.com\/larevistadigital.com.ar\/blog\/wp-content\/uploads\/foto-72.jpg?fit=850%2C465&ssl=1&resize=525%2C300 1.5x, https:\/\/i0.wp.com\/larevistadigital.com.ar\/blog\/wp-content\/uploads\/foto-72.jpg?fit=850%2C465&ssl=1&resize=700%2C400 2x"},"classes":[]}],"_links":{"self":[{"href":"https:\/\/larevistadigital.com.ar\/blog\/wp-json\/wp\/v2\/posts\/4681","targetHints":{"allow":["GET"]}}],"collection":[{"href":"https:\/\/larevistadigital.com.ar\/blog\/wp-json\/wp\/v2\/posts"}],"about":[{"href":"https:\/\/larevistadigital.com.ar\/blog\/wp-json\/wp\/v2\/types\/post"}],"author":[{"embeddable":true,"href":"https:\/\/larevistadigital.com.ar\/blog\/wp-json\/wp\/v2\/users\/3"}],"replies":[{"embeddable":true,"href":"https:\/\/larevistadigital.com.ar\/blog\/wp-json\/wp\/v2\/comments?post=4681"}],"version-history":[{"count":3,"href":"https:\/\/larevistadigital.com.ar\/blog\/wp-json\/wp\/v2\/posts\/4681\/revisions"}],"predecessor-version":[{"id":4688,"href":"https:\/\/larevistadigital.com.ar\/blog\/wp-json\/wp\/v2\/posts\/4681\/revisions\/4688"}],"wp:featuredmedia":[{"embeddable":true,"href":"https:\/\/larevistadigital.com.ar\/blog\/wp-json\/wp\/v2\/media\/4689"}],"wp:attachment":[{"href":"https:\/\/larevistadigital.com.ar\/blog\/wp-json\/wp\/v2\/media?parent=4681"}],"wp:term":[{"taxonomy":"category","embeddable":true,"href":"https:\/\/larevistadigital.com.ar\/blog\/wp-json\/wp\/v2\/categories?post=4681"},{"taxonomy":"post_tag","embeddable":true,"href":"https:\/\/larevistadigital.com.ar\/blog\/wp-json\/wp\/v2\/tags?post=4681"}],"curies":[{"name":"wp","href":"https:\/\/api.w.org\/{rel}","templated":true}]}}