{"id":4690,"date":"2018-01-30T01:56:08","date_gmt":"2018-01-30T01:56:08","guid":{"rendered":"https:\/\/larevistadigital.com.ar\/blog\/?p=4690"},"modified":"2018-01-30T02:09:09","modified_gmt":"2018-01-30T02:09:09","slug":"chascous-lamentable-primicia-otra-vez-intrusaron-club-deportivo","status":"publish","type":"post","link":"https:\/\/larevistadigital.com.ar\/blog\/chascous-lamentable-primicia-otra-vez-intrusaron-club-deportivo\/","title":{"rendered":"CHASCOM\u00daS: LAMENTABLE PRIMICIA&#8230; OTRA VEZ INTRUSARON EL CLUB DEPORTIVO"},"content":{"rendered":"<p>Luego de que fuera intrusado en varias ocasiones, y pese a las denuncias y quejas de los dirigentes, otra vez fue intrusado por v\u00e1ndalos el Club Deportivo, en donde adem\u00e1s robaron algunos objetos.<\/p>\n<p>D\u00edas atr\u00e1s publicamos un anota en donde el Tesorero del Club,<strong> Alberto Mart\u00edn David<\/strong>, se quejaba a trav\u00e9s de su cuenta de facebook, no solo por la constante acci\u00f3n de estos imberbes que destruyen las instalaciones de la entidad con el \u00fanico objeto de hacer da\u00f1o, provocando constantemente gastos de reacondicionamiento no previstos.<\/p>\n<blockquote>\n<h3><strong>Tambi\u00e9n, David estaba muy enojado porque las autoridades municipales, haciendo menci\u00f3n del Intendente y el Secretario de Seguridad, iban al Club a \u00abhacer pol\u00edtica\u00bb, sin dar aviso a la dirigencia y entrando de apuro, asegurando David que <em>\u00abaprovechan la inocencia de los ni\u00f1os, para luego hacer comunicados oficiales en el facebook de prensa del municipio\u00bb.<\/em><\/strong><\/h3>\n<\/blockquote>\n<p>Hoy, aproximadamente a las 21,30 hs. el tesorero volvi\u00f3 a subir en su cuenta de facebook, una queja y videos que muestran que la historia vuelve a repetirse, y que para colmo el \u00abdomo\u00bb de Escribano, anoche no estaba grabando.<\/p>\n<p>\u00bfQu\u00e9 deben hacer los dirigentes del club para que las autoridades presten atenci\u00f3n al reclamo y hagan algo? Ya han sido muchas las veces que estos episodios se repiten, se hacen las denuncias, pero nada se ha hecho por prevenir o solucionar este accionar de algunos v\u00e1ndalos.<\/p>\n<blockquote>\n<h3>\u00bfTan dif\u00edcil es para las autoridades poner coto a esto? \u00bfNo se les ocurre alguna acci\u00f3n para que esto no se vuelva a repetir?<\/h3>\n<\/blockquote>\n<p>Lamentablemente, parece que no importara lo que sucede en la entidad, y nos preguntamos si no pueden resolver esto&#8230;\u00bfc\u00f3mo encarar\u00edan un problema mayor?<\/p>\n<p>Los dirigentes del club, est\u00e1n muy enojados y tienen toda la raz\u00f3n. Parece que la instituci\u00f3n solo importa para salir en alguna foto, y tratar de conseguir alg\u00fan r\u00e9dito, pero cuando hay alg\u00fan problema, nadie se hace cargo.<\/p>\n<p style=\"text-align: center\"><strong>AQU\u00cd LO PUBLICADO POR EL TESORERO ALBERTO \u00abEL PATO\u00bb DAVID<\/strong><\/p>\n<p><a href=\"https:\/\/i0.wp.com\/larevistadigital.com.ar\/blog\/wp-content\/uploads\/2018\/01\/Screenshot_2.jpg?ssl=1\"><img data-recalc-dims=\"1\" loading=\"lazy\" decoding=\"async\" class=\"size-full wp-image-4691 aligncenter\" src=\"https:\/\/i0.wp.com\/larevistadigital.com.ar\/blog\/wp-content\/uploads\/2018\/01\/Screenshot_2.jpg?resize=778%2C744&#038;ssl=1\" alt=\"\" width=\"778\" height=\"744\" srcset=\"https:\/\/i0.wp.com\/larevistadigital.com.ar\/blog\/wp-content\/uploads\/2018\/01\/Screenshot_2.jpg?w=778&amp;ssl=1 778w, https:\/\/i0.wp.com\/larevistadigital.com.ar\/blog\/wp-content\/uploads\/2018\/01\/Screenshot_2.jpg?resize=300%2C287&amp;ssl=1 300w, https:\/\/i0.wp.com\/larevistadigital.com.ar\/blog\/wp-content\/uploads\/2018\/01\/Screenshot_2.jpg?resize=768%2C734&amp;ssl=1 768w\" sizes=\"auto, (max-width: 778px) 100vw, 778px\" \/><\/a><\/p>\n","protected":false},"excerpt":{"rendered":"<div class=\"mh-excerpt\"><p>Luego de que fuera intrusado en varias ocasiones, y pese a las denuncias y quejas de los dirigentes, otra vez fue intrusado por v\u00e1ndalos el Club Deportivo, en donde adem\u00e1s robaron algunos objetos. D\u00edas atr\u00e1s <a class=\"mh-excerpt-more\" href=\"https:\/\/larevistadigital.com.ar\/blog\/chascous-lamentable-primicia-otra-vez-intrusaron-club-deportivo\/\" title=\"CHASCOM\u00daS: LAMENTABLE PRIMICIA&#8230; OTRA VEZ INTRUSARON EL CLUB DEPORTIVO\">[Leer M\u00e1s]<\/a><\/p>\n<\/div>","protected":false},"author":3,"featured_media":4692,"comment_status":"open","ping_status":"open","sticky":false,"template":"","format":"standard","meta":{"_jetpack_memberships_contains_paid_content":false,"footnotes":"","jetpack_publicize_message":"","jetpack_publicize_feature_enabled":true,"jetpack_social_post_already_shared":true,"jetpack_social_options":{"image_generator_settings":{"template":"highway","default_image_id":0,"font":"","enabled":false},"version":2}},"categories":[41],"tags":[],"class_list":{"0":"post-4690","1":"post","2":"type-post","3":"status-publish","4":"format-standard","5":"has-post-thumbnail","7":"category-destacadas"},"jetpack_publicize_connections":[],"jetpack_featured_media_url":"https:\/\/i0.wp.com\/larevistadigital.com.ar\/blog\/wp-content\/uploads\/2018\/01\/Screenshot_3-1.jpg?fit=780%2C339&ssl=1","jetpack_sharing_enabled":true,"jetpack_shortlink":"https:\/\/wp.me\/p8qtrQ-1dE","jetpack-related-posts":[{"id":4601,"url":"https:\/\/larevistadigital.com.ar\/blog\/chascomus-luego-volver-danado-club-deportivo-pato-david-enojado-sustuvo-intendente-secretario-seguridad-usan-club-politica-no-se-ocupan-la-ins\/","url_meta":{"origin":4690,"position":0},"title":"CHASCOM\u00daS: LUEGO DE VOLVER A SER DA\u00d1ADO EL CLUB DEPORTIVO, UN \u00abPATO\u00bb DAVID ENOJADO SUSTUVO QUE EL INTENDENTE Y SU SECRETARIO DE SEGURIDAD, USAN EL CLUB PARA HACER POL\u00cdTICA, PERO NO SE OCUPAN DE LA INSEGURIDAD","author":"Alejandro Sosa Ruda","date":"22 enero, 2018","format":false,"excerpt":"D\u00edas atr\u00e1s, el contador\u00a0Alberto Mart\u00edn David, tesorero del Club Deportivo, hizo conocer su enojo por una actitud del gobierno local que se viene repitiendo en m\u00e1s de una oportunidad, pero mientras otros se quejan en \"off the r\u00e9cord\", David lo hizo dando la cara, y abiertamente en su cuenta personal\u2026","rel":"","context":"En \u00abDESTACADAS\u00bb","block_context":{"text":"DESTACADAS","link":"https:\/\/larevistadigital.com.ar\/blog\/category\/destacadas\/"},"img":{"alt_text":"","src":"https:\/\/i0.wp.com\/larevistadigital.com.ar\/blog\/wp-content\/uploads\/2018\/01\/1935850_1266267296720628_2683738898746226241_n.jpg?fit=960%2C540&ssl=1&resize=350%2C200","width":350,"height":200,"srcset":"https:\/\/i0.wp.com\/larevistadigital.com.ar\/blog\/wp-content\/uploads\/2018\/01\/1935850_1266267296720628_2683738898746226241_n.jpg?fit=960%2C540&ssl=1&resize=350%2C200 1x, https:\/\/i0.wp.com\/larevistadigital.com.ar\/blog\/wp-content\/uploads\/2018\/01\/1935850_1266267296720628_2683738898746226241_n.jpg?fit=960%2C540&ssl=1&resize=525%2C300 1.5x, https:\/\/i0.wp.com\/larevistadigital.com.ar\/blog\/wp-content\/uploads\/2018\/01\/1935850_1266267296720628_2683738898746226241_n.jpg?fit=960%2C540&ssl=1&resize=700%2C400 2x"},"classes":[]},{"id":4626,"url":"https:\/\/larevistadigital.com.ar\/blog\/chascomus-alberto-pato-david-hablo-los-sucesos-vandalismo-club-deportivo\/","url_meta":{"origin":4690,"position":1},"title":"CHASCOM\u00daS: ALBERTO \u00abEL PATO\u00bb DAVID, HABL\u00d3 DE LOS SUCESOS DE VANDALISMO EN EL CLUB DEPORTIVO","author":"Alejandro Sosa Ruda","date":"23 enero, 2018","format":false,"excerpt":"Luego de la nota de LRD en la que mencionamos el enojo con las autoridades del Tesorero del Club Deportivo Chascom\u00fas, Alberto Mart\u00edn \u201cEl Pato\u201d David, otros medios se hicieron eco de la situaci\u00f3n y dialogaron con el dirigente. Tal es el caso de la FM 101.5, donde mantuvo una\u2026","rel":"","context":"En \u00abDESTACADAS\u00bb","block_context":{"text":"DESTACADAS","link":"https:\/\/larevistadigital.com.ar\/blog\/category\/destacadas\/"},"img":{"alt_text":"","src":"https:\/\/i0.wp.com\/larevistadigital.com.ar\/blog\/wp-content\/uploads\/2018\/01\/DSC_0127.jpg?fit=1010%2C1200&ssl=1&resize=350%2C200","width":350,"height":200,"srcset":"https:\/\/i0.wp.com\/larevistadigital.com.ar\/blog\/wp-content\/uploads\/2018\/01\/DSC_0127.jpg?fit=1010%2C1200&ssl=1&resize=350%2C200 1x, https:\/\/i0.wp.com\/larevistadigital.com.ar\/blog\/wp-content\/uploads\/2018\/01\/DSC_0127.jpg?fit=1010%2C1200&ssl=1&resize=525%2C300 1.5x, https:\/\/i0.wp.com\/larevistadigital.com.ar\/blog\/wp-content\/uploads\/2018\/01\/DSC_0127.jpg?fit=1010%2C1200&ssl=1&resize=700%2C400 2x"},"classes":[]},{"id":18302,"url":"https:\/\/larevistadigital.com.ar\/blog\/chascomus-otra-vez-robaron-en-el-club-deportivo-2\/","url_meta":{"origin":4690,"position":2},"title":"CHASCOM\u00daS: OTRA VEZ ROBARON EN EL CLUB DEPORTIVO","author":"Alejandro Sosa Ruda","date":"22 diciembre, 2020","format":false,"excerpt":"Una vez m\u00e1s, ladrones robaron en el Club Deportivo. El hecho ocurri\u00f3 en la cantina del nocturno y, seg\u00fan advirtieron, \u201cel robo fue cuantioso y lamentablemente ya perdimos la cuenta de las veces que nos robaron\u201d. \u201cTambi\u00e9n es cierto que, los d\u00edas que se juega el papy o hay varios\u2026","rel":"","context":"En \u00abCHASCOM\u00daS\u00bb","block_context":{"text":"CHASCOM\u00daS","link":"https:\/\/larevistadigital.com.ar\/blog\/category\/chascomus\/"},"img":{"alt_text":"","src":"https:\/\/i0.wp.com\/larevistadigital.com.ar\/blog\/wp-content\/uploads\/robo_elfuerte-22dediciembrede2020.png?fit=737%2C415&ssl=1&resize=350%2C200","width":350,"height":200,"srcset":"https:\/\/i0.wp.com\/larevistadigital.com.ar\/blog\/wp-content\/uploads\/robo_elfuerte-22dediciembrede2020.png?fit=737%2C415&ssl=1&resize=350%2C200 1x, https:\/\/i0.wp.com\/larevistadigital.com.ar\/blog\/wp-content\/uploads\/robo_elfuerte-22dediciembrede2020.png?fit=737%2C415&ssl=1&resize=525%2C300 1.5x, https:\/\/i0.wp.com\/larevistadigital.com.ar\/blog\/wp-content\/uploads\/robo_elfuerte-22dediciembrede2020.png?fit=737%2C415&ssl=1&resize=700%2C400 2x"},"classes":[]},{"id":11620,"url":"https:\/\/larevistadigital.com.ar\/blog\/chascomus-otra-vez-robaron-en-el-club-deportivo\/","url_meta":{"origin":4690,"position":3},"title":"CHASCOM\u00daS: OTRA VEZ ROBARON EN EL CLUB DEPORTIVO","author":"Alejandro Sosa Ruda","date":"29 julio, 2019","format":false,"excerpt":"Lamentablemente otra vez los insensatos amigos de lo ajeno, cometieron un nuevo robo en el Club Deportivo Chascom\u00fas, por lo que desde la instituci\u00f3n hicieron una publicaci\u00f3n en su cuenta de Facebook, haciendo menci\u00f3n del hecho. Nos resulta indignante, y dif\u00edcil de entender cualquier hecho il\u00edcito, pero mucho m\u00e1s cuando\u2026","rel":"","context":"En \u00abCHASCOM\u00daS\u00bb","block_context":{"text":"CHASCOM\u00daS","link":"https:\/\/larevistadigital.com.ar\/blog\/category\/chascomus\/"},"img":{"alt_text":"","src":"https:\/\/i0.wp.com\/larevistadigital.com.ar\/blog\/wp-content\/uploads\/67414981_2641862032499083_1022512235777359872_n.jpg?fit=600%2C450&ssl=1&resize=350%2C200","width":350,"height":200,"srcset":"https:\/\/i0.wp.com\/larevistadigital.com.ar\/blog\/wp-content\/uploads\/67414981_2641862032499083_1022512235777359872_n.jpg?fit=600%2C450&ssl=1&resize=350%2C200 1x, https:\/\/i0.wp.com\/larevistadigital.com.ar\/blog\/wp-content\/uploads\/67414981_2641862032499083_1022512235777359872_n.jpg?fit=600%2C450&ssl=1&resize=525%2C300 1.5x"},"classes":[]},{"id":32378,"url":"https:\/\/larevistadigital.com.ar\/blog\/chascomus-en-rapido-accionar-la-patrulla-rural-intercepto-galgueros-que-habian-intrusado-un-campo-y-realizaban-caza-furtiva\/","url_meta":{"origin":4690,"position":4},"title":"CHASCOM\u00daS: EN R\u00c1PIDO ACCIONAR LA PATRULLA RURAL INTERCEPT\u00d3 GALGUEROS QUE HAB\u00cdAN INTRUSADO UN CAMPO Y REALIZABAN CAZA FURTIVA","author":"Alejandro Sosa Ruda","date":"12 julio, 2023","format":false,"excerpt":"Gracias a la r\u00e1pida intervenci\u00f3n del CPR local, se logr\u00f3 interceptar a los individuos, cumpliendo con el vecino que hab\u00eda pedido ayuda. 11 de julio de 2023 CHASCOM\u00daS -\u00a0\u00a0El CPR local (Comando de Prevenci\u00f3n Rural) recibi\u00f3 una alerta de un productor rural del CUARTEL VI\u00a0 de Giribone, que denunci\u00f3 la\u2026","rel":"","context":"En \u00abINTERES GENERAL\u00bb","block_context":{"text":"INTERES GENERAL","link":"https:\/\/larevistadigital.com.ar\/blog\/category\/interes-general\/"},"img":{"alt_text":"","src":"https:\/\/i0.wp.com\/larevistadigital.com.ar\/blog\/wp-content\/uploads\/WhatsApp-Image-2023-07-11-at-20.20.52.jpeg?fit=960%2C1200&ssl=1&resize=350%2C200","width":350,"height":200,"srcset":"https:\/\/i0.wp.com\/larevistadigital.com.ar\/blog\/wp-content\/uploads\/WhatsApp-Image-2023-07-11-at-20.20.52.jpeg?fit=960%2C1200&ssl=1&resize=350%2C200 1x, https:\/\/i0.wp.com\/larevistadigital.com.ar\/blog\/wp-content\/uploads\/WhatsApp-Image-2023-07-11-at-20.20.52.jpeg?fit=960%2C1200&ssl=1&resize=525%2C300 1.5x, https:\/\/i0.wp.com\/larevistadigital.com.ar\/blog\/wp-content\/uploads\/WhatsApp-Image-2023-07-11-at-20.20.52.jpeg?fit=960%2C1200&ssl=1&resize=700%2C400 2x"},"classes":[]},{"id":3779,"url":"https:\/\/larevistadigital.com.ar\/blog\/chascomus-continuan-las-inversiones-club-deportivo\/","url_meta":{"origin":4690,"position":5},"title":"CHASCOM\u00daS: CONTIN\u00daAN LAS INVERSIONES EN EL CLUB DEPORTIVO","author":"Alejandro Sosa Ruda","date":"12 noviembre, 2017","format":false,"excerpt":"En una entrevista realizada durante el noticiero local \u201cSomos Noticias\u201d que se emite por Cablevisi\u00f3n, el presidente del Club Deportivo Chascom\u00fas, Augusto Casullo, coment\u00f3 acerca de las nuevas inversiones llevadas a cabo en la entidad, destacando la nueva secretar\u00eda y otras obras. Respecto de la secretar\u00eda, el presidente se mostr\u00f3\u2026","rel":"","context":"En \u00abCHASCOM\u00daS\u00bb","block_context":{"text":"CHASCOM\u00daS","link":"https:\/\/larevistadigital.com.ar\/blog\/category\/chascomus\/"},"img":{"alt_text":"","src":"https:\/\/i0.wp.com\/larevistadigital.com.ar\/blog\/wp-content\/uploads\/2017\/11\/casullo-presidente.jpg?fit=763%2C580&ssl=1&resize=350%2C200","width":350,"height":200,"srcset":"https:\/\/i0.wp.com\/larevistadigital.com.ar\/blog\/wp-content\/uploads\/2017\/11\/casullo-presidente.jpg?fit=763%2C580&ssl=1&resize=350%2C200 1x, https:\/\/i0.wp.com\/larevistadigital.com.ar\/blog\/wp-content\/uploads\/2017\/11\/casullo-presidente.jpg?fit=763%2C580&ssl=1&resize=525%2C300 1.5x, https:\/\/i0.wp.com\/larevistadigital.com.ar\/blog\/wp-content\/uploads\/2017\/11\/casullo-presidente.jpg?fit=763%2C580&ssl=1&resize=700%2C400 2x"},"classes":[]}],"_links":{"self":[{"href":"https:\/\/larevistadigital.com.ar\/blog\/wp-json\/wp\/v2\/posts\/4690","targetHints":{"allow":["GET"]}}],"collection":[{"href":"https:\/\/larevistadigital.com.ar\/blog\/wp-json\/wp\/v2\/posts"}],"about":[{"href":"https:\/\/larevistadigital.com.ar\/blog\/wp-json\/wp\/v2\/types\/post"}],"author":[{"embeddable":true,"href":"https:\/\/larevistadigital.com.ar\/blog\/wp-json\/wp\/v2\/users\/3"}],"replies":[{"embeddable":true,"href":"https:\/\/larevistadigital.com.ar\/blog\/wp-json\/wp\/v2\/comments?post=4690"}],"version-history":[{"count":2,"href":"https:\/\/larevistadigital.com.ar\/blog\/wp-json\/wp\/v2\/posts\/4690\/revisions"}],"predecessor-version":[{"id":4694,"href":"https:\/\/larevistadigital.com.ar\/blog\/wp-json\/wp\/v2\/posts\/4690\/revisions\/4694"}],"wp:featuredmedia":[{"embeddable":true,"href":"https:\/\/larevistadigital.com.ar\/blog\/wp-json\/wp\/v2\/media\/4692"}],"wp:attachment":[{"href":"https:\/\/larevistadigital.com.ar\/blog\/wp-json\/wp\/v2\/media?parent=4690"}],"wp:term":[{"taxonomy":"category","embeddable":true,"href":"https:\/\/larevistadigital.com.ar\/blog\/wp-json\/wp\/v2\/categories?post=4690"},{"taxonomy":"post_tag","embeddable":true,"href":"https:\/\/larevistadigital.com.ar\/blog\/wp-json\/wp\/v2\/tags?post=4690"}],"curies":[{"name":"wp","href":"https:\/\/api.w.org\/{rel}","templated":true}]}}