{"id":4697,"date":"2018-01-31T11:33:49","date_gmt":"2018-01-31T11:33:49","guid":{"rendered":"https:\/\/larevistadigital.com.ar\/blog\/?p=4697"},"modified":"2018-01-31T11:33:49","modified_gmt":"2018-01-31T11:33:49","slug":"chascomus-convocan-marcha-la-reincorporacion-la-medica-despedida","status":"publish","type":"post","link":"https:\/\/larevistadigital.com.ar\/blog\/chascomus-convocan-marcha-la-reincorporacion-la-medica-despedida\/","title":{"rendered":"CHASCOM\u00daS: CONVOCAN MARCHA POR LA REINCORPORACI\u00d3N DE LA M\u00c9DICA DESPEDIDA"},"content":{"rendered":"<p>Desde un espacio multisectorial, se ha convocado una marcha para el d\u00eda de hoy, mi\u00e9rcoles 31 de enero a la Plaza Independencia, frente al Palacio Municipal.<\/p>\n<blockquote>\n<h3>La cita es a las 12 horas y el objetivo es defender a la Salud P\u00fablica de los abusos que se vienen cometiendo por parte de las autoridades locales contra algunos profesionales de la salud, las persecuciones y en este caso, para pedir la reincorporaci\u00f3n de la psic\u00f3loga, Licenciada <strong>Soledad Cecere<\/strong>, quien fuera despedida tal como ella misma lo manifest\u00f3 hace un par de d\u00edas atr\u00e1s.<\/h3>\n<\/blockquote>\n<p>La consigna es \u00abLos profesionales de la salud, y toda la comunidad se moviliza por el <strong>DERECHO A LA SALUD<\/strong>\u00bb<\/p>\n<p>&nbsp;<\/p>\n","protected":false},"excerpt":{"rendered":"<div class=\"mh-excerpt\"><p>Desde un espacio multisectorial, se ha convocado una marcha para el d\u00eda de hoy, mi\u00e9rcoles 31 de enero a la Plaza Independencia, frente al Palacio Municipal. La cita es a las 12 horas y el <a class=\"mh-excerpt-more\" href=\"https:\/\/larevistadigital.com.ar\/blog\/chascomus-convocan-marcha-la-reincorporacion-la-medica-despedida\/\" title=\"CHASCOM\u00daS: CONVOCAN MARCHA POR LA REINCORPORACI\u00d3N DE LA M\u00c9DICA DESPEDIDA\">[Leer M\u00e1s]<\/a><\/p>\n<\/div>","protected":false},"author":3,"featured_media":3273,"comment_status":"open","ping_status":"open","sticky":false,"template":"","format":"standard","meta":{"_jetpack_memberships_contains_paid_content":false,"footnotes":"","jetpack_publicize_message":"","jetpack_publicize_feature_enabled":true,"jetpack_social_post_already_shared":true,"jetpack_social_options":{"image_generator_settings":{"template":"highway","default_image_id":0,"font":"","enabled":false},"version":2}},"categories":[41],"tags":[],"class_list":{"0":"post-4697","1":"post","2":"type-post","3":"status-publish","4":"format-standard","5":"has-post-thumbnail","7":"category-destacadas"},"jetpack_publicize_connections":[],"jetpack_featured_media_url":"https:\/\/i0.wp.com\/larevistadigital.com.ar\/blog\/wp-content\/uploads\/2017\/09\/enfermera-silencio.jpg?fit=1200%2C675&ssl=1","jetpack_sharing_enabled":true,"jetpack_shortlink":"https:\/\/wp.me\/p8qtrQ-1dL","jetpack-related-posts":[{"id":3595,"url":"https:\/\/larevistadigital.com.ar\/blog\/chascomus-vecinos-autoconvocados-promueven-marcha-al-concejo-deliberante\/","url_meta":{"origin":4697,"position":0},"title":"CHASCOM\u00daS: VECINOS AUTOCONVOCADOS PROMUEVEN MARCHA AL CONCEJO DELIBERANTE","author":"Alejandro Sosa Ruda","date":"24 octubre, 2017","format":false,"excerpt":"En el d\u00eda de hoy, comenz\u00f3 a circular por las redes sociales y los grupos de whats app, una convocatoria a una marcha para el d\u00eda jueves a las 16,30 horas al Concejo Deliberante, ubicado en calle Mitre entre Lastra y Cr\u00e1mer. La consigna se trata de que la sociedad\u2026","rel":"","context":"En \u00abDESTACADAS\u00bb","block_context":{"text":"DESTACADAS","link":"https:\/\/larevistadigital.com.ar\/blog\/category\/destacadas\/"},"img":{"alt_text":"","src":"","width":0,"height":0},"classes":[]},{"id":27420,"url":"https:\/\/larevistadigital.com.ar\/blog\/tandil-profesionales-de-la-salud-marcharon-contra-los-ajustes-en-discapacidad\/","url_meta":{"origin":4697,"position":1},"title":"TANDIL: PROFESIONALES DE LA SALUD MARCHARON CONTRA LOS AJUSTES EN DISCAPACIDAD","author":"Alejandro Sosa Ruda","date":"31 agosto, 2022","format":false,"excerpt":"Con el apoyo y acompa\u00f1amiento de familiares y transportistas de ni\u00f1os y j\u00f3venes con discapacidad, los profesionales de la salud le dijeron basta al ajuste salarial y la precarizaci\u00f3n laboral que est\u00e1n viendo en los \u00faltimos tiempos. Este martes y el mi\u00e9rcoles se movilizan nuevamente. TANDIL -\u00a0 La marcha, se\u2026","rel":"","context":"En \u00abREGIONALES\u00bb","block_context":{"text":"REGIONALES","link":"https:\/\/larevistadigital.com.ar\/blog\/category\/regionales\/"},"img":{"alt_text":"","src":"https:\/\/i0.wp.com\/larevistadigital.com.ar\/blog\/wp-content\/uploads\/20220830093012_discapacidad-marcha-tandil.jpg?fit=880%2C512&ssl=1&resize=350%2C200","width":350,"height":200,"srcset":"https:\/\/i0.wp.com\/larevistadigital.com.ar\/blog\/wp-content\/uploads\/20220830093012_discapacidad-marcha-tandil.jpg?fit=880%2C512&ssl=1&resize=350%2C200 1x, https:\/\/i0.wp.com\/larevistadigital.com.ar\/blog\/wp-content\/uploads\/20220830093012_discapacidad-marcha-tandil.jpg?fit=880%2C512&ssl=1&resize=525%2C300 1.5x, https:\/\/i0.wp.com\/larevistadigital.com.ar\/blog\/wp-content\/uploads\/20220830093012_discapacidad-marcha-tandil.jpg?fit=880%2C512&ssl=1&resize=700%2C400 2x"},"classes":[]},{"id":4661,"url":"https:\/\/larevistadigital.com.ar\/blog\/chascomus-otra-institucion-local-se-suma-al-repudio-despido-la-psicologa-soledad-cecere\/","url_meta":{"origin":4697,"position":2},"title":"CHASCOM\u00daS: OTRA INSTITUCI\u00d3N LOCAL SE SUMA AL REPUDIO POR EL DESPIDO DE LA PSIC\u00d3LOGA SOLEDAD CECERE","author":"Alejandro Sosa Ruda","date":"28 enero, 2018","format":false,"excerpt":"En este caso se tata del \"Grupo Convicciones\", que hace publica su indignaci\u00f3n por lo sucedido con la Licenciada Cecere, emitiendo un documento que aqu\u00ed reproducimos como primicia de LRD. EL DOCUMENTO COMPLETO Desde el Grupo Convicciones hemos reclamado muchas veces x las demoras en turnos para atencion psicologica :\u2026","rel":"","context":"En \u00abCHASCOM\u00daS\u00bb","block_context":{"text":"CHASCOM\u00daS","link":"https:\/\/larevistadigital.com.ar\/blog\/category\/chascomus\/"},"img":{"alt_text":"","src":"https:\/\/i0.wp.com\/larevistadigital.com.ar\/blog\/wp-content\/uploads\/2018\/01\/hospital-de-chascomus.jpg?fit=960%2C637&ssl=1&resize=350%2C200","width":350,"height":200,"srcset":"https:\/\/i0.wp.com\/larevistadigital.com.ar\/blog\/wp-content\/uploads\/2018\/01\/hospital-de-chascomus.jpg?fit=960%2C637&ssl=1&resize=350%2C200 1x, https:\/\/i0.wp.com\/larevistadigital.com.ar\/blog\/wp-content\/uploads\/2018\/01\/hospital-de-chascomus.jpg?fit=960%2C637&ssl=1&resize=525%2C300 1.5x, https:\/\/i0.wp.com\/larevistadigital.com.ar\/blog\/wp-content\/uploads\/2018\/01\/hospital-de-chascomus.jpg?fit=960%2C637&ssl=1&resize=700%2C400 2x"},"classes":[]},{"id":4659,"url":"https:\/\/larevistadigital.com.ar\/blog\/primicia-lapidario-documento-la-cicop-nuevo-despido-profesionales\/","url_meta":{"origin":4697,"position":3},"title":"PRIMICIA:  LAPIDARIO DOCUMENTO DE LA CICOP POR EL NUEVO DESPIDO DE PROFESIONALES","author":"Alejandro Sosa Ruda","date":"28 enero, 2018","format":false,"excerpt":"Luego de los nuevos despidos en el \u00e1mbito de la salud, parece haberse terminado la paciencia de los representantes gremiales nucleados en la CICOP, y que a pesar de estar manteniendo reuniones con el ejecutivo local a efectos de llegar a un acuerdo para modificar la ordenanza de la Carrera\u2026","rel":"","context":"En \u00abDESTACADAS\u00bb","block_context":{"text":"DESTACADAS","link":"https:\/\/larevistadigital.com.ar\/blog\/category\/destacadas\/"},"img":{"alt_text":"","src":"https:\/\/i0.wp.com\/larevistadigital.com.ar\/blog\/wp-content\/uploads\/2017\/09\/CICOP.jpg?fit=960%2C720&ssl=1&resize=350%2C200","width":350,"height":200,"srcset":"https:\/\/i0.wp.com\/larevistadigital.com.ar\/blog\/wp-content\/uploads\/2017\/09\/CICOP.jpg?fit=960%2C720&ssl=1&resize=350%2C200 1x, https:\/\/i0.wp.com\/larevistadigital.com.ar\/blog\/wp-content\/uploads\/2017\/09\/CICOP.jpg?fit=960%2C720&ssl=1&resize=525%2C300 1.5x, https:\/\/i0.wp.com\/larevistadigital.com.ar\/blog\/wp-content\/uploads\/2017\/09\/CICOP.jpg?fit=960%2C720&ssl=1&resize=700%2C400 2x"},"classes":[]},{"id":3463,"url":"https:\/\/larevistadigital.com.ar\/blog\/chascomus-hoy-a-las-11-los-profesionales-de-la-salud-marchan-al-municipio\/","url_meta":{"origin":4697,"position":4},"title":"CHASCOM\u00daS: HOY A LAS 11 LOS PROFESIONALES DE LA SALUD MARCHAN AL MUNICIPIO.","author":"Alejandro Sosa Ruda","date":"12 octubre, 2017","format":false,"excerpt":"Tal como estaba previsto, el d\u00eda de hoy los profesionales hospitalarios representados por la CICOP se reunir\u00e1n a las 11 en el Hospital, para luego marchar al municipio para hacer entrega de un petitorio en el Concejo Deliberante para que intercedan ante lo que consideran un avasallamiento de los derechos\u2026","rel":"","context":"En \u00abDESTACADAS\u00bb","block_context":{"text":"DESTACADAS","link":"https:\/\/larevistadigital.com.ar\/blog\/category\/destacadas\/"},"img":{"alt_text":"","src":"https:\/\/i0.wp.com\/larevistadigital.com.ar\/blog\/wp-content\/uploads\/2017\/09\/CICOP.jpg?fit=960%2C720&ssl=1&resize=350%2C200","width":350,"height":200,"srcset":"https:\/\/i0.wp.com\/larevistadigital.com.ar\/blog\/wp-content\/uploads\/2017\/09\/CICOP.jpg?fit=960%2C720&ssl=1&resize=350%2C200 1x, https:\/\/i0.wp.com\/larevistadigital.com.ar\/blog\/wp-content\/uploads\/2017\/09\/CICOP.jpg?fit=960%2C720&ssl=1&resize=525%2C300 1.5x, https:\/\/i0.wp.com\/larevistadigital.com.ar\/blog\/wp-content\/uploads\/2017\/09\/CICOP.jpg?fit=960%2C720&ssl=1&resize=700%2C400 2x"},"classes":[]},{"id":35304,"url":"https:\/\/larevistadigital.com.ar\/blog\/tandil-segun-los-profesionales-de-cicop-la-salud-publica-esta-al-borde-del-colapso\/","url_meta":{"origin":4697,"position":5},"title":"TANDIL: SEG\u00daN LOS PROFESIONALES DE CICOP, LA SALUD P\u00daBLICA EST\u00c1 AL BORDE DEL COLAPSO","author":"Alejandro Sosa Ruda","date":"22 febrero, 2024","format":false,"excerpt":"La reciente renuncia de los tres \u00fanicos onc\u00f3logos del Hospital Santamarina de Tandil puso al descubierto los bajos salarios, la precarizaci\u00f3n laboral y el destrato que padecen los profesionales de la salud del distrito. El gremio que nuclea a los profesionales de la salud p\u00fablica (CICOP) manifest\u00f3 su preocupaci\u00f3n por\u2026","rel":"","context":"En \u00abREGIONALES\u00bb","block_context":{"text":"REGIONALES","link":"https:\/\/larevistadigital.com.ar\/blog\/category\/regionales\/"},"img":{"alt_text":"","src":"https:\/\/i0.wp.com\/larevistadigital.com.ar\/blog\/wp-content\/uploads\/hospital-santamarina-tandil.jpg?fit=700%2C392&ssl=1&resize=350%2C200","width":350,"height":200,"srcset":"https:\/\/i0.wp.com\/larevistadigital.com.ar\/blog\/wp-content\/uploads\/hospital-santamarina-tandil.jpg?fit=700%2C392&ssl=1&resize=350%2C200 1x, https:\/\/i0.wp.com\/larevistadigital.com.ar\/blog\/wp-content\/uploads\/hospital-santamarina-tandil.jpg?fit=700%2C392&ssl=1&resize=525%2C300 1.5x, https:\/\/i0.wp.com\/larevistadigital.com.ar\/blog\/wp-content\/uploads\/hospital-santamarina-tandil.jpg?fit=700%2C392&ssl=1&resize=700%2C400 2x"},"classes":[]}],"_links":{"self":[{"href":"https:\/\/larevistadigital.com.ar\/blog\/wp-json\/wp\/v2\/posts\/4697","targetHints":{"allow":["GET"]}}],"collection":[{"href":"https:\/\/larevistadigital.com.ar\/blog\/wp-json\/wp\/v2\/posts"}],"about":[{"href":"https:\/\/larevistadigital.com.ar\/blog\/wp-json\/wp\/v2\/types\/post"}],"author":[{"embeddable":true,"href":"https:\/\/larevistadigital.com.ar\/blog\/wp-json\/wp\/v2\/users\/3"}],"replies":[{"embeddable":true,"href":"https:\/\/larevistadigital.com.ar\/blog\/wp-json\/wp\/v2\/comments?post=4697"}],"version-history":[{"count":1,"href":"https:\/\/larevistadigital.com.ar\/blog\/wp-json\/wp\/v2\/posts\/4697\/revisions"}],"predecessor-version":[{"id":4698,"href":"https:\/\/larevistadigital.com.ar\/blog\/wp-json\/wp\/v2\/posts\/4697\/revisions\/4698"}],"wp:featuredmedia":[{"embeddable":true,"href":"https:\/\/larevistadigital.com.ar\/blog\/wp-json\/wp\/v2\/media\/3273"}],"wp:attachment":[{"href":"https:\/\/larevistadigital.com.ar\/blog\/wp-json\/wp\/v2\/media?parent=4697"}],"wp:term":[{"taxonomy":"category","embeddable":true,"href":"https:\/\/larevistadigital.com.ar\/blog\/wp-json\/wp\/v2\/categories?post=4697"},{"taxonomy":"post_tag","embeddable":true,"href":"https:\/\/larevistadigital.com.ar\/blog\/wp-json\/wp\/v2\/tags?post=4697"}],"curies":[{"name":"wp","href":"https:\/\/api.w.org\/{rel}","templated":true}]}}