{"id":4700,"date":"2018-02-01T02:06:26","date_gmt":"2018-02-01T02:06:26","guid":{"rendered":"https:\/\/larevistadigital.com.ar\/blog\/?p=4700"},"modified":"2018-02-01T02:06:26","modified_gmt":"2018-02-01T02:06:26","slug":"video-del-dia-aliens-reales-filmados-testigos-ocasionales-sera-cierto","status":"publish","type":"post","link":"https:\/\/larevistadigital.com.ar\/blog\/video-del-dia-aliens-reales-filmados-testigos-ocasionales-sera-cierto\/","title":{"rendered":"VIDEO DEL D\u00cdA: ALIENS REALES FILMADOS POR TESTIGOS OCASIONALES&#8230; \u00bfSER\u00c1 CIERTO?"},"content":{"rendered":"<p>Hoy les traemos cinco casos de filmaciones que dicen ser reales de extraterrestres filmados por distintas personas. Muchos sostienen que ya est\u00e1n entre nosotros. Ustedes cuenten que opinan al respecto&#8230;<\/p>\n<p>&nbsp;<\/p>\n<div style=\"width: 854px;\" class=\"wp-video\"><!--[if lt IE 9]><script>document.createElement('video');<\/script><![endif]-->\n<video class=\"wp-video-shortcode\" id=\"video-4700-1\" width=\"854\" height=\"480\" preload=\"metadata\" controls=\"controls\"><source type=\"video\/mp4\" src=\"https:\/\/larevistadigital.com.ar\/blog\/wp-content\/uploads\/2018\/02\/aliens-filmados-1.mp4?_=1\" \/><a href=\"https:\/\/larevistadigital.com.ar\/blog\/wp-content\/uploads\/2018\/02\/aliens-filmados-1.mp4\">https:\/\/larevistadigital.com.ar\/blog\/wp-content\/uploads\/2018\/02\/aliens-filmados-1.mp4<\/a><\/video><\/div>\n","protected":false},"excerpt":{"rendered":"<div class=\"mh-excerpt\"><p>Hoy les traemos cinco casos de filmaciones que dicen ser reales de extraterrestres filmados por distintas personas. Muchos sostienen que ya est\u00e1n entre nosotros. Ustedes cuenten que opinan al respecto&#8230; &nbsp;<\/p>\n<\/div>","protected":false},"author":3,"featured_media":4703,"comment_status":"open","ping_status":"open","sticky":false,"template":"","format":"standard","meta":{"_jetpack_memberships_contains_paid_content":false,"footnotes":"","jetpack_publicize_message":"","jetpack_publicize_feature_enabled":true,"jetpack_social_post_already_shared":true,"jetpack_social_options":{"image_generator_settings":{"template":"highway","default_image_id":0,"font":"","enabled":false},"version":2}},"categories":[45],"tags":[],"class_list":{"0":"post-4700","1":"post","2":"type-post","3":"status-publish","4":"format-standard","5":"has-post-thumbnail","7":"category-lo-vi-en-internet"},"jetpack_publicize_connections":[],"jetpack_featured_media_url":"https:\/\/i0.wp.com\/larevistadigital.com.ar\/blog\/wp-content\/uploads\/2018\/02\/organizacao-afirma-que-governos-estariam-se-preparando-para-declarar-que-alienigenas-sao-reais-e-visitam-a-terra_1242849.jpg?fit=1433%2C630&ssl=1","jetpack_sharing_enabled":true,"jetpack_shortlink":"https:\/\/wp.me\/p8qtrQ-1dO","jetpack-related-posts":[{"id":26066,"url":"https:\/\/larevistadigital.com.ar\/blog\/pila-dos-antilopes-fueron-filmados-corriendo-por-el-centro-de-la-ciudad\/","url_meta":{"origin":4700,"position":0},"title":"PILA: [VIDEO] DOS ANT\u00cdLOPES FUERON FILMADOS CORRIENDO POR EL CENTRO DE LA CIUDAD","author":"Alejandro Sosa Ruda","date":"24 junio, 2022","format":false,"excerpt":"El hecho fue registrado en un video que generosamente nos cedi\u00f3 Gerardo Basualdo, Director de \"Medios Coranto\". \u00a1Gracias! PILA -\u00a0 Los vecinos de la ciudad de Pila se llevaron la sorpresa de que dos ant\u00edlopes se pasearon por el centro, algo que no es com\u00fan de apreciar. En el video\u2026","rel":"","context":"En \u00abPILA\u00bb","block_context":{"text":"PILA","link":"https:\/\/larevistadigital.com.ar\/blog\/category\/pila\/"},"img":{"alt_text":"","src":"https:\/\/i0.wp.com\/larevistadigital.com.ar\/blog\/wp-content\/uploads\/PILA-ANTILOPES.png?fit=800%2C387&ssl=1&resize=350%2C200","width":350,"height":200,"srcset":"https:\/\/i0.wp.com\/larevistadigital.com.ar\/blog\/wp-content\/uploads\/PILA-ANTILOPES.png?fit=800%2C387&ssl=1&resize=350%2C200 1x, https:\/\/i0.wp.com\/larevistadigital.com.ar\/blog\/wp-content\/uploads\/PILA-ANTILOPES.png?fit=800%2C387&ssl=1&resize=525%2C300 1.5x, https:\/\/i0.wp.com\/larevistadigital.com.ar\/blog\/wp-content\/uploads\/PILA-ANTILOPES.png?fit=800%2C387&ssl=1&resize=700%2C400 2x"},"classes":[]},{"id":15788,"url":"https:\/\/larevistadigital.com.ar\/blog\/video-increible-sancionan-a-policias-por-jugar-a-pinchar-un-globo-con-el-patrullero\/","url_meta":{"origin":4700,"position":1},"title":"[VIDEO] INCRE\u00cdBLE. SANCIONAN A POLIC\u00cdAS POR \u00abJUGAR A PINCHAR UN GLOBO CON EL PATRULLERO\u00bb","author":"Alejandro Sosa Ruda","date":"24 junio, 2020","format":false,"excerpt":"El Ministerio de Seguridad confirm\u00f3 la sanci\u00f3n disciplinaria contra los tres uniformados que fueron filmados mientras realizaban una tarea ins\u00f3lita. Las imagenes se viralizaron r\u00e1pidamente, pero de manera confusa: algunos aseguraban\u00a0que hab\u00eda ocurrido en La Plata, otros en Lomas del Mirador. Finalmente, el Ministerio de Seguridad aclar\u00f3 que los hechos\u2026","rel":"","context":"En \u00abINTERES GENERAL\u00bb","block_context":{"text":"INTERES GENERAL","link":"https:\/\/larevistadigital.com.ar\/blog\/category\/interes-general\/"},"img":{"alt_text":"","src":"https:\/\/i0.wp.com\/larevistadigital.com.ar\/blog\/wp-content\/uploads\/unnamed-7.jpg?fit=512%2C281&ssl=1&resize=350%2C200","width":350,"height":200},"classes":[]},{"id":37962,"url":"https:\/\/larevistadigital.com.ar\/blog\/pinamar-atacan-a-palazos-a-una-mujer-en-un-campo-de-golf\/","url_meta":{"origin":4700,"position":2},"title":"Pinamar: Atacan a palazos a una mujer en un campo de golf","author":"Alejandro Sosa Ruda","date":"23 noviembre, 2024","format":false,"excerpt":"\u00a0 Los hechos ocurrieron dentro de un campo de golf de Pinamar, donde una mujer de 61 a\u00f1os fue agredida con un palo de golf por una desconocida. La persona agredida, estaba en el lugar junto a una amiga, adonde cont\u00f3 que \"hab\u00edan ido a tomar mate\", cuando fueron sorprendidas\u2026","rel":"","context":"En \u00abPOLICIALES\u00bb","block_context":{"text":"POLICIALES","link":"https:\/\/larevistadigital.com.ar\/blog\/category\/policiales\/"},"img":{"alt_text":"","src":"https:\/\/i0.wp.com\/larevistadigital.com.ar\/blog\/wp-content\/uploads\/3289f4ca4309c1d8cec312e55de3271cb0f948cb.jpg?fit=1140%2C641&ssl=1&resize=350%2C200","width":350,"height":200,"srcset":"https:\/\/i0.wp.com\/larevistadigital.com.ar\/blog\/wp-content\/uploads\/3289f4ca4309c1d8cec312e55de3271cb0f948cb.jpg?fit=1140%2C641&ssl=1&resize=350%2C200 1x, https:\/\/i0.wp.com\/larevistadigital.com.ar\/blog\/wp-content\/uploads\/3289f4ca4309c1d8cec312e55de3271cb0f948cb.jpg?fit=1140%2C641&ssl=1&resize=525%2C300 1.5x, https:\/\/i0.wp.com\/larevistadigital.com.ar\/blog\/wp-content\/uploads\/3289f4ca4309c1d8cec312e55de3271cb0f948cb.jpg?fit=1140%2C641&ssl=1&resize=700%2C400 2x, https:\/\/i0.wp.com\/larevistadigital.com.ar\/blog\/wp-content\/uploads\/3289f4ca4309c1d8cec312e55de3271cb0f948cb.jpg?fit=1140%2C641&ssl=1&resize=1050%2C600 3x"},"classes":[]},{"id":26952,"url":"https:\/\/larevistadigital.com.ar\/blog\/jose-c-paz-dos-detenidos-por-herir-de-dos-balazos-a-un-verdulero-durante-un-robo\/","url_meta":{"origin":4700,"position":3},"title":"JOS\u00c9 C.PAZ: DOS DETENIDOS POR HERIR DE DOS BALAZOS A UN VERDULERO DURANTE UN ROBO","author":"Alejandro Sosa Ruda","date":"3 agosto, 2022","format":false,"excerpt":"Dos hombres de 24 y 32 a\u00f1os fueron detenidos hoy acusados de ser los motochorros que hirieron de dos balazos durante un asalto en la localidad bonaerense de Jos\u00e9 C. Paz a un verdulero que esta ma\u00f1ana continuaba internado en estado reservado, informaron fuentes policiales. JOS\u00c9 C. PAZ -\u00a0 Los\u2026","rel":"","context":"En \u00abPOLICIALES\u00bb","block_context":{"text":"POLICIALES","link":"https:\/\/larevistadigital.com.ar\/blog\/category\/policiales\/"},"img":{"alt_text":"","src":"https:\/\/i0.wp.com\/larevistadigital.com.ar\/blog\/wp-content\/uploads\/20220803160336_le-pegaron-dos-tiros-a-un-verdulero-para-robarle-en-su-negocio-hay-dos-sospechosos-detenidos.jpg?fit=880%2C512&ssl=1&resize=350%2C200","width":350,"height":200,"srcset":"https:\/\/i0.wp.com\/larevistadigital.com.ar\/blog\/wp-content\/uploads\/20220803160336_le-pegaron-dos-tiros-a-un-verdulero-para-robarle-en-su-negocio-hay-dos-sospechosos-detenidos.jpg?fit=880%2C512&ssl=1&resize=350%2C200 1x, https:\/\/i0.wp.com\/larevistadigital.com.ar\/blog\/wp-content\/uploads\/20220803160336_le-pegaron-dos-tiros-a-un-verdulero-para-robarle-en-su-negocio-hay-dos-sospechosos-detenidos.jpg?fit=880%2C512&ssl=1&resize=525%2C300 1.5x, https:\/\/i0.wp.com\/larevistadigital.com.ar\/blog\/wp-content\/uploads\/20220803160336_le-pegaron-dos-tiros-a-un-verdulero-para-robarle-en-su-negocio-hay-dos-sospechosos-detenidos.jpg?fit=880%2C512&ssl=1&resize=700%2C400 2x"},"classes":[]},{"id":22389,"url":"https:\/\/larevistadigital.com.ar\/blog\/video-hasta-cuando-la-inseguridad-robaron-nuevamente-en-la-grulla-y-quedaron-registrados-en-las-camaras-del-local\/","url_meta":{"origin":4700,"position":4},"title":"[VIDEO] \u00bfHASTA CU\u00c1NDO LA INSEGURIDAD? ROBARON NUEVAMENTE EN \u00abLA GRULLA\u00bb Y QUEDARON REGISTRADOS EN LAS C\u00c1MARAS DEL LOCAL","author":"Alejandro Sosa Ruda","date":"14 octubre, 2021","format":false,"excerpt":"\"Otra vez y van 1,2,3 y dale que vamos ! C\u00e1maras alarmas rejas ya que mas ? No los frena NADA a estos hdp q cagan el esfuerzo de quien labura horas x d\u00eda para salir adelante para mantener empleados dar laburo y atr\u00e1s una familia entera!\"... As\u00ed empieza la\u2026","rel":"","context":"En \u00abDESTACADAS\u00bb","block_context":{"text":"DESTACADAS","link":"https:\/\/larevistadigital.com.ar\/blog\/category\/destacadas\/"},"img":{"alt_text":"","src":"https:\/\/i0.wp.com\/larevistadigital.com.ar\/blog\/wp-content\/uploads\/242915350_449664106582177_2624418456410380179_n.jpg?fit=720%2C960&ssl=1&resize=350%2C200","width":350,"height":200,"srcset":"https:\/\/i0.wp.com\/larevistadigital.com.ar\/blog\/wp-content\/uploads\/242915350_449664106582177_2624418456410380179_n.jpg?fit=720%2C960&ssl=1&resize=350%2C200 1x, https:\/\/i0.wp.com\/larevistadigital.com.ar\/blog\/wp-content\/uploads\/242915350_449664106582177_2624418456410380179_n.jpg?fit=720%2C960&ssl=1&resize=525%2C300 1.5x, https:\/\/i0.wp.com\/larevistadigital.com.ar\/blog\/wp-content\/uploads\/242915350_449664106582177_2624418456410380179_n.jpg?fit=720%2C960&ssl=1&resize=700%2C400 2x"},"classes":[]},{"id":16087,"url":"https:\/\/larevistadigital.com.ar\/blog\/16087-2\/","url_meta":{"origin":4700,"position":5},"title":"LADRONES FUERON FILMADOS EN DOS OPORTUNIDADES DURANTE LA MISMA NOCHE. DEBER\u00cdAN SEAN IDENTIFICADOS POR LAS C\u00c1MARAS DE SEGURIDAD DEL MUNICIPIO","author":"Alejandro Sosa Ruda","date":"22 agosto, 2020","format":false,"excerpt":"Durante la madrugada de la antevispera sucedi\u00f3 uno de los tantos hechos de inseguridad que asolan a Chascom\u00fas, pero en esta ocasi\u00f3n qued\u00f3 registrado en c\u00e1maras privadas de seguridad, por lo que se viraliz\u00f3 en las redes sociales, llegando a casi toda la sociedad chascomunense. El hecho, indigna por lo\u2026","rel":"","context":"En \u00abDESTACADAS\u00bb","block_context":{"text":"DESTACADAS","link":"https:\/\/larevistadigital.com.ar\/blog\/category\/destacadas\/"},"img":{"alt_text":"","src":"https:\/\/i0.wp.com\/larevistadigital.com.ar\/blog\/wp-content\/uploads\/Screenshot_1-135.jpg?fit=767%2C376&ssl=1&resize=350%2C200","width":350,"height":200,"srcset":"https:\/\/i0.wp.com\/larevistadigital.com.ar\/blog\/wp-content\/uploads\/Screenshot_1-135.jpg?fit=767%2C376&ssl=1&resize=350%2C200 1x, https:\/\/i0.wp.com\/larevistadigital.com.ar\/blog\/wp-content\/uploads\/Screenshot_1-135.jpg?fit=767%2C376&ssl=1&resize=525%2C300 1.5x, https:\/\/i0.wp.com\/larevistadigital.com.ar\/blog\/wp-content\/uploads\/Screenshot_1-135.jpg?fit=767%2C376&ssl=1&resize=700%2C400 2x"},"classes":[]}],"_links":{"self":[{"href":"https:\/\/larevistadigital.com.ar\/blog\/wp-json\/wp\/v2\/posts\/4700","targetHints":{"allow":["GET"]}}],"collection":[{"href":"https:\/\/larevistadigital.com.ar\/blog\/wp-json\/wp\/v2\/posts"}],"about":[{"href":"https:\/\/larevistadigital.com.ar\/blog\/wp-json\/wp\/v2\/types\/post"}],"author":[{"embeddable":true,"href":"https:\/\/larevistadigital.com.ar\/blog\/wp-json\/wp\/v2\/users\/3"}],"replies":[{"embeddable":true,"href":"https:\/\/larevistadigital.com.ar\/blog\/wp-json\/wp\/v2\/comments?post=4700"}],"version-history":[{"count":1,"href":"https:\/\/larevistadigital.com.ar\/blog\/wp-json\/wp\/v2\/posts\/4700\/revisions"}],"predecessor-version":[{"id":4704,"href":"https:\/\/larevistadigital.com.ar\/blog\/wp-json\/wp\/v2\/posts\/4700\/revisions\/4704"}],"wp:featuredmedia":[{"embeddable":true,"href":"https:\/\/larevistadigital.com.ar\/blog\/wp-json\/wp\/v2\/media\/4703"}],"wp:attachment":[{"href":"https:\/\/larevistadigital.com.ar\/blog\/wp-json\/wp\/v2\/media?parent=4700"}],"wp:term":[{"taxonomy":"category","embeddable":true,"href":"https:\/\/larevistadigital.com.ar\/blog\/wp-json\/wp\/v2\/categories?post=4700"},{"taxonomy":"post_tag","embeddable":true,"href":"https:\/\/larevistadigital.com.ar\/blog\/wp-json\/wp\/v2\/tags?post=4700"}],"curies":[{"name":"wp","href":"https:\/\/api.w.org\/{rel}","templated":true}]}}