{"id":4707,"date":"2018-02-02T23:53:06","date_gmt":"2018-02-02T23:53:06","guid":{"rendered":"https:\/\/larevistadigital.com.ar\/blog\/?p=4707"},"modified":"2018-02-02T23:53:06","modified_gmt":"2018-02-02T23:53:06","slug":"video-del-dia-afirman-viajaron-tiempo-sacaron-una-foto-jesus","status":"publish","type":"post","link":"https:\/\/larevistadigital.com.ar\/blog\/video-del-dia-afirman-viajaron-tiempo-sacaron-una-foto-jesus\/","title":{"rendered":"VIDEO DEL D\u00cdA: AFIRMAN QUE VIAJARON EN EL TIEMPO Y SACARON UNA FOTO DE JES\u00daS"},"content":{"rendered":"<p>El d\u00eda 2 de Mayo de 1972 el peri\u00f3dico italiano \u00abLa Domenica del Corriere\u00bb public\u00f3 una noticia que sorprendi\u00f3 a miles de lectores: Un equipo de cient\u00edficos afirmaban haber inventado y utilizado con \u00e9xito una m\u00e1quina con la que se puede remontarse al pasado y tomar im\u00e1genes y fotograf\u00edas.<\/p>\n<p>La m\u00e1quina en cuesti\u00f3n fue bautizada como \u00abCronovisor\u00bb y quien estuvo al frente de las investigaciones fue un sacerdote.<\/p>\n<p>El padre sostuvo que con el invento pudo fotografiar a Jes\u00fas agonizando en la cruz, la destrucci\u00f3n de Sodoma y Gomorra y otros grandes eventos hist\u00f3ricos como la fundaci\u00f3n de Roma en el a\u00f1o 723 A\/C.<\/p>\n<p>Desde ya, como siempre lo hacemos en este segmento, no afirmamos ni negamos la certeza de los videos, sino que los compartimos para que cada uno de ustedes saque sus propias conclusiones&#8230; \u00bfQu\u00e9 opinan al respecto?<\/p>\n<p>&nbsp;<\/p>\n<p><strong>AQU\u00cd EL VIDEO Y LAS DOS SUPUESTAS FOTOS DE JES\u00daS<\/strong><\/p>\n<p>&nbsp;<\/p>\n<div style=\"width: 640px;\" class=\"wp-video\"><!--[if lt IE 9]><script>document.createElement('video');<\/script><![endif]-->\n<video class=\"wp-video-shortcode\" id=\"video-4707-1\" width=\"640\" height=\"360\" preload=\"metadata\" controls=\"controls\"><source type=\"video\/mp4\" src=\"https:\/\/larevistadigital.com.ar\/blog\/wp-content\/uploads\/2018\/02\/CRONOVISOR-3.mp4?_=1\" \/><a href=\"https:\/\/larevistadigital.com.ar\/blog\/wp-content\/uploads\/2018\/02\/CRONOVISOR-3.mp4\">https:\/\/larevistadigital.com.ar\/blog\/wp-content\/uploads\/2018\/02\/CRONOVISOR-3.mp4<\/a><\/video><\/div>\n","protected":false},"excerpt":{"rendered":"<div class=\"mh-excerpt\"><p>El d\u00eda 2 de Mayo de 1972 el peri\u00f3dico italiano \u00abLa Domenica del Corriere\u00bb public\u00f3 una noticia que sorprendi\u00f3 a miles de lectores: Un equipo de cient\u00edficos afirmaban haber inventado y utilizado con \u00e9xito una <a class=\"mh-excerpt-more\" href=\"https:\/\/larevistadigital.com.ar\/blog\/video-del-dia-afirman-viajaron-tiempo-sacaron-una-foto-jesus\/\" title=\"VIDEO DEL D\u00cdA: AFIRMAN QUE VIAJARON EN EL TIEMPO Y SACARON UNA FOTO DE JES\u00daS\">[Leer M\u00e1s]<\/a><\/p>\n<\/div>","protected":false},"author":3,"featured_media":0,"comment_status":"open","ping_status":"open","sticky":false,"template":"","format":"standard","meta":{"_jetpack_memberships_contains_paid_content":false,"footnotes":"","jetpack_publicize_message":"","jetpack_publicize_feature_enabled":true,"jetpack_social_post_already_shared":true,"jetpack_social_options":{"image_generator_settings":{"template":"highway","default_image_id":0,"font":"","enabled":false},"version":2}},"categories":[45],"tags":[],"class_list":{"0":"post-4707","1":"post","2":"type-post","3":"status-publish","4":"format-standard","6":"category-lo-vi-en-internet"},"jetpack_publicize_connections":[],"jetpack_featured_media_url":"","jetpack_sharing_enabled":true,"jetpack_shortlink":"https:\/\/wp.me\/p8qtrQ-1dV","jetpack-related-posts":[{"id":22897,"url":"https:\/\/larevistadigital.com.ar\/blog\/sarco-como-es-la-capsula-aprobada-en-suiza-para-suicidarse-sin-asistencia\/","url_meta":{"origin":4707,"position":0},"title":"SARCO: COMO ES LA C\u00c1PSULA APROBADA EN SUIZA PARA SUICIDARSE SIN ASISTENCIA","author":"Alejandro Sosa Ruda","date":"8 diciembre, 2021","format":false,"excerpt":"Los planos se pueden descargar por internet, imprimir en una impresora 3D y se puede instalar en cualquier lugar. Todo est\u00e1 en manos del usuario que s\u00f3lo debe comprobar que est\u00e1 mentalmente apto para decidir morir Las autoridades en Suiza aprobaron este marte el uso de Sarco, una c\u00e1psula de\u2026","rel":"","context":"En \u00abINTERES GENERAL\u00bb","block_context":{"text":"INTERES GENERAL","link":"https:\/\/larevistadigital.com.ar\/blog\/category\/interes-general\/"},"img":{"alt_text":"","src":"https:\/\/i0.wp.com\/larevistadigital.com.ar\/blog\/wp-content\/uploads\/Captura-de-pantalla-2021-12-08-003859.jpg?fit=996%2C557&ssl=1&resize=350%2C200","width":350,"height":200,"srcset":"https:\/\/i0.wp.com\/larevistadigital.com.ar\/blog\/wp-content\/uploads\/Captura-de-pantalla-2021-12-08-003859.jpg?fit=996%2C557&ssl=1&resize=350%2C200 1x, https:\/\/i0.wp.com\/larevistadigital.com.ar\/blog\/wp-content\/uploads\/Captura-de-pantalla-2021-12-08-003859.jpg?fit=996%2C557&ssl=1&resize=525%2C300 1.5x, https:\/\/i0.wp.com\/larevistadigital.com.ar\/blog\/wp-content\/uploads\/Captura-de-pantalla-2021-12-08-003859.jpg?fit=996%2C557&ssl=1&resize=700%2C400 2x"},"classes":[]},{"id":35610,"url":"https:\/\/larevistadigital.com.ar\/blog\/beatriz-de-leon-denuncio-un-robo-en-uno-de-los-locales-del-partido-libres-del-sur\/","url_meta":{"origin":4707,"position":1},"title":"BEATRIZ DE LE\u00d3N DENUNCI\u00d3 UN ROBO EN UNO DE LOS LOCALES DEL PARTIDO \u00abLIBRES DEL SUR\u00bb","author":"Alejandro Sosa Ruda","date":"19 marzo, 2024","format":false,"excerpt":"La dirigente pol\u00edtica se mostr\u00f3 consternada por un robo sufrido en la panificadora partidaria en la que trabajan varias personas. 18 de marzo de 2024 CHASCOM\u00daS -\u00a0\u00a0 La dirigente social y referente del Partido Libres del Sur en Chascom\u00fas, Mar\u00eda Beatriz De Le\u00f3n, fue entrevistada por Alejandro \"El Tano\" Sosa\u2026","rel":"","context":"En \u00abCHASCOM\u00daS\u00bb","block_context":{"text":"CHASCOM\u00daS","link":"https:\/\/larevistadigital.com.ar\/blog\/category\/chascomus\/"},"img":{"alt_text":"","src":"https:\/\/i0.wp.com\/larevistadigital.com.ar\/blog\/wp-content\/uploads\/432584987_404342205574654_960452654344875368_n-e1710821412323.jpg?fit=843%2C588&ssl=1&resize=350%2C200","width":350,"height":200,"srcset":"https:\/\/i0.wp.com\/larevistadigital.com.ar\/blog\/wp-content\/uploads\/432584987_404342205574654_960452654344875368_n-e1710821412323.jpg?fit=843%2C588&ssl=1&resize=350%2C200 1x, https:\/\/i0.wp.com\/larevistadigital.com.ar\/blog\/wp-content\/uploads\/432584987_404342205574654_960452654344875368_n-e1710821412323.jpg?fit=843%2C588&ssl=1&resize=525%2C300 1.5x, https:\/\/i0.wp.com\/larevistadigital.com.ar\/blog\/wp-content\/uploads\/432584987_404342205574654_960452654344875368_n-e1710821412323.jpg?fit=843%2C588&ssl=1&resize=700%2C400 2x"},"classes":[]},{"id":26458,"url":"https:\/\/larevistadigital.com.ar\/blog\/aposto-6-000-en-el-casino-gano-100-millones-y-no-quieren-pagarle\/","url_meta":{"origin":4707,"position":2},"title":"APOST\u00d3 $6.000.- EN EL CASINO, GANO $100 MILLONES Y NO QUIEREN PAGARLE","author":"Alejandro Sosa Ruda","date":"11 julio, 2022","format":false,"excerpt":"Las autoridades del Casino de R\u00edo Gallegos sostienen que la m\u00e1quina sufri\u00f3 un desperfecto. Un obrero de la construcci\u00f3n de la localidad de Comandante Luis Piedrabuena, Santa Cruz, fue al casino de R\u00edo Gallegos y gan\u00f3 $100.000.000. Sin embargo, le dijeron que no le iban a pagar el premio porque\u2026","rel":"","context":"En \u00abINTERES GENERAL\u00bb","block_context":{"text":"INTERES GENERAL","link":"https:\/\/larevistadigital.com.ar\/blog\/category\/interes-general\/"},"img":{"alt_text":"","src":"https:\/\/i0.wp.com\/larevistadigital.com.ar\/blog\/wp-content\/uploads\/757b1c0c4f7cbc9e8081e297efd0798780141be3.jpg?fit=1140%2C740&ssl=1&resize=350%2C200","width":350,"height":200,"srcset":"https:\/\/i0.wp.com\/larevistadigital.com.ar\/blog\/wp-content\/uploads\/757b1c0c4f7cbc9e8081e297efd0798780141be3.jpg?fit=1140%2C740&ssl=1&resize=350%2C200 1x, https:\/\/i0.wp.com\/larevistadigital.com.ar\/blog\/wp-content\/uploads\/757b1c0c4f7cbc9e8081e297efd0798780141be3.jpg?fit=1140%2C740&ssl=1&resize=525%2C300 1.5x, https:\/\/i0.wp.com\/larevistadigital.com.ar\/blog\/wp-content\/uploads\/757b1c0c4f7cbc9e8081e297efd0798780141be3.jpg?fit=1140%2C740&ssl=1&resize=700%2C400 2x, https:\/\/i0.wp.com\/larevistadigital.com.ar\/blog\/wp-content\/uploads\/757b1c0c4f7cbc9e8081e297efd0798780141be3.jpg?fit=1140%2C740&ssl=1&resize=1050%2C600 3x"},"classes":[]},{"id":17211,"url":"https:\/\/larevistadigital.com.ar\/blog\/horror-en-ezeiza-ante-un-descuido-de-la-madre-una-maquina-vial-atropello-y-mato-a-una-beba\/","url_meta":{"origin":4707,"position":3},"title":"HORROR EN EZEIZA: ANTE UN DESCUIDO DE LA MADRE, UNA M\u00c1QUINA VIAL ATROPELL\u00d3 Y MAT\u00d3 A UNA BEBA","author":"Alejandro Sosa Ruda","date":"25 octubre, 2020","format":false,"excerpt":"Se trata de una peque\u00f1a de apenas 1 a\u00f1o y 10 meses. El hecho ocurri\u00f3 este s\u00e1bado por la ma\u00f1ana, cuando se realizaban trabajos de nivelaci\u00f3n. Los detalles. Una verdadera tragedia enluta al distrito bonaerense de Ezeiza, donde una m\u00e1quina vial atropell\u00f3 y mat\u00f3 a una peque\u00f1a de apenas 1\u2026","rel":"","context":"En \u00abINTERES GENERAL\u00bb","block_context":{"text":"INTERES GENERAL","link":"https:\/\/larevistadigital.com.ar\/blog\/category\/interes-general\/"},"img":{"alt_text":"","src":"https:\/\/i0.wp.com\/larevistadigital.com.ar\/blog\/wp-content\/uploads\/VRNCH255R5DDFHA7BDBRPRC7TQ.jpg?fit=800%2C450&ssl=1&resize=350%2C200","width":350,"height":200,"srcset":"https:\/\/i0.wp.com\/larevistadigital.com.ar\/blog\/wp-content\/uploads\/VRNCH255R5DDFHA7BDBRPRC7TQ.jpg?fit=800%2C450&ssl=1&resize=350%2C200 1x, https:\/\/i0.wp.com\/larevistadigital.com.ar\/blog\/wp-content\/uploads\/VRNCH255R5DDFHA7BDBRPRC7TQ.jpg?fit=800%2C450&ssl=1&resize=525%2C300 1.5x, https:\/\/i0.wp.com\/larevistadigital.com.ar\/blog\/wp-content\/uploads\/VRNCH255R5DDFHA7BDBRPRC7TQ.jpg?fit=800%2C450&ssl=1&resize=700%2C400 2x"},"classes":[]},{"id":24977,"url":"https:\/\/larevistadigital.com.ar\/blog\/horroroso-y-tragico-accidente-tenia-21-anos-se-enredo-el-pelo-en-una-maquina-de-engranaje-y-murio\/","url_meta":{"origin":4707,"position":4},"title":"HORROROSO Y TR\u00c1GICO ACCIDENTE: TEN\u00cdA 21 A\u00d1OS. SE ENRED\u00d3 EL PELO EN UNA M\u00c1QUINA DE ENGRANAJE Y MURI\u00d3","author":"Alejandro Sosa Ruda","date":"5 abril, 2022","format":false,"excerpt":"Roc\u00edo D\u00e9cima ten\u00eda 21 a\u00f1os y trabajaba en una f\u00e1brica en La Matanza VIRREY DEL PINO -\u00a0 Una joven de 21 a\u00f1os muri\u00f3 en la localidad bonaerense de Virrey del Pino a ra\u00edz de un terrible accidente con una m\u00e1quina de engranaje, dentro de la f\u00e1brica de juntas de motoveh\u00edculos\u2026","rel":"","context":"En \u00abINTERES GENERAL\u00bb","block_context":{"text":"INTERES GENERAL","link":"https:\/\/larevistadigital.com.ar\/blog\/category\/interes-general\/"},"img":{"alt_text":"","src":"https:\/\/i0.wp.com\/larevistadigital.com.ar\/blog\/wp-content\/uploads\/ACCIDENTE-1.jpg?fit=947%2C742&ssl=1&resize=350%2C200","width":350,"height":200,"srcset":"https:\/\/i0.wp.com\/larevistadigital.com.ar\/blog\/wp-content\/uploads\/ACCIDENTE-1.jpg?fit=947%2C742&ssl=1&resize=350%2C200 1x, https:\/\/i0.wp.com\/larevistadigital.com.ar\/blog\/wp-content\/uploads\/ACCIDENTE-1.jpg?fit=947%2C742&ssl=1&resize=525%2C300 1.5x, https:\/\/i0.wp.com\/larevistadigital.com.ar\/blog\/wp-content\/uploads\/ACCIDENTE-1.jpg?fit=947%2C742&ssl=1&resize=700%2C400 2x"},"classes":[]},{"id":11475,"url":"https:\/\/larevistadigital.com.ar\/blog\/ranchos-desmantelan-casino-clandestino-hay-detenidos\/","url_meta":{"origin":4707,"position":5},"title":"RANCHOS: DESMANTELAN CASINO CLANDESTINO. HAY DETENIDOS","author":"Alejandro Sosa Ruda","date":"24 julio, 2019","format":false,"excerpt":"El operativo tuvo lugar en una vivienda donde se realizaban distintos juegos de azar por dinero, como ruleta, dados y p\u00f3quer, entre otros. Dos hombres de 43 y 53 a\u00f1os fueron detenidos acusados de montar un casino clandestino en la ciudad de Ranchos\u00a0y en su poder la Polic\u00eda de la\u2026","rel":"","context":"En \u00abRANCHOS\u00bb","block_context":{"text":"RANCHOS","link":"https:\/\/larevistadigital.com.ar\/blog\/category\/ranchos\/"},"img":{"alt_text":"","src":"https:\/\/i0.wp.com\/larevistadigital.com.ar\/blog\/wp-content\/uploads\/Screenshot_2-24.jpg?fit=1016%2C565&ssl=1&resize=350%2C200","width":350,"height":200,"srcset":"https:\/\/i0.wp.com\/larevistadigital.com.ar\/blog\/wp-content\/uploads\/Screenshot_2-24.jpg?fit=1016%2C565&ssl=1&resize=350%2C200 1x, https:\/\/i0.wp.com\/larevistadigital.com.ar\/blog\/wp-content\/uploads\/Screenshot_2-24.jpg?fit=1016%2C565&ssl=1&resize=525%2C300 1.5x, https:\/\/i0.wp.com\/larevistadigital.com.ar\/blog\/wp-content\/uploads\/Screenshot_2-24.jpg?fit=1016%2C565&ssl=1&resize=700%2C400 2x"},"classes":[]}],"_links":{"self":[{"href":"https:\/\/larevistadigital.com.ar\/blog\/wp-json\/wp\/v2\/posts\/4707","targetHints":{"allow":["GET"]}}],"collection":[{"href":"https:\/\/larevistadigital.com.ar\/blog\/wp-json\/wp\/v2\/posts"}],"about":[{"href":"https:\/\/larevistadigital.com.ar\/blog\/wp-json\/wp\/v2\/types\/post"}],"author":[{"embeddable":true,"href":"https:\/\/larevistadigital.com.ar\/blog\/wp-json\/wp\/v2\/users\/3"}],"replies":[{"embeddable":true,"href":"https:\/\/larevistadigital.com.ar\/blog\/wp-json\/wp\/v2\/comments?post=4707"}],"version-history":[{"count":2,"href":"https:\/\/larevistadigital.com.ar\/blog\/wp-json\/wp\/v2\/posts\/4707\/revisions"}],"predecessor-version":[{"id":4714,"href":"https:\/\/larevistadigital.com.ar\/blog\/wp-json\/wp\/v2\/posts\/4707\/revisions\/4714"}],"wp:attachment":[{"href":"https:\/\/larevistadigital.com.ar\/blog\/wp-json\/wp\/v2\/media?parent=4707"}],"wp:term":[{"taxonomy":"category","embeddable":true,"href":"https:\/\/larevistadigital.com.ar\/blog\/wp-json\/wp\/v2\/categories?post=4707"},{"taxonomy":"post_tag","embeddable":true,"href":"https:\/\/larevistadigital.com.ar\/blog\/wp-json\/wp\/v2\/tags?post=4707"}],"curies":[{"name":"wp","href":"https:\/\/api.w.org\/{rel}","templated":true}]}}