{"id":47093,"date":"2026-08-28T19:51:39","date_gmt":"2026-08-28T22:51:39","guid":{"rendered":"https:\/\/larevistadigital.com.ar\/blog\/?p=47093"},"modified":"2026-08-28T19:51:39","modified_gmt":"2026-08-28T22:51:39","slug":"kicillof-massa-y-maximo-kirchner-se-reunieron-y-buscan-ordenar-al-peronismo-de-cara-a-2027","status":"publish","type":"post","link":"https:\/\/larevistadigital.com.ar\/blog\/kicillof-massa-y-maximo-kirchner-se-reunieron-y-buscan-ordenar-al-peronismo-de-cara-a-2027\/","title":{"rendered":"Kicillof, Massa y M\u00e1ximo Kirchner se reunieron y buscan ordenar al peronismo de cara a 2027"},"content":{"rendered":"<h3>Axel Kicillof, Sergio Massa y M\u00e1ximo Kirchner mantuvieron una reuni\u00f3n de varias horas en Buenos Aires para analizar la situaci\u00f3n pol\u00edtica y econ\u00f3mica del pa\u00eds, la agenda legislativa y la estrategia electoral con vistas a 2027. Seg\u00fan Jos\u00e9 Mayans, el encuentro permiti\u00f3 avanzar en una agenda com\u00fan entre los distintos sectores del peronismo.<\/h3>\n<p>28 de agosto de 2026<\/p>\n<p class=\"isSelectedEnd\">El peronismo volvi\u00f3 a sentar en una misma mesa a tres de sus principales referentes: el gobernador bonaerense Axel Kicillof, Sergio Massa y M\u00e1ximo Kirchner.<\/p>\n<p class=\"isSelectedEnd\">El encuentro se desarroll\u00f3 durante la noche del martes en un hotel de la Ciudad de Buenos Aires y se extendi\u00f3 durante aproximadamente cuatro horas. La reuni\u00f3n tuvo como eje la b\u00fasqueda de coincidencias entre los distintos sectores del espacio y comenz\u00f3 a poner sobre la mesa la estrategia pol\u00edtica de cara a las elecciones presidenciales de 2027.<\/p>\n<blockquote>\n<h3 class=\"isSelectedEnd\">El senador nacional Jos\u00e9 Mayans, titular del bloque de Uni\u00f3n por la Patria en la C\u00e1mara alta, cont\u00f3 detalles de la reuni\u00f3n durante una entrevista con C5N y asegur\u00f3 que el encuentro se desarroll\u00f3 en un clima positivo.<\/h3>\n<\/blockquote>\n<p class=\"isSelectedEnd\">Seg\u00fan relat\u00f3, inicialmente estaba previsto que la reuni\u00f3n durara alrededor de una hora, pero finalmente los dirigentes permanecieron reunidos desde las 20 hasta cerca de la medianoche. Durante ese tiempo se abordaron cuestiones vinculadas con las provincias, la agenda legislativa y la situaci\u00f3n econ\u00f3mica.<\/p>\n<blockquote>\n<h3 class=\"isSelectedEnd\">Mayans sostuvo adem\u00e1s que los participantes coincidieron en la necesidad de construir una agenda com\u00fan y plante\u00f3 que el peronismo debe comenzar a preparar una propuesta pol\u00edtica y de gobierno diferente a la de Javier Milei.<\/h3>\n<\/blockquote>\n<p class=\"isSelectedEnd\">Entre los temas mencionados estuvieron las PASO, el Presupuesto y el tratamiento de distintos proyectos en la C\u00e1mara de Diputados.<\/p>\n<h3><span style=\"color: #ff0000\">Una mesa que vuelve a reunir a sectores enfrentados<\/span><\/h3>\n<p class=\"isSelectedEnd\">La reuni\u00f3n adquiere relevancia porque re\u00fane a dirigentes que representan sectores diferentes dentro del peronismo y que en los \u00faltimos tiempos mantuvieron diferencias pol\u00edticas.<\/p>\n<blockquote>\n<h3 class=\"isSelectedEnd\">Kicillof, Massa y M\u00e1ximo Kirchner aparecen ahora compartiendo una instancia de di\u00e1logo que podr\u00eda ser el comienzo de un proceso de reorganizaci\u00f3n del espacio con vistas al pr\u00f3ximo turno electoral.<\/h3>\n<\/blockquote>\n<p class=\"isSelectedEnd\">Por el momento, no existe una definici\u00f3n sobre candidaturas ni sobre una eventual f\u00f3rmula electoral. Lo que aparece es un primer intento de <strong>construir acuerdos y ordenar posiciones<\/strong> frente al escenario que se viene.<\/p>\n<p class=\"isSelectedEnd\">La pregunta que queda abierta es si esta mesa podr\u00e1 transformarse en algo m\u00e1s que una reuni\u00f3n pol\u00edtica y convertirse en el punto de partida de un frente com\u00fan capaz de competir en 2027.<\/p>\n<p><strong>Fuente: Mirada Central.<\/strong><\/p>\n","protected":false},"excerpt":{"rendered":"<div class=\"mh-excerpt\"><p>Axel Kicillof, Sergio Massa y M\u00e1ximo Kirchner mantuvieron una reuni\u00f3n de varias horas en Buenos Aires para analizar la situaci\u00f3n pol\u00edtica y econ\u00f3mica del pa\u00eds, la agenda legislativa y la estrategia electoral con vistas a <a class=\"mh-excerpt-more\" href=\"https:\/\/larevistadigital.com.ar\/blog\/kicillof-massa-y-maximo-kirchner-se-reunieron-y-buscan-ordenar-al-peronismo-de-cara-a-2027\/\" title=\"Kicillof, Massa y M\u00e1ximo Kirchner se reunieron y buscan ordenar al peronismo de cara a 2027\">[Leer M\u00e1s]<\/a><\/p>\n<\/div>","protected":false},"author":3,"featured_media":47094,"comment_status":"open","ping_status":"open","sticky":false,"template":"","format":"standard","meta":{"_jetpack_memberships_contains_paid_content":false,"footnotes":"","jetpack_publicize_message":"","jetpack_publicize_feature_enabled":true,"jetpack_social_post_already_shared":true,"jetpack_social_options":{"image_generator_settings":{"template":"highway","default_image_id":0,"font":"","enabled":false},"version":2}},"categories":[44,51],"tags":[],"class_list":{"0":"post-47093","1":"post","2":"type-post","3":"status-publish","4":"format-standard","5":"has-post-thumbnail","7":"category-policiales","8":"category-regionales"},"jetpack_publicize_connections":[],"jetpack_featured_media_url":"https:\/\/i0.wp.com\/larevistadigital.com.ar\/blog\/wp-content\/uploads\/Captura-de-pantalla-2026-08-28-194956.jpg?fit=835%2C495&ssl=1","jetpack_sharing_enabled":true,"jetpack_shortlink":"https:\/\/wp.me\/p8qtrQ-cfz","jetpack-related-posts":[{"id":40218,"url":"https:\/\/larevistadigital.com.ar\/blog\/peronismo-bonaerense-en-marcha-kicillof-massa-y-maximo-acuerdan-una-estrategia-electoral-conjunta\/","url_meta":{"origin":47093,"position":0},"title":"Peronismo bonaerense en marcha: Kicillof, Massa y M\u00e1ximo acuerdan una estrategia electoral conjunta","author":"Alejandro Sosa Ruda","date":"30 junio, 2025","format":false,"excerpt":"Con miras a las elecciones provinciales de septiembre, las principales figuras del peronismo se reunieron en La Plata y definieron presentar los candidatos m\u00e1s competitivos por secci\u00f3n electoral. Un frente com\u00fan contra el ajuste y la \u201cmotosierra\u201d. 30 de Junio de 2025 BUENOS AIRES -\u00a0 En una cumbre pol\u00edtica cargada\u2026","rel":"","context":"En \u00abDESTACADAS\u00bb","block_context":{"text":"DESTACADAS","link":"https:\/\/larevistadigital.com.ar\/blog\/category\/destacadas\/"},"img":{"alt_text":"","src":"https:\/\/i0.wp.com\/larevistadigital.com.ar\/blog\/wp-content\/uploads\/Captura-de-pantalla-2025-06-30-121836.jpg?fit=689%2C384&ssl=1&resize=350%2C200","width":350,"height":200,"srcset":"https:\/\/i0.wp.com\/larevistadigital.com.ar\/blog\/wp-content\/uploads\/Captura-de-pantalla-2025-06-30-121836.jpg?fit=689%2C384&ssl=1&resize=350%2C200 1x, https:\/\/i0.wp.com\/larevistadigital.com.ar\/blog\/wp-content\/uploads\/Captura-de-pantalla-2025-06-30-121836.jpg?fit=689%2C384&ssl=1&resize=525%2C300 1.5x"},"classes":[]},{"id":40175,"url":"https:\/\/larevistadigital.com.ar\/blog\/peronismo-el-nombre-del-frente-que-conduciran-massa-y-maximo\/","url_meta":{"origin":47093,"position":1},"title":"\u00abPeronismo\u00bb: El nombre del frente que conducir\u00e1n Massa y M\u00e1ximo","author":"Alejandro Sosa Ruda","date":"24 junio, 2025","format":false,"excerpt":"De cara al calendario electoral bonaerense, los l\u00edderes del Frente Renovador y La C\u00e1mpora comenzaron a delinear un nuevo espacio pol\u00edtico, mientras el sector de Axel Kicillof observa con recelo desde la vereda de enfrente. 24 de Junio de 2025 Un nuevo reacomodamiento pol\u00edtico sacude al peronismo en la provincia\u2026","rel":"","context":"En \u00abINTERES GENERAL\u00bb","block_context":{"text":"INTERES GENERAL","link":"https:\/\/larevistadigital.com.ar\/blog\/category\/interes-general\/"},"img":{"alt_text":"","src":"https:\/\/i0.wp.com\/larevistadigital.com.ar\/blog\/wp-content\/uploads\/Captura-de-pantalla-2025-06-24-145554.jpg?fit=800%2C452&ssl=1&resize=350%2C200","width":350,"height":200,"srcset":"https:\/\/i0.wp.com\/larevistadigital.com.ar\/blog\/wp-content\/uploads\/Captura-de-pantalla-2025-06-24-145554.jpg?fit=800%2C452&ssl=1&resize=350%2C200 1x, https:\/\/i0.wp.com\/larevistadigital.com.ar\/blog\/wp-content\/uploads\/Captura-de-pantalla-2025-06-24-145554.jpg?fit=800%2C452&ssl=1&resize=525%2C300 1.5x, https:\/\/i0.wp.com\/larevistadigital.com.ar\/blog\/wp-content\/uploads\/Captura-de-pantalla-2025-06-24-145554.jpg?fit=800%2C452&ssl=1&resize=700%2C400 2x"},"classes":[]},{"id":40399,"url":"https:\/\/larevistadigital.com.ar\/blog\/peronismo-bonaerense-kicillof-massa-y-maximo-sellaron-el-frente-fuerza-patria-para-competir-en-septiembre\/","url_meta":{"origin":47093,"position":2},"title":"Peronismo bonaerense: Kicillof, Massa y M\u00e1ximo sellaron el frente \u201cFuerza Patria\u201d para competir en septiembre","author":"Alejandro Sosa Ruda","date":"9 julio, 2025","format":false,"excerpt":"Tras intensas reuniones en La Plata, se confirm\u00f3 la alianza electoral del peronismo de cara a las elecciones provinciales. Se llamar\u00e1 \u201cFuerza Patria\u201d y re\u00fane a los tres grandes sectores del espacio. 09 de Julio de 2025 BUENOS AIRES\u00a0 -\u00a0 \u00a0Despu\u00e9s de una serie de encuentros que marcaron la agenda\u2026","rel":"","context":"En \u00abPOLITICA\u00bb","block_context":{"text":"POLITICA","link":"https:\/\/larevistadigital.com.ar\/blog\/category\/politica\/"},"img":{"alt_text":"","src":"https:\/\/i0.wp.com\/larevistadigital.com.ar\/blog\/wp-content\/uploads\/Captura-de-pantalla-2025-07-09-204755.jpg?fit=859%2C333&ssl=1&resize=350%2C200","width":350,"height":200,"srcset":"https:\/\/i0.wp.com\/larevistadigital.com.ar\/blog\/wp-content\/uploads\/Captura-de-pantalla-2025-07-09-204755.jpg?fit=859%2C333&ssl=1&resize=350%2C200 1x, https:\/\/i0.wp.com\/larevistadigital.com.ar\/blog\/wp-content\/uploads\/Captura-de-pantalla-2025-07-09-204755.jpg?fit=859%2C333&ssl=1&resize=525%2C300 1.5x, https:\/\/i0.wp.com\/larevistadigital.com.ar\/blog\/wp-content\/uploads\/Captura-de-pantalla-2025-07-09-204755.jpg?fit=859%2C333&ssl=1&resize=700%2C400 2x"},"classes":[]},{"id":40004,"url":"https:\/\/larevistadigital.com.ar\/blog\/cristina-y-axel-se-reunieron-y-acordaron-crear-una-comision-de-cara-a-las-elecciones\/","url_meta":{"origin":47093,"position":3},"title":"Cristina y Axel se reunieron y acordaron crear una comisi\u00f3n de cara a las elecciones","author":"Alejandro Sosa Ruda","date":"6 junio, 2025","format":false,"excerpt":"La exvicepresidenta Cristina Fern\u00e1ndez de Kirchner y el gobernador de la provincia de Buenos Aires, Axel Kicillof, mantuvieron un encuentro en el que resolvieron la creaci\u00f3n de un espacio de trabajo conjunto, con representantes de los distintos sectores del peronismo, con el objetivo de avanzar hacia una estrategia com\u00fan que\u2026","rel":"","context":"En \u00abDESTACADAS\u00bb","block_context":{"text":"DESTACADAS","link":"https:\/\/larevistadigital.com.ar\/blog\/category\/destacadas\/"},"img":{"alt_text":"","src":"https:\/\/i0.wp.com\/larevistadigital.com.ar\/blog\/wp-content\/uploads\/20250606073459_axel-y-cristina.jpg?fit=880%2C512&ssl=1&resize=350%2C200","width":350,"height":200,"srcset":"https:\/\/i0.wp.com\/larevistadigital.com.ar\/blog\/wp-content\/uploads\/20250606073459_axel-y-cristina.jpg?fit=880%2C512&ssl=1&resize=350%2C200 1x, https:\/\/i0.wp.com\/larevistadigital.com.ar\/blog\/wp-content\/uploads\/20250606073459_axel-y-cristina.jpg?fit=880%2C512&ssl=1&resize=525%2C300 1.5x, https:\/\/i0.wp.com\/larevistadigital.com.ar\/blog\/wp-content\/uploads\/20250606073459_axel-y-cristina.jpg?fit=880%2C512&ssl=1&resize=700%2C400 2x"},"classes":[]},{"id":42874,"url":"https:\/\/larevistadigital.com.ar\/blog\/kicillof-y-maximo-kirchner-negocian-en-silencio-quien-se-queda-con-el-pj-bonaerense\/","url_meta":{"origin":47093,"position":4},"title":"Kicillof y M\u00e1ximo Kirchner negocian en silencio: qui\u00e9n se queda con el PJ bonaerense","author":"Alejandro Sosa Ruda","date":"12 diciembre, 2025","format":false,"excerpt":"El Gobernador y el l\u00edder camporista exploran un acuerdo para evitar una ruptura total en el peronismo bonaerense. Suenan Oterm\u00edn y Ach\u00e1val como posibles reemplazos y La C\u00e1mpora ya pone condiciones. 12 de Diciembre de 2025 El gobernador\u00a0Axel Kicillof\u00a0y el diputado nacional\u00a0M\u00e1ximo Kirchner\u00a0reactivaron conversaciones reservadas para intentar contener la crisis\u2026","rel":"","context":"En \u00abPOLITICA\u00bb","block_context":{"text":"POLITICA","link":"https:\/\/larevistadigital.com.ar\/blog\/category\/politica\/"},"img":{"alt_text":"","src":"https:\/\/i0.wp.com\/larevistadigital.com.ar\/blog\/wp-content\/uploads\/Captura-de-pantalla-2025-12-12-183454.jpg?fit=736%2C457&ssl=1&resize=350%2C200","width":350,"height":200,"srcset":"https:\/\/i0.wp.com\/larevistadigital.com.ar\/blog\/wp-content\/uploads\/Captura-de-pantalla-2025-12-12-183454.jpg?fit=736%2C457&ssl=1&resize=350%2C200 1x, https:\/\/i0.wp.com\/larevistadigital.com.ar\/blog\/wp-content\/uploads\/Captura-de-pantalla-2025-12-12-183454.jpg?fit=736%2C457&ssl=1&resize=525%2C300 1.5x, https:\/\/i0.wp.com\/larevistadigital.com.ar\/blog\/wp-content\/uploads\/Captura-de-pantalla-2025-12-12-183454.jpg?fit=736%2C457&ssl=1&resize=700%2C400 2x"},"classes":[]},{"id":43855,"url":"https:\/\/larevistadigital.com.ar\/blog\/el-pj-bonaerense-firmo-la-unidad-axel-kicillof-como-presidente-y-magario-vice\/","url_meta":{"origin":47093,"position":5},"title":"El PJ Bonaerense firm\u00f3 la unidad: Axel Kicillof como presidente y Magario \u201cvice\u201d","author":"Alejandro Sosa Ruda","date":"7 febrero, 2026","format":false,"excerpt":"Tras arduas negociaciones, el PJ Bonaerense sell\u00f3 la unidad con Axel Kicillof como candidato \u00fanico a presidente del partido. 07 de febrero de 2026 A horas del cierre de listas, el PJ Bonaerense oficializ\u00f3 el acuerdo. Axel Kicillof presidir\u00e1 el partido en relevo de M\u00e1ximo Kirchner, mientras que lo acompa\u00f1ar\u00e1\u2026","rel":"","context":"En \u00abINTERES GENERAL\u00bb","block_context":{"text":"INTERES GENERAL","link":"https:\/\/larevistadigital.com.ar\/blog\/category\/interes-general\/"},"img":{"alt_text":"","src":"https:\/\/i0.wp.com\/larevistadigital.com.ar\/blog\/wp-content\/uploads\/Captura-de-pantalla-2026-02-07-143723.jpg?fit=773%2C432&ssl=1&resize=350%2C200","width":350,"height":200,"srcset":"https:\/\/i0.wp.com\/larevistadigital.com.ar\/blog\/wp-content\/uploads\/Captura-de-pantalla-2026-02-07-143723.jpg?fit=773%2C432&ssl=1&resize=350%2C200 1x, https:\/\/i0.wp.com\/larevistadigital.com.ar\/blog\/wp-content\/uploads\/Captura-de-pantalla-2026-02-07-143723.jpg?fit=773%2C432&ssl=1&resize=525%2C300 1.5x, https:\/\/i0.wp.com\/larevistadigital.com.ar\/blog\/wp-content\/uploads\/Captura-de-pantalla-2026-02-07-143723.jpg?fit=773%2C432&ssl=1&resize=700%2C400 2x"},"classes":[]}],"_links":{"self":[{"href":"https:\/\/larevistadigital.com.ar\/blog\/wp-json\/wp\/v2\/posts\/47093","targetHints":{"allow":["GET"]}}],"collection":[{"href":"https:\/\/larevistadigital.com.ar\/blog\/wp-json\/wp\/v2\/posts"}],"about":[{"href":"https:\/\/larevistadigital.com.ar\/blog\/wp-json\/wp\/v2\/types\/post"}],"author":[{"embeddable":true,"href":"https:\/\/larevistadigital.com.ar\/blog\/wp-json\/wp\/v2\/users\/3"}],"replies":[{"embeddable":true,"href":"https:\/\/larevistadigital.com.ar\/blog\/wp-json\/wp\/v2\/comments?post=47093"}],"version-history":[{"count":1,"href":"https:\/\/larevistadigital.com.ar\/blog\/wp-json\/wp\/v2\/posts\/47093\/revisions"}],"predecessor-version":[{"id":47095,"href":"https:\/\/larevistadigital.com.ar\/blog\/wp-json\/wp\/v2\/posts\/47093\/revisions\/47095"}],"wp:featuredmedia":[{"embeddable":true,"href":"https:\/\/larevistadigital.com.ar\/blog\/wp-json\/wp\/v2\/media\/47094"}],"wp:attachment":[{"href":"https:\/\/larevistadigital.com.ar\/blog\/wp-json\/wp\/v2\/media?parent=47093"}],"wp:term":[{"taxonomy":"category","embeddable":true,"href":"https:\/\/larevistadigital.com.ar\/blog\/wp-json\/wp\/v2\/categories?post=47093"},{"taxonomy":"post_tag","embeddable":true,"href":"https:\/\/larevistadigital.com.ar\/blog\/wp-json\/wp\/v2\/tags?post=47093"}],"curies":[{"name":"wp","href":"https:\/\/api.w.org\/{rel}","templated":true}]}}