{"id":47104,"date":"2026-08-30T00:06:56","date_gmt":"2026-08-30T03:06:56","guid":{"rendered":"https:\/\/larevistadigital.com.ar\/blog\/?p=47104"},"modified":"2026-08-30T00:06:56","modified_gmt":"2026-08-30T03:06:56","slug":"vuelco-en-la-ruta-56-un-hombre-de-68-anos-fue-hospitalizado","status":"publish","type":"post","link":"https:\/\/larevistadigital.com.ar\/blog\/vuelco-en-la-ruta-56-un-hombre-de-68-anos-fue-hospitalizado\/","title":{"rendered":"Vuelco en la Ruta 56: un hombre de 68 a\u00f1os fue hospitalizado"},"content":{"rendered":"<h3 class=\"isSelectedEnd\">Un hombre de 68 a\u00f1os debi\u00f3 ser trasladado al Hospital de General Madariaga luego de protagonizar un vuelco en la Ruta Provincial 56, a la altura del kil\u00f3metro 51. El conductor circulaba en un Peugeot 307 cuando perdi\u00f3 el control del veh\u00edculo y termin\u00f3 volcando.<\/h3>\n<p>30 de agosto de 2026<\/p>\n<p class=\"isSelectedEnd\">El siniestro vial ocurri\u00f3 durante las \u00faltimas horas en jurisdicci\u00f3n de General Madariaga, cuando un Peugeot 307 que circulaba por la Ruta Provincial 56 se despist\u00f3 y termin\u00f3 volcando.<\/p>\n<p class=\"isSelectedEnd\">Por causas que son materia de investigaci\u00f3n, el conductor perdi\u00f3 el control del autom\u00f3vil y sali\u00f3 de la calzada antes de producirse el vuelco.<\/p>\n<blockquote>\n<h3 class=\"isSelectedEnd\">Como consecuencia del accidente, el hombre, de 68 a\u00f1os, recibi\u00f3 asistencia en el lugar y posteriormente fue trasladado al Hospital de General Madariaga para recibir atenci\u00f3n m\u00e9dica.<\/h3>\n<\/blockquote>\n<p class=\"isSelectedEnd\">En el operativo intervinieron Bomberos Voluntarios de General Madariaga, personal policial, el Sistema de Emergencias M\u00e9dicas y AUBASA.<\/p>\n<p class=\"isSelectedEnd\">Por el momento no se informaron mayores detalles sobre el estado de salud del conductor.<\/p>\n<p><strong>Fuente: Entrel\u00edneas.info.<\/strong><\/p>\n","protected":false},"excerpt":{"rendered":"<div class=\"mh-excerpt\"><p>Un hombre de 68 a\u00f1os debi\u00f3 ser trasladado al Hospital de General Madariaga luego de protagonizar un vuelco en la Ruta Provincial 56, a la altura del kil\u00f3metro 51. El conductor circulaba en un Peugeot <a class=\"mh-excerpt-more\" href=\"https:\/\/larevistadigital.com.ar\/blog\/vuelco-en-la-ruta-56-un-hombre-de-68-anos-fue-hospitalizado\/\" title=\"Vuelco en la Ruta 56: un hombre de 68 a\u00f1os fue hospitalizado\">[Leer M\u00e1s]<\/a><\/p>\n<\/div>","protected":false},"author":3,"featured_media":47105,"comment_status":"open","ping_status":"open","sticky":false,"template":"","format":"standard","meta":{"_jetpack_memberships_contains_paid_content":false,"footnotes":"","jetpack_publicize_message":"","jetpack_publicize_feature_enabled":true,"jetpack_social_post_already_shared":true,"jetpack_social_options":{"image_generator_settings":{"template":"highway","default_image_id":0,"font":"","enabled":false},"version":2}},"categories":[44,51],"tags":[],"class_list":{"0":"post-47104","1":"post","2":"type-post","3":"status-publish","4":"format-standard","5":"has-post-thumbnail","7":"category-policiales","8":"category-regionales"},"jetpack_publicize_connections":[],"jetpack_featured_media_url":"https:\/\/i0.wp.com\/larevistadigital.com.ar\/blog\/wp-content\/uploads\/75234c84be1eb603e18d3a888c851abb25cb28b5.jpg?fit=1100%2C900&ssl=1","jetpack_sharing_enabled":true,"jetpack_shortlink":"https:\/\/wp.me\/p8qtrQ-cfK","jetpack-related-posts":[{"id":42088,"url":"https:\/\/larevistadigital.com.ar\/blog\/violento-vuelco-en-la-ruta-74-un-hombre-fue-rescatado-por-los-bomberos-en-general-madariaga\/","url_meta":{"origin":47104,"position":0},"title":"Violento vuelco en la Ruta 74: un hombre fue rescatado por los bomberos en General Madariaga","author":"Alejandro Sosa Ruda","date":"19 octubre, 2025","format":false,"excerpt":"El accidente ocurri\u00f3 este s\u00e1bado a la altura del kil\u00f3metro 12, en direcci\u00f3n a Pinamar. El conductor del veh\u00edculo perdi\u00f3 el control y termin\u00f3 volcando. Fue trasladado al hospital con heridas. 19 de Octubre de 2025 BUENOS AIRES\u00a0 -\u00a0 \u00a0Un fuerte accidente de tr\u00e1nsito se registr\u00f3 este s\u00e1bado en el\u2026","rel":"","context":"En \u00abPOLICIALES\u00bb","block_context":{"text":"POLICIALES","link":"https:\/\/larevistadigital.com.ar\/blog\/category\/policiales\/"},"img":{"alt_text":"","src":"https:\/\/i0.wp.com\/larevistadigital.com.ar\/blog\/wp-content\/uploads\/70d730c690df241f6cecf68fe30a0e13dfa6a0ba.jpg?fit=900%2C900&ssl=1&resize=350%2C200","width":350,"height":200,"srcset":"https:\/\/i0.wp.com\/larevistadigital.com.ar\/blog\/wp-content\/uploads\/70d730c690df241f6cecf68fe30a0e13dfa6a0ba.jpg?fit=900%2C900&ssl=1&resize=350%2C200 1x, https:\/\/i0.wp.com\/larevistadigital.com.ar\/blog\/wp-content\/uploads\/70d730c690df241f6cecf68fe30a0e13dfa6a0ba.jpg?fit=900%2C900&ssl=1&resize=525%2C300 1.5x, https:\/\/i0.wp.com\/larevistadigital.com.ar\/blog\/wp-content\/uploads\/70d730c690df241f6cecf68fe30a0e13dfa6a0ba.jpg?fit=900%2C900&ssl=1&resize=700%2C400 2x"},"classes":[]},{"id":41433,"url":"https:\/\/larevistadigital.com.ar\/blog\/ruta-226-conductor-hospitalizado-tras-un-vuelco\/","url_meta":{"origin":47104,"position":1},"title":"RUTA 226: Conductor hospitalizado tras un vuelco","author":"Alejandro Sosa Ruda","date":"12 septiembre, 2025","format":false,"excerpt":"Un Peugeot 307 perdi\u00f3 el control durante la madrugada y cay\u00f3 a un desnivel de tres metros. El conductor, de 37 a\u00f1os, fue trasladado de urgencia al Hospital Municipal Ram\u00f3n Santamarina. 12 de septiembre de 2025 BUENOS AIRES\u00a0 \u00a0-\u00a0 \u00a0En la madrugada de este mi\u00e9rcoles, cerca de las 3:30, un\u2026","rel":"","context":"En \u00abPOLICIALES\u00bb","block_context":{"text":"POLICIALES","link":"https:\/\/larevistadigital.com.ar\/blog\/category\/policiales\/"},"img":{"alt_text":"","src":"https:\/\/i0.wp.com\/larevistadigital.com.ar\/blog\/wp-content\/uploads\/1620734310362.jpg?fit=1200%2C798&ssl=1&resize=350%2C200","width":350,"height":200,"srcset":"https:\/\/i0.wp.com\/larevistadigital.com.ar\/blog\/wp-content\/uploads\/1620734310362.jpg?fit=1200%2C798&ssl=1&resize=350%2C200 1x, https:\/\/i0.wp.com\/larevistadigital.com.ar\/blog\/wp-content\/uploads\/1620734310362.jpg?fit=1200%2C798&ssl=1&resize=525%2C300 1.5x, https:\/\/i0.wp.com\/larevistadigital.com.ar\/blog\/wp-content\/uploads\/1620734310362.jpg?fit=1200%2C798&ssl=1&resize=700%2C400 2x, https:\/\/i0.wp.com\/larevistadigital.com.ar\/blog\/wp-content\/uploads\/1620734310362.jpg?fit=1200%2C798&ssl=1&resize=1050%2C600 3x"},"classes":[]},{"id":30383,"url":"https:\/\/larevistadigital.com.ar\/blog\/madariaga-terrible-vuelco-en-la-ruta-56\/","url_meta":{"origin":47104,"position":2},"title":"MADARIAGA: TERRIBLE VUELCO EN LA RUTA 56","author":"Alejandro Sosa Ruda","date":"5 marzo, 2023","format":false,"excerpt":"Uno de los ocupantes del veh\u00edculo tuvo que ser rescatado por los Bomberos. 5 de marzo de 2023 GENERAL MADARIAGA -\u00a0 El impactante accidente de tr\u00e1nsito ocurri\u00f3 ayer por la ma\u00f1ana, cuando a la altura del\u00a0kil\u00f3metro 32 de la ruta 56 y por cuestiones que se tratan de establecer, quien\u2026","rel":"","context":"En \u00abPOLICIALES\u00bb","block_context":{"text":"POLICIALES","link":"https:\/\/larevistadigital.com.ar\/blog\/category\/policiales\/"},"img":{"alt_text":"","src":"https:\/\/i0.wp.com\/larevistadigital.com.ar\/blog\/wp-content\/uploads\/2f79f4e4c51c98c7044272d88ab96232d586400c.jpg?fit=1140%2C855&ssl=1&resize=350%2C200","width":350,"height":200,"srcset":"https:\/\/i0.wp.com\/larevistadigital.com.ar\/blog\/wp-content\/uploads\/2f79f4e4c51c98c7044272d88ab96232d586400c.jpg?fit=1140%2C855&ssl=1&resize=350%2C200 1x, https:\/\/i0.wp.com\/larevistadigital.com.ar\/blog\/wp-content\/uploads\/2f79f4e4c51c98c7044272d88ab96232d586400c.jpg?fit=1140%2C855&ssl=1&resize=525%2C300 1.5x, https:\/\/i0.wp.com\/larevistadigital.com.ar\/blog\/wp-content\/uploads\/2f79f4e4c51c98c7044272d88ab96232d586400c.jpg?fit=1140%2C855&ssl=1&resize=700%2C400 2x, https:\/\/i0.wp.com\/larevistadigital.com.ar\/blog\/wp-content\/uploads\/2f79f4e4c51c98c7044272d88ab96232d586400c.jpg?fit=1140%2C855&ssl=1&resize=1050%2C600 3x"},"classes":[]},{"id":31141,"url":"https:\/\/larevistadigital.com.ar\/blog\/ruta-2-despiste-vuelco-y-milagro-un-hombre-en-grave-estado-quedo-internado\/","url_meta":{"origin":47104,"position":3},"title":"RUTA 2: DESPISTE, VUELCO Y MILAGRO. UN HOMBRE EN GRAVE ESTADO QUED\u00d3 INTERNADO","author":"Alejandro Sosa Ruda","date":"20 abril, 2023","format":false,"excerpt":"El conductor de una camioneta perdi\u00f3 el control y sufri\u00f3 un grav\u00edsimo vuelco en la banquina de la autov\u00eda. Fue internado y se encuentra en estado cr\u00edtico. 20 de abril de 2023 LEZAMA -\u00a0 Un brutal accidente de tr\u00e1nsito estuvo a punto de terminar en tragedia en las primeras horas\u2026","rel":"","context":"En \u00abINTERES GENERAL\u00bb","block_context":{"text":"INTERES GENERAL","link":"https:\/\/larevistadigital.com.ar\/blog\/category\/interes-general\/"},"img":{"alt_text":"","src":"https:\/\/i0.wp.com\/larevistadigital.com.ar\/blog\/wp-content\/uploads\/1681997589303.jpeg?fit=1200%2C594&ssl=1&resize=350%2C200","width":350,"height":200,"srcset":"https:\/\/i0.wp.com\/larevistadigital.com.ar\/blog\/wp-content\/uploads\/1681997589303.jpeg?fit=1200%2C594&ssl=1&resize=350%2C200 1x, https:\/\/i0.wp.com\/larevistadigital.com.ar\/blog\/wp-content\/uploads\/1681997589303.jpeg?fit=1200%2C594&ssl=1&resize=525%2C300 1.5x, https:\/\/i0.wp.com\/larevistadigital.com.ar\/blog\/wp-content\/uploads\/1681997589303.jpeg?fit=1200%2C594&ssl=1&resize=700%2C400 2x, https:\/\/i0.wp.com\/larevistadigital.com.ar\/blog\/wp-content\/uploads\/1681997589303.jpeg?fit=1200%2C594&ssl=1&resize=1050%2C600 3x"},"classes":[]},{"id":23169,"url":"https:\/\/larevistadigital.com.ar\/blog\/muere-hombre-de-39-anos-tras-vuelco-en-la-ruta-226\/","url_meta":{"origin":47104,"position":4},"title":"MUERE HOMBRE DE 39 A\u00d1OS TRAS VUELCO EN LA RUTA 226","author":"Alejandro Sosa Ruda","date":"2 enero, 2022","format":false,"excerpt":"Ocurri\u00f3 este viernes, en horas de la madrugada, por causas que se tratan de establecer. En el veh\u00edculo siniestrado viajaban dos hombres y quien iba como acompa\u00f1ante, perdi\u00f3 la vida, en tanto el conductor fue hospitalizado. Alrededor de las 3 de la ma\u00f1ana de este viernes, Pedro Jos\u00e9 P\u00e9rez, de\u2026","rel":"","context":"En \u00abPOLICIALES\u00bb","block_context":{"text":"POLICIALES","link":"https:\/\/larevistadigital.com.ar\/blog\/category\/policiales\/"},"img":{"alt_text":"","src":"https:\/\/i0.wp.com\/larevistadigital.com.ar\/blog\/wp-content\/uploads\/fiat-uno-vuelco-30-12-2021.jpg?fit=1024%2C576&ssl=1&resize=350%2C200","width":350,"height":200,"srcset":"https:\/\/i0.wp.com\/larevistadigital.com.ar\/blog\/wp-content\/uploads\/fiat-uno-vuelco-30-12-2021.jpg?fit=1024%2C576&ssl=1&resize=350%2C200 1x, https:\/\/i0.wp.com\/larevistadigital.com.ar\/blog\/wp-content\/uploads\/fiat-uno-vuelco-30-12-2021.jpg?fit=1024%2C576&ssl=1&resize=525%2C300 1.5x, https:\/\/i0.wp.com\/larevistadigital.com.ar\/blog\/wp-content\/uploads\/fiat-uno-vuelco-30-12-2021.jpg?fit=1024%2C576&ssl=1&resize=700%2C400 2x"},"classes":[]},{"id":38789,"url":"https:\/\/larevistadigital.com.ar\/blog\/38789-2\/","url_meta":{"origin":47104,"position":5},"title":"Violento accidente en la ruta","author":"Alejandro Sosa Ruda","date":"23 febrero, 2025","format":false,"excerpt":"Un impactante accidente ocurri\u00f3 esta tarde en el kil\u00f3metro 33 de la Ruta 56, en jurisdicci\u00f3n de General Madariaga. 23 de Febrero de 2025 GRAL. MADARIAGA -\u00a0 Por motivos que a\u00fan se investigan, el conductor de un veh\u00edculo perdi\u00f3 el control, despist\u00f3 y termin\u00f3 volcando. A pesar de la violencia\u2026","rel":"","context":"En \u00abPOLICIALES\u00bb","block_context":{"text":"POLICIALES","link":"https:\/\/larevistadigital.com.ar\/blog\/category\/policiales\/"},"img":{"alt_text":"","src":"https:\/\/i0.wp.com\/larevistadigital.com.ar\/blog\/wp-content\/uploads\/8fbc56a1501b492bdb4c4b76cde98e5e3ce7f180.jpg?fit=900%2C900&ssl=1&resize=350%2C200","width":350,"height":200,"srcset":"https:\/\/i0.wp.com\/larevistadigital.com.ar\/blog\/wp-content\/uploads\/8fbc56a1501b492bdb4c4b76cde98e5e3ce7f180.jpg?fit=900%2C900&ssl=1&resize=350%2C200 1x, https:\/\/i0.wp.com\/larevistadigital.com.ar\/blog\/wp-content\/uploads\/8fbc56a1501b492bdb4c4b76cde98e5e3ce7f180.jpg?fit=900%2C900&ssl=1&resize=525%2C300 1.5x, https:\/\/i0.wp.com\/larevistadigital.com.ar\/blog\/wp-content\/uploads\/8fbc56a1501b492bdb4c4b76cde98e5e3ce7f180.jpg?fit=900%2C900&ssl=1&resize=700%2C400 2x"},"classes":[]}],"_links":{"self":[{"href":"https:\/\/larevistadigital.com.ar\/blog\/wp-json\/wp\/v2\/posts\/47104","targetHints":{"allow":["GET"]}}],"collection":[{"href":"https:\/\/larevistadigital.com.ar\/blog\/wp-json\/wp\/v2\/posts"}],"about":[{"href":"https:\/\/larevistadigital.com.ar\/blog\/wp-json\/wp\/v2\/types\/post"}],"author":[{"embeddable":true,"href":"https:\/\/larevistadigital.com.ar\/blog\/wp-json\/wp\/v2\/users\/3"}],"replies":[{"embeddable":true,"href":"https:\/\/larevistadigital.com.ar\/blog\/wp-json\/wp\/v2\/comments?post=47104"}],"version-history":[{"count":1,"href":"https:\/\/larevistadigital.com.ar\/blog\/wp-json\/wp\/v2\/posts\/47104\/revisions"}],"predecessor-version":[{"id":47106,"href":"https:\/\/larevistadigital.com.ar\/blog\/wp-json\/wp\/v2\/posts\/47104\/revisions\/47106"}],"wp:featuredmedia":[{"embeddable":true,"href":"https:\/\/larevistadigital.com.ar\/blog\/wp-json\/wp\/v2\/media\/47105"}],"wp:attachment":[{"href":"https:\/\/larevistadigital.com.ar\/blog\/wp-json\/wp\/v2\/media?parent=47104"}],"wp:term":[{"taxonomy":"category","embeddable":true,"href":"https:\/\/larevistadigital.com.ar\/blog\/wp-json\/wp\/v2\/categories?post=47104"},{"taxonomy":"post_tag","embeddable":true,"href":"https:\/\/larevistadigital.com.ar\/blog\/wp-json\/wp\/v2\/tags?post=47104"}],"curies":[{"name":"wp","href":"https:\/\/api.w.org\/{rel}","templated":true}]}}