{"id":47114,"date":"2026-08-30T21:34:08","date_gmt":"2026-08-31T00:34:08","guid":{"rendered":"https:\/\/larevistadigital.com.ar\/blog\/?p=47114"},"modified":"2026-08-30T21:34:08","modified_gmt":"2026-08-31T00:34:08","slug":"despiste-en-el-camino-de-circunvalacion-tres-personas-fueron-asistidas","status":"publish","type":"post","link":"https:\/\/larevistadigital.com.ar\/blog\/despiste-en-el-camino-de-circunvalacion-tres-personas-fueron-asistidas\/","title":{"rendered":"Despiste en el Camino de Circunvalaci\u00f3n: tres personas fueron asistidas"},"content":{"rendered":"<h3 class=\"isSelectedEnd\">Un Toyota Corolla que circulaba por el Camino de Circunvalaci\u00f3n despist\u00f3 en inmediaciones de la Entrada 1 de Lomas Altas, pasando El Castillo. Tres ocupantes fueron asistidos por una ambulancia, pero se encontraban ilesos y rechazaron el traslado al hospital.<\/h3>\n<p>30 de agosto de 2026<\/p>\n<p class=\"isSelectedEnd\"><strong>CHASCOM\u00daS\u00a0 &#8211;<\/strong>\u00a0 El hecho ocurri\u00f3 entre las 22:25 y las 22:50, en el sector del Camino de Circunvalaci\u00f3n correspondiente a la zona de la Entrada 1 de Lomas Altas.<\/p>\n<blockquote>\n<h3 class=\"isSelectedEnd\">Seg\u00fan la informaci\u00f3n relevada en el lugar, un Toyota Corolla habr\u00eda despistado por circunstancias que no fueron precisadas. En el veh\u00edculo viajaban tres hombres oriundos de Burzaco que, de acuerdo con lo informado, no conoc\u00edan la zona.<\/h3>\n<\/blockquote>\n<p class=\"isSelectedEnd\">Al arribar la ambulancia, los tres ocupantes se encontraban fuera del veh\u00edculo y deambulando por el lugar. Fueron evaluados por personal sanitario, pero <strong>no presentaban lesiones y rechazaron ser trasladados al nosocomio local<\/strong>.<\/p>\n<blockquote>\n<h3 class=\"isSelectedEnd\">Tambi\u00e9n intervino personal policial, que permaneci\u00f3 en el lugar mientras los ocupantes aguardaban la llegada de la gr\u00faa del seguro. Posteriormente, los tres hombres se retiraron del lugar y manifestaron que regresar\u00edan al d\u00eda siguiente para retirar el veh\u00edculo.<\/h3>\n<\/blockquote>\n<p class=\"isSelectedEnd\">Durante las actuaciones se produjo adem\u00e1s una verificaci\u00f3n del dominio del autom\u00f3vil, debido a una diferencia inicial en la identificaci\u00f3n de la patente. Finalmente, se corrobor\u00f3 que correspond\u00eda a un <strong>Toyota Corolla<\/strong>, sin registrarse novedades adicionales.<\/p>\n<p>&nbsp;<\/p>\n","protected":false},"excerpt":{"rendered":"<div class=\"mh-excerpt\"><p>Un Toyota Corolla que circulaba por el Camino de Circunvalaci\u00f3n despist\u00f3 en inmediaciones de la Entrada 1 de Lomas Altas, pasando El Castillo. Tres ocupantes fueron asistidos por una ambulancia, pero se encontraban ilesos y <a class=\"mh-excerpt-more\" href=\"https:\/\/larevistadigital.com.ar\/blog\/despiste-en-el-camino-de-circunvalacion-tres-personas-fueron-asistidas\/\" title=\"Despiste en el Camino de Circunvalaci\u00f3n: tres personas fueron asistidas\">[Leer M\u00e1s]<\/a><\/p>\n<\/div>","protected":false},"author":3,"featured_media":47115,"comment_status":"open","ping_status":"open","sticky":false,"template":"","format":"standard","meta":{"_jetpack_memberships_contains_paid_content":false,"footnotes":"","jetpack_publicize_message":"","jetpack_publicize_feature_enabled":true,"jetpack_social_post_already_shared":true,"jetpack_social_options":{"image_generator_settings":{"template":"highway","default_image_id":0,"font":"","enabled":false},"version":2}},"categories":[41,44],"tags":[],"class_list":{"0":"post-47114","1":"post","2":"type-post","3":"status-publish","4":"format-standard","5":"has-post-thumbnail","7":"category-destacadas","8":"category-policiales"},"jetpack_publicize_connections":[],"jetpack_featured_media_url":"https:\/\/i0.wp.com\/larevistadigital.com.ar\/blog\/wp-content\/uploads\/1-28.jpg?fit=1025%2C567&ssl=1","jetpack_sharing_enabled":true,"jetpack_shortlink":"https:\/\/wp.me\/p8qtrQ-cfU","jetpack-related-posts":[{"id":46028,"url":"https:\/\/larevistadigital.com.ar\/blog\/chascomus-auto-choco-contra-un-poste-cerca-de-la-compuerta-y-dejo-a-todo-el-barrio-girado-sin-luz\/","url_meta":{"origin":47114,"position":0},"title":"Chascom\u00fas: Auto choc\u00f3 contra un poste cerca de la compuerta y dej\u00f3 a todo el Barrio Girado sin luz","author":"Alejandro Sosa Ruda","date":"6 junio, 2026","format":false,"excerpt":"El accidente ocurri\u00f3 en cercan\u00edas de la compuerta, sobre el camino de Circunvalaci\u00f3n de Chascom\u00fas. A pesar de la violencia del impacto y de los importantes da\u00f1os sufridos por el veh\u00edculo, el conductor no habr\u00eda sufrido lesiones de gravedad. 06 de Junio de 2026 CHASCOM\u00daS\u00a0 -\u00a0 \u00a0Un fuerte siniestro vial\u2026","rel":"","context":"En \u00abDESTACADAS\u00bb","block_context":{"text":"DESTACADAS","link":"https:\/\/larevistadigital.com.ar\/blog\/category\/destacadas\/"},"img":{"alt_text":"","src":"https:\/\/i0.wp.com\/larevistadigital.com.ar\/blog\/wp-content\/uploads\/Captura-de-pantalla-2026-06-06-224713.jpg?fit=650%2C633&ssl=1&resize=350%2C200","width":350,"height":200,"srcset":"https:\/\/i0.wp.com\/larevistadigital.com.ar\/blog\/wp-content\/uploads\/Captura-de-pantalla-2026-06-06-224713.jpg?fit=650%2C633&ssl=1&resize=350%2C200 1x, https:\/\/i0.wp.com\/larevistadigital.com.ar\/blog\/wp-content\/uploads\/Captura-de-pantalla-2026-06-06-224713.jpg?fit=650%2C633&ssl=1&resize=525%2C300 1.5x"},"classes":[]},{"id":40941,"url":"https:\/\/larevistadigital.com.ar\/blog\/chascomus-momentos-de-tension-en-el-camino-de-circunvalacion-por-una-mujer-que-sufrio-un-brote-psicotico\/","url_meta":{"origin":47114,"position":1},"title":"Chascom\u00fas: Momentos de tensi\u00f3n en el camino de circunvalaci\u00f3n por una mujer que sufri\u00f3 un brote psic\u00f3tico","author":"Alejandro Sosa Ruda","date":"16 agosto, 2025","format":false,"excerpt":"El hecho ocurri\u00f3 en la zona del Camping del Sol y demand\u00f3 un importante despliegue de m\u00f3viles policiales, inspector\u00eda y ambulancia. La mujer fue contenida por familiares y no sufri\u00f3 lesiones. 16 de Agosto de 2025 CHASCOM\u00daS -\u00a0 Durante la tarde del s\u00e1bado, un operativo policial y sanitario se despleg\u00f3\u2026","rel":"","context":"En \u00abCHASCOM\u00daS\u00bb","block_context":{"text":"CHASCOM\u00daS","link":"https:\/\/larevistadigital.com.ar\/blog\/category\/chascomus\/"},"img":{"alt_text":"","src":"","width":0,"height":0},"classes":[]},{"id":36625,"url":"https:\/\/larevistadigital.com.ar\/blog\/chascomus-vuelco-en-el-camino-de-circunvalacion\/","url_meta":{"origin":47114,"position":2},"title":"CHASCOM\u00daS: VUELCO EN EL CAMINO DE CIRCUNVALACI\u00d3N","author":"Alejandro Sosa Ruda","date":"10 julio, 2024","format":false,"excerpt":"Lo di\u00f3 a conocer el Diario El Fuerte, y queda planteada la peligrosidad del lugar donde ocurri\u00f3 el hecho. 10 de Julio de 2024 CHASCOM\u00daS -\u00a0 \u00a0El domingo pasado, ocurri\u00f3 el despiste y vuelco de una camioneta en la curva que se encuentra en el camino de circunvalaci\u00f3n pasando el\u2026","rel":"","context":"En \u00abDESTACADAS\u00bb","block_context":{"text":"DESTACADAS","link":"https:\/\/larevistadigital.com.ar\/blog\/category\/destacadas\/"},"img":{"alt_text":"","src":"https:\/\/i0.wp.com\/larevistadigital.com.ar\/blog\/wp-content\/uploads\/Captura-de-pantalla-2024-07-10-084428.png?fit=728%2C411&ssl=1&resize=350%2C200","width":350,"height":200,"srcset":"https:\/\/i0.wp.com\/larevistadigital.com.ar\/blog\/wp-content\/uploads\/Captura-de-pantalla-2024-07-10-084428.png?fit=728%2C411&ssl=1&resize=350%2C200 1x, https:\/\/i0.wp.com\/larevistadigital.com.ar\/blog\/wp-content\/uploads\/Captura-de-pantalla-2024-07-10-084428.png?fit=728%2C411&ssl=1&resize=525%2C300 1.5x, https:\/\/i0.wp.com\/larevistadigital.com.ar\/blog\/wp-content\/uploads\/Captura-de-pantalla-2024-07-10-084428.png?fit=728%2C411&ssl=1&resize=700%2C400 2x"},"classes":[]},{"id":8030,"url":"https:\/\/larevistadigital.com.ar\/blog\/chascomus-auto-despista-en-el-camino-de-circunvalacion\/","url_meta":{"origin":47114,"position":3},"title":"CHASCOM\u00daS: AUTO DESPISTA EN EL CAMINO DE CIRCUNVALACI\u00d3N","author":"Alejandro Sosa Ruda","date":"29 enero, 2019","format":false,"excerpt":"En el d\u00eda de ayer, y en circunstancias que se desconocen, un veh\u00edculo \"sigui\u00f3 de largo\" en la curva que se encuentra pasando el puente \"blanco\" que est\u00e1 luego del Castillo de la Amistad. No hay informaci\u00f3n del o los ocupantes del veh\u00edculo, ni de los motivos del accidente.","rel":"","context":"En \u00abCHASCOM\u00daS\u00bb","block_context":{"text":"CHASCOM\u00daS","link":"https:\/\/larevistadigital.com.ar\/blog\/category\/chascomus\/"},"img":{"alt_text":"","src":"https:\/\/i0.wp.com\/larevistadigital.com.ar\/blog\/wp-content\/uploads\/2019\/01\/WhatsApp-Image-2019-01-29-at-07.56.27-1.jpeg?fit=900%2C1200&ssl=1&resize=350%2C200","width":350,"height":200,"srcset":"https:\/\/i0.wp.com\/larevistadigital.com.ar\/blog\/wp-content\/uploads\/2019\/01\/WhatsApp-Image-2019-01-29-at-07.56.27-1.jpeg?fit=900%2C1200&ssl=1&resize=350%2C200 1x, https:\/\/i0.wp.com\/larevistadigital.com.ar\/blog\/wp-content\/uploads\/2019\/01\/WhatsApp-Image-2019-01-29-at-07.56.27-1.jpeg?fit=900%2C1200&ssl=1&resize=525%2C300 1.5x, https:\/\/i0.wp.com\/larevistadigital.com.ar\/blog\/wp-content\/uploads\/2019\/01\/WhatsApp-Image-2019-01-29-at-07.56.27-1.jpeg?fit=900%2C1200&ssl=1&resize=700%2C400 2x"},"classes":[]},{"id":14627,"url":"https:\/\/larevistadigital.com.ar\/blog\/fatal-accidente-en-un-camino-rural-tres-muertos\/","url_meta":{"origin":47114,"position":4},"title":"FATAL ACCIDENTE EN UN CAMINO RURAL: TRES MUERTOS","author":"Alejandro Sosa Ruda","date":"4 febrero, 2020","format":false,"excerpt":"El fatal vuelco de un veh\u00edculo en un camino rural, enluta a toda la ciudad de\u00a0Ayacucho\u00a0luego que murieran tres personas producto del siniestro. Todo sucedi\u00f3 en las primeras horas de la tarde de este martes en el camino \u201cEl Cortijo\u201d a 10 kil\u00f3metros de\u00a0Ruta 74,\u00a0en el ingreso a un establecimiento.\u2026","rel":"","context":"En \u00abREGIONALES\u00bb","block_context":{"text":"REGIONALES","link":"https:\/\/larevistadigital.com.ar\/blog\/category\/regionales\/"},"img":{"alt_text":"","src":"https:\/\/i0.wp.com\/larevistadigital.com.ar\/blog\/wp-content\/uploads\/Screenshot_1-93.jpg?fit=1144%2C490&ssl=1&resize=350%2C200","width":350,"height":200,"srcset":"https:\/\/i0.wp.com\/larevistadigital.com.ar\/blog\/wp-content\/uploads\/Screenshot_1-93.jpg?fit=1144%2C490&ssl=1&resize=350%2C200 1x, https:\/\/i0.wp.com\/larevistadigital.com.ar\/blog\/wp-content\/uploads\/Screenshot_1-93.jpg?fit=1144%2C490&ssl=1&resize=525%2C300 1.5x, https:\/\/i0.wp.com\/larevistadigital.com.ar\/blog\/wp-content\/uploads\/Screenshot_1-93.jpg?fit=1144%2C490&ssl=1&resize=700%2C400 2x, https:\/\/i0.wp.com\/larevistadigital.com.ar\/blog\/wp-content\/uploads\/Screenshot_1-93.jpg?fit=1144%2C490&ssl=1&resize=1050%2C600 3x"},"classes":[]},{"id":12433,"url":"https:\/\/larevistadigital.com.ar\/blog\/camioneta-choca-y-se-incendia-hace-quince-dias-la-conductora-esta-internada-pero-nadie-hace-nada-para-quitar-el-vehiculo-que-contamina-el-lugar\/","url_meta":{"origin":47114,"position":5},"title":"CAMIONETA CHOCA Y SE INCENDIA HACE QUINCE D\u00cdAS. LA CONDUCTORA EST\u00c1 INTERNADA, PERO NADIE HACE NADA PARA QUITAR EL VEH\u00cdCULO QUE CONTAMINA EL  LUGAR","author":"Alejandro Sosa Ruda","date":"2 octubre, 2019","format":false,"excerpt":"Un vecino del Barrio Lomas Altas, nos hace llegar una inquietud de los vecinos , propietarios y gente de la ciudad, ante una lamentable situaci\u00f3n que atenta contra la salud y contra el medio ambiente. Hace aproximadamente unos 15 d\u00edas, hubo un accidente en el camino de circunvalaci\u00f3n a la\u2026","rel":"","context":"En \u00abDESTACADAS\u00bb","block_context":{"text":"DESTACADAS","link":"https:\/\/larevistadigital.com.ar\/blog\/category\/destacadas\/"},"img":{"alt_text":"","src":"https:\/\/i0.wp.com\/larevistadigital.com.ar\/blog\/wp-content\/uploads\/WhatsApp-Image-2019-10-02-at-14.12.53.jpeg?fit=1032%2C774&ssl=1&resize=350%2C200","width":350,"height":200,"srcset":"https:\/\/i0.wp.com\/larevistadigital.com.ar\/blog\/wp-content\/uploads\/WhatsApp-Image-2019-10-02-at-14.12.53.jpeg?fit=1032%2C774&ssl=1&resize=350%2C200 1x, https:\/\/i0.wp.com\/larevistadigital.com.ar\/blog\/wp-content\/uploads\/WhatsApp-Image-2019-10-02-at-14.12.53.jpeg?fit=1032%2C774&ssl=1&resize=525%2C300 1.5x, https:\/\/i0.wp.com\/larevistadigital.com.ar\/blog\/wp-content\/uploads\/WhatsApp-Image-2019-10-02-at-14.12.53.jpeg?fit=1032%2C774&ssl=1&resize=700%2C400 2x"},"classes":[]}],"_links":{"self":[{"href":"https:\/\/larevistadigital.com.ar\/blog\/wp-json\/wp\/v2\/posts\/47114","targetHints":{"allow":["GET"]}}],"collection":[{"href":"https:\/\/larevistadigital.com.ar\/blog\/wp-json\/wp\/v2\/posts"}],"about":[{"href":"https:\/\/larevistadigital.com.ar\/blog\/wp-json\/wp\/v2\/types\/post"}],"author":[{"embeddable":true,"href":"https:\/\/larevistadigital.com.ar\/blog\/wp-json\/wp\/v2\/users\/3"}],"replies":[{"embeddable":true,"href":"https:\/\/larevistadigital.com.ar\/blog\/wp-json\/wp\/v2\/comments?post=47114"}],"version-history":[{"count":1,"href":"https:\/\/larevistadigital.com.ar\/blog\/wp-json\/wp\/v2\/posts\/47114\/revisions"}],"predecessor-version":[{"id":47116,"href":"https:\/\/larevistadigital.com.ar\/blog\/wp-json\/wp\/v2\/posts\/47114\/revisions\/47116"}],"wp:featuredmedia":[{"embeddable":true,"href":"https:\/\/larevistadigital.com.ar\/blog\/wp-json\/wp\/v2\/media\/47115"}],"wp:attachment":[{"href":"https:\/\/larevistadigital.com.ar\/blog\/wp-json\/wp\/v2\/media?parent=47114"}],"wp:term":[{"taxonomy":"category","embeddable":true,"href":"https:\/\/larevistadigital.com.ar\/blog\/wp-json\/wp\/v2\/categories?post=47114"},{"taxonomy":"post_tag","embeddable":true,"href":"https:\/\/larevistadigital.com.ar\/blog\/wp-json\/wp\/v2\/tags?post=47114"}],"curies":[{"name":"wp","href":"https:\/\/api.w.org\/{rel}","templated":true}]}}