{"id":47117,"date":"2026-08-30T23:40:18","date_gmt":"2026-08-31T02:40:18","guid":{"rendered":"https:\/\/larevistadigital.com.ar\/blog\/?p=47117"},"modified":"2026-08-30T23:40:18","modified_gmt":"2026-08-31T02:40:18","slug":"robaron-en-sanitarios-carosio-tras-romper-la-vidriera-durante-la-madrugada","status":"publish","type":"post","link":"https:\/\/larevistadigital.com.ar\/blog\/robaron-en-sanitarios-carosio-tras-romper-la-vidriera-durante-la-madrugada\/","title":{"rendered":"Robaron en Sanitarios Carosio tras romper la vidriera durante la madrugada"},"content":{"rendered":"<h3 class=\"isSelectedEnd\">El comercio ubicado en Almirante Brown al 54 fue v\u00edctima de un robo durante la madrugada de este domingo. La alarma se activ\u00f3 alrededor de las 2 y, al llegar al lugar, el propietario encontr\u00f3 la vidriera completamente destruida y constat\u00f3 el ingreso de delincuentes.<\/h3>\n<p>30 de agosto de 2026<\/p>\n<p class=\"isSelectedEnd\"><strong>CHASCOM\u00daS\u00a0 &#8211;\u00a0<\/strong> \u00a0 El hecho ocurri\u00f3 alrededor de las 2 de la madrugada en el comercio <strong>Sanitarios Carosio<\/strong>, ubicado en calle Almirante Brown al 54, en Chascom\u00fas.<\/p>\n<blockquote>\n<h3 class=\"isSelectedEnd\">El propietario del local, recibi\u00f3 una alerta de la empresa de seguridad debido a la activaci\u00f3n de la alarma. Posteriormente fue informado de que la vidriera del comercio hab\u00eda sido da\u00f1ada.<\/h3>\n<\/blockquote>\n<p class=\"isSelectedEnd\">En el lugar, se constat\u00f3 que la vidriera se encontraba totalmente rota, presumiblemente luego de haber sido golpeada con una baldosa.<\/p>\n<blockquote>\n<h3 class=\"isSelectedEnd\">Los autores ingresaron al establecimiento y sustrajeron elementos del comercio, aunque no hay detalles de los objetos robados.<\/h3>\n<\/blockquote>\n<p>La investigaci\u00f3n buscar\u00e1 determinar qui\u00e9nes fueron los responsables del hecho y establecer la totalidad de los elementos sustra\u00eddos.<\/p>\n","protected":false},"excerpt":{"rendered":"<div class=\"mh-excerpt\"><p>El comercio ubicado en Almirante Brown al 54 fue v\u00edctima de un robo durante la madrugada de este domingo. La alarma se activ\u00f3 alrededor de las 2 y, al llegar al lugar, el propietario encontr\u00f3 <a class=\"mh-excerpt-more\" href=\"https:\/\/larevistadigital.com.ar\/blog\/robaron-en-sanitarios-carosio-tras-romper-la-vidriera-durante-la-madrugada\/\" title=\"Robaron en Sanitarios Carosio tras romper la vidriera durante la madrugada\">[Leer M\u00e1s]<\/a><\/p>\n<\/div>","protected":false},"author":3,"featured_media":29411,"comment_status":"open","ping_status":"open","sticky":false,"template":"","format":"standard","meta":{"_jetpack_memberships_contains_paid_content":false,"footnotes":"","jetpack_publicize_message":"","jetpack_publicize_feature_enabled":true,"jetpack_social_post_already_shared":true,"jetpack_social_options":{"image_generator_settings":{"template":"highway","default_image_id":0,"font":"","enabled":false},"version":2}},"categories":[50,44],"tags":[],"class_list":{"0":"post-47117","1":"post","2":"type-post","3":"status-publish","4":"format-standard","5":"has-post-thumbnail","7":"category-interes-general","8":"category-policiales"},"jetpack_publicize_connections":[],"jetpack_featured_media_url":"https:\/\/i0.wp.com\/larevistadigital.com.ar\/blog\/wp-content\/uploads\/POLICIA-4.jpg?fit=880%2C512&ssl=1","jetpack_sharing_enabled":true,"jetpack_shortlink":"https:\/\/wp.me\/p8qtrQ-cfX","jetpack-related-posts":[{"id":46562,"url":"https:\/\/larevistadigital.com.ar\/blog\/robaron-en-un-comercio-de-la-ruta-2-rompieron-los-vidrios-y-se-llevaron-dinero-en-efectivo\/","url_meta":{"origin":47117,"position":0},"title":"Robaron en un comercio de la Ruta 2: rompieron los vidrios y se llevaron dinero en efectivo","author":"Alejandro Sosa Ruda","date":"15 julio, 2026","format":false,"excerpt":"El hecho fue descubierto durante la madrugada de este martes, cuando el propietario recibi\u00f3 una alerta de la alarma de su local. Al llegar al lugar encontr\u00f3 dos vidrios completamente destrozados y constat\u00f3 el faltante de dinero en efectivo. Investigan a los autores del robo. 15 de julio de 2026\u2026","rel":"","context":"En \u00abDESTACADAS\u00bb","block_context":{"text":"DESTACADAS","link":"https:\/\/larevistadigital.com.ar\/blog\/category\/destacadas\/"},"img":{"alt_text":"","src":"https:\/\/i0.wp.com\/larevistadigital.com.ar\/blog\/wp-content\/uploads\/POLICIA-4.jpg?fit=880%2C512&ssl=1&resize=350%2C200","width":350,"height":200,"srcset":"https:\/\/i0.wp.com\/larevistadigital.com.ar\/blog\/wp-content\/uploads\/POLICIA-4.jpg?fit=880%2C512&ssl=1&resize=350%2C200 1x, https:\/\/i0.wp.com\/larevistadigital.com.ar\/blog\/wp-content\/uploads\/POLICIA-4.jpg?fit=880%2C512&ssl=1&resize=525%2C300 1.5x, https:\/\/i0.wp.com\/larevistadigital.com.ar\/blog\/wp-content\/uploads\/POLICIA-4.jpg?fit=880%2C512&ssl=1&resize=700%2C400 2x"},"classes":[]},{"id":21421,"url":"https:\/\/larevistadigital.com.ar\/blog\/rompen-vidriera-y-roban-ropa-en-comercio-de-chascomus-en-cercanias-de-la-comisaria\/","url_meta":{"origin":47117,"position":1},"title":"ROMPEN VIDRIERA Y ROBAN ROPA EN COMERCIO DE CHASCOM\u00daS EN CERCAN\u00cdAS DE LA COMISAR\u00cdA","author":"Alejandro Sosa Ruda","date":"6 agosto, 2021","format":false,"excerpt":"CHASCOM\u00daS - La comisar\u00eda local inform\u00f3 que se denunci\u00f3 un hecho de robo en un comerci\u00f3 en el centro de la ciudad. El negocio en cuesti\u00f3n se ubica en la calle Belgrano N\u00b0109, donde los delincuentes rompieron la vidriera y procedieron al robo de algunas prendas de vestir, antes de\u2026","rel":"","context":"En \u00abINTERES GENERAL\u00bb","block_context":{"text":"INTERES GENERAL","link":"https:\/\/larevistadigital.com.ar\/blog\/category\/interes-general\/"},"img":{"alt_text":"","src":"https:\/\/i0.wp.com\/larevistadigital.com.ar\/blog\/wp-content\/uploads\/2017\/08\/GEO_COMISARIA_1_CHASCOMUS-e1705762962297.jpg?fit=1200%2C548&ssl=1&resize=350%2C200","width":350,"height":200,"srcset":"https:\/\/i0.wp.com\/larevistadigital.com.ar\/blog\/wp-content\/uploads\/2017\/08\/GEO_COMISARIA_1_CHASCOMUS-e1705762962297.jpg?fit=1200%2C548&ssl=1&resize=350%2C200 1x, https:\/\/i0.wp.com\/larevistadigital.com.ar\/blog\/wp-content\/uploads\/2017\/08\/GEO_COMISARIA_1_CHASCOMUS-e1705762962297.jpg?fit=1200%2C548&ssl=1&resize=525%2C300 1.5x, https:\/\/i0.wp.com\/larevistadigital.com.ar\/blog\/wp-content\/uploads\/2017\/08\/GEO_COMISARIA_1_CHASCOMUS-e1705762962297.jpg?fit=1200%2C548&ssl=1&resize=700%2C400 2x, https:\/\/i0.wp.com\/larevistadigital.com.ar\/blog\/wp-content\/uploads\/2017\/08\/GEO_COMISARIA_1_CHASCOMUS-e1705762962297.jpg?fit=1200%2C548&ssl=1&resize=1050%2C600 3x"},"classes":[]},{"id":11033,"url":"https:\/\/larevistadigital.com.ar\/blog\/mar-del-plata-adolescente-quiso-robar-kiosco-y-el-dueno-le-propino-una-paliza\/","url_meta":{"origin":47117,"position":2},"title":"MAR DEL PLATA: ADOLESCENTE QUISO ROBAR KIOSCO Y EL DUE\u00d1O LE PROPIN\u00d3 UNA PALIZA","author":"Alejandro Sosa Ruda","date":"3 julio, 2019","format":false,"excerpt":"Sucedi\u00f3 esta madrugada en un comercio ubicado en Alsina y la costa. El joven de 15 a\u00f1os result\u00f3 con un corte en la cabeza y distintos golpes, y qued\u00f3\u00a0internado en el Materno Infantil. Un\u00a0adolescente de 15 a\u00f1os en situaci\u00f3n de calle\u00a0que intentaba asaltar un kiosco ubicado en Boulevard Mar\u00edtimo\u00a0Patricio Peralta\u2026","rel":"","context":"En \u00abREGIONALES\u00bb","block_context":{"text":"REGIONALES","link":"https:\/\/larevistadigital.com.ar\/blog\/category\/regionales\/"},"img":{"alt_text":"","src":"https:\/\/i0.wp.com\/larevistadigital.com.ar\/blog\/wp-content\/uploads\/1562160032173.jpg?fit=1032%2C629&ssl=1&resize=350%2C200","width":350,"height":200,"srcset":"https:\/\/i0.wp.com\/larevistadigital.com.ar\/blog\/wp-content\/uploads\/1562160032173.jpg?fit=1032%2C629&ssl=1&resize=350%2C200 1x, https:\/\/i0.wp.com\/larevistadigital.com.ar\/blog\/wp-content\/uploads\/1562160032173.jpg?fit=1032%2C629&ssl=1&resize=525%2C300 1.5x, https:\/\/i0.wp.com\/larevistadigital.com.ar\/blog\/wp-content\/uploads\/1562160032173.jpg?fit=1032%2C629&ssl=1&resize=700%2C400 2x"},"classes":[]},{"id":44381,"url":"https:\/\/larevistadigital.com.ar\/blog\/chascomus-intento-robar-en-un-comercio-rompio-un-ventanal-y-termino-aprehendido\/","url_meta":{"origin":47117,"position":3},"title":"Chascom\u00fas: Intent\u00f3 robar en un comercio, rompi\u00f3 un ventanal y termin\u00f3 aprehendido","author":"Alejandro Sosa Ruda","date":"7 marzo, 2026","format":false,"excerpt":"El hecho ocurri\u00f3 durante la madrugada. Serenos del lugar advirtieron la situaci\u00f3n y el sospechoso fue localizado con las c\u00e1maras de monitoreo a pocos metros tras un operativo policial. 07 de marzo de 2026 CHASCOM\u00daS -\u00a0 \u00a0Un hombre fue aprehendido luego de intentar ingresar a robar en un comercio ubicado\u2026","rel":"","context":"En \u00abDESTACADAS\u00bb","block_context":{"text":"DESTACADAS","link":"https:\/\/larevistadigital.com.ar\/blog\/category\/destacadas\/"},"img":{"alt_text":"","src":"https:\/\/i0.wp.com\/larevistadigital.com.ar\/blog\/wp-content\/uploads\/INTENTO-DE-ROBO.jpg?fit=675%2C1200&ssl=1&resize=350%2C200","width":350,"height":200,"srcset":"https:\/\/i0.wp.com\/larevistadigital.com.ar\/blog\/wp-content\/uploads\/INTENTO-DE-ROBO.jpg?fit=675%2C1200&ssl=1&resize=350%2C200 1x, https:\/\/i0.wp.com\/larevistadigital.com.ar\/blog\/wp-content\/uploads\/INTENTO-DE-ROBO.jpg?fit=675%2C1200&ssl=1&resize=525%2C300 1.5x"},"classes":[]},{"id":40096,"url":"https:\/\/larevistadigital.com.ar\/blog\/chascomus-robo-millonario-en-una-maderera-local-investigan-como-ingresaron-sin-activar-la-alarma\/","url_meta":{"origin":47117,"position":4},"title":"Chascom\u00fas: Robo millonario en una maderera local. Investigan c\u00f3mo ingresaron sin activar la alarma","author":"Alejandro Sosa Ruda","date":"13 junio, 2025","format":false,"excerpt":"Un importante robo tuvo lugar en un comercio del rubro maderero ubicado en la zona norte de Chascom\u00fas. 13 de Junio de 2025 CHASCOM\u00daS -\u00a0 La propietaria del local se encontr\u00f3 este lunes por la ma\u00f1ana con una escena alarmante: delincuentes ingresaron durante la noche y se llevaron una suma\u2026","rel":"","context":"En \u00abCHASCOM\u00daS\u00bb","block_context":{"text":"CHASCOM\u00daS","link":"https:\/\/larevistadigital.com.ar\/blog\/category\/chascomus\/"},"img":{"alt_text":"","src":"https:\/\/i0.wp.com\/larevistadigital.com.ar\/blog\/wp-content\/uploads\/una-mujer-fue-rescatada-la-policia-la-plata.jpg?fit=1200%2C675&ssl=1&resize=350%2C200","width":350,"height":200,"srcset":"https:\/\/i0.wp.com\/larevistadigital.com.ar\/blog\/wp-content\/uploads\/una-mujer-fue-rescatada-la-policia-la-plata.jpg?fit=1200%2C675&ssl=1&resize=350%2C200 1x, https:\/\/i0.wp.com\/larevistadigital.com.ar\/blog\/wp-content\/uploads\/una-mujer-fue-rescatada-la-policia-la-plata.jpg?fit=1200%2C675&ssl=1&resize=525%2C300 1.5x, https:\/\/i0.wp.com\/larevistadigital.com.ar\/blog\/wp-content\/uploads\/una-mujer-fue-rescatada-la-policia-la-plata.jpg?fit=1200%2C675&ssl=1&resize=700%2C400 2x, https:\/\/i0.wp.com\/larevistadigital.com.ar\/blog\/wp-content\/uploads\/una-mujer-fue-rescatada-la-policia-la-plata.jpg?fit=1200%2C675&ssl=1&resize=1050%2C600 3x"},"classes":[]},{"id":46767,"url":"https:\/\/larevistadigital.com.ar\/blog\/robaron-en-una-gomeria-de-chascomus-tras-romper-el-vidrio-de-la-puerta\/","url_meta":{"origin":47117,"position":5},"title":"Robaron en una gomer\u00eda de Chascom\u00fas tras romper el vidrio de la puerta","author":"Alejandro Sosa Ruda","date":"28 julio, 2026","format":false,"excerpt":"El hecho ocurri\u00f3 durante la madrugada en un comercio ubicado sobre la avenida Presidente Alfons\u00edn. Los delincuentes se llevaron dinero en efectivo, una bater\u00eda, una cadena para nieve y un cuchillo. La Polic\u00eda analiza c\u00e1maras de seguridad para intentar identificarlos. 28 de julio de 2026 CHASCOM\u00daS\u00a0 -\u00a0 \u00a0Un nuevo hecho\u2026","rel":"","context":"En \u00abDESTACADAS\u00bb","block_context":{"text":"DESTACADAS","link":"https:\/\/larevistadigital.com.ar\/blog\/category\/destacadas\/"},"img":{"alt_text":"","src":"https:\/\/i0.wp.com\/larevistadigital.com.ar\/blog\/wp-content\/uploads\/una-mujer-fue-rescatada-la-policia-la-plata.jpg?fit=1200%2C675&ssl=1&resize=350%2C200","width":350,"height":200,"srcset":"https:\/\/i0.wp.com\/larevistadigital.com.ar\/blog\/wp-content\/uploads\/una-mujer-fue-rescatada-la-policia-la-plata.jpg?fit=1200%2C675&ssl=1&resize=350%2C200 1x, https:\/\/i0.wp.com\/larevistadigital.com.ar\/blog\/wp-content\/uploads\/una-mujer-fue-rescatada-la-policia-la-plata.jpg?fit=1200%2C675&ssl=1&resize=525%2C300 1.5x, https:\/\/i0.wp.com\/larevistadigital.com.ar\/blog\/wp-content\/uploads\/una-mujer-fue-rescatada-la-policia-la-plata.jpg?fit=1200%2C675&ssl=1&resize=700%2C400 2x, https:\/\/i0.wp.com\/larevistadigital.com.ar\/blog\/wp-content\/uploads\/una-mujer-fue-rescatada-la-policia-la-plata.jpg?fit=1200%2C675&ssl=1&resize=1050%2C600 3x"},"classes":[]}],"_links":{"self":[{"href":"https:\/\/larevistadigital.com.ar\/blog\/wp-json\/wp\/v2\/posts\/47117","targetHints":{"allow":["GET"]}}],"collection":[{"href":"https:\/\/larevistadigital.com.ar\/blog\/wp-json\/wp\/v2\/posts"}],"about":[{"href":"https:\/\/larevistadigital.com.ar\/blog\/wp-json\/wp\/v2\/types\/post"}],"author":[{"embeddable":true,"href":"https:\/\/larevistadigital.com.ar\/blog\/wp-json\/wp\/v2\/users\/3"}],"replies":[{"embeddable":true,"href":"https:\/\/larevistadigital.com.ar\/blog\/wp-json\/wp\/v2\/comments?post=47117"}],"version-history":[{"count":1,"href":"https:\/\/larevistadigital.com.ar\/blog\/wp-json\/wp\/v2\/posts\/47117\/revisions"}],"predecessor-version":[{"id":47118,"href":"https:\/\/larevistadigital.com.ar\/blog\/wp-json\/wp\/v2\/posts\/47117\/revisions\/47118"}],"wp:featuredmedia":[{"embeddable":true,"href":"https:\/\/larevistadigital.com.ar\/blog\/wp-json\/wp\/v2\/media\/29411"}],"wp:attachment":[{"href":"https:\/\/larevistadigital.com.ar\/blog\/wp-json\/wp\/v2\/media?parent=47117"}],"wp:term":[{"taxonomy":"category","embeddable":true,"href":"https:\/\/larevistadigital.com.ar\/blog\/wp-json\/wp\/v2\/categories?post=47117"},{"taxonomy":"post_tag","embeddable":true,"href":"https:\/\/larevistadigital.com.ar\/blog\/wp-json\/wp\/v2\/tags?post=47117"}],"curies":[{"name":"wp","href":"https:\/\/api.w.org\/{rel}","templated":true}]}}