{"id":47119,"date":"2026-08-31T00:10:09","date_gmt":"2026-08-31T03:10:09","guid":{"rendered":"https:\/\/larevistadigital.com.ar\/blog\/?p=47119"},"modified":"2026-08-31T00:10:09","modified_gmt":"2026-08-31T03:10:09","slug":"grave-accidente-en-la-ruta-2-una-mujer-termino-debajo-de-un-puente-y-fue-hospitalizada","status":"publish","type":"post","link":"https:\/\/larevistadigital.com.ar\/blog\/grave-accidente-en-la-ruta-2-una-mujer-termino-debajo-de-un-puente-y-fue-hospitalizada\/","title":{"rendered":"Grave accidente en la Ruta 2: una mujer termin\u00f3 debajo de un puente y fue hospitalizada"},"content":{"rendered":"<h3 class=\"isSelectedEnd\">Una mujer de 74 a\u00f1os result\u00f3 herida luego de perder el control de su Peugeot 208, despistar y volcar a la altura del kil\u00f3metro 93 de la Autov\u00eda 2, en jurisdicci\u00f3n de Chascom\u00fas. El veh\u00edculo termin\u00f3 debajo de un puente y la conductora fue trasladada al Hospital Municipal.<\/h3>\n<p>30 de agosto de 2026<\/p>\n<p class=\"isSelectedEnd\"><strong>CHASCOM\u00daS\u00a0 &#8211;\u00a0<\/strong> \u00a0Un fuerte accidente se registr\u00f3 este s\u00e1bado en la Autov\u00eda 2, a la altura del kil\u00f3metro 93, en jurisdicci\u00f3n de Chascom\u00fas.<\/p>\n<blockquote>\n<h3 class=\"isSelectedEnd\">Por circunstancias que todav\u00eda son materia de investigaci\u00f3n, un Peugeot 208 que circulaba en sentido hacia Mar del Plata perdi\u00f3 el control, despist\u00f3 y termin\u00f3 volcando debajo de un puente.<\/h3>\n<\/blockquote>\n<p class=\"isSelectedEnd\">La conductora, una mujer de 74 a\u00f1os oriunda de Mar del Plata, result\u00f3 herida como consecuencia del impacto.<\/p>\n<blockquote>\n<h3 class=\"isSelectedEnd\">Una ambulancia de AUBASA lleg\u00f3 al lugar y el personal m\u00e9dico le brind\u00f3 las primeras atenciones. Posteriormente, se dispuso su traslado al Hospital de Chascom\u00fas para continuar con la atenci\u00f3n m\u00e9dica. Hasta el momento no trascendieron mayores precisiones sobre la gravedad de las lesiones.<\/h3>\n<\/blockquote>\n<p class=\"isSelectedEnd\">El veh\u00edculo sufri\u00f3 importantes da\u00f1os y la violencia del impacto oblig\u00f3 a desplegar un operativo de asistencia y prevenci\u00f3n en el sector.<\/p>\n<blockquote>\n<h3 class=\"isSelectedEnd\">En el lugar trabajaron efectivos del Departamento de Operaciones Zona Vial I La Plata, pertenecientes al Destacamento Vial Samboromb\u00f3n, personal sanitario y peritos.<\/h3>\n<\/blockquote>\n<p class=\"isSelectedEnd\">Las causas que provocaron el despiste permanecen bajo investigaci\u00f3n. Los peritajes buscar\u00e1n determinar por qu\u00e9 la conductora perdi\u00f3 el control del veh\u00edculo.<\/p>\n<p class=\"isSelectedEnd\">Una vez finalizadas las tareas de asistencia y las primeras actuaciones, la circulaci\u00f3n por la Ruta 2 qued\u00f3 normalizada.<\/p>\n<p><strong>Fuente: Infozona y 0221.<\/strong><\/p>\n","protected":false},"excerpt":{"rendered":"<div class=\"mh-excerpt\"><p>Una mujer de 74 a\u00f1os result\u00f3 herida luego de perder el control de su Peugeot 208, despistar y volcar a la altura del kil\u00f3metro 93 de la Autov\u00eda 2, en jurisdicci\u00f3n de Chascom\u00fas. El veh\u00edculo <a class=\"mh-excerpt-more\" href=\"https:\/\/larevistadigital.com.ar\/blog\/grave-accidente-en-la-ruta-2-una-mujer-termino-debajo-de-un-puente-y-fue-hospitalizada\/\" title=\"Grave accidente en la Ruta 2: una mujer termin\u00f3 debajo de un puente y fue hospitalizada\">[Leer M\u00e1s]<\/a><\/p>\n<\/div>","protected":false},"author":3,"featured_media":47121,"comment_status":"open","ping_status":"open","sticky":false,"template":"","format":"standard","meta":{"_jetpack_memberships_contains_paid_content":false,"footnotes":"","jetpack_publicize_message":"","jetpack_publicize_feature_enabled":true,"jetpack_social_post_already_shared":true,"jetpack_social_options":{"image_generator_settings":{"template":"highway","default_image_id":0,"font":"","enabled":false},"version":2}},"categories":[50,44],"tags":[],"class_list":{"0":"post-47119","1":"post","2":"type-post","3":"status-publish","4":"format-standard","5":"has-post-thumbnail","7":"category-interes-general","8":"category-policiales"},"jetpack_publicize_connections":[],"jetpack_featured_media_url":"https:\/\/i0.wp.com\/larevistadigital.com.ar\/blog\/wp-content\/uploads\/Captura-de-pantalla-2026-08-31-000847.jpg?fit=722%2C342&ssl=1","jetpack_sharing_enabled":true,"jetpack_shortlink":"https:\/\/wp.me\/p8qtrQ-cfZ","jetpack-related-posts":[{"id":46037,"url":"https:\/\/larevistadigital.com.ar\/blog\/pila-despiste-en-la-ruta-41-una-mujer-fue-trasladada-al-hospital-y-resulto-ilesa\/","url_meta":{"origin":47119,"position":0},"title":"Pila: Despiste en la Ruta 41. Una mujer fue trasladada al hospital y result\u00f3 ilesa","author":"Alejandro Sosa Ruda","date":"7 junio, 2026","format":false,"excerpt":"Una mujer de 52 a\u00f1os, domiciliada en Mar del Plata, protagoniz\u00f3 un despiste durante la ma\u00f1ana de este domingo sobre la Ruta Provincial N\u00ba 41, en jurisdicci\u00f3n del partido de Pila. El siniestro ocurri\u00f3 pocos minutos despu\u00e9s de las 8:30, a la altura del kil\u00f3metro 51, cuando por causas que\u2026","rel":"","context":"En \u00abPOLICIALES\u00bb","block_context":{"text":"POLICIALES","link":"https:\/\/larevistadigital.com.ar\/blog\/category\/policiales\/"},"img":{"alt_text":"","src":"https:\/\/i0.wp.com\/larevistadigital.com.ar\/blog\/wp-content\/uploads\/718554061_1624867962976792_7741672752064888227_n.jpg?fit=900%2C896&ssl=1&resize=350%2C200","width":350,"height":200,"srcset":"https:\/\/i0.wp.com\/larevistadigital.com.ar\/blog\/wp-content\/uploads\/718554061_1624867962976792_7741672752064888227_n.jpg?fit=900%2C896&ssl=1&resize=350%2C200 1x, https:\/\/i0.wp.com\/larevistadigital.com.ar\/blog\/wp-content\/uploads\/718554061_1624867962976792_7741672752064888227_n.jpg?fit=900%2C896&ssl=1&resize=525%2C300 1.5x, https:\/\/i0.wp.com\/larevistadigital.com.ar\/blog\/wp-content\/uploads\/718554061_1624867962976792_7741672752064888227_n.jpg?fit=900%2C896&ssl=1&resize=700%2C400 2x"},"classes":[]},{"id":39094,"url":"https:\/\/larevistadigital.com.ar\/blog\/peligro-en-la-ruta-2-una-mujer-volco-con-su-auto-bajo-una-intensa-lluvia\/","url_meta":{"origin":47119,"position":1},"title":"Peligro en la Ruta 2: una mujer volc\u00f3 con su auto bajo una intensa lluvia","author":"Alejandro Sosa Ruda","date":"24 marzo, 2025","format":false,"excerpt":"El accidente ocurri\u00f3 a la altura de Dolores. La conductora, oriunda de Mar del Plata, fue trasladada para recibir atenci\u00f3n m\u00e9dica. 24 de Marzo de 2025 DOLORES -\u00a0 Un violento accidente de tr\u00e1nsito tuvo lugar este lunes en la Ruta 2, a la altura del kil\u00f3metro 213, en jurisdicci\u00f3n de\u2026","rel":"","context":"En \u00abDOLORES\u00bb","block_context":{"text":"DOLORES","link":"https:\/\/larevistadigital.com.ar\/blog\/category\/dolores\/"},"img":{"alt_text":"","src":"https:\/\/i0.wp.com\/larevistadigital.com.ar\/blog\/wp-content\/uploads\/7c9586409e4b052f03bbdd86c6dc20aacb1f6426.jpg?fit=1140%2C858&ssl=1&resize=350%2C200","width":350,"height":200,"srcset":"https:\/\/i0.wp.com\/larevistadigital.com.ar\/blog\/wp-content\/uploads\/7c9586409e4b052f03bbdd86c6dc20aacb1f6426.jpg?fit=1140%2C858&ssl=1&resize=350%2C200 1x, https:\/\/i0.wp.com\/larevistadigital.com.ar\/blog\/wp-content\/uploads\/7c9586409e4b052f03bbdd86c6dc20aacb1f6426.jpg?fit=1140%2C858&ssl=1&resize=525%2C300 1.5x, https:\/\/i0.wp.com\/larevistadigital.com.ar\/blog\/wp-content\/uploads\/7c9586409e4b052f03bbdd86c6dc20aacb1f6426.jpg?fit=1140%2C858&ssl=1&resize=700%2C400 2x, https:\/\/i0.wp.com\/larevistadigital.com.ar\/blog\/wp-content\/uploads\/7c9586409e4b052f03bbdd86c6dc20aacb1f6426.jpg?fit=1140%2C858&ssl=1&resize=1050%2C600 3x"},"classes":[]},{"id":44863,"url":"https:\/\/larevistadigital.com.ar\/blog\/impactante-vuelco-en-la-ruta-11-una-mujer-resulto-herida\/","url_meta":{"origin":47119,"position":2},"title":"Impactante vuelco en la Ruta 11: una mujer result\u00f3 herida","author":"Alejandro Sosa Ruda","date":"1 abril, 2026","format":false,"excerpt":"El veh\u00edculo se despist\u00f3 y termin\u00f3 volcado a metros del GADA 601. Investigan las causas del siniestro. 01 de abril de 2026 Un violento accidente se registr\u00f3 este jueves por la ma\u00f1ana en la Ruta 11, a la altura del kil\u00f3metro 503, en inmediaciones del Grupo de Artiller\u00eda de Defensa\u2026","rel":"","context":"En \u00abPOLICIALES\u00bb","block_context":{"text":"POLICIALES","link":"https:\/\/larevistadigital.com.ar\/blog\/category\/policiales\/"},"img":{"alt_text":"","src":"https:\/\/i0.wp.com\/larevistadigital.com.ar\/blog\/wp-content\/uploads\/Captura-de-pantalla-2026-04-01-143949.jpg?fit=799%2C398&ssl=1&resize=350%2C200","width":350,"height":200,"srcset":"https:\/\/i0.wp.com\/larevistadigital.com.ar\/blog\/wp-content\/uploads\/Captura-de-pantalla-2026-04-01-143949.jpg?fit=799%2C398&ssl=1&resize=350%2C200 1x, https:\/\/i0.wp.com\/larevistadigital.com.ar\/blog\/wp-content\/uploads\/Captura-de-pantalla-2026-04-01-143949.jpg?fit=799%2C398&ssl=1&resize=525%2C300 1.5x, https:\/\/i0.wp.com\/larevistadigital.com.ar\/blog\/wp-content\/uploads\/Captura-de-pantalla-2026-04-01-143949.jpg?fit=799%2C398&ssl=1&resize=700%2C400 2x"},"classes":[]},{"id":25154,"url":"https:\/\/larevistadigital.com.ar\/blog\/choque-frontal-en-la-ruta-11-dos-muertos\/","url_meta":{"origin":47119,"position":3},"title":"CHOQUE FRONTAL EN LA RUTA 11: DOS MUERTOS","author":"Alejandro Sosa Ruda","date":"18 abril, 2022","format":false,"excerpt":"Ocurri\u00f3 este lunes alrededor de las 17. Las v\u00edctimas fatales son un hombre y una mujer que viajaban en un Volkswagen Gol que colision\u00f3 con una camioneta Jeep. Adem\u00e1s, hay otra persona gravemente herida. Dos personas muertas y otras dos heridas\u00a0fue el saldo que dej\u00f3 un\u00a0choque frontal\u00a0este lunes a la\u2026","rel":"","context":"En \u00abINTERES GENERAL\u00bb","block_context":{"text":"INTERES GENERAL","link":"https:\/\/larevistadigital.com.ar\/blog\/category\/interes-general\/"},"img":{"alt_text":"","src":"https:\/\/i0.wp.com\/larevistadigital.com.ar\/blog\/wp-content\/uploads\/Captura-41.png?fit=908%2C491&ssl=1&resize=350%2C200","width":350,"height":200,"srcset":"https:\/\/i0.wp.com\/larevistadigital.com.ar\/blog\/wp-content\/uploads\/Captura-41.png?fit=908%2C491&ssl=1&resize=350%2C200 1x, https:\/\/i0.wp.com\/larevistadigital.com.ar\/blog\/wp-content\/uploads\/Captura-41.png?fit=908%2C491&ssl=1&resize=525%2C300 1.5x, https:\/\/i0.wp.com\/larevistadigital.com.ar\/blog\/wp-content\/uploads\/Captura-41.png?fit=908%2C491&ssl=1&resize=700%2C400 2x"},"classes":[]},{"id":33880,"url":"https:\/\/larevistadigital.com.ar\/blog\/ruta-2-violento-choque-con-una-mujer-herida\/","url_meta":{"origin":47119,"position":4},"title":"RUTA 2: VIOLENTO CHOQUE CON UNA MUJER HERIDA","author":"Alejandro Sosa Ruda","date":"6 octubre, 2023","format":false,"excerpt":"Ocurri\u00f3 este viernes por la ma\u00f1ana. La acompa\u00f1ante qued\u00f3 atrapada dentro del veh\u00edculo, fue rescatada por personal de Bomberos y trasladada de urgencia al HIGA junto al conductor. 06 de octubre de 2023 MAR DEL PLATA -\u00a0 Una dama que viajaba como acompa\u00f1ante en una camioneta con destino a Mar\u2026","rel":"","context":"En \u00abREGIONALES\u00bb","block_context":{"text":"REGIONALES","link":"https:\/\/larevistadigital.com.ar\/blog\/category\/regionales\/"},"img":{"alt_text":"","src":"https:\/\/i0.wp.com\/larevistadigital.com.ar\/blog\/wp-content\/uploads\/Captura-de-pantalla-2023-10-06-154951.png?fit=805%2C354&ssl=1&resize=350%2C200","width":350,"height":200,"srcset":"https:\/\/i0.wp.com\/larevistadigital.com.ar\/blog\/wp-content\/uploads\/Captura-de-pantalla-2023-10-06-154951.png?fit=805%2C354&ssl=1&resize=350%2C200 1x, https:\/\/i0.wp.com\/larevistadigital.com.ar\/blog\/wp-content\/uploads\/Captura-de-pantalla-2023-10-06-154951.png?fit=805%2C354&ssl=1&resize=525%2C300 1.5x, https:\/\/i0.wp.com\/larevistadigital.com.ar\/blog\/wp-content\/uploads\/Captura-de-pantalla-2023-10-06-154951.png?fit=805%2C354&ssl=1&resize=700%2C400 2x"},"classes":[]},{"id":46953,"url":"https:\/\/larevistadigital.com.ar\/blog\/ruta-2-una-discusion-por-una-maniobra-termino-con-un-camionero-apunalado\/","url_meta":{"origin":47119,"position":5},"title":"Ruta 2: Una discusi\u00f3n por una maniobra, termin\u00f3 con un camionero apu\u00f1alado.","author":"Alejandro Sosa Ruda","date":"17 agosto, 2026","format":false,"excerpt":"El violento episodio ocurri\u00f3 durante la madrugada, a la altura del kil\u00f3metro 298 de la Autov\u00eda 2, en jurisdicci\u00f3n de Las Armas. La v\u00edctima, de unos 35 a\u00f1os, debi\u00f3 ser trasladada al hospital de Maip\u00fa. 17 de agosto de 2026 BUENOS AIRES\u00a0 -\u00a0 \u00a0Una discusi\u00f3n originada por una maniobra de\u2026","rel":"","context":"En \u00abPOLICIALES\u00bb","block_context":{"text":"POLICIALES","link":"https:\/\/larevistadigital.com.ar\/blog\/category\/policiales\/"},"img":{"alt_text":"","src":"https:\/\/i0.wp.com\/larevistadigital.com.ar\/blog\/wp-content\/uploads\/2ecbccc6bc432e1a703471db7d94eff444b202c6.jpg?fit=1140%2C690&ssl=1&resize=350%2C200","width":350,"height":200,"srcset":"https:\/\/i0.wp.com\/larevistadigital.com.ar\/blog\/wp-content\/uploads\/2ecbccc6bc432e1a703471db7d94eff444b202c6.jpg?fit=1140%2C690&ssl=1&resize=350%2C200 1x, https:\/\/i0.wp.com\/larevistadigital.com.ar\/blog\/wp-content\/uploads\/2ecbccc6bc432e1a703471db7d94eff444b202c6.jpg?fit=1140%2C690&ssl=1&resize=525%2C300 1.5x, https:\/\/i0.wp.com\/larevistadigital.com.ar\/blog\/wp-content\/uploads\/2ecbccc6bc432e1a703471db7d94eff444b202c6.jpg?fit=1140%2C690&ssl=1&resize=700%2C400 2x, https:\/\/i0.wp.com\/larevistadigital.com.ar\/blog\/wp-content\/uploads\/2ecbccc6bc432e1a703471db7d94eff444b202c6.jpg?fit=1140%2C690&ssl=1&resize=1050%2C600 3x"},"classes":[]}],"_links":{"self":[{"href":"https:\/\/larevistadigital.com.ar\/blog\/wp-json\/wp\/v2\/posts\/47119","targetHints":{"allow":["GET"]}}],"collection":[{"href":"https:\/\/larevistadigital.com.ar\/blog\/wp-json\/wp\/v2\/posts"}],"about":[{"href":"https:\/\/larevistadigital.com.ar\/blog\/wp-json\/wp\/v2\/types\/post"}],"author":[{"embeddable":true,"href":"https:\/\/larevistadigital.com.ar\/blog\/wp-json\/wp\/v2\/users\/3"}],"replies":[{"embeddable":true,"href":"https:\/\/larevistadigital.com.ar\/blog\/wp-json\/wp\/v2\/comments?post=47119"}],"version-history":[{"count":1,"href":"https:\/\/larevistadigital.com.ar\/blog\/wp-json\/wp\/v2\/posts\/47119\/revisions"}],"predecessor-version":[{"id":47122,"href":"https:\/\/larevistadigital.com.ar\/blog\/wp-json\/wp\/v2\/posts\/47119\/revisions\/47122"}],"wp:featuredmedia":[{"embeddable":true,"href":"https:\/\/larevistadigital.com.ar\/blog\/wp-json\/wp\/v2\/media\/47121"}],"wp:attachment":[{"href":"https:\/\/larevistadigital.com.ar\/blog\/wp-json\/wp\/v2\/media?parent=47119"}],"wp:term":[{"taxonomy":"category","embeddable":true,"href":"https:\/\/larevistadigital.com.ar\/blog\/wp-json\/wp\/v2\/categories?post=47119"},{"taxonomy":"post_tag","embeddable":true,"href":"https:\/\/larevistadigital.com.ar\/blog\/wp-json\/wp\/v2\/tags?post=47119"}],"curies":[{"name":"wp","href":"https:\/\/api.w.org\/{rel}","templated":true}]}}