{"id":47123,"date":"2026-08-31T00:26:04","date_gmt":"2026-08-31T03:26:04","guid":{"rendered":"https:\/\/larevistadigital.com.ar\/blog\/?p=47123"},"modified":"2026-08-31T00:26:04","modified_gmt":"2026-08-31T03:26:04","slug":"accidente-en-la-ruta-2-tres-personas-resultaron-heridas-tras-un-choque-entre-dos-motos-y-un-auto","status":"publish","type":"post","link":"https:\/\/larevistadigital.com.ar\/blog\/accidente-en-la-ruta-2-tres-personas-resultaron-heridas-tras-un-choque-entre-dos-motos-y-un-auto\/","title":{"rendered":"Accidente en la Ruta 2: tres personas resultaron heridas tras un choque entre dos motos y un auto"},"content":{"rendered":"<p class=\"isSelectedEnd\">Ocurri\u00f3 este domingo por la tarde a la altura del kil\u00f3metro 114 de la Autov\u00eda 2, en jurisdicci\u00f3n de Chascom\u00fas, mano hacia Buenos Aires. Tres personas resultaron heridas y fueron trasladadas al Hospital Municipal.<\/p>\n<p>30 de agosto de 2026<\/p>\n<p class=\"isSelectedEnd\"><strong>CHASCOM\u00daS\u00a0 &#8211;\u00a0<\/strong> \u00a0Un accidente que involucr\u00f3 a <strong>dos motocicletas y un autom\u00f3vil<\/strong> se registr\u00f3 este domingo alrededor de las 19 en la Autov\u00eda 2, a la altura del kil\u00f3metro 114, mano hacia Buenos Aires.<\/p>\n<blockquote>\n<h3 class=\"isSelectedEnd\">De acuerdo con la informaci\u00f3n relevada en el lugar, el hecho se produjo entre un Renault Logan y dos motoveh\u00edculos, una Yamaha y una RZ 650.<\/h3>\n<\/blockquote>\n<p class=\"isSelectedEnd\">Como consecuencia del impacto, <strong>tres personas resultaron heridas<\/strong> y fueron asistidas por personal sanitario. En un primer momento se inform\u00f3 que ninguna presentaba riesgo de vida.<\/p>\n<blockquote>\n<h3 class=\"isSelectedEnd\">Durante el operativo se trasladaron distintos pacientes al Hospital Municipal. Uno de ellos presentaba un trauma abdominal, mientras que otro fue asistido por una lesi\u00f3n que requer\u00eda evaluaci\u00f3n traumatol\u00f3gica. Tambi\u00e9n se inform\u00f3 sobre personas con fracturas.<\/h3>\n<\/blockquote>\n<p class=\"isSelectedEnd\">El tr\u00e1nsito permaneci\u00f3 afectado debido a que el <strong>carril lento qued\u00f3 obstruido<\/strong> y se esperaba la intervenci\u00f3n de Polic\u00eda Cient\u00edfica para realizar las pericias correspondientes.<\/p>\n<blockquote>\n<h3 class=\"isSelectedEnd\">El operativo cont\u00f3 con la participaci\u00f3n de Polic\u00eda Vial, personal policial, ambulancias, Hospital Municipal, Monitoreo, Inspector\u00eda y servicios de emergencia.<\/h3>\n<\/blockquote>\n<p class=\"isSelectedEnd\">La investigaci\u00f3n deber\u00e1 establecer las circunstancias en las que se produjo la colisi\u00f3n.<\/p>\n<p><strong>La informaci\u00f3n se encuentra en desarrollo.<\/strong><\/p>\n","protected":false},"excerpt":{"rendered":"<div class=\"mh-excerpt\"><p>Ocurri\u00f3 este domingo por la tarde a la altura del kil\u00f3metro 114 de la Autov\u00eda 2, en jurisdicci\u00f3n de Chascom\u00fas, mano hacia Buenos Aires. Tres personas resultaron heridas y fueron trasladadas al Hospital Municipal. 30 <a class=\"mh-excerpt-more\" href=\"https:\/\/larevistadigital.com.ar\/blog\/accidente-en-la-ruta-2-tres-personas-resultaron-heridas-tras-un-choque-entre-dos-motos-y-un-auto\/\" title=\"Accidente en la Ruta 2: tres personas resultaron heridas tras un choque entre dos motos y un auto\">[Leer M\u00e1s]<\/a><\/p>\n<\/div>","protected":false},"author":3,"featured_media":47124,"comment_status":"open","ping_status":"open","sticky":false,"template":"","format":"standard","meta":{"_jetpack_memberships_contains_paid_content":false,"footnotes":"","jetpack_publicize_message":"","jetpack_publicize_feature_enabled":true,"jetpack_social_post_already_shared":true,"jetpack_social_options":{"image_generator_settings":{"template":"highway","default_image_id":0,"font":"","enabled":false},"version":2}},"categories":[50,44],"tags":[],"class_list":{"0":"post-47123","1":"post","2":"type-post","3":"status-publish","4":"format-standard","5":"has-post-thumbnail","7":"category-interes-general","8":"category-policiales"},"jetpack_publicize_connections":[],"jetpack_featured_media_url":"https:\/\/i0.wp.com\/larevistadigital.com.ar\/blog\/wp-content\/uploads\/0306918813d30b29a629495ccd854201b84b941f-1.jpg?fit=1140%2C807&ssl=1","jetpack_sharing_enabled":true,"jetpack_shortlink":"https:\/\/wp.me\/p8qtrQ-cg3","jetpack-related-posts":[{"id":43591,"url":"https:\/\/larevistadigital.com.ar\/blog\/un-tren-embistio-a-un-auto-detenido-sobre-las-vias-en-ruta-2-y-tres-personas-resultaron-gravemente-heridas\/","url_meta":{"origin":47123,"position":0},"title":"Un tren embisti\u00f3 a un auto detenido sobre las v\u00edas en Ruta 2 y tres personas resultaron gravemente heridas","author":"Alejandro Sosa Ruda","date":"26 enero, 2026","format":false,"excerpt":"El choque ocurri\u00f3 a la altura del kil\u00f3metro 386, cerca del complejo Aquasol. Las v\u00edctimas fueron trasladadas al HIGA con lesiones de consideraci\u00f3n. 26 de enero de 2026 BUENOS AIRES\u00a0 -\u00a0 \u00a0Un grave accidente ferroviario se registr\u00f3 este domingo por la tarde sobre la Ruta 2, cuando una formaci\u00f3n que\u2026","rel":"","context":"En \u00abDESTACADAS\u00bb","block_context":{"text":"DESTACADAS","link":"https:\/\/larevistadigital.com.ar\/blog\/category\/destacadas\/"},"img":{"alt_text":"","src":"https:\/\/i0.wp.com\/larevistadigital.com.ar\/blog\/wp-content\/uploads\/e39a34e6a1fddb35342eff5976a903dddecff427.jpg?fit=1140%2C641&ssl=1&resize=350%2C200","width":350,"height":200,"srcset":"https:\/\/i0.wp.com\/larevistadigital.com.ar\/blog\/wp-content\/uploads\/e39a34e6a1fddb35342eff5976a903dddecff427.jpg?fit=1140%2C641&ssl=1&resize=350%2C200 1x, https:\/\/i0.wp.com\/larevistadigital.com.ar\/blog\/wp-content\/uploads\/e39a34e6a1fddb35342eff5976a903dddecff427.jpg?fit=1140%2C641&ssl=1&resize=525%2C300 1.5x, https:\/\/i0.wp.com\/larevistadigital.com.ar\/blog\/wp-content\/uploads\/e39a34e6a1fddb35342eff5976a903dddecff427.jpg?fit=1140%2C641&ssl=1&resize=700%2C400 2x, https:\/\/i0.wp.com\/larevistadigital.com.ar\/blog\/wp-content\/uploads\/e39a34e6a1fddb35342eff5976a903dddecff427.jpg?fit=1140%2C641&ssl=1&resize=1050%2C600 3x"},"classes":[]},{"id":23711,"url":"https:\/\/larevistadigital.com.ar\/blog\/chascomus-4-heridos-tras-un-accidente-en-la-ruta-2\/","url_meta":{"origin":47123,"position":1},"title":"CHASCOM\u00daS: 4 HERIDOS TRAS UN ACCIDENTE EN LA RUTA 2","author":"Alejandro Sosa Ruda","date":"31 enero, 2022","format":false,"excerpt":"CHASCOM\u00daS -\u00a0\u00a0Durante la tarde de hoy domingo 30\/1, aproximadamente a las 14 horas, se produjo un accidente en el que cuatro personas resultaron heridas. El hecho ocurri\u00f3 a la altura del kil\u00f3metro 116 de la ruta 2, en la mano que va hacia la Costa Atl\u00e1ntica, y tuvo como protagonistas\u2026","rel":"","context":"En \u00abINTERES GENERAL\u00bb","block_context":{"text":"INTERES GENERAL","link":"https:\/\/larevistadigital.com.ar\/blog\/category\/interes-general\/"},"img":{"alt_text":"","src":"https:\/\/i0.wp.com\/larevistadigital.com.ar\/blog\/wp-content\/uploads\/CHOQUE-116.jpg?fit=1200%2C900&ssl=1&resize=350%2C200","width":350,"height":200,"srcset":"https:\/\/i0.wp.com\/larevistadigital.com.ar\/blog\/wp-content\/uploads\/CHOQUE-116.jpg?fit=1200%2C900&ssl=1&resize=350%2C200 1x, https:\/\/i0.wp.com\/larevistadigital.com.ar\/blog\/wp-content\/uploads\/CHOQUE-116.jpg?fit=1200%2C900&ssl=1&resize=525%2C300 1.5x, https:\/\/i0.wp.com\/larevistadigital.com.ar\/blog\/wp-content\/uploads\/CHOQUE-116.jpg?fit=1200%2C900&ssl=1&resize=700%2C400 2x, https:\/\/i0.wp.com\/larevistadigital.com.ar\/blog\/wp-content\/uploads\/CHOQUE-116.jpg?fit=1200%2C900&ssl=1&resize=1050%2C600 3x"},"classes":[]},{"id":46514,"url":"https:\/\/larevistadigital.com.ar\/blog\/grave-choque-entre-un-automovil-y-una-combi-con-pasajeros-chascomunensesen-la-autovia-2-tres-personas-fueron-trasladadas-al-hospital\/","url_meta":{"origin":47123,"position":2},"title":"Grave choque entre un autom\u00f3vil y una combi con pasajeros chascomunensesen la Autov\u00eda 2: tres personas fueron trasladadas al hospital","author":"Alejandro Sosa Ruda","date":"12 julio, 2026","format":false,"excerpt":"El accidente ocurri\u00f3 durante la madrugada del jueves a la altura del kil\u00f3metro 88, en jurisdicci\u00f3n de Chascom\u00fas. Un autom\u00f3vil volc\u00f3 tras colisionar con una combi de transporte de pasajeros. Dos adultos y un menor, resultaron heridos y fueron trasladados al Hospital Municipal. CHASCOM\u00daS -\u00a0 \u00a0Un importante operativo de emergencia\u2026","rel":"","context":"En \u00abINTERES GENERAL\u00bb","block_context":{"text":"INTERES GENERAL","link":"https:\/\/larevistadigital.com.ar\/blog\/category\/interes-general\/"},"img":{"alt_text":"","src":"https:\/\/i0.wp.com\/larevistadigital.com.ar\/blog\/wp-content\/uploads\/2-23.jpg?fit=992%2C1083&ssl=1&resize=350%2C200","width":350,"height":200,"srcset":"https:\/\/i0.wp.com\/larevistadigital.com.ar\/blog\/wp-content\/uploads\/2-23.jpg?fit=992%2C1083&ssl=1&resize=350%2C200 1x, https:\/\/i0.wp.com\/larevistadigital.com.ar\/blog\/wp-content\/uploads\/2-23.jpg?fit=992%2C1083&ssl=1&resize=525%2C300 1.5x, https:\/\/i0.wp.com\/larevistadigital.com.ar\/blog\/wp-content\/uploads\/2-23.jpg?fit=992%2C1083&ssl=1&resize=700%2C400 2x"},"classes":[]},{"id":46374,"url":"https:\/\/larevistadigital.com.ar\/blog\/tragico-vuelco-en-la-ruta-11-una-mujer-murio-y-otras-tres-personas-resultaron-heridas\/","url_meta":{"origin":47123,"position":3},"title":"Tr\u00e1gico vuelco en la Ruta 11: una mujer muri\u00f3 y otras tres personas resultaron heridas","author":"Alejandro Sosa Ruda","date":"2 julio, 2026","format":false,"excerpt":"El siniestro ocurri\u00f3 en el kil\u00f3metro 173 de la Ruta Provincial 11, a la altura del Canal 15, en el partido de Castelli. Las causas del accidente son materia de investigaci\u00f3n. 02 de Julio de 2026 CASTELLI -\u00a0 \u00a0Una mujer falleci\u00f3 y otras tres personas resultaron heridas este mi\u00e9rcoles por\u2026","rel":"","context":"En \u00abPOLICIALES\u00bb","block_context":{"text":"POLICIALES","link":"https:\/\/larevistadigital.com.ar\/blog\/category\/policiales\/"},"img":{"alt_text":"","src":"https:\/\/i0.wp.com\/larevistadigital.com.ar\/blog\/wp-content\/uploads\/5f490dc9658569e86972000aa08b633618d059c1.jpg?fit=1140%2C724&ssl=1&resize=350%2C200","width":350,"height":200,"srcset":"https:\/\/i0.wp.com\/larevistadigital.com.ar\/blog\/wp-content\/uploads\/5f490dc9658569e86972000aa08b633618d059c1.jpg?fit=1140%2C724&ssl=1&resize=350%2C200 1x, https:\/\/i0.wp.com\/larevistadigital.com.ar\/blog\/wp-content\/uploads\/5f490dc9658569e86972000aa08b633618d059c1.jpg?fit=1140%2C724&ssl=1&resize=525%2C300 1.5x, https:\/\/i0.wp.com\/larevistadigital.com.ar\/blog\/wp-content\/uploads\/5f490dc9658569e86972000aa08b633618d059c1.jpg?fit=1140%2C724&ssl=1&resize=700%2C400 2x, https:\/\/i0.wp.com\/larevistadigital.com.ar\/blog\/wp-content\/uploads\/5f490dc9658569e86972000aa08b633618d059c1.jpg?fit=1140%2C724&ssl=1&resize=1050%2C600 3x"},"classes":[]},{"id":19141,"url":"https:\/\/larevistadigital.com.ar\/blog\/ruta-2-accidente-a-la-altura-de-castelli-con-cinco-heridos\/","url_meta":{"origin":47123,"position":4},"title":"RUTA 2: ACCIDENTE A LA ALTURA DE CASTELLI CON CINCO HERIDOS","author":"Alejandro Sosa Ruda","date":"2 marzo, 2021","format":false,"excerpt":"El choque fue protagonizado por un cami\u00f3n y una camioneta. Los servicios de emergencia debieron asistir a los ocupantes de los veh\u00edculos. Un total de cinco personas resultaron heridas como consecuencia de un accidente de tr\u00e1nsito ocurrido en el kil\u00f3metro 193 de la Ruta 2, en jurisdicci\u00f3n del partido de\u2026","rel":"","context":"En \u00abINTERES GENERAL\u00bb","block_context":{"text":"INTERES GENERAL","link":"https:\/\/larevistadigital.com.ar\/blog\/category\/interes-general\/"},"img":{"alt_text":"","src":"https:\/\/i0.wp.com\/larevistadigital.com.ar\/blog\/wp-content\/uploads\/baddb3d915a1a844eab9dab86c67cb371d190bb7.jpg?fit=1140%2C699&ssl=1&resize=350%2C200","width":350,"height":200,"srcset":"https:\/\/i0.wp.com\/larevistadigital.com.ar\/blog\/wp-content\/uploads\/baddb3d915a1a844eab9dab86c67cb371d190bb7.jpg?fit=1140%2C699&ssl=1&resize=350%2C200 1x, https:\/\/i0.wp.com\/larevistadigital.com.ar\/blog\/wp-content\/uploads\/baddb3d915a1a844eab9dab86c67cb371d190bb7.jpg?fit=1140%2C699&ssl=1&resize=525%2C300 1.5x, https:\/\/i0.wp.com\/larevistadigital.com.ar\/blog\/wp-content\/uploads\/baddb3d915a1a844eab9dab86c67cb371d190bb7.jpg?fit=1140%2C699&ssl=1&resize=700%2C400 2x, https:\/\/i0.wp.com\/larevistadigital.com.ar\/blog\/wp-content\/uploads\/baddb3d915a1a844eab9dab86c67cb371d190bb7.jpg?fit=1140%2C699&ssl=1&resize=1050%2C600 3x"},"classes":[]},{"id":43594,"url":"https:\/\/larevistadigital.com.ar\/blog\/ruta2-vuelco-con-tres-personas-heridas\/","url_meta":{"origin":47123,"position":5},"title":"Ruta2: Vuelco con tres personas heridas","author":"Alejandro Sosa Ruda","date":"26 enero, 2026","format":false,"excerpt":"El accidente ocurri\u00f3 a la altura del kil\u00f3metro 236, en el carril ascendente. Los ocupantes llevaban cintur\u00f3n y no sufrieron lesiones de gravedad. 26 de enero de 2026 Tres personas oriundas de la ciudad de Dolores resultaron heridas este mi\u00e9rcoles por la ma\u00f1ana luego de protagonizar un accidente de tr\u00e1nsito\u2026","rel":"","context":"En \u00abPOLICIALES\u00bb","block_context":{"text":"POLICIALES","link":"https:\/\/larevistadigital.com.ar\/blog\/category\/policiales\/"},"img":{"alt_text":"","src":"https:\/\/i0.wp.com\/larevistadigital.com.ar\/blog\/wp-content\/uploads\/b2264f9ee8f2b866d8e436cffafeda0e6604f625.jpg?fit=1140%2C641&ssl=1&resize=350%2C200","width":350,"height":200,"srcset":"https:\/\/i0.wp.com\/larevistadigital.com.ar\/blog\/wp-content\/uploads\/b2264f9ee8f2b866d8e436cffafeda0e6604f625.jpg?fit=1140%2C641&ssl=1&resize=350%2C200 1x, https:\/\/i0.wp.com\/larevistadigital.com.ar\/blog\/wp-content\/uploads\/b2264f9ee8f2b866d8e436cffafeda0e6604f625.jpg?fit=1140%2C641&ssl=1&resize=525%2C300 1.5x, https:\/\/i0.wp.com\/larevistadigital.com.ar\/blog\/wp-content\/uploads\/b2264f9ee8f2b866d8e436cffafeda0e6604f625.jpg?fit=1140%2C641&ssl=1&resize=700%2C400 2x, https:\/\/i0.wp.com\/larevistadigital.com.ar\/blog\/wp-content\/uploads\/b2264f9ee8f2b866d8e436cffafeda0e6604f625.jpg?fit=1140%2C641&ssl=1&resize=1050%2C600 3x"},"classes":[]}],"_links":{"self":[{"href":"https:\/\/larevistadigital.com.ar\/blog\/wp-json\/wp\/v2\/posts\/47123","targetHints":{"allow":["GET"]}}],"collection":[{"href":"https:\/\/larevistadigital.com.ar\/blog\/wp-json\/wp\/v2\/posts"}],"about":[{"href":"https:\/\/larevistadigital.com.ar\/blog\/wp-json\/wp\/v2\/types\/post"}],"author":[{"embeddable":true,"href":"https:\/\/larevistadigital.com.ar\/blog\/wp-json\/wp\/v2\/users\/3"}],"replies":[{"embeddable":true,"href":"https:\/\/larevistadigital.com.ar\/blog\/wp-json\/wp\/v2\/comments?post=47123"}],"version-history":[{"count":1,"href":"https:\/\/larevistadigital.com.ar\/blog\/wp-json\/wp\/v2\/posts\/47123\/revisions"}],"predecessor-version":[{"id":47125,"href":"https:\/\/larevistadigital.com.ar\/blog\/wp-json\/wp\/v2\/posts\/47123\/revisions\/47125"}],"wp:featuredmedia":[{"embeddable":true,"href":"https:\/\/larevistadigital.com.ar\/blog\/wp-json\/wp\/v2\/media\/47124"}],"wp:attachment":[{"href":"https:\/\/larevistadigital.com.ar\/blog\/wp-json\/wp\/v2\/media?parent=47123"}],"wp:term":[{"taxonomy":"category","embeddable":true,"href":"https:\/\/larevistadigital.com.ar\/blog\/wp-json\/wp\/v2\/categories?post=47123"},{"taxonomy":"post_tag","embeddable":true,"href":"https:\/\/larevistadigital.com.ar\/blog\/wp-json\/wp\/v2\/tags?post=47123"}],"curies":[{"name":"wp","href":"https:\/\/api.w.org\/{rel}","templated":true}]}}