{"id":47130,"date":"2026-09-02T12:39:38","date_gmt":"2026-09-02T15:39:38","guid":{"rendered":"https:\/\/larevistadigital.com.ar\/blog\/?p=47130"},"modified":"2026-09-02T14:25:36","modified_gmt":"2026-09-02T17:25:36","slug":"chascomus-la-provincia-y-caba-se-preparan-ante-la-alerta-por-fuertes-tormentas-e-inundaciones-por-el-avance-de-el-nino-aqui-todos-los-detalles","status":"publish","type":"post","link":"https:\/\/larevistadigital.com.ar\/blog\/chascomus-la-provincia-y-caba-se-preparan-ante-la-alerta-por-fuertes-tormentas-e-inundaciones-por-el-avance-de-el-nino-aqui-todos-los-detalles\/","title":{"rendered":"Chascom\u00fas, la provincia y Caba se preparan ante la alerta por fuertes tormentas e inundaci\u00f3nes por el avance de \u00abEl Ni\u00f1o\u00bb : aqu\u00ed todos los detalles."},"content":{"rendered":"<h3 class=\"isSelectedEnd\">El Municipio de Chascom\u00fas reforz\u00f3 su planificaci\u00f3n preventiva ante el pron\u00f3stico de precipitaciones superiores a las habituales durante los pr\u00f3ximos meses. El escenario tambi\u00e9n genera preocupaci\u00f3n en la Provincia y llev\u00f3 a otras ciudades, como CABA, a reforzar sus sistemas de emergencia.<\/h3>\n<p>02 de septiembre de 2026<\/p>\n<p class=\"isSelectedEnd\"><strong>CHASCOM\u00daS\u00a0 &#8211;\u00a0<\/strong> \u00a0 Chascom\u00fas ya comenz\u00f3 a prepararse para un escenario que podr\u00eda poner a prueba su sistema de drenaje y respuesta ante emergencias. La Municipalidad trabaja sobre un <strong>Plan de Acci\u00f3n Integral<\/strong> frente a las condiciones clim\u00e1ticas asociadas al fen\u00f3meno de El Ni\u00f1o y el pron\u00f3stico de lluvias intensas.<\/p>\n<blockquote>\n<h3 class=\"isSelectedEnd\">La planificaci\u00f3n fue analizada en una reuni\u00f3n encabezada por el intendente interino Leandro Bordalecou, con la participaci\u00f3n de distintas \u00e1reas municipales vinculadas a Obras P\u00fablicas, Seguridad Ciudadana, Defensa Civil, Desarrollo Social y Comunicaci\u00f3n.<\/h3>\n<\/blockquote>\n<p class=\"isSelectedEnd\"><img data-recalc-dims=\"1\" loading=\"lazy\" decoding=\"async\" class=\"size-medium wp-image-47131 alignright\" src=\"https:\/\/i0.wp.com\/larevistadigital.com.ar\/blog\/wp-content\/uploads\/6a906588aae1c.png?resize=300%2C200&#038;ssl=1\" alt=\"\" width=\"300\" height=\"200\" srcset=\"https:\/\/i0.wp.com\/larevistadigital.com.ar\/blog\/wp-content\/uploads\/6a906588aae1c.png?resize=300%2C200&amp;ssl=1 300w, https:\/\/i0.wp.com\/larevistadigital.com.ar\/blog\/wp-content\/uploads\/6a906588aae1c.png?w=668&amp;ssl=1 668w\" sizes=\"auto, (max-width: 300px) 100vw, 300px\" \/>Uno de los principales puntos de atenci\u00f3n es el nivel de la laguna. Actualmente se encuentra en <strong>6,86 metros sobre el nivel del mar<\/strong>, mientras que el objetivo acordado con la Direcci\u00f3n de Hidr\u00e1ulica de Las Flores y la Municipalidad de Lezama es llevarla progresivamente a <strong>6,60 metros<\/strong> mediante la apertura controlada de la compuerta de la laguna de Barrancas.<\/p>\n<blockquote>\n<h3 class=\"isSelectedEnd\">La medida busca mantener bajo control la altura de la laguna de Chascom\u00fas, cuya cercan\u00eda al casco urbano tambi\u00e9n tiene incidencia sobre el sistema de desag\u00fces pluviales.<\/h3>\n<\/blockquote>\n<p class=\"isSelectedEnd\">A esto se suma la puesta a punto de las estaciones de bombeo del casco urbano y un cronograma de limpieza intensiva de <strong>canales, arroyos, zanjas, alcantarillas y sumideros<\/strong>, con el objetivo de favorecer el escurrimiento y evitar obstrucciones.<\/p>\n<blockquote>\n<h3 class=\"isSelectedEnd\">El Municipio tambi\u00e9n prev\u00e9 actualizar el mapa de riesgo h\u00eddrico, reforzar las recorridas en los sectores m\u00e1s vulnerables y trabajar con clubes, instituciones y organizaciones comunitarias para disponer eventualmente de espacios que puedan funcionar como centros de evacuaci\u00f3n.<\/h3>\n<\/blockquote>\n<p class=\"isSelectedEnd\">Adem\u00e1s, se busca fortalecer la coordinaci\u00f3n con Bomberos Voluntarios y dejar definidos previamente los recursos, la log\u00edstica y los protocolos de actuaci\u00f3n ante una eventual contingencia.<\/p>\n<h3><span style=\"color: #ff0000\">\u00bfPor qu\u00e9 preocupa El Ni\u00f1o?<\/span><\/h3>\n<p class=\"isSelectedEnd\">Los pron\u00f3sticos estacionales utilizados para la planificaci\u00f3n anticipan la continuidad de condiciones asociadas a El Ni\u00f1o durante los pr\u00f3ximos meses, con influencia durante la primavera y el verano.<\/p>\n<p class=\"isSelectedEnd\">En Chascom\u00fas, el promedio hist\u00f3rico de precipitaciones entre julio y diciembre ronda los <strong>70 mil\u00edmetros mensuales<\/strong>. Sin embargo, el escenario preventivo contempla la posibilidad de eventos superiores a los <strong>200 mil\u00edmetros en per\u00edodos breves<\/strong>, lo que podr\u00eda generar anegamientos, dificultades en el drenaje y aumentos en los niveles de la laguna y los cursos de agua.<\/p>\n<blockquote>\n<h3 class=\"isSelectedEnd\">La preocupaci\u00f3n no se limita a Chascom\u00fas. Un informe de la Bolsa de Comercio de Rosario citado por Infobae proyecta precipitaciones superiores a las normales en la zona n\u00facleo, con estimaciones de un 30% m\u00e1s de lluvias en octubre, 70% m\u00e1s en noviembre y hasta un 90% adicional en diciembre.<\/h3>\n<\/blockquote>\n<p class=\"isSelectedEnd\">Esto no significa que esos porcentajes vayan a repetirse exactamente en Chascom\u00fas. Son proyecciones para una regi\u00f3n determinada y sirven como referencia del escenario que se analiza para los pr\u00f3ximos meses.<\/p>\n<p class=\"isSelectedEnd\">Adem\u00e1s, la Agencia Federal de Emergencias identifica al noreste argentino, la Cuenca del Plata y el norte bonaerense entre las zonas con mayor riesgo de inundaciones y crecidas.<\/p>\n<h3><span style=\"color: #ff0000\">El campo bonaerense tambi\u00e9n mira con preocupaci\u00f3n el escenario<\/span><\/h3>\n<p class=\"isSelectedEnd\">El sector agropecuario bonaerense tambi\u00e9n encendi\u00f3 una luz de alerta.<\/p>\n<blockquote>\n<h3 class=\"isSelectedEnd\">Desde CARBAP se\u00f1alaron preocupaci\u00f3n por la capacidad de respuesta ante un evento de estas caracter\u00edsticas y pusieron especialmente el foco en el estado de los caminos rurales y las obras h\u00eddricas pendientes.<\/h3>\n<\/blockquote>\n<p class=\"isSelectedEnd\">La entidad advirti\u00f3 que las lluvias intensas pueden complicar seriamente la circulaci\u00f3n y el acceso a establecimientos rurales, adem\u00e1s de generar consecuencias productivas.<\/p>\n<h3><span style=\"color: #ff0000\">CABA tambi\u00e9n se prepara<\/span><\/h3>\n<p class=\"isSelectedEnd\">La preocupaci\u00f3n por el fen\u00f3meno ya gener\u00f3 medidas concretas en otros centros urbanos.<\/p>\n<blockquote>\n<h3 class=\"isSelectedEnd\">Este <strong>martes 1 de septiembre<\/strong>, el jefe de Gobierno porte\u00f1o, Jorge Macri, reuni\u00f3 a su gabinete para presentar un plan preventivo frente a las tormentas intensas asociadas a El Ni\u00f1o.<\/h3>\n<\/blockquote>\n<p class=\"isSelectedEnd\"><img data-recalc-dims=\"1\" loading=\"lazy\" decoding=\"async\" class=\"size-medium wp-image-47137 alignright\" src=\"https:\/\/i0.wp.com\/larevistadigital.com.ar\/blog\/wp-content\/uploads\/Captura-de-pantalla-2026-09-02-112852.jpg?resize=300%2C186&#038;ssl=1\" alt=\"\" width=\"300\" height=\"186\" srcset=\"https:\/\/i0.wp.com\/larevistadigital.com.ar\/blog\/wp-content\/uploads\/Captura-de-pantalla-2026-09-02-112852.jpg?resize=300%2C186&amp;ssl=1 300w, https:\/\/i0.wp.com\/larevistadigital.com.ar\/blog\/wp-content\/uploads\/Captura-de-pantalla-2026-09-02-112852.jpg?w=650&amp;ssl=1 650w\" sizes=\"auto, (max-width: 300px) 100vw, 300px\" \/>La Ciudad estableci\u00f3 <strong>177 puntos de monitoreo<\/strong>, entre ellos pasos bajo nivel, puentes, estaciones de bombeo, desag\u00fces y zonas consideradas de riesgo. Tambi\u00e9n reforz\u00f3 el despliegue territorial y la coordinaci\u00f3n entre Defensa Civil, Bomberos, Polic\u00eda, Tr\u00e1nsito y otras \u00e1reas.<\/p>\n<blockquote>\n<h3 class=\"isSelectedEnd\">En ese marco, Macri anunci\u00f3 adem\u00e1s la aceleraci\u00f3n de 14 obras pluviales e hidr\u00e1ulicas.<\/h3>\n<\/blockquote>\n<p class=\"isSelectedEnd\">Seg\u00fan la informaci\u00f3n que trascendi\u00f3 sobre el operativo, tambi\u00e9n se busca reforzar los recursos disponibles para las emergencias y garantizar que el SAME cuente con los medios necesarios para responder ante eventuales situaciones vinculadas con inundaciones y tormentas.<\/p>\n<h3><span style=\"color: #ff0000\">La prevenci\u00f3n empieza antes de la tormenta<\/span><\/h3>\n<p class=\"isSelectedEnd\">Para Chascom\u00fas, el dato m\u00e1s importante es que <strong>las tareas preventivas ya est\u00e1n en marcha<\/strong>.<\/p>\n<blockquote>\n<h3 class=\"isSelectedEnd\">Controlar el nivel de la laguna, mantener despejados los canales y desag\u00fces, revisar las estaciones de bombeo, identificar las zonas de mayor riesgo y preparar centros de evacuaci\u00f3n son medidas que pueden marcar una diferencia cuando una lluvia intensa finalmente llega.<\/h3>\n<\/blockquote>\n<p class=\"isSelectedEnd\">El fen\u00f3meno clim\u00e1tico no puede evitarse. Lo que s\u00ed puede hacerse es <strong>reducir sus consecuencias y llegar mejor preparados<\/strong>.<\/p>\n<p class=\"isSelectedEnd\">Y en una ciudad atravesada por una laguna y con antecedentes de eventos h\u00eddricos importantes, la prevenci\u00f3n no deber\u00eda ser una reacci\u00f3n ante el agua: deber\u00eda comenzar mucho antes.<\/p>\n<p><strong>Fuentes: El Digital Chascom\u00fas, Infobae, Diputados Bonaerenses y Gobierno de la Ciudad de Buenos Aires.<\/strong><\/p>\n","protected":false},"excerpt":{"rendered":"<div class=\"mh-excerpt\"><p>El Municipio de Chascom\u00fas reforz\u00f3 su planificaci\u00f3n preventiva ante el pron\u00f3stico de precipitaciones superiores a las habituales durante los pr\u00f3ximos meses. El escenario tambi\u00e9n genera preocupaci\u00f3n en la Provincia y llev\u00f3 a otras ciudades, como <a class=\"mh-excerpt-more\" href=\"https:\/\/larevistadigital.com.ar\/blog\/chascomus-la-provincia-y-caba-se-preparan-ante-la-alerta-por-fuertes-tormentas-e-inundaciones-por-el-avance-de-el-nino-aqui-todos-los-detalles\/\" title=\"Chascom\u00fas, la provincia y Caba se preparan ante la alerta por fuertes tormentas e inundaci\u00f3nes por el avance de \u00abEl Ni\u00f1o\u00bb : aqu\u00ed todos los detalles.\">[Leer M\u00e1s]<\/a><\/p>\n<\/div>","protected":false},"author":3,"featured_media":47133,"comment_status":"open","ping_status":"open","sticky":false,"template":"","format":"standard","meta":{"_jetpack_memberships_contains_paid_content":false,"footnotes":"","jetpack_publicize_message":"","jetpack_publicize_feature_enabled":true,"jetpack_social_post_already_shared":true,"jetpack_social_options":{"image_generator_settings":{"template":"highway","default_image_id":0,"font":"","enabled":false},"version":2}},"categories":[41],"tags":[],"class_list":{"0":"post-47130","1":"post","2":"type-post","3":"status-publish","4":"format-standard","5":"has-post-thumbnail","7":"category-destacadas"},"jetpack_publicize_connections":[],"jetpack_featured_media_url":"https:\/\/i0.wp.com\/larevistadigital.com.ar\/blog\/wp-content\/uploads\/Captura-de-pantalla-2026-09-02-110929.jpg?fit=601%2C357&ssl=1","jetpack_sharing_enabled":true,"jetpack_shortlink":"https:\/\/wp.me\/p8qtrQ-cga","jetpack-related-posts":[{"id":39183,"url":"https:\/\/larevistadigital.com.ar\/blog\/defensa-civil-permanece-en-alerta-ante-el-pronostico-de-nuevas-tormentas\/","url_meta":{"origin":47130,"position":0},"title":"Defensa Civil permanece en alerta ante el pron\u00f3stico de nuevas tormentas","author":"Alejandro Sosa Ruda","date":"28 marzo, 2025","format":false,"excerpt":"En pocos minutos, m\u00e1s de 40 mil\u00edmetros de lluvia cayeron sobre la ciudad, generando anegamientos temporarios en diversos sectores debido a la dificultad para el r\u00e1pido escurrimiento del agua. 28 de Marzo de 2025 CHASCOM\u00daS -\u00a0 Ante esta situaci\u00f3n, el Servicio Meteorol\u00f3gico Nacional mantiene el estado de alerta por posibles\u2026","rel":"","context":"En \u00abCHASCOM\u00daS\u00bb","block_context":{"text":"CHASCOM\u00daS","link":"https:\/\/larevistadigital.com.ar\/blog\/category\/chascomus\/"},"img":{"alt_text":"","src":"https:\/\/i0.wp.com\/larevistadigital.com.ar\/blog\/wp-content\/uploads\/67e6d678e994a.png?fit=668%2C445&ssl=1&resize=350%2C200","width":350,"height":200,"srcset":"https:\/\/i0.wp.com\/larevistadigital.com.ar\/blog\/wp-content\/uploads\/67e6d678e994a.png?fit=668%2C445&ssl=1&resize=350%2C200 1x, https:\/\/i0.wp.com\/larevistadigital.com.ar\/blog\/wp-content\/uploads\/67e6d678e994a.png?fit=668%2C445&ssl=1&resize=525%2C300 1.5x"},"classes":[]},{"id":6531,"url":"https:\/\/larevistadigital.com.ar\/blog\/chascomus-informo-el-municipio-que-se-suspende-la-kermese-de-primavera-prevista-para-este-sabado-y-domingo\/","url_meta":{"origin":47130,"position":1},"title":"CHASCOM\u00daS: INFORM\u00d3 EL MUNICIPIO QUE SE SUSPENDE LA \u00abKERMESE DE PRIMAVERA\u00bb PREVISTA PARA ESTE S\u00c1BADO Y DOMINGO","author":"Alejandro Sosa Ruda","date":"20 septiembre, 2018","format":false,"excerpt":"El municipio emiti\u00f3 un comunicado en su p\u00e1gina de facebook, en el que da aviso que queda suspendida la llamada \"kermese de Primavera\",\u00a0 prevista para el pr\u00f3ximo fin de semana. AQU\u00cd EL COMUNICADO Debido al pron\u00f3stico de condiciones clim\u00e1ticas adversas para el fin de semana, desde la Secretar\u00eda de Planificaci\u00f3n\u2026","rel":"","context":"En \u00abCHASCOM\u00daS\u00bb","block_context":{"text":"CHASCOM\u00daS","link":"https:\/\/larevistadigital.com.ar\/blog\/category\/chascomus\/"},"img":{"alt_text":"","src":"https:\/\/i0.wp.com\/larevistadigital.com.ar\/blog\/wp-content\/uploads\/2018\/09\/42205986_2070738652947009_424396795238416384_n.jpg?fit=600%2C450&ssl=1&resize=350%2C200","width":350,"height":200,"srcset":"https:\/\/i0.wp.com\/larevistadigital.com.ar\/blog\/wp-content\/uploads\/2018\/09\/42205986_2070738652947009_424396795238416384_n.jpg?fit=600%2C450&ssl=1&resize=350%2C200 1x, https:\/\/i0.wp.com\/larevistadigital.com.ar\/blog\/wp-content\/uploads\/2018\/09\/42205986_2070738652947009_424396795238416384_n.jpg?fit=600%2C450&ssl=1&resize=525%2C300 1.5x"},"classes":[]},{"id":42450,"url":"https:\/\/larevistadigital.com.ar\/blog\/chascomus-hallaron-sin-vida-a-una-persona-en-su-comercio\/","url_meta":{"origin":47130,"position":2},"title":"Chascom\u00fas: Hallaron sin vida a una persona en su comercio","author":"Alejandro Sosa Ruda","date":"10 noviembre, 2025","format":false,"excerpt":"10 de Noviembre de 2025 CHASCOM\u00daS -\u00a0 En la tarde de este lunes, aproximadamente a las 16:30 hs. personal policial y m\u00e9dico intervino en un comercio de la calle Garay, tras el llamado de una persona que alert\u00f3 sobre una situaci\u00f3n de emergencia.Al arribar al lugar, el equipo de salud\u2026","rel":"","context":"En \u00abDESTACADAS\u00bb","block_context":{"text":"DESTACADAS","link":"https:\/\/larevistadigital.com.ar\/blog\/category\/destacadas\/"},"img":{"alt_text":"","src":"https:\/\/i0.wp.com\/larevistadigital.com.ar\/blog\/wp-content\/uploads\/patrullero.jpg?fit=800%2C267&ssl=1&resize=350%2C200","width":350,"height":200,"srcset":"https:\/\/i0.wp.com\/larevistadigital.com.ar\/blog\/wp-content\/uploads\/patrullero.jpg?fit=800%2C267&ssl=1&resize=350%2C200 1x, https:\/\/i0.wp.com\/larevistadigital.com.ar\/blog\/wp-content\/uploads\/patrullero.jpg?fit=800%2C267&ssl=1&resize=525%2C300 1.5x, https:\/\/i0.wp.com\/larevistadigital.com.ar\/blog\/wp-content\/uploads\/patrullero.jpg?fit=800%2C267&ssl=1&resize=700%2C400 2x"},"classes":[]},{"id":9822,"url":"https:\/\/larevistadigital.com.ar\/blog\/buena-iniciativa-de-la-secretaria-de-turismo-de-chascomus\/","url_meta":{"origin":47130,"position":3},"title":"BUENA INICIATIVA DE LA SECRETAR\u00cdA DE TURISMO DE CHASCOM\u00daS","author":"Alejandro Sosa Ruda","date":"24 abril, 2019","format":false,"excerpt":"El Secretario de Planificaci\u00f3n y Turismo, Leandro Otondo habl\u00f3 en distintos medios, donde se\u00f1al\u00f3 que desde este jueves se estar\u00e1n presentando en Costa Salguero en la Expoeventos, donde se trabaja en turismo de reuniones. Dijo que nuestra ciudad tendr\u00e1 un sector asignado en esta exposici\u00f3n internacional de organizaci\u00f3n de eventos\u2026","rel":"","context":"En \u00abCHASCOM\u00daS\u00bb","block_context":{"text":"CHASCOM\u00daS","link":"https:\/\/larevistadigital.com.ar\/blog\/category\/chascomus\/"},"img":{"alt_text":"","src":"https:\/\/i0.wp.com\/larevistadigital.com.ar\/blog\/wp-content\/uploads\/2019\/04\/expoevento_24deabrilde2019_elfuerte.jpg?fit=737%2C415&ssl=1&resize=350%2C200","width":350,"height":200,"srcset":"https:\/\/i0.wp.com\/larevistadigital.com.ar\/blog\/wp-content\/uploads\/2019\/04\/expoevento_24deabrilde2019_elfuerte.jpg?fit=737%2C415&ssl=1&resize=350%2C200 1x, https:\/\/i0.wp.com\/larevistadigital.com.ar\/blog\/wp-content\/uploads\/2019\/04\/expoevento_24deabrilde2019_elfuerte.jpg?fit=737%2C415&ssl=1&resize=525%2C300 1.5x, https:\/\/i0.wp.com\/larevistadigital.com.ar\/blog\/wp-content\/uploads\/2019\/04\/expoevento_24deabrilde2019_elfuerte.jpg?fit=737%2C415&ssl=1&resize=700%2C400 2x"},"classes":[]},{"id":46749,"url":"https:\/\/larevistadigital.com.ar\/blog\/la-municipalidad-intensifica-tareas-de-limpieza-y-zanjeo-para-mejorar-el-escurrimiento-ante-el-pronostico-de-lluvias\/","url_meta":{"origin":47130,"position":4},"title":"La Municipalidad intensifica tareas de limpieza y zanjeo para mejorar el escurrimiento ante el pron\u00f3stico de lluvias","author":"Alejandro Sosa Ruda","date":"28 julio, 2026","format":false,"excerpt":"Los operativos se desarrollan en distintos barrios como parte del Plan de Acci\u00f3n Integral. Esta semana los trabajos se concentraron en La Noria y continuar\u00e1n en Algarrobo. 28 de jualio de 2026 CHASCOM\u00daS\u00a0 -\u00a0 Ante el pron\u00f3stico de intensas precipitaciones para los pr\u00f3ximos d\u00edas, la Municipalidad de Chascom\u00fas reforz\u00f3 los\u2026","rel":"","context":"En \u00abCHASCOM\u00daS\u00bb","block_context":{"text":"CHASCOM\u00daS","link":"https:\/\/larevistadigital.com.ar\/blog\/category\/chascomus\/"},"img":{"alt_text":"","src":"https:\/\/i0.wp.com\/larevistadigital.com.ar\/blog\/wp-content\/uploads\/6a68d986e9dde.png?fit=668%2C445&ssl=1&resize=350%2C200","width":350,"height":200,"srcset":"https:\/\/i0.wp.com\/larevistadigital.com.ar\/blog\/wp-content\/uploads\/6a68d986e9dde.png?fit=668%2C445&ssl=1&resize=350%2C200 1x, https:\/\/i0.wp.com\/larevistadigital.com.ar\/blog\/wp-content\/uploads\/6a68d986e9dde.png?fit=668%2C445&ssl=1&resize=525%2C300 1.5x"},"classes":[]},{"id":43696,"url":"https:\/\/larevistadigital.com.ar\/blog\/municipalidad-provincia-y-soijar-firmaron-un-convenio-para-consolidar-politicas-culturales-en-chascomus\/","url_meta":{"origin":47130,"position":5},"title":"Municipalidad, Provincia y SOIJAr firmaron un convenio para consolidar pol\u00edticas culturales en Chascom\u00fas","author":"Alejandro Sosa Ruda","date":"31 enero, 2026","format":false,"excerpt":"El acuerdo establece bases de cooperaci\u00f3n y apunta a fortalecer proyectos culturales y educativos en el distrito. En el marco del Festival Nacional de Orquestas Infantiles y Juveniles que se desarrolla esta semana en Chascom\u00fas, el intendente Javier Gast\u00f3n y la presidenta del Instituto Cultural de la provincia de Buenos\u2026","rel":"","context":"En \u00abCHASCOM\u00daS\u00bb","block_context":{"text":"CHASCOM\u00daS","link":"https:\/\/larevistadigital.com.ar\/blog\/category\/chascomus\/"},"img":{"alt_text":"","src":"https:\/\/i0.wp.com\/larevistadigital.com.ar\/blog\/wp-content\/uploads\/697ce95b22541.png?fit=668%2C445&ssl=1&resize=350%2C200","width":350,"height":200,"srcset":"https:\/\/i0.wp.com\/larevistadigital.com.ar\/blog\/wp-content\/uploads\/697ce95b22541.png?fit=668%2C445&ssl=1&resize=350%2C200 1x, https:\/\/i0.wp.com\/larevistadigital.com.ar\/blog\/wp-content\/uploads\/697ce95b22541.png?fit=668%2C445&ssl=1&resize=525%2C300 1.5x"},"classes":[]}],"_links":{"self":[{"href":"https:\/\/larevistadigital.com.ar\/blog\/wp-json\/wp\/v2\/posts\/47130","targetHints":{"allow":["GET"]}}],"collection":[{"href":"https:\/\/larevistadigital.com.ar\/blog\/wp-json\/wp\/v2\/posts"}],"about":[{"href":"https:\/\/larevistadigital.com.ar\/blog\/wp-json\/wp\/v2\/types\/post"}],"author":[{"embeddable":true,"href":"https:\/\/larevistadigital.com.ar\/blog\/wp-json\/wp\/v2\/users\/3"}],"replies":[{"embeddable":true,"href":"https:\/\/larevistadigital.com.ar\/blog\/wp-json\/wp\/v2\/comments?post=47130"}],"version-history":[{"count":5,"href":"https:\/\/larevistadigital.com.ar\/blog\/wp-json\/wp\/v2\/posts\/47130\/revisions"}],"predecessor-version":[{"id":47139,"href":"https:\/\/larevistadigital.com.ar\/blog\/wp-json\/wp\/v2\/posts\/47130\/revisions\/47139"}],"wp:featuredmedia":[{"embeddable":true,"href":"https:\/\/larevistadigital.com.ar\/blog\/wp-json\/wp\/v2\/media\/47133"}],"wp:attachment":[{"href":"https:\/\/larevistadigital.com.ar\/blog\/wp-json\/wp\/v2\/media?parent=47130"}],"wp:term":[{"taxonomy":"category","embeddable":true,"href":"https:\/\/larevistadigital.com.ar\/blog\/wp-json\/wp\/v2\/categories?post=47130"},{"taxonomy":"post_tag","embeddable":true,"href":"https:\/\/larevistadigital.com.ar\/blog\/wp-json\/wp\/v2\/tags?post=47130"}],"curies":[{"name":"wp","href":"https:\/\/api.w.org\/{rel}","templated":true}]}}