{"id":47141,"date":"2026-09-03T17:04:47","date_gmt":"2026-09-03T20:04:47","guid":{"rendered":"https:\/\/larevistadigital.com.ar\/blog\/?p=47141"},"modified":"2026-09-03T17:04:47","modified_gmt":"2026-09-03T20:04:47","slug":"dos-dolorenses-demorados-en-pila-por-caza-furtiva-tenian-10-cuartos-de-nandu","status":"publish","type":"post","link":"https:\/\/larevistadigital.com.ar\/blog\/dos-dolorenses-demorados-en-pila-por-caza-furtiva-tenian-10-cuartos-de-nandu\/","title":{"rendered":"Dos dolorenses demorados en Pila por caza furtiva: ten\u00edan 10 cuartos de \u00f1and\u00fa"},"content":{"rendered":"<div class=\"qMYqUG_convSearchResultHighlightRoot\">\n<div class=\"\" data-turn-id-container=\"request-6a887672-ff24-83e9-9cf9-8eaa40d5bb2d-0\" data-is-intersecting=\"true\">\n<section class=\"text-token-text-primary w-full focus:outline-none has-data-writing-block:pointer-events-none [&amp;:has([data-writing-block])&gt;*]:pointer-events-auto R6Vx5W_threadScrollVars scroll-mb-[calc(var(--scroll-root-safe-area-inset-bottom,0px)+var(--thread-response-height))] scroll-mt-[calc(var(--header-height)+min(200px,max(70px,20svh)))]\" dir=\"auto\" data-turn-id=\"request-6a887672-ff24-83e9-9cf9-8eaa40d5bb2d-0\" data-turn-id-container=\"request-6a887672-ff24-83e9-9cf9-8eaa40d5bb2d-0\" data-testid=\"conversation-turn-12\" data-turn=\"assistant\">\n<div class=\"text-base my-auto mx-auto pb-8 [--thread-content-margin:var(--thread-content-margin-xs,calc(var(--spacing)*4))] @w-sm\/main:[--thread-content-margin:var(--thread-content-margin-sm,calc(var(--spacing)*6))] @w-lg\/main:[--thread-content-margin:var(--thread-content-margin-lg,calc(var(--spacing)*16))] px-(--thread-content-margin)\">\n<div class=\"[--thread-content-max-width:40rem] @w-lg\/main:[--thread-content-max-width:48rem] mx-auto max-w-(--thread-content-max-width) flex-1 group\/turn-messages focus-visible:outline-hidden relative flex w-full min-w-0 flex-col agent-turn\" data-conversation-screenshot-content=\"\">\n<div class=\"flex max-w-full flex-col gap-4 grow\">\n<div class=\"min-h-8 text-message relative flex w-full flex-col items-end gap-2 text-start break-words whitespace-normal outline-none keyboard-focused:focus-ring [.text-message+&amp;]:mt-1\" dir=\"auto\" data-message-author-role=\"assistant\" data-message-id=\"fef33713-e3c2-4634-8211-0a15eee39a3a\" data-turn-start-message=\"true\" data-message-model-slug=\"gpt-5-6\">\n<div class=\"flex w-full flex-col gap-1 empty:hidden\">\n<div class=\"markdown prose dark:prose-invert wrap-break-word w-full light markdown-new-styling\">\n<h3 class=\"PDq2pG_selectionAnchorContainer\" data-start=\"88\" data-end=\"328\">Dos hombres oriundos de Dolores fueron interceptados en la zona rural del Paraje Hinojales, en Pila, mientras realizaban actividades de caza. La Polic\u00eda secuestr\u00f3 diez cuartos de \u00f1and\u00fa y tres armas largas con miras telesc\u00f3picas.<\/h3>\n<p>03 de septiembre de 2026<\/p>\n<p data-start=\"330\" data-end=\"524\"><strong>PILA\u00a0 &#8211;\u00a0<\/strong> \u00a0Dos hombres oriundos de Dolores fueron demorados por personal de la Estaci\u00f3n de Polic\u00eda Comunal de Pila mientras realizaban actividades de caza furtiva en la zona rural del <strong data-start=\"503\" data-end=\"523\">Paraje Hinojales<\/strong>.<\/p>\n<blockquote>\n<h3 data-start=\"526\" data-end=\"727\">El procedimiento fue realizado por efectivos del Puesto de Vigilancia \u201cEl 80\u201d, ubicado en el Cuartel VII, como parte de los operativos preventivos destinados a combatir la caza ilegal en la zona rural.<\/h3>\n<\/blockquote>\n<p data-start=\"729\" data-end=\"886\">Los agentes interceptaron a los cazadores cuando se encontraban persiguiendo ejemplares de fauna aut\u00f3ctona mediante la utilizaci\u00f3n de un veh\u00edculo particular.<\/p>\n<blockquote>\n<h3 data-start=\"888\" data-end=\"1084\">Durante el procedimiento se decomisaron <strong data-start=\"928\" data-end=\"951\">10 cuartos de \u00f1and\u00fa<\/strong> y se secuestraron <strong data-start=\"970\" data-end=\"1024\">tres armas largas equipadas con miras telesc\u00f3picas<\/strong>, que habr\u00edan sido utilizadas para desarrollar la actividad.<\/h3>\n<\/blockquote>\n<p data-start=\"1086\" data-end=\"1401\">A los involucrados se les labraron las correspondientes infracciones por distintas transgresiones vinculadas con la caza furtiva, entre ellas la falta de licencia habilitante, la caza de especies no permitidas, la realizaci\u00f3n de la actividad en caminos p\u00fablicos y el transporte de productos provenientes de la caza.<\/p>\n<p data-start=\"1403\" data-end=\"1517\">Las actuaciones cuentan con intervenci\u00f3n del <strong data-start=\"1448\" data-end=\"1516\">Ministerio de Desarrollo Agrario de la Provincia de Buenos Aires<\/strong>.<\/p>\n<h3 data-section-id=\"1k0sn70\" data-start=\"1519\" data-end=\"1553\"><span style=\"color: #ff0000\">M\u00e1s controles en la zona rural<\/span><\/h3>\n<p data-start=\"1555\" data-end=\"1667\">El operativo form\u00f3 parte de una serie de intervenciones desarrolladas en distintos sectores del partido de Pila.<\/p>\n<blockquote>\n<h3 data-start=\"1669\" data-end=\"1863\">En el camino La Larga tambi\u00e9n fue infraccionada una persona domiciliada en La Plata que circulaba en un Fiat Uno transportando tres perros galgos, presuntamente destinados a actividades de caza.<\/h3>\n<\/blockquote>\n<p data-start=\"1865\" data-end=\"2043\">Adem\u00e1s, en inmediaciones del paraje La Victoria, en Casalins, se labraron otras tres infracciones vinculadas con la caza furtiva y el transporte irregular de perros en veh\u00edculos.<\/p>\n<p data-start=\"2045\" data-end=\"2215\">Los procedimientos reflejan el refuerzo de los controles sobre caminos y establecimientos rurales de la regi\u00f3n para prevenir la caza ilegal y proteger la fauna aut\u00f3ctona.<\/p>\n<p data-start=\"2217\" data-end=\"2286\" data-is-last-node=\"\" data-is-only-node=\"\"><strong data-start=\"2217\" data-end=\"2246\">Fuente: Entrel\u00edneas.info.<\/strong><\/p>\n<\/div>\n<\/div>\n<\/div>\n<\/div>\n<\/div>\n<\/div>\n<\/section>\n<\/div>\n<\/div>\n","protected":false},"excerpt":{"rendered":"<div class=\"mh-excerpt\"><p>Dos hombres oriundos de Dolores fueron interceptados en la zona rural del Paraje Hinojales, en Pila, mientras realizaban actividades de caza. La Polic\u00eda secuestr\u00f3 diez cuartos de \u00f1and\u00fa y tres armas largas con miras telesc\u00f3picas. <a class=\"mh-excerpt-more\" href=\"https:\/\/larevistadigital.com.ar\/blog\/dos-dolorenses-demorados-en-pila-por-caza-furtiva-tenian-10-cuartos-de-nandu\/\" title=\"Dos dolorenses demorados en Pila por caza furtiva: ten\u00edan 10 cuartos de \u00f1and\u00fa\">[Leer M\u00e1s]<\/a><\/p>\n<\/div>","protected":false},"author":3,"featured_media":5189,"comment_status":"open","ping_status":"open","sticky":false,"template":"","format":"standard","meta":{"_jetpack_memberships_contains_paid_content":false,"footnotes":"","jetpack_publicize_message":"","jetpack_publicize_feature_enabled":true,"jetpack_social_post_already_shared":true,"jetpack_social_options":{"image_generator_settings":{"template":"highway","default_image_id":0,"font":"","enabled":false},"version":2}},"categories":[44,51],"tags":[],"class_list":{"0":"post-47141","1":"post","2":"type-post","3":"status-publish","4":"format-standard","5":"has-post-thumbnail","7":"category-policiales","8":"category-regionales"},"jetpack_publicize_connections":[],"jetpack_featured_media_url":"https:\/\/i0.wp.com\/larevistadigital.com.ar\/blog\/wp-content\/uploads\/2018\/03\/patrulla-rural-1.jpg?fit=600%2C338&ssl=1","jetpack_sharing_enabled":true,"jetpack_shortlink":"https:\/\/wp.me\/p8qtrQ-cgl","jetpack-related-posts":[{"id":32378,"url":"https:\/\/larevistadigital.com.ar\/blog\/chascomus-en-rapido-accionar-la-patrulla-rural-intercepto-galgueros-que-habian-intrusado-un-campo-y-realizaban-caza-furtiva\/","url_meta":{"origin":47141,"position":0},"title":"CHASCOM\u00daS: EN R\u00c1PIDO ACCIONAR LA PATRULLA RURAL INTERCEPT\u00d3 GALGUEROS QUE HAB\u00cdAN INTRUSADO UN CAMPO Y REALIZABAN CAZA FURTIVA","author":"Alejandro Sosa Ruda","date":"12 julio, 2023","format":false,"excerpt":"Gracias a la r\u00e1pida intervenci\u00f3n del CPR local, se logr\u00f3 interceptar a los individuos, cumpliendo con el vecino que hab\u00eda pedido ayuda. 11 de julio de 2023 CHASCOM\u00daS -\u00a0\u00a0El CPR local (Comando de Prevenci\u00f3n Rural) recibi\u00f3 una alerta de un productor rural del CUARTEL VI\u00a0 de Giribone, que denunci\u00f3 la\u2026","rel":"","context":"En \u00abINTERES GENERAL\u00bb","block_context":{"text":"INTERES GENERAL","link":"https:\/\/larevistadigital.com.ar\/blog\/category\/interes-general\/"},"img":{"alt_text":"","src":"https:\/\/i0.wp.com\/larevistadigital.com.ar\/blog\/wp-content\/uploads\/WhatsApp-Image-2023-07-11-at-20.20.52.jpeg?fit=960%2C1200&ssl=1&resize=350%2C200","width":350,"height":200,"srcset":"https:\/\/i0.wp.com\/larevistadigital.com.ar\/blog\/wp-content\/uploads\/WhatsApp-Image-2023-07-11-at-20.20.52.jpeg?fit=960%2C1200&ssl=1&resize=350%2C200 1x, https:\/\/i0.wp.com\/larevistadigital.com.ar\/blog\/wp-content\/uploads\/WhatsApp-Image-2023-07-11-at-20.20.52.jpeg?fit=960%2C1200&ssl=1&resize=525%2C300 1.5x, https:\/\/i0.wp.com\/larevistadigital.com.ar\/blog\/wp-content\/uploads\/WhatsApp-Image-2023-07-11-at-20.20.52.jpeg?fit=960%2C1200&ssl=1&resize=700%2C400 2x"},"classes":[]},{"id":44063,"url":"https:\/\/larevistadigital.com.ar\/blog\/operativos-rurales-en-accion-cazadores-demorados-amenazas-y-un-detenido-con-captura-vigente\/","url_meta":{"origin":47141,"position":1},"title":"Operativos rurales en acci\u00f3n: cazadores demorados, amenazas y un detenido con captura vigente","author":"Alejandro Sosa Ruda","date":"20 febrero, 2026","format":false,"excerpt":"Los procedimientos se realizaron en distintos puntos del distrito. Hubo actuaciones por caza furtiva, una causa por amenazas y la aprehensi\u00f3n de un sujeto con requerimientos judiciales vigentes. Tambi\u00e9n se investiga la faena ilegal de animales. 20 de febrero de 2026 CHASCOM\u00daS -\u00a0 \u00a0El Comando de Prevenci\u00f3n Rural de Chascom\u00fas\u2026","rel":"","context":"En \u00abINTERES GENERAL\u00bb","block_context":{"text":"INTERES GENERAL","link":"https:\/\/larevistadigital.com.ar\/blog\/category\/interes-general\/"},"img":{"alt_text":"","src":"https:\/\/i0.wp.com\/larevistadigital.com.ar\/blog\/wp-content\/uploads\/2017\/08\/CPR-2.png?fit=565%2C313&ssl=1&resize=350%2C200","width":350,"height":200,"srcset":"https:\/\/i0.wp.com\/larevistadigital.com.ar\/blog\/wp-content\/uploads\/2017\/08\/CPR-2.png?fit=565%2C313&ssl=1&resize=350%2C200 1x, https:\/\/i0.wp.com\/larevistadigital.com.ar\/blog\/wp-content\/uploads\/2017\/08\/CPR-2.png?fit=565%2C313&ssl=1&resize=525%2C300 1.5x"},"classes":[]},{"id":31151,"url":"https:\/\/larevistadigital.com.ar\/blog\/prevencion-que-da-resultados-el-cpr-intercepto-e-infracciono-a-cazadores-furtivos-con-perros-galgos\/","url_meta":{"origin":47141,"position":2},"title":"PREVENCI\u00d3N QUE DA RESULTADOS: EL CPR INTERCEPT\u00d3 E INFRACCION\u00d3 A CAZADORES FURTIVOS CON PERROS GALGOS.","author":"Alejandro Sosa Ruda","date":"21 abril, 2023","format":false,"excerpt":"Fue durante la jornada, y ten\u00edan piezas de \u00f1and\u00faes. Eran tres individuos. En la foto, los galgos en la canilela del Destacamento del CPR en G\u00e1ndara 20 de abril de 2023 CHASCOM\u00daS -\u00a0 Durante la jornada de hoy, y mientras personal del Comando de Patrulla Rural se encontraba de recorrida\u2026","rel":"","context":"En \u00abDESTACADAS\u00bb","block_context":{"text":"DESTACADAS","link":"https:\/\/larevistadigital.com.ar\/blog\/category\/destacadas\/"},"img":{"alt_text":"","src":"https:\/\/i0.wp.com\/larevistadigital.com.ar\/blog\/wp-content\/uploads\/CANILES.jpg?fit=1200%2C582&ssl=1&resize=350%2C200","width":350,"height":200,"srcset":"https:\/\/i0.wp.com\/larevistadigital.com.ar\/blog\/wp-content\/uploads\/CANILES.jpg?fit=1200%2C582&ssl=1&resize=350%2C200 1x, https:\/\/i0.wp.com\/larevistadigital.com.ar\/blog\/wp-content\/uploads\/CANILES.jpg?fit=1200%2C582&ssl=1&resize=525%2C300 1.5x, https:\/\/i0.wp.com\/larevistadigital.com.ar\/blog\/wp-content\/uploads\/CANILES.jpg?fit=1200%2C582&ssl=1&resize=700%2C400 2x, https:\/\/i0.wp.com\/larevistadigital.com.ar\/blog\/wp-content\/uploads\/CANILES.jpg?fit=1200%2C582&ssl=1&resize=1050%2C600 3x"},"classes":[]},{"id":47100,"url":"https:\/\/larevistadigital.com.ar\/blog\/cuatro-cazadores-de-general-madariaga-fueron-demorados-con-fauna-silvestre-en-general-lavalle\/","url_meta":{"origin":47141,"position":3},"title":"Cuatro cazadores de General Madariaga fueron demorados con fauna silvestre en General Lavalle","author":"Alejandro Sosa Ruda","date":"29 agosto, 2026","format":false,"excerpt":"\u00a0Cuatro hombres fueron demorados por el Comando de Patrulla Rural de General Lavalle tras ser sorprendidos en una zona rural cercana a la estancia \u201cLas Violetas\u201d. Transportaban ejemplares de perdices, nutrias, mulitas y peludos, adem\u00e1s de perros utilizados para la actividad. 29 de agosto de 2026 GENERAL LAVALLE\u00a0 -\u00a0 \u00a0El\u2026","rel":"","context":"En \u00abPOLICIALES\u00bb","block_context":{"text":"POLICIALES","link":"https:\/\/larevistadigital.com.ar\/blog\/category\/policiales\/"},"img":{"alt_text":"","src":"https:\/\/i0.wp.com\/larevistadigital.com.ar\/blog\/wp-content\/uploads\/3deb39c46b413ba16b9d3defcfa8a7995f2fcec4.png?fit=1140%2C682&ssl=1&resize=350%2C200","width":350,"height":200,"srcset":"https:\/\/i0.wp.com\/larevistadigital.com.ar\/blog\/wp-content\/uploads\/3deb39c46b413ba16b9d3defcfa8a7995f2fcec4.png?fit=1140%2C682&ssl=1&resize=350%2C200 1x, https:\/\/i0.wp.com\/larevistadigital.com.ar\/blog\/wp-content\/uploads\/3deb39c46b413ba16b9d3defcfa8a7995f2fcec4.png?fit=1140%2C682&ssl=1&resize=525%2C300 1.5x, https:\/\/i0.wp.com\/larevistadigital.com.ar\/blog\/wp-content\/uploads\/3deb39c46b413ba16b9d3defcfa8a7995f2fcec4.png?fit=1140%2C682&ssl=1&resize=700%2C400 2x, https:\/\/i0.wp.com\/larevistadigital.com.ar\/blog\/wp-content\/uploads\/3deb39c46b413ba16b9d3defcfa8a7995f2fcec4.png?fit=1140%2C682&ssl=1&resize=1050%2C600 3x"},"classes":[]},{"id":31356,"url":"https:\/\/larevistadigital.com.ar\/blog\/mar-chiquita-atrapan-cazadores-furtivos-con-un-nandu-vivo-en-la-camioneta\/","url_meta":{"origin":47141,"position":4},"title":"MAR CHIQUITA: ATRAPAN CAZADORES FURTIVOS CON UN \u00d1AND\u00da VIVO EN LA CAMIONETA","author":"Alejandro Sosa Ruda","date":"4 mayo, 2023","format":false,"excerpt":"Los agentes se encontraban haciendo una serie de controles de rutina, cuando se toparon con la singular situaci\u00f3n. Intervino personal del Comando de Patrulla Rural de Mar Chiquita, que llev\u00f3 al ave hacia un refugio para su posterior devoluci\u00f3n a su habitat natural. 4 de Mayo de 2023 MAR CHIQUITA\u2026","rel":"","context":"En \u00abPOLICIALES\u00bb","block_context":{"text":"POLICIALES","link":"https:\/\/larevistadigital.com.ar\/blog\/category\/policiales\/"},"img":{"alt_text":"","src":"https:\/\/i0.wp.com\/larevistadigital.com.ar\/blog\/wp-content\/uploads\/20230503142808_caza.jpg?fit=880%2C512&ssl=1&resize=350%2C200","width":350,"height":200,"srcset":"https:\/\/i0.wp.com\/larevistadigital.com.ar\/blog\/wp-content\/uploads\/20230503142808_caza.jpg?fit=880%2C512&ssl=1&resize=350%2C200 1x, https:\/\/i0.wp.com\/larevistadigital.com.ar\/blog\/wp-content\/uploads\/20230503142808_caza.jpg?fit=880%2C512&ssl=1&resize=525%2C300 1.5x, https:\/\/i0.wp.com\/larevistadigital.com.ar\/blog\/wp-content\/uploads\/20230503142808_caza.jpg?fit=880%2C512&ssl=1&resize=700%2C400 2x"},"classes":[]},{"id":46345,"url":"https:\/\/larevistadigital.com.ar\/blog\/detectan-a-cinco-hombres-realizando-caza-furtiva-con-nueve-perros-galgos-y-secuestran-un-antilope-negro\/","url_meta":{"origin":47141,"position":5},"title":"Detectan a cinco hombres realizando caza furtiva con nueve perros galgos y secuestran un ant\u00edlope negro","author":"Alejandro Sosa Ruda","date":"28 junio, 2026","format":false,"excerpt":"El procedimiento se llev\u00f3 a cabo en el paraje La Corona. Los infraccionados, oriundos de Florencio Varela, fueron sorprendidos mientras practicaban la actividad de caza con perros galgos. Tambi\u00e9n se constat\u00f3 que carec\u00edan de las libretas sanitarias obligatorias. 28 de junio de 2026 CHASCOM\u00daS\u00a0 -\u00a0 \u00a0Cinco hombres fueron infraccionados durante\u2026","rel":"","context":"En \u00abPOLICIALES\u00bb","block_context":{"text":"POLICIALES","link":"https:\/\/larevistadigital.com.ar\/blog\/category\/policiales\/"},"img":{"alt_text":"","src":"https:\/\/i0.wp.com\/larevistadigital.com.ar\/blog\/wp-content\/uploads\/patrulla-rural-tandil-2020.jpg?fit=1140%2C761&ssl=1&resize=350%2C200","width":350,"height":200,"srcset":"https:\/\/i0.wp.com\/larevistadigital.com.ar\/blog\/wp-content\/uploads\/patrulla-rural-tandil-2020.jpg?fit=1140%2C761&ssl=1&resize=350%2C200 1x, https:\/\/i0.wp.com\/larevistadigital.com.ar\/blog\/wp-content\/uploads\/patrulla-rural-tandil-2020.jpg?fit=1140%2C761&ssl=1&resize=525%2C300 1.5x, https:\/\/i0.wp.com\/larevistadigital.com.ar\/blog\/wp-content\/uploads\/patrulla-rural-tandil-2020.jpg?fit=1140%2C761&ssl=1&resize=700%2C400 2x, https:\/\/i0.wp.com\/larevistadigital.com.ar\/blog\/wp-content\/uploads\/patrulla-rural-tandil-2020.jpg?fit=1140%2C761&ssl=1&resize=1050%2C600 3x"},"classes":[]}],"_links":{"self":[{"href":"https:\/\/larevistadigital.com.ar\/blog\/wp-json\/wp\/v2\/posts\/47141","targetHints":{"allow":["GET"]}}],"collection":[{"href":"https:\/\/larevistadigital.com.ar\/blog\/wp-json\/wp\/v2\/posts"}],"about":[{"href":"https:\/\/larevistadigital.com.ar\/blog\/wp-json\/wp\/v2\/types\/post"}],"author":[{"embeddable":true,"href":"https:\/\/larevistadigital.com.ar\/blog\/wp-json\/wp\/v2\/users\/3"}],"replies":[{"embeddable":true,"href":"https:\/\/larevistadigital.com.ar\/blog\/wp-json\/wp\/v2\/comments?post=47141"}],"version-history":[{"count":1,"href":"https:\/\/larevistadigital.com.ar\/blog\/wp-json\/wp\/v2\/posts\/47141\/revisions"}],"predecessor-version":[{"id":47142,"href":"https:\/\/larevistadigital.com.ar\/blog\/wp-json\/wp\/v2\/posts\/47141\/revisions\/47142"}],"wp:featuredmedia":[{"embeddable":true,"href":"https:\/\/larevistadigital.com.ar\/blog\/wp-json\/wp\/v2\/media\/5189"}],"wp:attachment":[{"href":"https:\/\/larevistadigital.com.ar\/blog\/wp-json\/wp\/v2\/media?parent=47141"}],"wp:term":[{"taxonomy":"category","embeddable":true,"href":"https:\/\/larevistadigital.com.ar\/blog\/wp-json\/wp\/v2\/categories?post=47141"},{"taxonomy":"post_tag","embeddable":true,"href":"https:\/\/larevistadigital.com.ar\/blog\/wp-json\/wp\/v2\/tags?post=47141"}],"curies":[{"name":"wp","href":"https:\/\/api.w.org\/{rel}","templated":true}]}}