{"id":47143,"date":"2026-09-03T17:35:37","date_gmt":"2026-09-03T20:35:37","guid":{"rendered":"https:\/\/larevistadigital.com.ar\/blog\/?p=47143"},"modified":"2026-09-03T17:35:37","modified_gmt":"2026-09-03T20:35:37","slug":"oceba-audita-las-facturas-de-luz-por-las-fuertes-subas-que-debe-hacer-el-usuario","status":"publish","type":"post","link":"https:\/\/larevistadigital.com.ar\/blog\/oceba-audita-las-facturas-de-luz-por-las-fuertes-subas-que-debe-hacer-el-usuario\/","title":{"rendered":"OCEBA audita las facturas de luz por las fuertes subas: qu\u00e9 debe hacer el usuario"},"content":{"rendered":"<header class=\"news-headline\">\n<h3 id=\"p-1788456194262-89987\" class=\"ignore-parser\">El OCEBA lleva adelante controles en distintas zonas de la provincia donde se concentra la mayor cantidad de reclamos por incrementos en los montos de las facturas.<\/h3>\n<\/header>\n<div class=\"news-author-and-share\">\n<div class=\"news-headline__author-wrapper \">\n<div class=\"news-headline__author-wrapper-names news-headline__author-pictures-and-names-wrapper names\">\n<div class=\"news-headline__author-pictures-wrapper vacio\">03 de Septiembre de 2026<\/div>\n<div><\/div>\n<div>Ante el aumento de los reclamos de usuarios bonaerenses por\u00a0<strong>fuertes subas en las facturas de electricidad<\/strong>, el Organismo de Control de la Energ\u00eda El\u00e9ctrica de la Provincia de Buenos Aires (<strong>OCEBA<\/strong>) profundiz\u00f3 las\u00a0<strong>auditor\u00edas<\/strong>\u00a0comerciales sobre las distribuidoras y difundi\u00f3 una serie de\u00a0<strong>recomendaciones<\/strong>\u00a0para quienes detecten posibles errores de facturaci\u00f3n.<\/div>\n<div>\n<article class=\"article-body article-body--second-paragraph\">\n<p id=\"p-1788456269836-74074\">La medida del organismo se da en medio de un\u00a0<a href=\"https:\/\/dib.com.ar\/sociedad\/la-provincia-aprobo-un-aumento-la-tarifa-luz-septiembre-n55356\">nuevo incremento de hasta el 2,4%<\/a>\u00a0que habilit\u00f3 el Gobierno bonaerense para septiembre y de la\u00a0<a href=\"https:\/\/dib.com.ar\/sociedad\/habilitan-suba-gas-el-pais-y-luz-el-amba-pero-mas-subsidios-n55390\">administraci\u00f3n nacional para el \u00c1rea Metropolitana<\/a>.<\/p>\n<\/article>\n<article class=\"article-body article-body--second-paragraph\">\n<p id=\"p-1788456269836-81075\">La\u00a0<strong>Gerencia de Control de Concesiones de OCEBA<\/strong>\u00a0lleva adelante desde hace varias semanas controles en distintas zonas de la provincia donde se concentra la mayor cantidad de reclamos por incrementos en los montos de las facturas. La tarea apunta a determinar si los importes cobrados responden efectivamente al consumo registrado o si existen errores que deben ser corregidos.<\/p>\n<\/article>\n<article class=\"article-body article-body--second-paragraph\">\n<p id=\"p-1788456269836-92730\">En los \u00faltimos d\u00edas, personal del organismo realiz\u00f3 controles en la\u00a0<strong>Costa Atl\u00e1ntica<\/strong>\u00a0y posteriormente se traslad\u00f3 al municipio de\u00a0<strong>Campana<\/strong>, donde se verificaron denuncias formales relacionadas con posibles inconsistencias en las facturas el\u00e9ctricas.<\/p>\n<\/article>\n<article class=\"article-body article-body--third-paragraph\">\n<p id=\"p-1788456269838-68960\">Seg\u00fan explic\u00f3 OCEBA, en cada caso se analiza el\u00a0<strong>historial de consumo del usuario<\/strong>, se verifica su correspondencia con los registros de medici\u00f3n y se controla el comportamiento y el cumplimiento de las obligaciones por parte de las empresas distribuidoras.<\/p>\n<h2 id=\"p-1788456269838-82085\">Qu\u00e9 hacer si llega una factura de luz con un aumento excesivo<\/h2>\n<p id=\"p-1788456269838-92142\">Frente a una factura cuyo monto resulte desmedido o no guarde relaci\u00f3n con el consumo habitual, OCEBA estableci\u00f3 un procedimiento que los usuarios deben seguir antes de recurrir al organismo de control.<\/p>\n<p id=\"p-1788456269839-24759\">El\u00a0<strong>primer paso es realizar el reclamo ante la distribuidora el\u00e9ctrica correspondiente<\/strong>, de acuerdo con el \u00e1rea de concesi\u00f3n en la que se encuentre el domicilio. Si la empresa no resuelve el reclamo de manera satisfactoria, el usuario puede recurrir a\u00a0<strong>OCEBA<\/strong>\u00a0y presentar all\u00ed la denuncia. En ese caso, es importante conservar y dejar constancia de la respuesta que haya dado la distribuidora.<\/p>\n<p id=\"p-1788456269842-44140\">El organismo provincial remarc\u00f3 que la intervenci\u00f3n permite revisar la facturaci\u00f3n y determinar si el importe reclamado fue calculado correctamente. Cuando se verifica que una factura fue emitida de manera incorrecta, OCEBA puede disponer las medidas necesarias para evitar el cobro de los montos que no correspondan y exigir a la distribuidora que realice las\u00a0<strong>correcciones y refacturaciones<\/strong>\u00a0necesarias.<\/p>\n<p id=\"p-1788456269842-41872\">Adem\u00e1s, ante la detecci\u00f3n de incumplimientos, el organismo puede aplicar las\u00a0<strong>sanciones correspondientes a las empresas distribuidoras<\/strong>.<\/p>\n<h2 id=\"p-1788456269842-22146\">Reclamos online las 24 horas<\/h2>\n<p id=\"p-1788456269843-12726\">Para facilitar el tr\u00e1mite, OCEBA cuenta con el\u00a0<strong>Formulario \u00danico de Reclamos (FUR)<\/strong>, una herramienta disponible online las 24 horas para que los usuarios puedan realizar sus presentaciones.<\/p>\n<p id=\"p-1788456269843-91743\">El formulario puede completarse a trav\u00e9s del sitio oficial del organismo:<\/p>\n<p id=\"p-1788456269843-56488\"><a href=\"https:\/\/oceba.gba.gov.ar\/nueva_web\/reclamos.php\"><strong>https:\/\/oceba.gba.gov.ar\/nueva_web\/reclamos.php<\/strong><\/a><\/p>\n<p id=\"p-1788456269843-80762\">Tambi\u00e9n est\u00e1n disponibles otros canales de atenci\u00f3n:<\/p>\n<ul id=\"p-1788456269843-98670\">\n<li id=\"p-1788456269843-3324\"><strong>Tel\u00e9fono gratuito:<\/strong>\u00a0148.<\/li>\n<li id=\"p-1788456269843-53982\"><strong>Correo electr\u00f3nico:<\/strong>\u00a0<a href=\"mailto:oceba@oceba.gba.gov.ar\">oceba@oceba.gba.gov.ar<\/a><\/li>\n<li id=\"p-1788456269843-108\"><strong>Atenci\u00f3n presencial y telef\u00f3nica:<\/strong>\u00a0lunes a viernes, de 8 a 15.<\/li>\n<\/ul>\n<p id=\"p-1788456269843-72198\">Fuente:<strong>\u00a0<a href=\"https:\/\/dib.com.ar\/\" target=\"_blank\" rel=\"follow noopener\">Agencia DIB<\/a><\/strong><\/p>\n<\/article>\n<\/div>\n<div class=\"news-headline__author-names-wrapper\">\n<div class=\"news-author-and-share__author-names\"><\/div>\n<\/div>\n<\/div>\n<\/div>\n<\/div>\n","protected":false},"excerpt":{"rendered":"<div class=\"mh-excerpt\"><p>El OCEBA lleva adelante controles en distintas zonas de la provincia donde se concentra la mayor cantidad de reclamos por incrementos en los montos de las facturas. 03 de Septiembre de 2026 Ante el aumento <a class=\"mh-excerpt-more\" href=\"https:\/\/larevistadigital.com.ar\/blog\/oceba-audita-las-facturas-de-luz-por-las-fuertes-subas-que-debe-hacer-el-usuario\/\" title=\"OCEBA audita las facturas de luz por las fuertes subas: qu\u00e9 debe hacer el usuario\">[Leer M\u00e1s]<\/a><\/p>\n<\/div>","protected":false},"author":3,"featured_media":47144,"comment_status":"open","ping_status":"open","sticky":false,"template":"","format":"standard","meta":{"_jetpack_memberships_contains_paid_content":false,"footnotes":"","jetpack_publicize_message":"","jetpack_publicize_feature_enabled":true,"jetpack_social_post_already_shared":true,"jetpack_social_options":{"image_generator_settings":{"template":"highway","default_image_id":0,"font":"","enabled":false},"version":2}},"categories":[50],"tags":[],"class_list":{"0":"post-47143","1":"post","2":"type-post","3":"status-publish","4":"format-standard","5":"has-post-thumbnail","7":"category-interes-general"},"jetpack_publicize_connections":[],"jetpack_featured_media_url":"https:\/\/i0.wp.com\/larevistadigital.com.ar\/blog\/wp-content\/uploads\/Captura-de-pantalla-2026-09-03-172630.jpg?fit=624%2C395&ssl=1","jetpack_sharing_enabled":true,"jetpack_shortlink":"https:\/\/wp.me\/p8qtrQ-cgn","jetpack-related-posts":[{"id":23476,"url":"https:\/\/larevistadigital.com.ar\/blog\/edea-los-cortes-bajas-y-subas-de-tension-carta-de-lector\/","url_meta":{"origin":47143,"position":0},"title":"EDEA, LOS CORTES, BAJAS Y SUBAS DE TENSI\u00d3N (Carta de lector)","author":"Alejandro Sosa Ruda","date":"19 enero, 2022","format":false,"excerpt":"Se\u00f1or director Revista digital Alejandro Sosa: Despu\u00e9s de reclamar tantas veces durante 8 a\u00f1os por el servicio de electricidad por parte de EDEA y al no haberme sentido respetada como clienta, hoy me expreso a trav\u00e9s de su espacio porque estoy muy preocupada por los sucesivos y reiterados cortes de\u2026","rel":"","context":"En \u00abCHASCOM\u00daS\u00bb","block_context":{"text":"CHASCOM\u00daS","link":"https:\/\/larevistadigital.com.ar\/blog\/category\/chascomus\/"},"img":{"alt_text":"","src":"https:\/\/i0.wp.com\/larevistadigital.com.ar\/blog\/wp-content\/uploads\/barrio-la-union-el-calvario-de-los-vecinos-por-la-baja-tension-electrica-21153.jpg?fit=950%2C500&ssl=1&resize=350%2C200","width":350,"height":200,"srcset":"https:\/\/i0.wp.com\/larevistadigital.com.ar\/blog\/wp-content\/uploads\/barrio-la-union-el-calvario-de-los-vecinos-por-la-baja-tension-electrica-21153.jpg?fit=950%2C500&ssl=1&resize=350%2C200 1x, https:\/\/i0.wp.com\/larevistadigital.com.ar\/blog\/wp-content\/uploads\/barrio-la-union-el-calvario-de-los-vecinos-por-la-baja-tension-electrica-21153.jpg?fit=950%2C500&ssl=1&resize=525%2C300 1.5x, https:\/\/i0.wp.com\/larevistadigital.com.ar\/blog\/wp-content\/uploads\/barrio-la-union-el-calvario-de-los-vecinos-por-la-baja-tension-electrica-21153.jpg?fit=950%2C500&ssl=1&resize=700%2C400 2x"},"classes":[]},{"id":25669,"url":"https:\/\/larevistadigital.com.ar\/blog\/se-confirmo-el-aumento-de-luz-en-la-provincia-aca-algunos-detalles\/","url_meta":{"origin":47143,"position":1},"title":"SE CONFIRM\u00d3 EL AUMENTO DE LUZ EN LA PROVINCIA, AC\u00c1 ALGUNOS DETALLES","author":"Alejandro Sosa Ruda","date":"8 junio, 2022","format":false,"excerpt":"El ajuste comenzar\u00e1 a regir este mes, por lo que llegar\u00e1 con las facturas en julio. El detalle de la medida. El Gobierno bonaerense\u00a0ajustar\u00e1 la tarifa de luz\u00a0para las ciudades del interior y La Plata un\u00a014% a partir de julio,\u00a0es decir con la factura que liquida el consumo de junio.\u2026","rel":"","context":"En \u00abECONOMIA\u00bb","block_context":{"text":"ECONOMIA","link":"https:\/\/larevistadigital.com.ar\/blog\/category\/economia\/"},"img":{"alt_text":"","src":"https:\/\/i0.wp.com\/larevistadigital.com.ar\/blog\/wp-content\/uploads\/luz-tarifa-09-01-20-e1585100647268.jpg?fit=823%2C539&ssl=1&resize=350%2C200","width":350,"height":200,"srcset":"https:\/\/i0.wp.com\/larevistadigital.com.ar\/blog\/wp-content\/uploads\/luz-tarifa-09-01-20-e1585100647268.jpg?fit=823%2C539&ssl=1&resize=350%2C200 1x, https:\/\/i0.wp.com\/larevistadigital.com.ar\/blog\/wp-content\/uploads\/luz-tarifa-09-01-20-e1585100647268.jpg?fit=823%2C539&ssl=1&resize=525%2C300 1.5x, https:\/\/i0.wp.com\/larevistadigital.com.ar\/blog\/wp-content\/uploads\/luz-tarifa-09-01-20-e1585100647268.jpg?fit=823%2C539&ssl=1&resize=700%2C400 2x"},"classes":[]},{"id":5806,"url":"https:\/\/larevistadigital.com.ar\/blog\/la-cooperativa-ajusta-a-instituciones-de-bien-publico\/","url_meta":{"origin":47143,"position":2},"title":"La Cooperativa ajusta a instituciones de bien p\u00fablico","author":"admin","date":"20 junio, 2018","format":false,"excerpt":"\u00a0 El Consejo de Administraci\u00f3n de la Cooperativa de Electricidad de Ranchos amenaza con cobrarles el consumo de energ\u00eda el\u00e9ctrica a Bomberos Voluntarios, parroquia Nuestra Se\u00f1ora del Pilar y Taller Protegido de General Paz, y se desconoce si la misma suerte correr\u00eda LIPOLCC. Como existe un hermetismo medi\u00e1tico por parte\u2026","rel":"","context":"En \u00abRANCHOS\u00bb","block_context":{"text":"RANCHOS","link":"https:\/\/larevistadigital.com.ar\/blog\/category\/ranchos\/"},"img":{"alt_text":"","src":"https:\/\/i0.wp.com\/larevistadigital.com.ar\/blog\/wp-content\/uploads\/2018\/06\/COOPERATIVA-DE-LUZ-DE-RANCHOS.jpg?fit=900%2C509&ssl=1&resize=350%2C200","width":350,"height":200,"srcset":"https:\/\/i0.wp.com\/larevistadigital.com.ar\/blog\/wp-content\/uploads\/2018\/06\/COOPERATIVA-DE-LUZ-DE-RANCHOS.jpg?fit=900%2C509&ssl=1&resize=350%2C200 1x, https:\/\/i0.wp.com\/larevistadigital.com.ar\/blog\/wp-content\/uploads\/2018\/06\/COOPERATIVA-DE-LUZ-DE-RANCHOS.jpg?fit=900%2C509&ssl=1&resize=525%2C300 1.5x, https:\/\/i0.wp.com\/larevistadigital.com.ar\/blog\/wp-content\/uploads\/2018\/06\/COOPERATIVA-DE-LUZ-DE-RANCHOS.jpg?fit=900%2C509&ssl=1&resize=700%2C400 2x"},"classes":[]},{"id":5820,"url":"https:\/\/larevistadigital.com.ar\/blog\/la-cooperativa-ajusta-a-instituciones-de-bien-publico-2\/","url_meta":{"origin":47143,"position":3},"title":"La Cooperativa ajusta a instituciones de bien p\u00fablico","author":"admin","date":"20 junio, 2018","format":false,"excerpt":"El Consejo de Administraci\u00f3n de la Cooperativa de Electricidad de Ranchos amenaza con cobrarles el consumo de energ\u00eda el\u00e9ctrica a Bomberos Voluntarios, parroquia Nuestra Se\u00f1ora del Pilar y Taller Protegido de General Paz, y se desconoce si la misma suerte correr\u00eda LIPOLCC. Como existe un hermetismo medi\u00e1tico por parte de\u2026","rel":"","context":"En \u00abRANCHOS\u00bb","block_context":{"text":"RANCHOS","link":"https:\/\/larevistadigital.com.ar\/blog\/category\/ranchos\/"},"img":{"alt_text":"","src":"","width":0,"height":0},"classes":[]},{"id":36827,"url":"https:\/\/larevistadigital.com.ar\/blog\/chascomus-reunion-para-coordinar-acciones-con-el-oceba-y-el-foro-de-servicios-publicos\/","url_meta":{"origin":47143,"position":4},"title":"CHASCOM\u00daS: REUNI\u00d3N PARA COORDINAR ACCIONES CON EL OCEBA Y EL FORO DE SERVICIOS P\u00daBLICOS","author":"Alejandro Sosa Ruda","date":"30 julio, 2024","format":false,"excerpt":"El intendente Javier Gast\u00f3n recibi\u00f3 a representantes del Organismo de Control de Energ\u00eda de la Provincia de Buenos Aires (OCEBA) y a integrantes del Foro Bonaerense de Servicios P\u00fablicos. 30 de Julio de 2024 CHASCOM\u00daS -\u00a0 El encuentro estuvo motivado en la necesidad de coordinar acciones en conjunto ante el\u2026","rel":"","context":"En \u00abINTERES GENERAL\u00bb","block_context":{"text":"INTERES GENERAL","link":"https:\/\/larevistadigital.com.ar\/blog\/category\/interes-general\/"},"img":{"alt_text":"","src":"https:\/\/i0.wp.com\/larevistadigital.com.ar\/blog\/wp-content\/uploads\/66a9295884eb8.png?fit=668%2C445&ssl=1&resize=350%2C200","width":350,"height":200,"srcset":"https:\/\/i0.wp.com\/larevistadigital.com.ar\/blog\/wp-content\/uploads\/66a9295884eb8.png?fit=668%2C445&ssl=1&resize=350%2C200 1x, https:\/\/i0.wp.com\/larevistadigital.com.ar\/blog\/wp-content\/uploads\/66a9295884eb8.png?fit=668%2C445&ssl=1&resize=525%2C300 1.5x"},"classes":[]},{"id":47065,"url":"https:\/\/larevistadigital.com.ar\/blog\/convocan-a-un-apagon-en-el-partido-de-la-costa-contra-las-tarifas-de-electricidad\/","url_meta":{"origin":47143,"position":5},"title":"Convocan a un apag\u00f3n en el Partido de La Costa contra las tarifas de electricidad","author":"Alejandro Sosa Ruda","date":"25 agosto, 2026","format":false,"excerpt":"Un grupo de vecinos del Partido de La Costa convoc\u00f3 para este mi\u00e9rcoles 26 de agosto a un apag\u00f3n de 20 minutos en hogares y comercios, como protesta por el aumento de las tarifas de energ\u00eda el\u00e9ctrica. La medida est\u00e1 prevista para las 21 horas. 25 de agosto de 2026\u2026","rel":"","context":"En \u00abREGIONALES\u00bb","block_context":{"text":"REGIONALES","link":"https:\/\/larevistadigital.com.ar\/blog\/category\/regionales\/"},"img":{"alt_text":"","src":"https:\/\/i0.wp.com\/larevistadigital.com.ar\/blog\/wp-content\/uploads\/corte-de-luz-EDEA.jpg?fit=612%2C535&ssl=1&resize=350%2C200","width":350,"height":200,"srcset":"https:\/\/i0.wp.com\/larevistadigital.com.ar\/blog\/wp-content\/uploads\/corte-de-luz-EDEA.jpg?fit=612%2C535&ssl=1&resize=350%2C200 1x, https:\/\/i0.wp.com\/larevistadigital.com.ar\/blog\/wp-content\/uploads\/corte-de-luz-EDEA.jpg?fit=612%2C535&ssl=1&resize=525%2C300 1.5x"},"classes":[]}],"_links":{"self":[{"href":"https:\/\/larevistadigital.com.ar\/blog\/wp-json\/wp\/v2\/posts\/47143","targetHints":{"allow":["GET"]}}],"collection":[{"href":"https:\/\/larevistadigital.com.ar\/blog\/wp-json\/wp\/v2\/posts"}],"about":[{"href":"https:\/\/larevistadigital.com.ar\/blog\/wp-json\/wp\/v2\/types\/post"}],"author":[{"embeddable":true,"href":"https:\/\/larevistadigital.com.ar\/blog\/wp-json\/wp\/v2\/users\/3"}],"replies":[{"embeddable":true,"href":"https:\/\/larevistadigital.com.ar\/blog\/wp-json\/wp\/v2\/comments?post=47143"}],"version-history":[{"count":1,"href":"https:\/\/larevistadigital.com.ar\/blog\/wp-json\/wp\/v2\/posts\/47143\/revisions"}],"predecessor-version":[{"id":47145,"href":"https:\/\/larevistadigital.com.ar\/blog\/wp-json\/wp\/v2\/posts\/47143\/revisions\/47145"}],"wp:featuredmedia":[{"embeddable":true,"href":"https:\/\/larevistadigital.com.ar\/blog\/wp-json\/wp\/v2\/media\/47144"}],"wp:attachment":[{"href":"https:\/\/larevistadigital.com.ar\/blog\/wp-json\/wp\/v2\/media?parent=47143"}],"wp:term":[{"taxonomy":"category","embeddable":true,"href":"https:\/\/larevistadigital.com.ar\/blog\/wp-json\/wp\/v2\/categories?post=47143"},{"taxonomy":"post_tag","embeddable":true,"href":"https:\/\/larevistadigital.com.ar\/blog\/wp-json\/wp\/v2\/tags?post=47143"}],"curies":[{"name":"wp","href":"https:\/\/api.w.org\/{rel}","templated":true}]}}