{"id":47146,"date":"2026-09-03T23:00:04","date_gmt":"2026-09-04T02:00:04","guid":{"rendered":"https:\/\/larevistadigital.com.ar\/blog\/?p=47146"},"modified":"2026-09-03T23:00:04","modified_gmt":"2026-09-04T02:00:04","slug":"milei-en-chile-reivindico-el-modelo-economico-de-pinochet-y-reitero-que-sufrio-un-intento-de-golpe-de-estado","status":"publish","type":"post","link":"https:\/\/larevistadigital.com.ar\/blog\/milei-en-chile-reivindico-el-modelo-economico-de-pinochet-y-reitero-que-sufrio-un-intento-de-golpe-de-estado\/","title":{"rendered":"Milei en Chile: reivindic\u00f3 el modelo econ\u00f3mico de Pinochet y reiter\u00f3 que sufri\u00f3 un intento de golpe de Estado"},"content":{"rendered":"<h3><strong>El presidente particip\u00f3 en Santigo de un encuentro del V Foro de Madrid y tambi\u00e9n mantuvo una bilateral con su par trasandino, Antonio Kast.<\/strong><\/h3>\n<p>03 de Septiembre de 2026<\/p>\n<p>El presidente <strong>Javier Milei<\/strong> reivindic\u00f3 hoy el legado de la gesti\u00f3n econ\u00f3mica del dictador <strong>Augusto Pinochet<\/strong> durante una vista a Chile para participar de V Encuentro Regional del Foro de Madrid, durante la cual volvi\u00f3 a insistir en sufri\u00f3 un intento de golpe de Estado, adem\u00e1s de mantener un encuentro bilateral con su par trasandino, <strong>Jos\u00e9 Antonio Kast<\/strong>.<\/p>\n<article class=\"article-body article-body--second-paragraph\">\n<p id=\"p-1788460645138-94791\">Milei se present\u00f3 en el foro de la derecha iberoamericana -fue creado por VOX, el partido de la ultraderecha peninsular comandado por su amigo Santiago Abascal- y desde all\u00ed dej\u00f3 en claro que su presencia en Chile no solo respond\u00eda a los compromisos propios de su agenda internacional, sino que adem\u00e1s implicaba un espaldarazo a la nueva etapa institucional que se abri\u00f3 en ese pa\u00eds con el triunfo de Kast, un presidente con el que se identifica en t\u00e9rminos ideol\u00f3gicos. \u201cEs un placer estar en Chile tras la victoria de mi amigo Jos\u00e9 Antonio Kast\u201d, dijo Milei.<\/p>\n<\/article>\n<article class=\"article-body article-body--second-paragraph\">\n<blockquote>\n<h3 id=\"p-1788460645138-72805\">En uno de los pasajes m\u00e1s comentados de su discurso, el presidente argentino hizo un recorrido por la historia reciente de Chile en el cual fustig\u00f3 al presidencia de Salvador Allende, derrocado por un golpe de Estado en 1973. Dijo que con Allende Chile hab\u00eda ca\u00eddo en la \u201cfarsa del socialismo\u201d pese a que antes hab\u00eda conocido \u201clos frutos de la libertad\u201d.<\/h3>\n<\/blockquote>\n<\/article>\n<article class=\"article-body article-body--second-paragraph\">\n<p id=\"p-1788460645138-55565\">Y con ese pre\u00e1mbulo, Milei abord\u00f3 el an\u00e1lisis de mandato de Pinochet, el l\u00edder del golpe contra Allende. Tras el derrocamiento del comunista Allende, Chile entr\u00f3 en un per\u00edodo de estabilidad y crecimiento que se extendi\u00f3 por m\u00e1s de 40 a\u00f1os y, gracias a ello, Chile fue sin lugar a dudas la envidia en t\u00e9rminos econ\u00f3micos de toda la regi\u00f3n\u00bb, sostuvo sobre el r\u00e9gimen dictatorial chileno que se prolong\u00f3 por 17 a\u00f1os, sin mencionar el nombre propio de Pinochet, que lo comand\u00f3 hasta su muerte, siendo senador vitalicio de la rep\u00fablica.<\/p>\n<\/article>\n<article class=\"article-body article-body--third-paragraph\">\n<p id=\"p-1788460645138-20575\">Enfrascado en un discurso con un fuerte componente de batalla cultural, Milei critic\u00f3 que ese legado econ\u00f3mico fuese criticado por sectores de izquierda, entre los que mencion\u00f3 a las universidades y los medios de comunicaci\u00f3n. Para el presidente argentina, la llegada de Kast implica el final de ese escenario: \u00abChile ha vuelto a apostar por las ideas de la libertad, ha despertado, como Am\u00e9rica Latina\u00bb, remarc\u00f3 .<\/p>\n<p id=\"p-1788460645138-14344\">Ante un auditorio que lo aplaudi\u00f3 de pie, Milei combin\u00f3 ese an\u00e1lisis con una nueva denuncia de un intento de desestabilizaci\u00f3n en su contra, que es como viene caracterizando los intentos de la oposici\u00f3n de aprobar leyes que a su juicio ponen en riesgo el super\u00e1vit fiscal. \u201cEn 2025, en Argentina, intentaron un golpe de Estado, utilizaron el Congreso para tratar de aprobar decenas de leyes que apuntaban a romper el equilibrio econ\u00f3mico, romper el equilibrio fiscal, sumado a ello con siete intentos de juicios pol\u00edticos. Adem\u00e1s, tambi\u00e9n lo intentaron hacer desde las calles\u201d.<\/p>\n<p id=\"p-1788460645138-97246\">Para justificar la conflictividad social bajo su gesti\u00f3n, el libertario apel\u00f3 adem\u00e1s a una impactante puesta en escena num\u00e9rica en materia migratoria: \u201cEl a\u00f1o pasado tuvimos que deportar a m\u00e1s de 10.000 personas, y en lo que va del a\u00f1o 14.000\u201d<\/p>\n<h3 id=\"p-1788460645138-79095\"><span style=\"color: #ff0000\">Defensa de la gesti\u00f3n<\/span><\/h3>\n<p id=\"p-1788460645138-96916\">A su vez, Javier Milei utiliz\u00f3 la tribuna internacional para presentar como un \u00e9xito categ\u00f3rico los resultados de su plan de estabilizaci\u00f3n financiera. Asegur\u00f3 categ\u00f3ricamente que \u00abel riesgo pa\u00eds pr\u00e1cticamente ha sido eliminado\u00bb en la Argentina, al tiempo que lanz\u00f3 una de las frases m\u00e1s tajantes de su exposici\u00f3n: \u00abEl mejor ant\u00eddoto contra estos zurdos mugrosos negadores de la realidad son los datos\u00bb.<\/p>\n<blockquote>\n<h3 id=\"p-1788460645139-25760\">El Presidente contrapuso los n\u00fameros de su gesti\u00f3n con el accionar pol\u00edtico de la izquierda, a la que acus\u00f3 de carecer de un verdadero inter\u00e9s por solucionar los problemas estructurales de la ciudadan\u00eda: \u00abNo les interesa solucionar nada, sino expandir su ideolog\u00eda\u00bb, asever\u00f3.<\/h3>\n<\/blockquote>\n<p id=\"p-1788460645139-21884\">Para ilustrar este punto, Milei recurri\u00f3 a una revisi\u00f3n hist\u00f3rica sobre la gesti\u00f3n de Mauricio Macri al frente del gobierno de Cambiemos en 2017. Record\u00f3 que, en aquel momento, la administraci\u00f3n previa \u00abten\u00eda la econom\u00eda creciendo y la pobreza en su pico m\u00e1s bajo en d\u00e9cadas, y a\u00fan as\u00ed lograron instalar el caos en la calle hasta hacerle perder el rumbo\u00bb.<\/p>\n<blockquote>\n<h3 id=\"p-1788460645139-34349\">Profundizando en esa cr\u00edtica del espacio que hoy integra la alianza oficialista o acompa\u00f1a las reformas, Milei analiz\u00f3 que Cambiemos \u00absucumbi\u00f3 a la presi\u00f3n de la pol\u00edtica, tanto de la oposici\u00f3n como del extremo centro\u00bb, al \u00abdejarse correr por los que tiraron 14 toneladas de piedras y los presuntos aliados que suger\u00edan poner el freno de mano\u00bb.<\/h3>\n<\/blockquote>\n<p id=\"p-1788460645139-9827\">En ese sentido, marc\u00f3 un claro contrapunto con aquel precedente, y enfatiz\u00f3: \u00abNosotros aprendimos esa lecci\u00f3n, no nos vamos a dejar descarrilar por su relato, porque sabemos que por m\u00e1s ruido que hagan en el camino, siempre est\u00e1 la realidad. El rumbo es el correcto, no vamos a ceder un \u00e1pice en ninguna de nuestras pol\u00edticas\u00bb.<\/p>\n<h2 id=\"p-1788460645139-46702\">Soberan\u00eda, nacionalismo y la reuni\u00f3n bilateral con Kast<\/h2>\n<p id=\"p-1788460645139-43985\">Para cerrar su diagn\u00f3stico conceptual, Milei diferenci\u00f3 la postura doctrinaria de su espacio pol\u00edtico respecto del discurso que atribuye a las corrientes progresistas de la regi\u00f3n. El Presidente calific\u00f3 de \u00abfalso\u00bb el nacionalismo del que suele hacer gala la izquierda, acus\u00e1ndola de encubrir \u00abun movimiento sin patria, sin futuro y condenado a hacer fracasar a los pa\u00edses donde toman asiento\u00bb, buscando mantener a las naciones \u00absometidas a un r\u00e9gimen internacional de esclavitud, aunque camuflen sus intenciones con un barniz de nacionalismo\u00bb.<\/p>\n<p id=\"p-1788460645139-26397\">Por el contrario, remarc\u00f3 que la \u00fanica manera genuina de defender la soberan\u00eda nacional es garantizando el desarrollo del mercado interno y la atracci\u00f3n de capitales: \u00abNosotros amamos a nuestro pa\u00eds y la \u00fanica manera de defender la soberan\u00eda es teniendo un pa\u00eds rico, pujante, con inversi\u00f3n y los recursos necesarios para protegernos\u00bb.<\/p>\n<blockquote>\n<h3 id=\"p-1788460645139-87561\">Tras su contundente participaci\u00f3n en el panel del V Encuentro Regional del Foro Madrid, la agenda del Jefe de Estado continu\u00f3 con una importante reuni\u00f3n bilateral de trabajo en Santiago de Chile junto a Jos\u00e9 Antonio Kast.<\/h3>\n<\/blockquote>\n<p id=\"p-1788460645139-61423\">El encuentro entre ambos l\u00edderes estuvo orientado a profundizar la cooperaci\u00f3n estrat\u00e9gica bilateral, delinear acuerdos pol\u00edticos y potenciar los v\u00ednculos econ\u00f3micos de integraci\u00f3n regional entre Argentina y Chile de cara a los pr\u00f3ximos a\u00f1os. A su regreso al pa\u00eds se espera un mensaje en cadena nacional sobre las Islas Malvinas.<\/p>\n<p id=\"p-1788460871150-10590\">Fuente:\u00a0<a href=\"https:\/\/dib.com.ar\/\" target=\"_blank\" rel=\"follow noopener\">Agencia DIB.<\/a><\/p>\n<\/article>\n","protected":false},"excerpt":{"rendered":"<div class=\"mh-excerpt\"><p>El presidente particip\u00f3 en Santigo de un encuentro del V Foro de Madrid y tambi\u00e9n mantuvo una bilateral con su par trasandino, Antonio Kast. 03 de Septiembre de 2026 El presidente Javier Milei reivindic\u00f3 hoy <a class=\"mh-excerpt-more\" href=\"https:\/\/larevistadigital.com.ar\/blog\/milei-en-chile-reivindico-el-modelo-economico-de-pinochet-y-reitero-que-sufrio-un-intento-de-golpe-de-estado\/\" title=\"Milei en Chile: reivindic\u00f3 el modelo econ\u00f3mico de Pinochet y reiter\u00f3 que sufri\u00f3 un intento de golpe de Estado\">[Leer M\u00e1s]<\/a><\/p>\n<\/div>","protected":false},"author":3,"featured_media":47147,"comment_status":"open","ping_status":"open","sticky":false,"template":"","format":"standard","meta":{"_jetpack_memberships_contains_paid_content":false,"footnotes":"","jetpack_publicize_message":"","jetpack_publicize_feature_enabled":true,"jetpack_social_post_already_shared":true,"jetpack_social_options":{"image_generator_settings":{"template":"highway","default_image_id":0,"font":"","enabled":false},"version":2}},"categories":[50,12],"tags":[],"class_list":{"0":"post-47146","1":"post","2":"type-post","3":"status-publish","4":"format-standard","5":"has-post-thumbnail","7":"category-interes-general","8":"category-politica"},"jetpack_publicize_connections":[],"jetpack_featured_media_url":"https:\/\/i0.wp.com\/larevistadigital.com.ar\/blog\/wp-content\/uploads\/Captura-de-pantalla-2026-09-03-223951.jpg?fit=626%2C420&ssl=1","jetpack_sharing_enabled":true,"jetpack_shortlink":"https:\/\/wp.me\/p8qtrQ-cgq","jetpack-related-posts":[{"id":34632,"url":"https:\/\/larevistadigital.com.ar\/blog\/que-presidentes-estaran-en-la-asuncion-de-javier-milei\/","url_meta":{"origin":47146,"position":0},"title":"\u00bfQU\u00c9 PRESIDENTES ESTAR\u00c1N EN LA ASUNCI\u00d3N DE JAVIER MILEI?","author":"Alejandro Sosa Ruda","date":"26 noviembre, 2023","format":false,"excerpt":"Esta semana siguieron los encuentros del equipo entrante con los ministros que se van. Que confirmar d\u00f3nde serpa la entrega del mando. 26 de Noviembre de 2023 A 15 d\u00edas de la asunci\u00f3n de Javier Milei como presidente, el gobierno saliente de Alberto Fern\u00e1ndez\u00a0y el entrante mantuvieron esta semana distintas\u2026","rel":"","context":"En \u00abINTERES GENERAL\u00bb","block_context":{"text":"INTERES GENERAL","link":"https:\/\/larevistadigital.com.ar\/blog\/category\/interes-general\/"},"img":{"alt_text":"","src":"https:\/\/i0.wp.com\/larevistadigital.com.ar\/blog\/wp-content\/uploads\/Captura-de-pantalla-2023-11-26-133234.png?fit=834%2C509&ssl=1&resize=350%2C200","width":350,"height":200,"srcset":"https:\/\/i0.wp.com\/larevistadigital.com.ar\/blog\/wp-content\/uploads\/Captura-de-pantalla-2023-11-26-133234.png?fit=834%2C509&ssl=1&resize=350%2C200 1x, https:\/\/i0.wp.com\/larevistadigital.com.ar\/blog\/wp-content\/uploads\/Captura-de-pantalla-2023-11-26-133234.png?fit=834%2C509&ssl=1&resize=525%2C300 1.5x, https:\/\/i0.wp.com\/larevistadigital.com.ar\/blog\/wp-content\/uploads\/Captura-de-pantalla-2023-11-26-133234.png?fit=834%2C509&ssl=1&resize=700%2C400 2x"},"classes":[]},{"id":36200,"url":"https:\/\/larevistadigital.com.ar\/blog\/bukele-estuvo-con-milei-luego-de-su-asuncion-presidencial-en-ecuador\/","url_meta":{"origin":47146,"position":1},"title":"BUKELE ESTUVO CON MILEI, LUEGO DE SU ASUNCI\u00d3N PRESIDENCIAL EN ECUADOR","author":"Alejandro Sosa Ruda","date":"2 junio, 2024","format":false,"excerpt":"SAN SALVADOR, \u2013 El presidente de El Salvador, Nayib Bukele, se reuni\u00f3 con su hom\u00f3logo argentino, Javier Milei, tras la ceremonia de investidura para su segundo mandato consecutivo de cinco a\u00f1os (2024-2029). La Casa Presidencial salvadore\u00f1a inform\u00f3 sobre el encuentro y comparti\u00f3 en X un corto video en el que\u2026","rel":"","context":"En \u00abPOLITICA\u00bb","block_context":{"text":"POLITICA","link":"https:\/\/larevistadigital.com.ar\/blog\/category\/politica\/"},"img":{"alt_text":"","src":"https:\/\/i0.wp.com\/larevistadigital.com.ar\/blog\/wp-content\/uploads\/Captura-de-pantalla-2024-06-02-194902.png?fit=795%2C487&ssl=1&resize=350%2C200","width":350,"height":200,"srcset":"https:\/\/i0.wp.com\/larevistadigital.com.ar\/blog\/wp-content\/uploads\/Captura-de-pantalla-2024-06-02-194902.png?fit=795%2C487&ssl=1&resize=350%2C200 1x, https:\/\/i0.wp.com\/larevistadigital.com.ar\/blog\/wp-content\/uploads\/Captura-de-pantalla-2024-06-02-194902.png?fit=795%2C487&ssl=1&resize=525%2C300 1.5x, https:\/\/i0.wp.com\/larevistadigital.com.ar\/blog\/wp-content\/uploads\/Captura-de-pantalla-2024-06-02-194902.png?fit=795%2C487&ssl=1&resize=700%2C400 2x"},"classes":[]},{"id":41897,"url":"https:\/\/larevistadigital.com.ar\/blog\/emilio-monzo-aseguro-que-la-jefa-de-estado-es-karina-milei\/","url_meta":{"origin":47146,"position":2},"title":"Emilio Monz\u00f3 asegur\u00f3 que \u00abLa jefa de estado es Karina Milei\u00bb","author":"Alejandro Sosa Ruda","date":"12 octubre, 2025","format":false,"excerpt":"El diputado de Encuentro Federal se\u00f1al\u00f3 que el Presidente perdi\u00f3 contacto con la sociedad y advirti\u00f3 que la principal oposici\u00f3n del pa\u00eds hoy es el propio Ejecutivo. Tambi\u00e9n critic\u00f3 el manejo del gabinete. 12 de Octubre de 2025 Emilio Monz\u00f3, diputado nacional de Encuentro Federal y ex presidente de la\u2026","rel":"","context":"En \u00abINTERES GENERAL\u00bb","block_context":{"text":"INTERES GENERAL","link":"https:\/\/larevistadigital.com.ar\/blog\/category\/interes-general\/"},"img":{"alt_text":"","src":"https:\/\/i0.wp.com\/larevistadigital.com.ar\/blog\/wp-content\/uploads\/Captura-de-pantalla-2025-10-12-132613.jpg?fit=735%2C490&ssl=1&resize=350%2C200","width":350,"height":200,"srcset":"https:\/\/i0.wp.com\/larevistadigital.com.ar\/blog\/wp-content\/uploads\/Captura-de-pantalla-2025-10-12-132613.jpg?fit=735%2C490&ssl=1&resize=350%2C200 1x, https:\/\/i0.wp.com\/larevistadigital.com.ar\/blog\/wp-content\/uploads\/Captura-de-pantalla-2025-10-12-132613.jpg?fit=735%2C490&ssl=1&resize=525%2C300 1.5x, https:\/\/i0.wp.com\/larevistadigital.com.ar\/blog\/wp-content\/uploads\/Captura-de-pantalla-2025-10-12-132613.jpg?fit=735%2C490&ssl=1&resize=700%2C400 2x"},"classes":[]},{"id":37778,"url":"https:\/\/larevistadigital.com.ar\/blog\/milei-viaja-a-eeuu-con-la-intencion-de-reunirse-con-donald-trump-antes-de-su-asuncion\/","url_meta":{"origin":47146,"position":3},"title":"Milei viaja a EEUU con la intenci\u00f3n de reunirse con Donald Trump antes de su asunci\u00f3n","author":"Alejandro Sosa Ruda","date":"7 noviembre, 2024","format":false,"excerpt":"El presidente se comunic\u00f3 telef\u00f3nicamente con Trump, y dialogaron unos minutos. 7 de Noviembre de 2024 Luego de varios intentos, el presidente Javier Milei logr\u00f3 comunicarse con el presidente electo de los Estados Unidos, Donald Trump, y mantuvieron un di\u00e1logo durante algunos minutos. Lo destacado de la charla, al m\u00e1rgen\u2026","rel":"","context":"En \u00abDESTACADAS\u00bb","block_context":{"text":"DESTACADAS","link":"https:\/\/larevistadigital.com.ar\/blog\/category\/destacadas\/"},"img":{"alt_text":"","src":"https:\/\/i0.wp.com\/larevistadigital.com.ar\/blog\/wp-content\/uploads\/Captura-de-pantalla-2024-11-07-005736.png?fit=701%2C386&ssl=1&resize=350%2C200","width":350,"height":200,"srcset":"https:\/\/i0.wp.com\/larevistadigital.com.ar\/blog\/wp-content\/uploads\/Captura-de-pantalla-2024-11-07-005736.png?fit=701%2C386&ssl=1&resize=350%2C200 1x, https:\/\/i0.wp.com\/larevistadigital.com.ar\/blog\/wp-content\/uploads\/Captura-de-pantalla-2024-11-07-005736.png?fit=701%2C386&ssl=1&resize=525%2C300 1.5x, https:\/\/i0.wp.com\/larevistadigital.com.ar\/blog\/wp-content\/uploads\/Captura-de-pantalla-2024-11-07-005736.png?fit=701%2C386&ssl=1&resize=700%2C400 2x"},"classes":[]},{"id":37694,"url":"https:\/\/larevistadigital.com.ar\/blog\/comunicado-de-la-ucr-local\/","url_meta":{"origin":47146,"position":4},"title":"Comunicado de la UCR local","author":"Alejandro Sosa Ruda","date":"31 octubre, 2024","format":false,"excerpt":"Mentir sobre el compromiso democr\u00e1tico de Ra\u00fal Alfons\u00edn es de canalla y una afrenta al pueblo argentino El Comit\u00e9 Nacional de la Uni\u00f3n C\u00edvica Radical, sus gobernadores, Bloques legislativos nacionales y el Foro de Intendentes exhortaron hoy a Javier Milei a respetar la memoria del ex presidente Ra\u00fal Alfons\u00edn y\u2026","rel":"","context":"En \u00abPOLITICA\u00bb","block_context":{"text":"POLITICA","link":"https:\/\/larevistadigital.com.ar\/blog\/category\/politica\/"},"img":{"alt_text":"","src":"https:\/\/i0.wp.com\/larevistadigital.com.ar\/blog\/wp-content\/uploads\/1114px-Escudo_de_la_UCR.svg_.png?fit=1109%2C1200&ssl=1&resize=350%2C200","width":350,"height":200,"srcset":"https:\/\/i0.wp.com\/larevistadigital.com.ar\/blog\/wp-content\/uploads\/1114px-Escudo_de_la_UCR.svg_.png?fit=1109%2C1200&ssl=1&resize=350%2C200 1x, https:\/\/i0.wp.com\/larevistadigital.com.ar\/blog\/wp-content\/uploads\/1114px-Escudo_de_la_UCR.svg_.png?fit=1109%2C1200&ssl=1&resize=525%2C300 1.5x, https:\/\/i0.wp.com\/larevistadigital.com.ar\/blog\/wp-content\/uploads\/1114px-Escudo_de_la_UCR.svg_.png?fit=1109%2C1200&ssl=1&resize=700%2C400 2x, https:\/\/i0.wp.com\/larevistadigital.com.ar\/blog\/wp-content\/uploads\/1114px-Escudo_de_la_UCR.svg_.png?fit=1109%2C1200&ssl=1&resize=1050%2C600 3x"},"classes":[]},{"id":45228,"url":"https:\/\/larevistadigital.com.ar\/blog\/foto-con-lula-guinos-de-petro-y-un-mensaje-directo-contra-milei-kicillof-acelera-su-construccion-presidencial\/","url_meta":{"origin":47146,"position":5},"title":"Foto con Lula, gui\u00f1os de Petro y un mensaje directo contra Milei: Kicillof acelera su construcci\u00f3n presidencial","author":"Alejandro Sosa Ruda","date":"20 abril, 2026","format":false,"excerpt":"El gobernador bonaerense se mostr\u00f3 con l\u00edderes progresistas en Espa\u00f1a, cuestion\u00f3 el rumbo econ\u00f3mico libertario, sum\u00f3 respaldos internacionales y reforz\u00f3 su perfil opositor, mientras deja se\u00f1ales hacia la interna peronista en la discusi\u00f3n por 2027. Axel Kicillof\u00a0vuelve de Espa\u00f1a con una postal que en su entorno leen en clave dom\u00e9stica:\u2026","rel":"","context":"En \u00abINTERES GENERAL\u00bb","block_context":{"text":"INTERES GENERAL","link":"https:\/\/larevistadigital.com.ar\/blog\/category\/interes-general\/"},"img":{"alt_text":"","src":"https:\/\/i0.wp.com\/larevistadigital.com.ar\/blog\/wp-content\/uploads\/Captura-de-pantalla-2026-04-20-231122.jpg?fit=810%2C534&ssl=1&resize=350%2C200","width":350,"height":200,"srcset":"https:\/\/i0.wp.com\/larevistadigital.com.ar\/blog\/wp-content\/uploads\/Captura-de-pantalla-2026-04-20-231122.jpg?fit=810%2C534&ssl=1&resize=350%2C200 1x, https:\/\/i0.wp.com\/larevistadigital.com.ar\/blog\/wp-content\/uploads\/Captura-de-pantalla-2026-04-20-231122.jpg?fit=810%2C534&ssl=1&resize=525%2C300 1.5x, https:\/\/i0.wp.com\/larevistadigital.com.ar\/blog\/wp-content\/uploads\/Captura-de-pantalla-2026-04-20-231122.jpg?fit=810%2C534&ssl=1&resize=700%2C400 2x"},"classes":[]}],"_links":{"self":[{"href":"https:\/\/larevistadigital.com.ar\/blog\/wp-json\/wp\/v2\/posts\/47146","targetHints":{"allow":["GET"]}}],"collection":[{"href":"https:\/\/larevistadigital.com.ar\/blog\/wp-json\/wp\/v2\/posts"}],"about":[{"href":"https:\/\/larevistadigital.com.ar\/blog\/wp-json\/wp\/v2\/types\/post"}],"author":[{"embeddable":true,"href":"https:\/\/larevistadigital.com.ar\/blog\/wp-json\/wp\/v2\/users\/3"}],"replies":[{"embeddable":true,"href":"https:\/\/larevistadigital.com.ar\/blog\/wp-json\/wp\/v2\/comments?post=47146"}],"version-history":[{"count":1,"href":"https:\/\/larevistadigital.com.ar\/blog\/wp-json\/wp\/v2\/posts\/47146\/revisions"}],"predecessor-version":[{"id":47148,"href":"https:\/\/larevistadigital.com.ar\/blog\/wp-json\/wp\/v2\/posts\/47146\/revisions\/47148"}],"wp:featuredmedia":[{"embeddable":true,"href":"https:\/\/larevistadigital.com.ar\/blog\/wp-json\/wp\/v2\/media\/47147"}],"wp:attachment":[{"href":"https:\/\/larevistadigital.com.ar\/blog\/wp-json\/wp\/v2\/media?parent=47146"}],"wp:term":[{"taxonomy":"category","embeddable":true,"href":"https:\/\/larevistadigital.com.ar\/blog\/wp-json\/wp\/v2\/categories?post=47146"},{"taxonomy":"post_tag","embeddable":true,"href":"https:\/\/larevistadigital.com.ar\/blog\/wp-json\/wp\/v2\/tags?post=47146"}],"curies":[{"name":"wp","href":"https:\/\/api.w.org\/{rel}","templated":true}]}}