{"id":47149,"date":"2026-09-03T23:20:29","date_gmt":"2026-09-04T02:20:29","guid":{"rendered":"https:\/\/larevistadigital.com.ar\/blog\/?p=47149"},"modified":"2026-09-03T23:20:29","modified_gmt":"2026-09-04T02:20:29","slug":"milei-hablo-por-cadena-nacional-y-anuncio-medidas-por-malvinas-pidio-un-frente-comun-a-toda-la-politica","status":"publish","type":"post","link":"https:\/\/larevistadigital.com.ar\/blog\/milei-hablo-por-cadena-nacional-y-anuncio-medidas-por-malvinas-pidio-un-frente-comun-a-toda-la-politica\/","title":{"rendered":"Milei habl\u00f3 por cadena nacional y anunci\u00f3 medidas por Malvinas: pidi\u00f3 un frente com\u00fan a toda la pol\u00edtica"},"content":{"rendered":"<h3 class=\"isSelectedEnd\">El Presidente brind\u00f3 este jueves un mensaje de unos minutos desde el Sal\u00f3n Blanco de la Casa Rosada, centrado en el reclamo argentino por las Islas Malvinas. Anunci\u00f3 decretos, anticip\u00f3 un proyecto de ley y convoc\u00f3 a toda la dirigencia pol\u00edtica a dejar de lado las diferencias para sostener una posici\u00f3n com\u00fan frente al Reino Unido.<\/h3>\n<p>03 de septiembre de 2026<\/p>\n<p class=\"isSelectedEnd\">Javier Milei utiliz\u00f3 este jueves la cadena nacional para colocar nuevamente la cuesti\u00f3n Malvinas en el centro de la agenda pol\u00edtica. En un mensaje grabado desde la Casa Rosada, el Presidente ratific\u00f3 el reclamo argentino de soberan\u00eda sobre las islas y anunci\u00f3 una serie de medidas vinculadas con la explotaci\u00f3n de recursos en el Atl\u00e1ntico Sur.<\/p>\n<blockquote>\n<h3 class=\"isSelectedEnd\">\u201cLas Malvinas son argentinas\u201d, fue la frase con la que comenz\u00f3 su discurso, en el que sostuvo que el reclamo se fundamenta en razones hist\u00f3ricas y jur\u00eddicas.<\/h3>\n<\/blockquote>\n<p class=\"isSelectedEnd\">Uno de los principales anuncios fue la firma de un decreto destinado a <strong>agilizar las medidas contra empresas que participen de actividades extractivas en el territorio que Argentina considera ocupado por el Reino Unido<\/strong>.<\/p>\n<blockquote>\n<h3 class=\"isSelectedEnd\">El Presidente hizo especial referencia al proyecto petrolero <strong>Sea Lion<\/strong>, que contempla actividades hidrocarbur\u00edferas en aguas pr\u00f3ximas a las Islas Malvinas. Seg\u00fan plante\u00f3, la explotaci\u00f3n unilateral de recursos constituye un nuevo desaf\u00edo para la posici\u00f3n argentina.<\/h3>\n<\/blockquote>\n<p class=\"isSelectedEnd\">Milei tambi\u00e9n anunci\u00f3 otro decreto para ampliar los recursos del Ministerio de Defensa destinados a la construcci\u00f3n de una <strong>base naval en Tierra del Fuego<\/strong>, con el objetivo de convertir a esa provincia en un polo log\u00edstico estrat\u00e9gico para el extremo sur del pa\u00eds.<\/p>\n<h3>Un llamado a toda la dirigencia pol\u00edtica<\/h3>\n<p class=\"isSelectedEnd\">Uno de los aspectos pol\u00edticos m\u00e1s relevantes del discurso apareci\u00f3 hacia el final, cuando Milei convoc\u00f3 a la oposici\u00f3n y al conjunto de la dirigencia pol\u00edtica a construir una posici\u00f3n com\u00fan respecto de Malvinas.<\/p>\n<blockquote>\n<h3 class=\"isSelectedEnd\">El Presidente sostuvo que pueden existir diferencias sobre numerosos temas, pero consider\u00f3 que la cuesti\u00f3n de la soberan\u00eda exige una respuesta unificada frente a la comunidad internacional.<\/h3>\n<\/blockquote>\n<p class=\"isSelectedEnd\">En ese sentido, pidi\u00f3 a los distintos sectores pol\u00edticos que se sumen \u201ccomo una misma voz\u201d al reclamo argentino.<\/p>\n<p class=\"isSelectedEnd\">El planteo representa un cambio significativo respecto del tono habitual de confrontaci\u00f3n pol\u00edtica del mandatario, que en esta oportunidad busc\u00f3 colocar la causa Malvinas por encima de las disputas partidarias.<\/p>\n<h3>El Gobierno avanzar\u00e1 con nuevas medidas<\/h3>\n<p class=\"isSelectedEnd\">La cadena nacional tuvo adem\u00e1s un correlato institucional inmediato. Luego del mensaje presidencial, el Gobierno inform\u00f3 el env\u00edo al Congreso de un proyecto de ley y la instrumentaci\u00f3n de los decretos anunciados.<\/p>\n<blockquote>\n<h3 class=\"isSelectedEnd\">Las medidas est\u00e1n vinculadas principalmente con la defensa de los intereses argentinos frente a actividades hidrocarbur\u00edferas desarrolladas en la zona de Malvinas sin autorizaci\u00f3n argentina.<\/h3>\n<\/blockquote>\n<p class=\"isSelectedEnd\">El Gobierno justific\u00f3 las decisiones en la necesidad de responder ante lo que considera un avance concreto sobre los recursos naturales de un territorio cuya soberan\u00eda Argentina reclama.<\/p>\n<p class=\"isSelectedEnd\">La cuesti\u00f3n Malvinas vuelve as\u00ed a ocupar un lugar central en la agenda nacional, esta vez acompa\u00f1ada por medidas concretas y por un pedido presidencial de unidad pol\u00edtica frente al reclamo soberano.<\/p>\n<p><strong>Fuente: MinutoUno.<\/strong><\/p>\n","protected":false},"excerpt":{"rendered":"<div class=\"mh-excerpt\"><p>El Presidente brind\u00f3 este jueves un mensaje de unos minutos desde el Sal\u00f3n Blanco de la Casa Rosada, centrado en el reclamo argentino por las Islas Malvinas. Anunci\u00f3 decretos, anticip\u00f3 un proyecto de ley y <a class=\"mh-excerpt-more\" href=\"https:\/\/larevistadigital.com.ar\/blog\/milei-hablo-por-cadena-nacional-y-anuncio-medidas-por-malvinas-pidio-un-frente-comun-a-toda-la-politica\/\" title=\"Milei habl\u00f3 por cadena nacional y anunci\u00f3 medidas por Malvinas: pidi\u00f3 un frente com\u00fan a toda la pol\u00edtica\">[Leer M\u00e1s]<\/a><\/p>\n<\/div>","protected":false},"author":3,"featured_media":47150,"comment_status":"open","ping_status":"open","sticky":false,"template":"","format":"standard","meta":{"_jetpack_memberships_contains_paid_content":false,"footnotes":"","jetpack_publicize_message":"","jetpack_publicize_feature_enabled":true,"jetpack_social_post_already_shared":true,"jetpack_social_options":{"image_generator_settings":{"template":"highway","default_image_id":0,"font":"","enabled":false},"version":2}},"categories":[50,12],"tags":[],"class_list":{"0":"post-47149","1":"post","2":"type-post","3":"status-publish","4":"format-standard","5":"has-post-thumbnail","7":"category-interes-general","8":"category-politica"},"jetpack_publicize_connections":[],"jetpack_featured_media_url":"https:\/\/i0.wp.com\/larevistadigital.com.ar\/blog\/wp-content\/uploads\/Captura-de-pantalla-2026-09-03-231817.jpg?fit=953%2C408&ssl=1","jetpack_sharing_enabled":true,"jetpack_shortlink":"https:\/\/wp.me\/p8qtrQ-cgt","jetpack-related-posts":[{"id":47152,"url":"https:\/\/larevistadigital.com.ar\/blog\/kicillof-cruzo-a-milei-por-su-discurso-sobre-malvinas-es-oportunista-y-electoralista\/","url_meta":{"origin":47149,"position":0},"title":"Kicillof cruz\u00f3 a Milei por su discurso sobre Malvinas: \u201cEs oportunista y electoralista\u201d","author":"Alejandro Sosa Ruda","date":"3 septiembre, 2026","format":false,"excerpt":"El gobernador bonaerense cuestion\u00f3 el mensaje que Javier Milei brind\u00f3 por cadena nacional para referirse a la soberan\u00eda argentina sobre las Islas Malvinas. Kicillof consider\u00f3 que el cambio de postura del Presidente responde a una estrategia electoral y record\u00f3 sus anteriores declaraciones sobre Margaret Thatcher. 03 de septiembre de 2026\u2026","rel":"","context":"En \u00abINTERES GENERAL\u00bb","block_context":{"text":"INTERES GENERAL","link":"https:\/\/larevistadigital.com.ar\/blog\/category\/interes-general\/"},"img":{"alt_text":"","src":"https:\/\/i0.wp.com\/larevistadigital.com.ar\/blog\/wp-content\/uploads\/Captura-de-pantalla-2026-09-03-233248.jpg?fit=602%2C450&ssl=1&resize=350%2C200","width":350,"height":200,"srcset":"https:\/\/i0.wp.com\/larevistadigital.com.ar\/blog\/wp-content\/uploads\/Captura-de-pantalla-2026-09-03-233248.jpg?fit=602%2C450&ssl=1&resize=350%2C200 1x, https:\/\/i0.wp.com\/larevistadigital.com.ar\/blog\/wp-content\/uploads\/Captura-de-pantalla-2026-09-03-233248.jpg?fit=602%2C450&ssl=1&resize=525%2C300 1.5x"},"classes":[]},{"id":35288,"url":"https:\/\/larevistadigital.com.ar\/blog\/el-gobernador-kicillof-repudio-la-presencia-de-david-cameron-en-las-malvinas\/","url_meta":{"origin":47149,"position":1},"title":"EL GOBERNADOR KICILLOF REPUDI\u00d3 LA PRESENCIA DE DAVID C\u00c1MERON EN LAS MALVINAS","author":"Alejandro Sosa Ruda","date":"21 febrero, 2024","format":false,"excerpt":"Mediate un comunicado, el gobernador bonaerense, Axel Kicillof, repudi\u00f3 la \u201cprovocadora\u201d presencia del canciller brit\u00e1nico David Cameron en las Islas Malvinas, al tiempo que hizo suyas las palabras del gobernador de la provincia de Tierra del Fuego, Ant\u00e1rtida e Islas del Atl\u00e1ntico Sur, Gustavo Melella, denunciando \u201cel intento de menoscabo\u2026","rel":"","context":"En \u00abINTERES GENERAL\u00bb","block_context":{"text":"INTERES GENERAL","link":"https:\/\/larevistadigital.com.ar\/blog\/category\/interes-general\/"},"img":{"alt_text":"","src":"https:\/\/i0.wp.com\/larevistadigital.com.ar\/blog\/wp-content\/uploads\/20240220132730_kicillof-cameron-islas-malvinas.jpg?fit=880%2C512&ssl=1&resize=350%2C200","width":350,"height":200,"srcset":"https:\/\/i0.wp.com\/larevistadigital.com.ar\/blog\/wp-content\/uploads\/20240220132730_kicillof-cameron-islas-malvinas.jpg?fit=880%2C512&ssl=1&resize=350%2C200 1x, https:\/\/i0.wp.com\/larevistadigital.com.ar\/blog\/wp-content\/uploads\/20240220132730_kicillof-cameron-islas-malvinas.jpg?fit=880%2C512&ssl=1&resize=525%2C300 1.5x, https:\/\/i0.wp.com\/larevistadigital.com.ar\/blog\/wp-content\/uploads\/20240220132730_kicillof-cameron-islas-malvinas.jpg?fit=880%2C512&ssl=1&resize=700%2C400 2x"},"classes":[]},{"id":9815,"url":"https:\/\/larevistadigital.com.ar\/blog\/castelli-el-recuerdo-vivo-de-malvinas\/","url_meta":{"origin":47149,"position":2},"title":"CASTELLI: EL RECUERDO VIVO DE MALVINAS","author":"Alejandro Sosa Ruda","date":"24 abril, 2019","format":false,"excerpt":"Mientras transitamos el mes de abril, desde el Municipio continuamos conmemorando un nuevo aniversario de la guerra de Malvinas. En este marco, se desarrollaron charlas a cargo de los integrantes de la Casa del Ex Soldado de Malvinas, miembros del regimiento de infanter\u00eda N\u00b07 de La Plata. Con la experiencia\u2026","rel":"","context":"En \u00abCASTELLI\u00bb","block_context":{"text":"CASTELLI","link":"https:\/\/larevistadigital.com.ar\/blog\/category\/castelli\/"},"img":{"alt_text":"","src":"https:\/\/i0.wp.com\/larevistadigital.com.ar\/blog\/wp-content\/uploads\/2019\/04\/58462387_1157193097783724_8173556410508902400_o.jpg?fit=1200%2C800&ssl=1&resize=350%2C200","width":350,"height":200,"srcset":"https:\/\/i0.wp.com\/larevistadigital.com.ar\/blog\/wp-content\/uploads\/2019\/04\/58462387_1157193097783724_8173556410508902400_o.jpg?fit=1200%2C800&ssl=1&resize=350%2C200 1x, https:\/\/i0.wp.com\/larevistadigital.com.ar\/blog\/wp-content\/uploads\/2019\/04\/58462387_1157193097783724_8173556410508902400_o.jpg?fit=1200%2C800&ssl=1&resize=525%2C300 1.5x, https:\/\/i0.wp.com\/larevistadigital.com.ar\/blog\/wp-content\/uploads\/2019\/04\/58462387_1157193097783724_8173556410508902400_o.jpg?fit=1200%2C800&ssl=1&resize=700%2C400 2x, https:\/\/i0.wp.com\/larevistadigital.com.ar\/blog\/wp-content\/uploads\/2019\/04\/58462387_1157193097783724_8173556410508902400_o.jpg?fit=1200%2C800&ssl=1&resize=1050%2C600 3x"},"classes":[]},{"id":32797,"url":"https:\/\/larevistadigital.com.ar\/blog\/cafiero-remarco-la-importancia-de-la-capacitacion-obligatoria-en-la-cuestion-malvinas-para-el-sector-publico\/","url_meta":{"origin":47149,"position":3},"title":"CAFIERO REMARC\u00d3 LA IMPORTANCIA DE LA CAPACITACI\u00d3N OBLIGATORIA EN LA CUESTI\u00d3N MALVINAS PARA EL SECTOR P\u00daBLICO","author":"Alejandro Sosa Ruda","date":"8 agosto, 2023","format":false,"excerpt":"El canciller\u00a0Santiago Cafiero\u00a0particip\u00f3 hoy en el Palacio San Mart\u00edn de la jornada de intercambio de la Secretar\u00eda de Malvinas, Ant\u00e1rtida y Atl\u00e1ntico Sur, que depende de la Canciller\u00eda argentina, con\u00a0organizaciones cient\u00edficas, acad\u00e9micas y de la sociedad civil especializadas en tem\u00e1ticas de soberan\u00eda, quienes dialogaron sobre los\u00a0alcances y expectativas acerca de\u2026","rel":"","context":"En \u00abINTERES GENERAL\u00bb","block_context":{"text":"INTERES GENERAL","link":"https:\/\/larevistadigital.com.ar\/blog\/category\/interes-general\/"},"img":{"alt_text":"","src":"https:\/\/i0.wp.com\/larevistadigital.com.ar\/blog\/wp-content\/uploads\/whatsapp_image_2023-08-07_at_17.54.54.jpeg?fit=1200%2C800&ssl=1&resize=350%2C200","width":350,"height":200,"srcset":"https:\/\/i0.wp.com\/larevistadigital.com.ar\/blog\/wp-content\/uploads\/whatsapp_image_2023-08-07_at_17.54.54.jpeg?fit=1200%2C800&ssl=1&resize=350%2C200 1x, https:\/\/i0.wp.com\/larevistadigital.com.ar\/blog\/wp-content\/uploads\/whatsapp_image_2023-08-07_at_17.54.54.jpeg?fit=1200%2C800&ssl=1&resize=525%2C300 1.5x, https:\/\/i0.wp.com\/larevistadigital.com.ar\/blog\/wp-content\/uploads\/whatsapp_image_2023-08-07_at_17.54.54.jpeg?fit=1200%2C800&ssl=1&resize=700%2C400 2x, https:\/\/i0.wp.com\/larevistadigital.com.ar\/blog\/wp-content\/uploads\/whatsapp_image_2023-08-07_at_17.54.54.jpeg?fit=1200%2C800&ssl=1&resize=1050%2C600 3x"},"classes":[]},{"id":25639,"url":"https:\/\/larevistadigital.com.ar\/blog\/tandil-tendra-un-concierto-de-canciones-de-rock-nacional-inspiradas-en-malvinas\/","url_meta":{"origin":47149,"position":4},"title":"TANDIL TENDR\u00c1 UN CONCIERTO DE CANCIONES DE ROCK NACIONAL INSPIRADAS EN MALVINAS","author":"Alejandro Sosa Ruda","date":"6 junio, 2022","format":false,"excerpt":"Daniela Herrero interpretar\u00e1 canciones nacionales relacionadas con Malvinas. El concierto ser\u00e1 el 10 y contar\u00e1 con artistas invitados como Ignacio Osa y Roc\u00edo Sosa. El acceso ser\u00e1 libre y gratuito. TANDIL -\u00a0 En el marco del 40\u00b0 Aniversario de la Guerra de Malvinas se llevar\u00e1 a cabo en Tandil el\u2026","rel":"","context":"En \u00abREGIONALES\u00bb","block_context":{"text":"REGIONALES","link":"https:\/\/larevistadigital.com.ar\/blog\/category\/regionales\/"},"img":{"alt_text":"","src":"https:\/\/i0.wp.com\/larevistadigital.com.ar\/blog\/wp-content\/uploads\/1654369703.jpeg?fit=848%2C477&ssl=1&resize=350%2C200","width":350,"height":200,"srcset":"https:\/\/i0.wp.com\/larevistadigital.com.ar\/blog\/wp-content\/uploads\/1654369703.jpeg?fit=848%2C477&ssl=1&resize=350%2C200 1x, https:\/\/i0.wp.com\/larevistadigital.com.ar\/blog\/wp-content\/uploads\/1654369703.jpeg?fit=848%2C477&ssl=1&resize=525%2C300 1.5x, https:\/\/i0.wp.com\/larevistadigital.com.ar\/blog\/wp-content\/uploads\/1654369703.jpeg?fit=848%2C477&ssl=1&resize=700%2C400 2x"},"classes":[]},{"id":43249,"url":"https:\/\/larevistadigital.com.ar\/blog\/chascomus-eximicion-de-tasas-municipales-para-ex-combatientes-de-malvinas\/","url_meta":{"origin":47149,"position":5},"title":"Chascom\u00fas: Eximici\u00f3n de tasas municipales para ex combatientes de Malvinas","author":"Alejandro Sosa Ruda","date":"10 enero, 2026","format":false,"excerpt":"Los vecinos alcanzados por esta eximici\u00f3n, deben presentarse antes del 18 de enero en la direcci\u00f3n de Ingresos P\u00fablicos para la firma de la declaraci\u00f3n jurada anual. 10 de enero de 2026 CHASCOM\u00daS -\u00a0 \u00a0La eximici\u00f3n de tasas otorgada comprende tasas por servicios sanitarios, por derechos de cementerio, por servicios\u2026","rel":"","context":"En \u00abCHASCOM\u00daS\u00bb","block_context":{"text":"CHASCOM\u00daS","link":"https:\/\/larevistadigital.com.ar\/blog\/category\/chascomus\/"},"img":{"alt_text":"","src":"https:\/\/i0.wp.com\/larevistadigital.com.ar\/blog\/wp-content\/uploads\/6961492118396.png?fit=668%2C445&ssl=1&resize=350%2C200","width":350,"height":200,"srcset":"https:\/\/i0.wp.com\/larevistadigital.com.ar\/blog\/wp-content\/uploads\/6961492118396.png?fit=668%2C445&ssl=1&resize=350%2C200 1x, https:\/\/i0.wp.com\/larevistadigital.com.ar\/blog\/wp-content\/uploads\/6961492118396.png?fit=668%2C445&ssl=1&resize=525%2C300 1.5x"},"classes":[]}],"_links":{"self":[{"href":"https:\/\/larevistadigital.com.ar\/blog\/wp-json\/wp\/v2\/posts\/47149","targetHints":{"allow":["GET"]}}],"collection":[{"href":"https:\/\/larevistadigital.com.ar\/blog\/wp-json\/wp\/v2\/posts"}],"about":[{"href":"https:\/\/larevistadigital.com.ar\/blog\/wp-json\/wp\/v2\/types\/post"}],"author":[{"embeddable":true,"href":"https:\/\/larevistadigital.com.ar\/blog\/wp-json\/wp\/v2\/users\/3"}],"replies":[{"embeddable":true,"href":"https:\/\/larevistadigital.com.ar\/blog\/wp-json\/wp\/v2\/comments?post=47149"}],"version-history":[{"count":1,"href":"https:\/\/larevistadigital.com.ar\/blog\/wp-json\/wp\/v2\/posts\/47149\/revisions"}],"predecessor-version":[{"id":47151,"href":"https:\/\/larevistadigital.com.ar\/blog\/wp-json\/wp\/v2\/posts\/47149\/revisions\/47151"}],"wp:featuredmedia":[{"embeddable":true,"href":"https:\/\/larevistadigital.com.ar\/blog\/wp-json\/wp\/v2\/media\/47150"}],"wp:attachment":[{"href":"https:\/\/larevistadigital.com.ar\/blog\/wp-json\/wp\/v2\/media?parent=47149"}],"wp:term":[{"taxonomy":"category","embeddable":true,"href":"https:\/\/larevistadigital.com.ar\/blog\/wp-json\/wp\/v2\/categories?post=47149"},{"taxonomy":"post_tag","embeddable":true,"href":"https:\/\/larevistadigital.com.ar\/blog\/wp-json\/wp\/v2\/tags?post=47149"}],"curies":[{"name":"wp","href":"https:\/\/api.w.org\/{rel}","templated":true}]}}