{"id":47152,"date":"2026-09-03T23:33:50","date_gmt":"2026-09-04T02:33:50","guid":{"rendered":"https:\/\/larevistadigital.com.ar\/blog\/?p=47152"},"modified":"2026-09-03T23:33:50","modified_gmt":"2026-09-04T02:33:50","slug":"kicillof-cruzo-a-milei-por-su-discurso-sobre-malvinas-es-oportunista-y-electoralista","status":"publish","type":"post","link":"https:\/\/larevistadigital.com.ar\/blog\/kicillof-cruzo-a-milei-por-su-discurso-sobre-malvinas-es-oportunista-y-electoralista\/","title":{"rendered":"Kicillof cruz\u00f3 a Milei por su discurso sobre Malvinas: \u201cEs oportunista y electoralista\u201d"},"content":{"rendered":"<h3 class=\"isSelectedEnd\">El gobernador bonaerense cuestion\u00f3 el mensaje que Javier Milei brind\u00f3 por cadena nacional para referirse a la soberan\u00eda argentina sobre las Islas Malvinas. Kicillof consider\u00f3 que el cambio de postura del Presidente responde a una estrategia electoral y record\u00f3 sus anteriores declaraciones sobre Margaret Thatcher.<\/h3>\n<p>03 de septiembre de 2026<\/p>\n<p class=\"isSelectedEnd\">Axel Kicillof sali\u00f3 al cruce del discurso que Javier Milei brind\u00f3 este jueves por cadena nacional y calific\u00f3 de <strong>\u201coportunista\u201d y \u201celectoralista\u201d<\/strong> el giro del Presidente en torno a la cuesti\u00f3n Malvinas.<\/p>\n<blockquote>\n<h3 class=\"isSelectedEnd\">El gobernador bonaerense comparti\u00f3 en sus redes sociales una publicaci\u00f3n de su ministro de Gobierno, Carlos Bianco, quien cuestion\u00f3 la oportunidad del mensaje presidencial y vincul\u00f3 el nuevo posicionamiento de Milei con el escenario pol\u00edtico de cara a las elecciones de 2027.<\/h3>\n<\/blockquote>\n<p class=\"isSelectedEnd\">La cr\u00edtica se produce luego de que Milei convocara durante su discurso a toda la dirigencia pol\u00edtica a dejar de lado las diferencias y conformar un \u201cfrente com\u00fan\u201d para defender el reclamo argentino sobre las islas.<\/p>\n<h3><span style=\"color: #ff0000\">El antecedente que vuelve al centro de la discusi\u00f3n<\/span><\/h3>\n<p class=\"isSelectedEnd\">El argumento utilizado por el kirchnerismo para cuestionar al Presidente apunta especialmente a sus declaraciones de 2023, durante el debate presidencial frente a Sergio Massa.<\/p>\n<blockquote>\n<h3 class=\"isSelectedEnd\">En aquella oportunidad, Milei hab\u00eda definido a <strong>Margaret Thatcher como \u201cuna gran l\u00edder de la humanidad\u201d<\/strong>, pese a que la ex primera ministra brit\u00e1nica encabez\u00f3 el gobierno del Reino Unido durante la Guerra de Malvinas.<\/h3>\n<\/blockquote>\n<p class=\"isSelectedEnd\">Adem\u00e1s, en aquel debate hab\u00eda sostenido: <strong>\u201cNos toc\u00f3 una guerra y esa guerra la perdimos\u201d<\/strong>.<\/p>\n<blockquote>\n<h3 class=\"isSelectedEnd\">Ahora, tres a\u00f1os despu\u00e9s, el Presidente coloc\u00f3 nuevamente la soberan\u00eda sobre las islas en el centro de su discurso, anunci\u00f3 medidas contra empresas vinculadas con la explotaci\u00f3n de hidrocarburos en la zona y llam\u00f3 a la oposici\u00f3n a acompa\u00f1ar el reclamo argentino.<\/h3>\n<\/blockquote>\n<p class=\"isSelectedEnd\">El contraste entre ambas posiciones se convirti\u00f3 r\u00e1pidamente en uno de los principales argumentos utilizados por sus cr\u00edticos.<\/p>\n<h3><span style=\"color: #ff0000\">Una disputa pol\u00edtica que reci\u00e9n comienza<\/span><\/h3>\n<p class=\"isSelectedEnd\">La reacci\u00f3n de Kicillof muestra que el llamado a la unidad realizado por Milei no fue recibido de la misma manera por todos los sectores pol\u00edticos.<\/p>\n<blockquote>\n<h3 class=\"isSelectedEnd\">Mientras el Gobierno sostiene que Malvinas constituye una <strong>causa nacional que debe estar por encima de las diferencias partidarias<\/strong>, desde el peronismo bonaerense cuestionan la oportunidad del mensaje y ponen el foco en el cambio de postura presidencial.<\/h3>\n<\/blockquote>\n<p class=\"isSelectedEnd\">As\u00ed, una cuesti\u00f3n hist\u00f3ricamente transversal como el reclamo por la soberan\u00eda de las Islas Malvinas volvi\u00f3 a quedar atravesada por la disputa pol\u00edtica interna.<\/p>\n<blockquote>\n<h3 class=\"isSelectedEnd\">Y el debate promete continuar: <strong>\u00bfse trata de un cambio genuino en la pol\u00edtica de Milei sobre Malvinas o de una decisi\u00f3n vinculada al nuevo escenario pol\u00edtico y electoral?<\/strong><\/h3>\n<\/blockquote>\n<p class=\"isSelectedEnd\">Por ahora, Kicillof ya dej\u00f3 clara su respuesta.<\/p>\n<p><strong>Fuente: MinutoUno.<\/strong><\/p>\n","protected":false},"excerpt":{"rendered":"<div class=\"mh-excerpt\"><p>El gobernador bonaerense cuestion\u00f3 el mensaje que Javier Milei brind\u00f3 por cadena nacional para referirse a la soberan\u00eda argentina sobre las Islas Malvinas. Kicillof consider\u00f3 que el cambio de postura del Presidente responde a una <a class=\"mh-excerpt-more\" href=\"https:\/\/larevistadigital.com.ar\/blog\/kicillof-cruzo-a-milei-por-su-discurso-sobre-malvinas-es-oportunista-y-electoralista\/\" title=\"Kicillof cruz\u00f3 a Milei por su discurso sobre Malvinas: \u201cEs oportunista y electoralista\u201d\">[Leer M\u00e1s]<\/a><\/p>\n<\/div>","protected":false},"author":3,"featured_media":47153,"comment_status":"open","ping_status":"open","sticky":false,"template":"","format":"standard","meta":{"_jetpack_memberships_contains_paid_content":false,"footnotes":"","jetpack_publicize_message":"","jetpack_publicize_feature_enabled":true,"jetpack_social_post_already_shared":true,"jetpack_social_options":{"image_generator_settings":{"template":"highway","default_image_id":0,"font":"","enabled":false},"version":2}},"categories":[50,12],"tags":[],"class_list":{"0":"post-47152","1":"post","2":"type-post","3":"status-publish","4":"format-standard","5":"has-post-thumbnail","7":"category-interes-general","8":"category-politica"},"jetpack_publicize_connections":[],"jetpack_featured_media_url":"https:\/\/i0.wp.com\/larevistadigital.com.ar\/blog\/wp-content\/uploads\/Captura-de-pantalla-2026-09-03-233248.jpg?fit=602%2C450&ssl=1","jetpack_sharing_enabled":true,"jetpack_shortlink":"https:\/\/wp.me\/p8qtrQ-cgw","jetpack-related-posts":[{"id":47149,"url":"https:\/\/larevistadigital.com.ar\/blog\/milei-hablo-por-cadena-nacional-y-anuncio-medidas-por-malvinas-pidio-un-frente-comun-a-toda-la-politica\/","url_meta":{"origin":47152,"position":0},"title":"Milei habl\u00f3 por cadena nacional y anunci\u00f3 medidas por Malvinas: pidi\u00f3 un frente com\u00fan a toda la pol\u00edtica","author":"Alejandro Sosa Ruda","date":"3 septiembre, 2026","format":false,"excerpt":"El Presidente brind\u00f3 este jueves un mensaje de unos minutos desde el Sal\u00f3n Blanco de la Casa Rosada, centrado en el reclamo argentino por las Islas Malvinas. Anunci\u00f3 decretos, anticip\u00f3 un proyecto de ley y convoc\u00f3 a toda la dirigencia pol\u00edtica a dejar de lado las diferencias para sostener una\u2026","rel":"","context":"En \u00abINTERES GENERAL\u00bb","block_context":{"text":"INTERES GENERAL","link":"https:\/\/larevistadigital.com.ar\/blog\/category\/interes-general\/"},"img":{"alt_text":"","src":"https:\/\/i0.wp.com\/larevistadigital.com.ar\/blog\/wp-content\/uploads\/Captura-de-pantalla-2026-09-03-231817.jpg?fit=953%2C408&ssl=1&resize=350%2C200","width":350,"height":200,"srcset":"https:\/\/i0.wp.com\/larevistadigital.com.ar\/blog\/wp-content\/uploads\/Captura-de-pantalla-2026-09-03-231817.jpg?fit=953%2C408&ssl=1&resize=350%2C200 1x, https:\/\/i0.wp.com\/larevistadigital.com.ar\/blog\/wp-content\/uploads\/Captura-de-pantalla-2026-09-03-231817.jpg?fit=953%2C408&ssl=1&resize=525%2C300 1.5x, https:\/\/i0.wp.com\/larevistadigital.com.ar\/blog\/wp-content\/uploads\/Captura-de-pantalla-2026-09-03-231817.jpg?fit=953%2C408&ssl=1&resize=700%2C400 2x"},"classes":[]},{"id":43824,"url":"https:\/\/larevistadigital.com.ar\/blog\/encuesta-cual-es-la-imagen-de-axel-kicillof-y-javier-milei-en-cada-provincia\/","url_meta":{"origin":47152,"position":1},"title":"Encuesta: cu\u00e1l es la imagen de Axel Kicillof y Javier Milei en cada provincia","author":"Alejandro Sosa Ruda","date":"6 febrero, 2026","format":false,"excerpt":"Una nueva encuesta revela c\u00f3mo miden Javier Milei y Axel Kicillof en cada provincia. D\u00f3nde gana cada uno y qu\u00e9 distritos marcan la diferencia. 6 de febrero de 2026 Una nueva\u00a0encuesta nacional\u00a0volvi\u00f3 a poner el foco en el mapa pol\u00edtico argentino. La consultora\u00a0CG Global Data\u00a0present\u00f3 un estudio que midi\u00f3 la\u2026","rel":"","context":"En \u00abINTERES GENERAL\u00bb","block_context":{"text":"INTERES GENERAL","link":"https:\/\/larevistadigital.com.ar\/blog\/category\/interes-general\/"},"img":{"alt_text":"","src":"https:\/\/i0.wp.com\/larevistadigital.com.ar\/blog\/wp-content\/uploads\/Captura-de-pantalla-2026-02-06-141759.jpg?fit=802%2C530&ssl=1&resize=350%2C200","width":350,"height":200,"srcset":"https:\/\/i0.wp.com\/larevistadigital.com.ar\/blog\/wp-content\/uploads\/Captura-de-pantalla-2026-02-06-141759.jpg?fit=802%2C530&ssl=1&resize=350%2C200 1x, https:\/\/i0.wp.com\/larevistadigital.com.ar\/blog\/wp-content\/uploads\/Captura-de-pantalla-2026-02-06-141759.jpg?fit=802%2C530&ssl=1&resize=525%2C300 1.5x, https:\/\/i0.wp.com\/larevistadigital.com.ar\/blog\/wp-content\/uploads\/Captura-de-pantalla-2026-02-06-141759.jpg?fit=802%2C530&ssl=1&resize=700%2C400 2x"},"classes":[]},{"id":45506,"url":"https:\/\/larevistadigital.com.ar\/blog\/kicillof-senalo-a-milei-y-la-cascada-de-adorni-y-dejo-un-guino-politico-hacia-el-2027\/","url_meta":{"origin":47152,"position":2},"title":"Kicillof se\u00f1al\u00f3 a Milei y \u201cla cascada\u201d de Adorni y dej\u00f3 un gui\u00f1o pol\u00edtico hacia el 2027","author":"Alejandro Sosa Ruda","date":"6 mayo, 2026","format":false,"excerpt":"El gobernador apunt\u00f3 contra el Gobierno por la suba de combustibles y desliz\u00f3 cr\u00edticas que reavivan la tensi\u00f3n con la Casa Rosada y el caso Adorni. 06 de mayo de 2026 El gobernador bonaerense\u00a0Axel Kicillof\u00a0lanz\u00f3 un duro comunicado en la red X contra el presidente\u00a0Javier Milei, en medio de la\u2026","rel":"","context":"En \u00abPOLITICA\u00bb","block_context":{"text":"POLITICA","link":"https:\/\/larevistadigital.com.ar\/blog\/category\/politica\/"},"img":{"alt_text":"","src":"https:\/\/i0.wp.com\/larevistadigital.com.ar\/blog\/wp-content\/uploads\/Captura-de-pantalla-2026-05-06-143624.jpg?fit=874%2C456&ssl=1&resize=350%2C200","width":350,"height":200,"srcset":"https:\/\/i0.wp.com\/larevistadigital.com.ar\/blog\/wp-content\/uploads\/Captura-de-pantalla-2026-05-06-143624.jpg?fit=874%2C456&ssl=1&resize=350%2C200 1x, https:\/\/i0.wp.com\/larevistadigital.com.ar\/blog\/wp-content\/uploads\/Captura-de-pantalla-2026-05-06-143624.jpg?fit=874%2C456&ssl=1&resize=525%2C300 1.5x, https:\/\/i0.wp.com\/larevistadigital.com.ar\/blog\/wp-content\/uploads\/Captura-de-pantalla-2026-05-06-143624.jpg?fit=874%2C456&ssl=1&resize=700%2C400 2x"},"classes":[]},{"id":46080,"url":"https:\/\/larevistadigital.com.ar\/blog\/a-un-ano-de-la-condena-kicillof-afirmo-que-cristina-kirchner-esta-injustamente-detenida\/","url_meta":{"origin":47152,"position":3},"title":"A un a\u00f1o de la condena, Kicillof afirm\u00f3 que Cristina Kirchner est\u00e1 \u201cinjustamente detenida\u201d","author":"Alejandro Sosa Ruda","date":"10 junio, 2026","format":false,"excerpt":"El gobernador bonaerense public\u00f3 un mensaje a un a\u00f1o de que la Corte confirmara la condena contra la expresidenta. Denunci\u00f3 una persecuci\u00f3n judicial y pol\u00edtica, y acus\u00f3 a Javier Milei de alimentar un clima de odio. 10 de junio de 2026 El gobernador bonaerense, Axel Kicillof, volvi\u00f3 a defender a\u2026","rel":"","context":"En \u00abINTERES GENERAL\u00bb","block_context":{"text":"INTERES GENERAL","link":"https:\/\/larevistadigital.com.ar\/blog\/category\/interes-general\/"},"img":{"alt_text":"","src":"https:\/\/i0.wp.com\/larevistadigital.com.ar\/blog\/wp-content\/uploads\/Captura-de-pantalla-2026-06-10-113501.jpg?fit=739%2C524&ssl=1&resize=350%2C200","width":350,"height":200,"srcset":"https:\/\/i0.wp.com\/larevistadigital.com.ar\/blog\/wp-content\/uploads\/Captura-de-pantalla-2026-06-10-113501.jpg?fit=739%2C524&ssl=1&resize=350%2C200 1x, https:\/\/i0.wp.com\/larevistadigital.com.ar\/blog\/wp-content\/uploads\/Captura-de-pantalla-2026-06-10-113501.jpg?fit=739%2C524&ssl=1&resize=525%2C300 1.5x, https:\/\/i0.wp.com\/larevistadigital.com.ar\/blog\/wp-content\/uploads\/Captura-de-pantalla-2026-06-10-113501.jpg?fit=739%2C524&ssl=1&resize=700%2C400 2x"},"classes":[]},{"id":42823,"url":"https:\/\/larevistadigital.com.ar\/blog\/kicillof-tilda-a-milei-y-caputo-de-endeudadores-seriales-y-promete-no-dejarles-rematar-el-pais\/","url_meta":{"origin":47152,"position":4},"title":"Kicillof tilda a Milei y Caputo de \u201cendeudadores seriales\u201d y promete no dejarles \u201crematar el pa\u00eds\u201d","author":"Alejandro Sosa Ruda","date":"10 diciembre, 2025","format":false,"excerpt":"El gobernador cuestion\u00f3 las restricciones de la naci\u00f3n a la ley de financiamiento provincial, asegurando que los fondos solo cubren el roll over de vencimientos de deuda de Vidal. 10 De Diciembre de 2025 El gobernador de la provincia de Buenos Aires,\u00a0Axel Kicillof, elev\u00f3 el tono de su confrontaci\u00f3n con\u2026","rel":"","context":"En \u00abPOLITICA PROVINCIAL\u00bb","block_context":{"text":"POLITICA PROVINCIAL","link":"https:\/\/larevistadigital.com.ar\/blog\/category\/politica\/politica-provincial\/"},"img":{"alt_text":"","src":"https:\/\/i0.wp.com\/larevistadigital.com.ar\/blog\/wp-content\/uploads\/20251210104723_20251208172729-axel-kicillof-luis-caputo-deuda-provincia.jpg?fit=880%2C512&ssl=1&resize=350%2C200","width":350,"height":200,"srcset":"https:\/\/i0.wp.com\/larevistadigital.com.ar\/blog\/wp-content\/uploads\/20251210104723_20251208172729-axel-kicillof-luis-caputo-deuda-provincia.jpg?fit=880%2C512&ssl=1&resize=350%2C200 1x, https:\/\/i0.wp.com\/larevistadigital.com.ar\/blog\/wp-content\/uploads\/20251210104723_20251208172729-axel-kicillof-luis-caputo-deuda-provincia.jpg?fit=880%2C512&ssl=1&resize=525%2C300 1.5x, https:\/\/i0.wp.com\/larevistadigital.com.ar\/blog\/wp-content\/uploads\/20251210104723_20251208172729-axel-kicillof-luis-caputo-deuda-provincia.jpg?fit=880%2C512&ssl=1&resize=700%2C400 2x"},"classes":[]},{"id":34280,"url":"https:\/\/larevistadigital.com.ar\/blog\/kicillof-puso-en-duda-la-credibilidad-de-milei-venia-a-terminar-con-la-castra-y-ahora-son-parte-de-su-acuerdo\/","url_meta":{"origin":47152,"position":5},"title":"KICILLOF PUSO EN DUDA LA CREDIBILIDAD DE MILEI: \u00abVEN\u00cdA A TERMINAR CON LA CASTRA Y AHORA SON PARTE DE SU ACUERDO\u00bb","author":"Alejandro Sosa Ruda","date":"31 octubre, 2023","format":false,"excerpt":"El gobernador bonaerense dio su opini\u00f3n sobre el pacto realizado por Mauricio Macri y el l\u00edder de La Libertad Avanza, donde destac\u00f3 que tienen \u201cun solo proyecto\u201d. Asimismo, destac\u00f3 que el triunfo de la oposici\u00f3n ser\u00eda \u201cmuy desfavorable\u201d para la producci\u00f3n de la Provincia. 31 De Octubre de 2023 El\u2026","rel":"","context":"En \u00abDESTACADAS\u00bb","block_context":{"text":"DESTACADAS","link":"https:\/\/larevistadigital.com.ar\/blog\/category\/destacadas\/"},"img":{"alt_text":"","src":"https:\/\/i0.wp.com\/larevistadigital.com.ar\/blog\/wp-content\/uploads\/Captura-de-pantalla-2023-10-31-141103.png?fit=643%2C338&ssl=1&resize=350%2C200","width":350,"height":200,"srcset":"https:\/\/i0.wp.com\/larevistadigital.com.ar\/blog\/wp-content\/uploads\/Captura-de-pantalla-2023-10-31-141103.png?fit=643%2C338&ssl=1&resize=350%2C200 1x, https:\/\/i0.wp.com\/larevistadigital.com.ar\/blog\/wp-content\/uploads\/Captura-de-pantalla-2023-10-31-141103.png?fit=643%2C338&ssl=1&resize=525%2C300 1.5x"},"classes":[]}],"_links":{"self":[{"href":"https:\/\/larevistadigital.com.ar\/blog\/wp-json\/wp\/v2\/posts\/47152","targetHints":{"allow":["GET"]}}],"collection":[{"href":"https:\/\/larevistadigital.com.ar\/blog\/wp-json\/wp\/v2\/posts"}],"about":[{"href":"https:\/\/larevistadigital.com.ar\/blog\/wp-json\/wp\/v2\/types\/post"}],"author":[{"embeddable":true,"href":"https:\/\/larevistadigital.com.ar\/blog\/wp-json\/wp\/v2\/users\/3"}],"replies":[{"embeddable":true,"href":"https:\/\/larevistadigital.com.ar\/blog\/wp-json\/wp\/v2\/comments?post=47152"}],"version-history":[{"count":1,"href":"https:\/\/larevistadigital.com.ar\/blog\/wp-json\/wp\/v2\/posts\/47152\/revisions"}],"predecessor-version":[{"id":47154,"href":"https:\/\/larevistadigital.com.ar\/blog\/wp-json\/wp\/v2\/posts\/47152\/revisions\/47154"}],"wp:featuredmedia":[{"embeddable":true,"href":"https:\/\/larevistadigital.com.ar\/blog\/wp-json\/wp\/v2\/media\/47153"}],"wp:attachment":[{"href":"https:\/\/larevistadigital.com.ar\/blog\/wp-json\/wp\/v2\/media?parent=47152"}],"wp:term":[{"taxonomy":"category","embeddable":true,"href":"https:\/\/larevistadigital.com.ar\/blog\/wp-json\/wp\/v2\/categories?post=47152"},{"taxonomy":"post_tag","embeddable":true,"href":"https:\/\/larevistadigital.com.ar\/blog\/wp-json\/wp\/v2\/tags?post=47152"}],"curies":[{"name":"wp","href":"https:\/\/api.w.org\/{rel}","templated":true}]}}