{"id":47158,"date":"2026-09-04T11:35:51","date_gmt":"2026-09-04T14:35:51","guid":{"rendered":"https:\/\/larevistadigital.com.ar\/blog\/?p=47158"},"modified":"2026-09-04T15:48:12","modified_gmt":"2026-09-04T18:48:12","slug":"subsidios-de-luz-y-gas-hay-60-dias-para-actualizar-datos-o-se-puede-perder-el-beneficio","status":"publish","type":"post","link":"https:\/\/larevistadigital.com.ar\/blog\/subsidios-de-luz-y-gas-hay-60-dias-para-actualizar-datos-o-se-puede-perder-el-beneficio\/","title":{"rendered":"Subsidios de luz y gas: hay 60 d\u00edas para actualizar datos o se puede perder el beneficio"},"content":{"rendered":"<div class=\"relative basis-auto flex-col -mb-(--composer-overlap-px) pb-(--composer-overlap-px) [--composer-overlap-px:28px] grow flex\">\n<div class=\"flex min-h-0 grow flex-col text-sm\">\n<div class=\"qMYqUG_convSearchResultHighlightRoot\">\n<div class=\"\" data-turn-id-container=\"request-6a887672-ff24-83e9-9cf9-8eaa40d5bb2d-0\" data-is-intersecting=\"true\">\n<section class=\"text-token-text-primary w-full focus:outline-none has-data-writing-block:pointer-events-none [&amp;:has([data-writing-block])&gt;*]:pointer-events-auto R6Vx5W_threadScrollVars scroll-mb-[calc(var(--scroll-root-safe-area-inset-bottom,0px)+var(--thread-response-height))] scroll-mt-[calc(var(--header-height)+min(200px,max(70px,20svh)))]\" dir=\"auto\" data-turn-id=\"request-6a887672-ff24-83e9-9cf9-8eaa40d5bb2d-0\" data-turn-id-container=\"request-6a887672-ff24-83e9-9cf9-8eaa40d5bb2d-0\" data-testid=\"conversation-turn-12\" data-turn=\"assistant\">\n<div class=\"text-base my-auto mx-auto pb-3 [--thread-content-margin:var(--thread-content-margin-xs,calc(var(--spacing)*4))] @w-sm\/main:[--thread-content-margin:var(--thread-content-margin-sm,calc(var(--spacing)*6))] @w-lg\/main:[--thread-content-margin:var(--thread-content-margin-lg,calc(var(--spacing)*16))] px-(--thread-content-margin)\">\n<div class=\"[--thread-content-max-width:40rem] @w-lg\/main:[--thread-content-max-width:48rem] mx-auto max-w-(--thread-content-max-width) flex-1 group\/turn-messages focus-visible:outline-hidden relative flex w-full min-w-0 flex-col agent-turn\" data-conversation-screenshot-content=\"\">\n<div class=\"flex max-w-full flex-col gap-4 grow\">\n<div class=\"min-h-8 text-message relative flex w-full flex-col items-end gap-2 text-start break-words whitespace-normal outline-none keyboard-focused:focus-ring [.text-message+&amp;]:mt-1\" dir=\"auto\" data-message-author-role=\"assistant\" data-message-id=\"116f9027-42aa-4bbb-985f-8b0d742dbf1f\" data-turn-start-message=\"true\" data-message-model-slug=\"gpt-5-6\">\n<div class=\"flex w-full flex-col gap-1 empty:hidden\">\n<div class=\"markdown prose dark:prose-invert wrap-break-word w-full light markdown-new-styling\">\n<h3 class=\"PDq2pG_selectionAnchorContainer\" data-start=\"92\" data-end=\"377\">El Gobierno nacional revisar\u00e1 las solicitudes de subsidios energ\u00e9ticos que llevan m\u00e1s de un a\u00f1o sin poder ser vinculadas con un suministro de electricidad o gas. Los usuarios alcanzados ser\u00e1n notificados y tendr\u00e1n 60 d\u00edas corridos para corregir o actualizar la informaci\u00f3n.<\/h3>\n<p data-start=\"92\" data-end=\"377\">04 de septiembre de 2026<\/p>\n<p data-start=\"379\" data-end=\"506\">El Gobierno nacional comenz\u00f3 una revisi\u00f3n de los registros de beneficiarios de los <strong data-start=\"462\" data-end=\"505\">Subsidios Energ\u00e9ticos Focalizados (SEF)<\/strong>.<\/p>\n<p data-start=\"508\" data-end=\"649\">La medida alcanza a solicitudes que, despu\u00e9s de un a\u00f1o, todav\u00eda no pudieron ser vinculadas con un suministro de electricidad o gas por redes.<\/p>\n<p data-start=\"651\" data-end=\"800\">Seg\u00fan la nueva disposici\u00f3n, los usuarios involucrados <strong data-start=\"705\" data-end=\"726\">ser\u00e1n notificados<\/strong> y tendr\u00e1n un plazo de <strong data-start=\"749\" data-end=\"769\">60 d\u00edas corridos<\/strong> para regularizar su situaci\u00f3n.<\/p>\n<h3 data-section-id=\"1txsgr9\" data-start=\"802\" data-end=\"833\"><span style=\"color: #ff0000\">\u00bfQu\u00e9 datos deber\u00e1n revisar?<\/span><\/h3>\n<p data-start=\"835\" data-end=\"925\">La actualizaci\u00f3n busca detectar posibles errores o informaci\u00f3n incompleta relacionada con:<\/p>\n<ul data-start=\"927\" data-end=\"1051\">\n<li data-section-id=\"1nbsp1h\" data-start=\"927\" data-end=\"946\">Datos personales.<\/li>\n<li data-section-id=\"trg6i1\" data-start=\"947\" data-end=\"959\">Domicilio.<\/li>\n<li data-section-id=\"xho5bt\" data-start=\"960\" data-end=\"983\">N\u00famero de suministro.<\/li>\n<li data-section-id=\"wp2ee5\" data-start=\"984\" data-end=\"1051\">Informaci\u00f3n necesaria para identificar correctamente el servicio.<\/li>\n<\/ul>\n<p data-start=\"1053\" data-end=\"1215\">Si la informaci\u00f3n no es corregida dentro del plazo establecido, <strong data-start=\"1117\" data-end=\"1176\">la solicitud ser\u00e1 dada de baja del r\u00e9gimen de subsidios<\/strong>.<\/p>\n<h3 data-section-id=\"rt3125\" data-start=\"1217\" data-end=\"1246\"><span style=\"color: #ff0000\">\u00bfA qu\u00e9 servicios alcanza?<\/span><\/h3>\n<p data-start=\"1248\" data-end=\"1270\">La revisi\u00f3n comprende:<\/p>\n<ul data-start=\"1272\" data-end=\"1349\">\n<li data-section-id=\"8wvxd9\" data-start=\"1272\" data-end=\"1287\">Electricidad.<\/li>\n<li data-section-id=\"xb6rsa\" data-start=\"1288\" data-end=\"1312\">Gas natural por redes.<\/li>\n<li data-section-id=\"1ffto6a\" data-start=\"1313\" data-end=\"1349\">Gas propano distribuido por redes.<\/li>\n<\/ul>\n<p data-start=\"1351\" data-end=\"1468\">En cambio, <strong data-start=\"1362\" data-end=\"1429\">el procedimiento no alcanza al gas licuado envasado en garrafas<\/strong>.<\/p>\n<h3 data-section-id=\"1g3dk68\" data-start=\"1470\" data-end=\"1503\"><span style=\"color: #ff0000\">Un nuevo sistema de subsidios<\/span><\/h3>\n<p data-start=\"1505\" data-end=\"1653\">La medida se enmarca en el nuevo esquema de <strong data-start=\"1549\" data-end=\"1592\">Subsidios Energ\u00e9ticos Focalizados (SEF)<\/strong>, que reemplaz\u00f3 al anterior sistema de segmentaci\u00f3n del RASE.<\/p>\n<p data-start=\"1655\" data-end=\"1906\">El nuevo r\u00e9gimen utiliza el <strong data-start=\"1683\" data-end=\"1740\">Registro de Subsidios Energ\u00e9ticos Focalizados (ReSEF)<\/strong> y permite a los usuarios actualizar informaci\u00f3n sobre su grupo familiar y los servicios para los cuales necesitan el beneficio.<\/p>\n<p data-start=\"1908\" data-end=\"2072\">Por eso, para quienes reciban una notificaci\u00f3n, el plazo de 60 d\u00edas ser\u00e1 clave: <strong data-start=\"1988\" data-end=\"2072\">no actualizar los datos podr\u00eda significar quedar fuera del r\u00e9gimen de subsidios.<\/strong><\/p>\n<p data-start=\"1908\" data-end=\"2072\">Para actualizar o corregir tus datos y no perder los subsidios a la luz y el gas, deb\u00e9s <mark class=\"MAeH\" data-sfc-root=\"ep\" data-wiz-uids=\"rfX9Jc_p\" data-ved=\"2ahUKEwiYmZbyytWWAxXugWEGHWJbHwYQu4cTegoIAggACAAICRAB\" data-complete=\"true\" data-sfc-inited=\"2\" data-copy-service-computed-style=\"font-family: &quot;Google Sans&quot;, Arial, sans-serif; font-size: 16px; font-weight: 500; margin: 0px; text-decoration: none; border-bottom: 0px rgb(0, 29, 53);\"><!--qkimaf rfX9Jc_o\/HugV6--><!--cqw1tb rfX9Jc_o\/HugV6-->ingresar a la web oficial <span class=\"\" data-sfc-cp=\"\" data-sfc-root=\"ep\" data-complete=\"true\" data-sfc-inited=\"2\" data-copy-service-computed-style=\"font-family: &quot;Google Sans&quot;, Arial, sans-serif; font-size: 16px; font-weight: 500; margin: 0px; text-decoration: none; border-bottom: 0px rgb(0, 29, 53);\"><a class=\"H23r4e\" href=\"https:\/\/www.argentina.gob.ar\/subsidios\" target=\"_blank\" rel=\"noopener\" data-ved=\"2ahUKEwiYmZbyytWWAxXugWEGHWJbHwYQy_kOegoIAggACAAICRAC\" data-hveid=\"CAIIAAgACAkQAg\" aria-label=\"Argentina.gob.ar\/subsidios. Vista previa del v\u00ednculo. Sitio: Argentina.gob.ar. T\u00edtulo: Subsidios Energ\u00e9ticos Focalizados (SEF) - Argentina.gob.ar. URL: https:\/\/www.argentina.gob.ar\/subsidios.\" data-copy-service-computed-style=\"font-family: &quot;Google Sans&quot;, Arial, sans-serif; font-size: 16px; font-weight: 500; margin: 0px; text-decoration: underline 1px rgb(26, 13, 171); border-bottom: 0px rgb(26, 13, 171);\">Argentina.gob.ar\/subsidios<\/a><!--TgQPHd|||[[&quot;https:\/\/www.argentina.gob.ar\/subsidios&quot;,null,null,[null,null,null,null,null,null,null,null,null,null,null,null,null,null,null,[{&quot;1218&quot;:[16,null,null,null,[1]]}]],16,null,&quot;Subsidios Energ\u00e9ticos Focalizados (SEF) - Argentina.gob.ar&quot;,&quot;Conoc\u00e9 c\u00f3mo acceder a los subsidios para usuarios residenciales de energ\u00eda el\u00e9ctrica, gas natural, garrafa (GLP de 10 kg) y gas propano por redes.&quot;,&quot;https:\/\/encrypted-tbn2.gstatic.com\/images?q\\u003dtbn:ANd9GcRR6kKN6OPH4CgTX6JTq0TGIEySaY5KLTV7Iyul8Obbq5Ql5mI8C4Q0k2AwzWCMj0gPa_p3D2hH10s3FvA&quot;,&quot;Argentina.gob.ar&quot;,&quot;https:\/\/encrypted-tbn2.gstatic.com\/faviconV2?url\\u003dhttps:\/\/www.argentina.gob.ar\\u0026client\\u003dAIM\\u0026size\\u003d128\\u0026type\\u003dFAVICON\\u0026fallback_opts\\u003dTYPE,SIZE,URL&quot;,[[1788547564932248,107053550,102718306],null,null,null,null,[[2,0,0,7]]],null,&quot;2afe8000-caf8-4bef-b4d1-f89eed0502ed&quot;]]--><\/span> o utilizar la aplicaci\u00f3n m\u00f3vil <strong class=\"rQesXe MPyX\" data-sfc-cp=\"\" data-sfc-root=\"ep\" data-complete=\"true\" data-copy-service-computed-style=\"font-family: &quot;Google Sans&quot;, Arial, sans-serif; font-size: 16px; font-weight: 500; margin: 0px; text-decoration: none; border-bottom: 0px rgb(0, 29, 53);\">Mi Argentina<\/strong><\/mark><\/p>\n<p data-start=\"2074\" data-end=\"2191\" data-is-last-node=\"\" data-is-only-node=\"\"><strong data-start=\"2074\" data-end=\"2151\">Fuente: La Capital de Mar del Plata y Secretar\u00eda de Energ\u00eda de la Naci\u00f3n.<\/strong><\/p>\n<\/div>\n<\/div>\n<\/div>\n<\/div>\n<div class=\"z-0 flex min-h-[46px] justify-start\"><\/div>\n<div class=\"mt-3 w-full empty:hidden has-[&gt;_:empty]:hidden\">\n<div class=\"text-center\"><\/div>\n<\/div>\n<\/div>\n<div class=\"[--thread-content-max-width:40rem] @w-lg\/main:[--thread-content-max-width:48rem] mx-auto max-w-(--thread-content-max-width) flex-1\" data-conversation-screenshot-content=\"\">\n<div><\/div>\n<\/div>\n<\/div>\n<\/section>\n<\/div>\n<\/div>\n<div class=\"pointer-events-none -mt-px h-px translate-y-(--scroll-root-safe-area-inset-bottom)\" aria-hidden=\"true\"><\/div>\n<div class=\"invisible mt-auto grid\">\n<div class=\"col-start-1 row-start-1\">\n<div class=\"pointer-events-none translate-y-(--scroll-root-safe-area-inset-bottom) R6Vx5W_threadScrollVars min-h-(--gutter-remaining-height,0px) group-data-stream-active\/scroll-root:h-[calc(var(--thread-response-height)-16*var(--spacing))]\"><\/div>\n<\/div>\n<div class=\"visible sticky bottom-(--scroll-root-safe-area-inset-bottom,0px) col-start-1 row-start-1 self-end\">\n<div class=\"\" data-testid=\"thread-disclaimer\">\n<div class=\"min-h-9 pt-2 text-center text-xs text-token-text-tertiary [view-transition-name:var(--vt-disclaimer)] pb-4 relative overflow-hidden @w-sm\/main:px-[60px]\">\n<div class=\"text-base mx-auto [--thread-content-margin:var(--thread-content-margin-xs,calc(var(--spacing)*4))] @w-sm\/main:[--thread-content-margin:var(--thread-content-margin-sm,calc(var(--spacing)*6))] @w-lg\/main:[--thread-content-margin:var(--thread-content-margin-lg,calc(var(--spacing)*16))] px-(--thread-content-margin)\">\n<div class=\"[--thread-content-max-width:40rem] @w-lg\/main:[--thread-content-max-width:48rem] mx-auto max-w-(--thread-content-max-width) flex-1\"><\/div>\n<\/div>\n<\/div>\n<\/div>\n<\/div>\n<\/div>\n<\/div>\n<\/div>\n<div id=\"thread-bottom-container\" class=\"sticky bottom-0 z-10 isolate group\/thread-bottom-container w-full basis-auto has-data-has-thread-error:pt-2 has-data-has-thread-error:[box-shadow:var(--sharp-edge-bottom-shadow)] md:border-transparent md:pt-0 dark:border-white\/20 md:dark:border-transparent print:hidden pointer-events-none [--thread-content-max-width:40rem] @w-lg\/main:[--thread-content-max-width:48rem] Ejxyja_threadFooterContentFade flex flex-col\">\n<div class=\"pointer-events-none\" data-thread-footer-overflow-spacer=\"\" data-testid=\"thread-footer-overflow-spacer\" aria-hidden=\"true\"><\/div>\n<div class=\"w-full\">\n<div class=\"text-base mx-auto [--thread-content-margin:var(--thread-content-margin-xs,calc(var(--spacing)*4))] @w-sm\/main:[--thread-content-margin:var(--thread-content-margin-sm,calc(var(--spacing)*6))] @w-lg\/main:[--thread-content-margin:var(--thread-content-margin-lg,calc(var(--spacing)*16))] px-(--thread-content-margin)\">\n<div class=\"[--thread-content-max-width:40rem] @w-lg\/main:[--thread-content-max-width:48rem] mx-auto max-w-(--thread-content-max-width) flex-1 pointer-events-auto @[53.5rem]\/main:[--thread-content-max-width:48rem] w-full\">\n<div class=\"pointer-events-auto mb-(--thread-component-gap,24px) w-full empty:hidden\"><\/div>\n<\/div>\n<\/div>\n<\/div>\n<div class=\"pointer-events-auto relative mx-auto h-0\">\n<div class=\"flex h-0 items-end justify-center motion-safe:transition-all motion-safe:delay-300 motion-safe:duration-300 group-[:not([data-scroll-from-end])]\/scroll-root:scale-50 group-[:not([data-scroll-from-end])]\/scroll-root:translate-y-2 group-[:not([data-scroll-from-end])]\/scroll-root:opacity-0 group-[:not([data-scroll-from-end])]\/scroll-root:pointer-events-none group-[:not([data-scroll-from-end])]\/scroll-root:duration-100 group-[:not([data-scroll-from-end])]\/scroll-root:delay-0 absolute start-1\/2 z-10 -translate-x-1\/2 bottom-[calc(100%+3*var(--spacing)+var(--thread-scroll-to-bottom-banner-offset,0px))]\"><\/div>\n<\/div>\n<div id=\"thread-bottom\" class=\"relative sm:group-data-[work-home-expanded]\/thread:sticky sm:group-data-[work-home-expanded]\/thread:top-[calc(var(--sticky-padding-top,0px)+var(--work-home-greeting-height,96px))] sm:group-data-[work-home-expanded]\/thread:z-10\">\n<div class=\"relative z-1\">\n<div class=\"text-base mx-auto [--thread-content-margin:var(--thread-content-margin-xs,calc(var(--spacing)*4))] @w-sm\/main:[--thread-content-margin:var(--thread-content-margin-sm,calc(var(--spacing)*6))] @w-lg\/main:[--thread-content-margin:var(--thread-content-margin-lg,calc(var(--spacing)*16))] px-(--thread-content-margin)\">\n<div>\n<div class=\"[--thread-content-max-width:40rem] @w-lg\/main:[--thread-content-max-width:48rem] mx-auto max-w-(--thread-content-max-width) flex-1 mb-(--thread-component-gap,24px) sm:group-data-[work-home-expanded]\/thread:mb-0 pointer-events-auto\">\n<div class=\"w-full\">\n<div class=\"pointer-events-auto relative z-1 flex h-(--composer-container-height,100%) max-w-full flex-(--composer-container-flex,1) flex-col\">\n<div class=\"flex justify-center empty:hidden\"><\/div>\n<div class=\"absolute start-0 end-0 bottom-full z-20\" data-prompt-textarea-header=\"\">\n<div class=\"relative h-full w-full\">\n<div class=\"mb-2 flex flex-col gap-3.5 pt-2\">\n<div>\n<aside class=\"flex w-full items-start rounded-3xl border py-4 ps-5 pe-3 text-sm [text-wrap:pretty] lg:mx-auto dark:border-transparent gap-4 shadow-xxs md:items-center border-token-border-default bg-token-bg-primary text-token-text-primary dark:bg-token-main-surface-secondary\">\n<div class=\"flex h-full w-full gap-3 md:items-center\">\n<div class=\"flex grow flex-col md:flex-row md:items-center md:justify-between md:gap-8\">\n<div class=\"flex flex-col\"><\/div>\n<div class=\"mt-2 flex min-w-fit flex-col gap-2 md:mt-0 md:items-center md:gap-4\">\n<div class=\"m-w-fit flex shrink-0 gap-2 pb-1 md:pb-0\">\n<div class=\"flex w-full flex-col gap-2 sm:flex-row sm:items-center sm:gap-3\">\n<div class=\"flex items-center justify-center\"><\/div>\n<\/div>\n<\/div>\n<\/div>\n<\/div>\n<\/div>\n<\/aside>\n<\/div>\n<\/div>\n<\/div>\n<\/div>\n<\/div>\n<\/div>\n<\/div>\n<\/div>\n<\/div>\n<\/div>\n<\/div>\n<\/div>\n","protected":false},"excerpt":{"rendered":"<div class=\"mh-excerpt\"><p>El Gobierno nacional revisar\u00e1 las solicitudes de subsidios energ\u00e9ticos que llevan m\u00e1s de un a\u00f1o sin poder ser vinculadas con un suministro de electricidad o gas. Los usuarios alcanzados ser\u00e1n notificados y tendr\u00e1n 60 d\u00edas <a class=\"mh-excerpt-more\" href=\"https:\/\/larevistadigital.com.ar\/blog\/subsidios-de-luz-y-gas-hay-60-dias-para-actualizar-datos-o-se-puede-perder-el-beneficio\/\" title=\"Subsidios de luz y gas: hay 60 d\u00edas para actualizar datos o se puede perder el beneficio\">[Leer M\u00e1s]<\/a><\/p>\n<\/div>","protected":false},"author":3,"featured_media":47159,"comment_status":"open","ping_status":"open","sticky":false,"template":"","format":"standard","meta":{"_jetpack_memberships_contains_paid_content":false,"footnotes":"","jetpack_publicize_message":"","jetpack_publicize_feature_enabled":true,"jetpack_social_post_already_shared":true,"jetpack_social_options":{"image_generator_settings":{"template":"highway","default_image_id":0,"font":"","enabled":false},"version":2}},"categories":[50],"tags":[],"class_list":{"0":"post-47158","1":"post","2":"type-post","3":"status-publish","4":"format-standard","5":"has-post-thumbnail","7":"category-interes-general"},"jetpack_publicize_connections":[],"jetpack_featured_media_url":"https:\/\/i0.wp.com\/larevistadigital.com.ar\/blog\/wp-content\/uploads\/Captura-de-pantalla-2026-09-04-113454.jpg?fit=640%2C347&ssl=1","jetpack_sharing_enabled":true,"jetpack_shortlink":"https:\/\/wp.me\/p8qtrQ-cgC","jetpack-related-posts":[{"id":43504,"url":"https:\/\/larevistadigital.com.ar\/blog\/luz-y-gas-mas-caros-el-gobierno-ajusto-los-subsidios\/","url_meta":{"origin":47158,"position":0},"title":"Luz y gas m\u00e1s caros: el Gobierno ajust\u00f3 los subsidios","author":"Alejandro Sosa Ruda","date":"20 enero, 2026","format":false,"excerpt":"El Gobierno redefini\u00f3 nuevas reglas para los subsidios energ\u00e9ticos: hogares y pymes enfrentar\u00e1n tarifas m\u00e1s altas si no cumplen los criterios oficiales. 20 de enero de 2026 El Gobierno nacional avanz\u00f3 con la implementaci\u00f3n del Registro de Subsidios Energ\u00e9ticos Focalizados (ReSEF), el nuevo sistema que reemplaza la segmentaci\u00f3n tarifaria previa\u2026","rel":"","context":"En \u00abINTERES GENERAL\u00bb","block_context":{"text":"INTERES GENERAL","link":"https:\/\/larevistadigital.com.ar\/blog\/category\/interes-general\/"},"img":{"alt_text":"","src":"https:\/\/i0.wp.com\/larevistadigital.com.ar\/blog\/wp-content\/uploads\/Captura-de-pantalla-2026-01-20-194844.jpg?fit=782%2C452&ssl=1&resize=350%2C200","width":350,"height":200,"srcset":"https:\/\/i0.wp.com\/larevistadigital.com.ar\/blog\/wp-content\/uploads\/Captura-de-pantalla-2026-01-20-194844.jpg?fit=782%2C452&ssl=1&resize=350%2C200 1x, https:\/\/i0.wp.com\/larevistadigital.com.ar\/blog\/wp-content\/uploads\/Captura-de-pantalla-2026-01-20-194844.jpg?fit=782%2C452&ssl=1&resize=525%2C300 1.5x, https:\/\/i0.wp.com\/larevistadigital.com.ar\/blog\/wp-content\/uploads\/Captura-de-pantalla-2026-01-20-194844.jpg?fit=782%2C452&ssl=1&resize=700%2C400 2x"},"classes":[]},{"id":26918,"url":"https:\/\/larevistadigital.com.ar\/blog\/extienden-el-plazo-de-inscripcion-a-los-subsidios-de-la-luz-y-el-gas\/","url_meta":{"origin":47158,"position":1},"title":"EXTIENDEN EL PLAZO DE INSCRIPCI\u00d3N A LOS SUBSIDIOS DE LA LUZ Y EL GAS","author":"Alejandro Sosa Ruda","date":"1 agosto, 2022","format":false,"excerpt":"El formulario de inscripci\u00f3n va a permanecer abierto para todas aquellas personas que a\u00fan no se hayan inscripto, independientemente del n\u00famero de DNI. La Secretar\u00eda de Energ\u00eda extendi\u00f3 a partir de\u00a0este lunes el plazo del proceso de inscripci\u00f3n para acceder a los\u00a0subsidios a la energ\u00eda el\u00e9ctrica y al gas natural\u00a0que\u2026","rel":"","context":"En \u00abINTERES GENERAL\u00bb","block_context":{"text":"INTERES GENERAL","link":"https:\/\/larevistadigital.com.ar\/blog\/category\/interes-general\/"},"img":{"alt_text":"","src":"https:\/\/i0.wp.com\/larevistadigital.com.ar\/blog\/wp-content\/uploads\/Captura-de-pantalla-2022-08-01-095035.png?fit=811%2C455&ssl=1&resize=350%2C200","width":350,"height":200,"srcset":"https:\/\/i0.wp.com\/larevistadigital.com.ar\/blog\/wp-content\/uploads\/Captura-de-pantalla-2022-08-01-095035.png?fit=811%2C455&ssl=1&resize=350%2C200 1x, https:\/\/i0.wp.com\/larevistadigital.com.ar\/blog\/wp-content\/uploads\/Captura-de-pantalla-2022-08-01-095035.png?fit=811%2C455&ssl=1&resize=525%2C300 1.5x, https:\/\/i0.wp.com\/larevistadigital.com.ar\/blog\/wp-content\/uploads\/Captura-de-pantalla-2022-08-01-095035.png?fit=811%2C455&ssl=1&resize=700%2C400 2x"},"classes":[]},{"id":30536,"url":"https:\/\/larevistadigital.com.ar\/blog\/continua-abierto-el-registro-para-mantener-el-subsidio-de-luz-y-gas\/","url_meta":{"origin":47158,"position":2},"title":"CONTIN\u00daA ABIERTO EL REGISTRO PARA MANTENER EL SUBSIDIO DE LUZ Y GAS","author":"Alejandro Sosa Ruda","date":"12 marzo, 2023","format":false,"excerpt":"Para completar el formulario de inscripci\u00f3n, el usuario deber\u00e1 tener a mano su factura de luz y gas y su DNI como requisitos m\u00ednimos. Ingresando a www.argentina.gob.ar\/subsidios el tr\u00e1mite demorar\u00e1 solo unos minutos. 11 de marzo de 2023 La Secretar\u00eda de Energ\u00eda de la Naci\u00f3n contin\u00faa con los operativos territoriales\u2026","rel":"","context":"En \u00abINTERES GENERAL\u00bb","block_context":{"text":"INTERES GENERAL","link":"https:\/\/larevistadigital.com.ar\/blog\/category\/interes-general\/"},"img":{"alt_text":"","src":"https:\/\/i0.wp.com\/larevistadigital.com.ar\/blog\/wp-content\/uploads\/20230311174013_tarifa-gas.jpg?fit=880%2C512&ssl=1&resize=350%2C200","width":350,"height":200,"srcset":"https:\/\/i0.wp.com\/larevistadigital.com.ar\/blog\/wp-content\/uploads\/20230311174013_tarifa-gas.jpg?fit=880%2C512&ssl=1&resize=350%2C200 1x, https:\/\/i0.wp.com\/larevistadigital.com.ar\/blog\/wp-content\/uploads\/20230311174013_tarifa-gas.jpg?fit=880%2C512&ssl=1&resize=525%2C300 1.5x, https:\/\/i0.wp.com\/larevistadigital.com.ar\/blog\/wp-content\/uploads\/20230311174013_tarifa-gas.jpg?fit=880%2C512&ssl=1&resize=700%2C400 2x"},"classes":[]},{"id":36309,"url":"https:\/\/larevistadigital.com.ar\/blog\/quita-de-subsidios-a-los-servicios-publicos\/","url_meta":{"origin":47158,"position":3},"title":"QUITA DE SUBSIDIOS A LOS SERVICIOS P\u00daBLICOS","author":"Alejandro Sosa Ruda","date":"13 junio, 2024","format":false,"excerpt":"En sesenta d\u00edas vence el plazo para la inscripci\u00f3n en el registro de segmentaci\u00f3n energ\u00e9tica. 13 de Junio de 2024 CHASCOM\u00daS -\u00a0 Desde la oficina de OMIC informan que la Secretar\u00eda de Energ\u00eda de la Naci\u00f3n modific\u00f3 el Sistema de Subsidios a la energ\u00eda y el valor de consumo. Deber\u00e1n\u2026","rel":"","context":"En \u00abINTERES GENERAL\u00bb","block_context":{"text":"INTERES GENERAL","link":"https:\/\/larevistadigital.com.ar\/blog\/category\/interes-general\/"},"img":{"alt_text":"","src":"https:\/\/i0.wp.com\/larevistadigital.com.ar\/blog\/wp-content\/uploads\/2024_06_12_01_38_22_5964752.jpg?fit=600%2C400&ssl=1&resize=350%2C200","width":350,"height":200,"srcset":"https:\/\/i0.wp.com\/larevistadigital.com.ar\/blog\/wp-content\/uploads\/2024_06_12_01_38_22_5964752.jpg?fit=600%2C400&ssl=1&resize=350%2C200 1x, https:\/\/i0.wp.com\/larevistadigital.com.ar\/blog\/wp-content\/uploads\/2024_06_12_01_38_22_5964752.jpg?fit=600%2C400&ssl=1&resize=525%2C300 1.5x"},"classes":[]},{"id":26032,"url":"https:\/\/larevistadigital.com.ar\/blog\/te-informamos-como-sera-el-tramite-obligatorio-para-mantener-el-subsidio-en-la-luz-y-el-gas\/","url_meta":{"origin":47158,"position":4},"title":"TE INFORMAMOS C\u00d3MO SER\u00c1 EL TR\u00c1MITE OBLIGATORIO PARA MANTENER EL SUBSIDIO EN LA LUZ Y EL GAS","author":"Alejandro Sosa Ruda","date":"22 junio, 2022","format":false,"excerpt":"El gobierno nacional busca habilitar esta semana el Registro de Acceso a los Subsidios a la Energ\u00eda (RASE). La inscripci\u00f3n no excluir\u00e1 a quienes reciben prestaciones sociales ni a jubilados y pensionados. El gobierno nacional busca habilitar esta semana el\u00a0Registro de Acceso a los Subsidios a la Energ\u00eda (RASE), en\u2026","rel":"","context":"En \u00abINTERES GENERAL\u00bb","block_context":{"text":"INTERES GENERAL","link":"https:\/\/larevistadigital.com.ar\/blog\/category\/interes-general\/"},"img":{"alt_text":"","src":"https:\/\/i0.wp.com\/larevistadigital.com.ar\/blog\/wp-content\/uploads\/d801ce80351230eb46b161a56db3ac181d821e7e.jpg?fit=1140%2C641&ssl=1&resize=350%2C200","width":350,"height":200,"srcset":"https:\/\/i0.wp.com\/larevistadigital.com.ar\/blog\/wp-content\/uploads\/d801ce80351230eb46b161a56db3ac181d821e7e.jpg?fit=1140%2C641&ssl=1&resize=350%2C200 1x, https:\/\/i0.wp.com\/larevistadigital.com.ar\/blog\/wp-content\/uploads\/d801ce80351230eb46b161a56db3ac181d821e7e.jpg?fit=1140%2C641&ssl=1&resize=525%2C300 1.5x, https:\/\/i0.wp.com\/larevistadigital.com.ar\/blog\/wp-content\/uploads\/d801ce80351230eb46b161a56db3ac181d821e7e.jpg?fit=1140%2C641&ssl=1&resize=700%2C400 2x, https:\/\/i0.wp.com\/larevistadigital.com.ar\/blog\/wp-content\/uploads\/d801ce80351230eb46b161a56db3ac181d821e7e.jpg?fit=1140%2C641&ssl=1&resize=1050%2C600 3x"},"classes":[]},{"id":36244,"url":"https:\/\/larevistadigital.com.ar\/blog\/de-terror-con-la-quita-de-los-subsidios-la-luz-y-el-gas-aumentarian-mas-de-un-150\/","url_meta":{"origin":47158,"position":5},"title":"DE TERROR: CON LA QUITA DE LOS SUBSIDIOS LA LUZ Y EL GAS AUMENTAR\u00cdAN M\u00c1S DE UN 150%","author":"Alejandro Sosa Ruda","date":"5 junio, 2024","format":false,"excerpt":"El Gobierno de Javier Milei oficializ\u00f3 este mi\u00e9rcoles los detalles de la quita de subsidios a las tarifas de energ\u00eda que comenzar\u00e1 a regir en junio como parte de la transici\u00f3n hacia un nuevo esquema de asistencia. Todos los usuarios, pero sobre todo los residenciales de ingresos medios y bajos,\u2026","rel":"","context":"En \u00abINTERES GENERAL\u00bb","block_context":{"text":"INTERES GENERAL","link":"https:\/\/larevistadigital.com.ar\/blog\/category\/interes-general\/"},"img":{"alt_text":"","src":"https:\/\/i0.wp.com\/larevistadigital.com.ar\/blog\/wp-content\/uploads\/20240605175338_subsidios-tarifas-gas-luz.jpg?fit=880%2C512&ssl=1&resize=350%2C200","width":350,"height":200,"srcset":"https:\/\/i0.wp.com\/larevistadigital.com.ar\/blog\/wp-content\/uploads\/20240605175338_subsidios-tarifas-gas-luz.jpg?fit=880%2C512&ssl=1&resize=350%2C200 1x, https:\/\/i0.wp.com\/larevistadigital.com.ar\/blog\/wp-content\/uploads\/20240605175338_subsidios-tarifas-gas-luz.jpg?fit=880%2C512&ssl=1&resize=525%2C300 1.5x, https:\/\/i0.wp.com\/larevistadigital.com.ar\/blog\/wp-content\/uploads\/20240605175338_subsidios-tarifas-gas-luz.jpg?fit=880%2C512&ssl=1&resize=700%2C400 2x"},"classes":[]}],"_links":{"self":[{"href":"https:\/\/larevistadigital.com.ar\/blog\/wp-json\/wp\/v2\/posts\/47158","targetHints":{"allow":["GET"]}}],"collection":[{"href":"https:\/\/larevistadigital.com.ar\/blog\/wp-json\/wp\/v2\/posts"}],"about":[{"href":"https:\/\/larevistadigital.com.ar\/blog\/wp-json\/wp\/v2\/types\/post"}],"author":[{"embeddable":true,"href":"https:\/\/larevistadigital.com.ar\/blog\/wp-json\/wp\/v2\/users\/3"}],"replies":[{"embeddable":true,"href":"https:\/\/larevistadigital.com.ar\/blog\/wp-json\/wp\/v2\/comments?post=47158"}],"version-history":[{"count":4,"href":"https:\/\/larevistadigital.com.ar\/blog\/wp-json\/wp\/v2\/posts\/47158\/revisions"}],"predecessor-version":[{"id":47171,"href":"https:\/\/larevistadigital.com.ar\/blog\/wp-json\/wp\/v2\/posts\/47158\/revisions\/47171"}],"wp:featuredmedia":[{"embeddable":true,"href":"https:\/\/larevistadigital.com.ar\/blog\/wp-json\/wp\/v2\/media\/47159"}],"wp:attachment":[{"href":"https:\/\/larevistadigital.com.ar\/blog\/wp-json\/wp\/v2\/media?parent=47158"}],"wp:term":[{"taxonomy":"category","embeddable":true,"href":"https:\/\/larevistadigital.com.ar\/blog\/wp-json\/wp\/v2\/categories?post=47158"},{"taxonomy":"post_tag","embeddable":true,"href":"https:\/\/larevistadigital.com.ar\/blog\/wp-json\/wp\/v2\/tags?post=47158"}],"curies":[{"name":"wp","href":"https:\/\/api.w.org\/{rel}","templated":true}]}}