{"id":47161,"date":"2026-09-04T12:02:32","date_gmt":"2026-09-04T15:02:32","guid":{"rendered":"https:\/\/larevistadigital.com.ar\/blog\/?p=47161"},"modified":"2026-09-04T12:02:32","modified_gmt":"2026-09-04T15:02:32","slug":"suicidio-principal-causa-de-muerte-de-los-jovenes-en-argentina","status":"publish","type":"post","link":"https:\/\/larevistadigital.com.ar\/blog\/suicidio-principal-causa-de-muerte-de-los-jovenes-en-argentina\/","title":{"rendered":"Suicidio: Principal causa de muerte de los j\u00f3venes en Argentina"},"content":{"rendered":"<h3 class=\"excerpt\">Seg\u00fan un informe reciente del Observatorio de Pol\u00edtica Criminal (OPC), durante 2025 se registr\u00f3 la tasa m\u00e1s alta de suicidios desde 2017.<\/h3>\n<p>04 de Septiembre de 2026<\/p>\n<div id=\"miDiv1\" class=\"text\">\n<p>El estudio, titulado \u201c[ayuda] Cuando matarse aparece como una opci\u00f3n en la Argentina\u201d, analiza la evoluci\u00f3n de los suicidios entre 2017 y 2025 a partir de datos del Sistema Nacional de Informaci\u00f3n Criminal. Seg\u00fan sus resultados, la cantidad de suicidios pas\u00f3 de 3.304 casos en 2017 a 5.209 en 2025: un incremento del 57,7%, lo que supera los niveles registrados durante la crisis de 2001 y durante la \u00faltima dictadura c\u00edvico-militar.<\/p>\n<p>El informe se\u00f1ala que en la actualidad las muertes por suicidio superan a las muertes por homicidios, que desciende desde 2017; y es la principal causa de muerte en j\u00f3venes de entre 15 a 34 a\u00f1os, desplazando a los accidentes de tr\u00e1nsito que hist\u00f3ricamente fueron la principal variable de muerte en esta franja etaria.<\/p>\n<p>Adem\u00e1s, a nivel global los n\u00fameros tambi\u00e9n son alarmantes: en Argentina hay casi un 30% m\u00e1s de suicidios que el promedio mundial.<\/p>\n<p><span style=\"color: #ff0000\"><strong>Un fen\u00f3meno multifactorial<\/strong><\/span><\/p>\n<p>El suicidio no puede explicarse desde una \u00fanica causa ni desde una perspectiva determinista. En las situaciones de crisis pueden interactuar m\u00faltiples factores individuales, familiares, econ\u00f3micos y sociales.<\/p>\n<blockquote>\n<h3>Las dificultades econ\u00f3micas, el desempleo, el endeudamiento y la incertidumbre pueden profundizar situaciones de angustia y desesperanza. Pero reducir el problema exclusivamente a estas variables ser\u00eda insuficiente.<\/h3>\n<\/blockquote>\n<p>Tambi\u00e9n es necesario pensar en el debilitamiento de los v\u00ednculos, el individualismo, la ruptura de la trama social y la dificultad para encontrar espacios de escucha y contenci\u00f3n. En este sentido, las redes sociales forman parte de este escenario, promoviendo el aislamiento, la comparaci\u00f3n permanente y la construcci\u00f3n de expectativas o ideales inalcanzables. Sin embargo, tampoco deben considerarse por s\u00ed solas como una causa del suicidio.<\/p>\n<p>Por eso, la prevenci\u00f3n requiere una mirada integral que contemple tanto las condiciones materiales de vida como los v\u00ednculos, las redes comunitarias y el acceso a la atenci\u00f3n en salud mental.<\/p>\n<p><span style=\"color: #ff0000\"><strong>Desactivar el silencio<\/strong><\/span><\/p>\n<p>Frente a esta realidad, hablar es una forma de cuidado. La campa\u00f1a \u201cDesactivemos el silencio. Hablemos de lo que nos pasa\u201d busca promover la escucha activa, la empat\u00eda y el cuidado colectivo. A veces no es f\u00e1cil poner en palabras eso que nos pasa, ni va a hacer que desaparezcan autom\u00e1ticamente nuestros problemas. Pero hablar con un otro puede permitirnos compartir el peso de eso que estamos atravesando y que nos genera angustia; para encontrar nuevas perspectivas y posibilidades de ayuda.<\/p>\n<p><span style=\"color: #ff0000\"><strong>Tambi\u00e9n podemos cuidar a quienes tenemos cerca.<\/strong><\/span><\/p>\n<p>Si advert\u00eds cambios bruscos en el comportamiento de un amigo, familiar, compa\u00f1ero o alguien de tu entorno (como aislamiento, cambios repentinos de \u00e1nimo, o en su rendimiento laboral o acad\u00e9mico; expresiones reiteradas de agobio y desesperanza), es importante que prestes atenci\u00f3n.<\/p>\n<blockquote>\n<h3>El primer paso es acercarse con empat\u00eda e inter\u00e9s genuino; escuchar sin juzgar, sin minimizar lo que siente y sin presionar. Tambi\u00e9n es fundamental buscar acompa\u00f1amiento profesional y recurrir a familiares, amigos u otras personas de confianza.<\/h3>\n<\/blockquote>\n<p>Pedir ayuda no es una se\u00f1al de debilidad, es una forma de cuidado.<\/p>\n<p>Si necesit\u00e1s ayuda te pod\u00e9s comunicar al 0800-222-5462, al 107 o al 2241-409070<\/p>\n<p>Gu\u00eda de recursos y centros de atenci\u00f3n:\u00a0<a href=\"https:\/\/linktr.ee\/saludmentalysaludsinviolencias\" target=\"_self\">linktr.ee\/saludmentalysaludsinviolencias<\/a><\/p>\n<p>fuente: El Digital<\/p>\n<\/div>\n","protected":false},"excerpt":{"rendered":"<div class=\"mh-excerpt\"><p>Seg\u00fan un informe reciente del Observatorio de Pol\u00edtica Criminal (OPC), durante 2025 se registr\u00f3 la tasa m\u00e1s alta de suicidios desde 2017. 04 de Septiembre de 2026 El estudio, titulado \u201c[ayuda] Cuando matarse aparece como <a class=\"mh-excerpt-more\" href=\"https:\/\/larevistadigital.com.ar\/blog\/suicidio-principal-causa-de-muerte-de-los-jovenes-en-argentina\/\" title=\"Suicidio: Principal causa de muerte de los j\u00f3venes en Argentina\">[Leer M\u00e1s]<\/a><\/p>\n<\/div>","protected":false},"author":3,"featured_media":47162,"comment_status":"open","ping_status":"open","sticky":false,"template":"","format":"standard","meta":{"_jetpack_memberships_contains_paid_content":false,"footnotes":"","jetpack_publicize_message":"","jetpack_publicize_feature_enabled":true,"jetpack_social_post_already_shared":true,"jetpack_social_options":{"image_generator_settings":{"template":"highway","default_image_id":0,"font":"","enabled":false},"version":2}},"categories":[6],"tags":[],"class_list":{"0":"post-47161","1":"post","2":"type-post","3":"status-publish","4":"format-standard","5":"has-post-thumbnail","7":"category-chascomus"},"jetpack_publicize_connections":[],"jetpack_featured_media_url":"https:\/\/i0.wp.com\/larevistadigital.com.ar\/blog\/wp-content\/uploads\/6a99b6d704fdb.png?fit=668%2C445&ssl=1","jetpack_sharing_enabled":true,"jetpack_shortlink":"https:\/\/wp.me\/p8qtrQ-cgF","jetpack-related-posts":[{"id":22142,"url":"https:\/\/larevistadigital.com.ar\/blog\/chascomus-otro-suicidio-en-la-ciudad-ahora-fue-un-hombre-de-49-anos\/","url_meta":{"origin":47161,"position":0},"title":"CHASCOM\u00daS: OTRO SUICIDIO EN LA CIUDAD. AHORA FUE UN HOMBRE DE 49 A\u00d1OS","author":"Alejandro Sosa Ruda","date":"28 septiembre, 2021","format":false,"excerpt":"El t\u00edtulo de la nota, habla por s\u00ed solo. Lamentablemente han ocurrido demasiados suicidios en los \u00faltimos meses... CHASCOM\u00daS - Hoy sucedi\u00f3 otra vez. En esta oportunidad, se trat\u00f3 de un hombre de apenas 49 a\u00f1os de edad, que desgraciadamente tom\u00f3 la terrible decisi\u00f3n de quitarse la vida, sum\u00e1ndose a\u2026","rel":"","context":"En \u00abDESTACADAS\u00bb","block_context":{"text":"DESTACADAS","link":"https:\/\/larevistadigital.com.ar\/blog\/category\/destacadas\/"},"img":{"alt_text":"","src":"https:\/\/i0.wp.com\/larevistadigital.com.ar\/blog\/wp-content\/uploads\/2017\/10\/CRESP%C3%93N-NEGRO.jpg?fit=900%2C900&ssl=1&resize=350%2C200","width":350,"height":200,"srcset":"https:\/\/i0.wp.com\/larevistadigital.com.ar\/blog\/wp-content\/uploads\/2017\/10\/CRESP%C3%93N-NEGRO.jpg?fit=900%2C900&ssl=1&resize=350%2C200 1x, https:\/\/i0.wp.com\/larevistadigital.com.ar\/blog\/wp-content\/uploads\/2017\/10\/CRESP%C3%93N-NEGRO.jpg?fit=900%2C900&ssl=1&resize=525%2C300 1.5x, https:\/\/i0.wp.com\/larevistadigital.com.ar\/blog\/wp-content\/uploads\/2017\/10\/CRESP%C3%93N-NEGRO.jpg?fit=900%2C900&ssl=1&resize=700%2C400 2x"},"classes":[]},{"id":21441,"url":"https:\/\/larevistadigital.com.ar\/blog\/manana-fatidica-en-chascomus-2-suicidios-en-distintos-lugares\/","url_meta":{"origin":47161,"position":1},"title":"MA\u00d1ANA FAT\u00cdDICA EN CHASCOM\u00daS: 2 SUICIDIOS EN DISTINTOS LUGARES","author":"Alejandro Sosa Ruda","date":"6 agosto, 2021","format":false,"excerpt":"CHASCOM\u00daS - De manera incre\u00edble, para una ciudad de menos de 50.000 habitantes que se superpongan dos hechos de suicidio en el mismo d\u00eda, pero lamentablemente as\u00ed fue. El primer caso del que se tuvo conocimiento se habr\u00eda producido por ahorcamiento en calle Colombia entre Yrigoyen y Machado, trat\u00e1ndose de\u2026","rel":"","context":"En \u00abDESTACADAS\u00bb","block_context":{"text":"DESTACADAS","link":"https:\/\/larevistadigital.com.ar\/blog\/category\/destacadas\/"},"img":{"alt_text":"","src":"https:\/\/i0.wp.com\/larevistadigital.com.ar\/blog\/wp-content\/uploads\/227084464_3001331213483496_887253315477204883_n.jpg?fit=1200%2C675&ssl=1&resize=350%2C200","width":350,"height":200,"srcset":"https:\/\/i0.wp.com\/larevistadigital.com.ar\/blog\/wp-content\/uploads\/227084464_3001331213483496_887253315477204883_n.jpg?fit=1200%2C675&ssl=1&resize=350%2C200 1x, https:\/\/i0.wp.com\/larevistadigital.com.ar\/blog\/wp-content\/uploads\/227084464_3001331213483496_887253315477204883_n.jpg?fit=1200%2C675&ssl=1&resize=525%2C300 1.5x, https:\/\/i0.wp.com\/larevistadigital.com.ar\/blog\/wp-content\/uploads\/227084464_3001331213483496_887253315477204883_n.jpg?fit=1200%2C675&ssl=1&resize=700%2C400 2x, https:\/\/i0.wp.com\/larevistadigital.com.ar\/blog\/wp-content\/uploads\/227084464_3001331213483496_887253315477204883_n.jpg?fit=1200%2C675&ssl=1&resize=1050%2C600 3x"},"classes":[]},{"id":29403,"url":"https:\/\/larevistadigital.com.ar\/blog\/tragedia-una-nena-muere-electrocutada-armando-el-arbolito-de-navidad-con-su-familia\/","url_meta":{"origin":47161,"position":2},"title":"TRAGEDIA: UNA NENA MUERE ELECTROCUTADA ARMANDO EL ARBOLITO DE NAVIDAD CON SU FAMILIA.","author":"Alejandro Sosa Ruda","date":"11 diciembre, 2022","format":false,"excerpt":"Se trata de Jetzabel Mart\u00ednez de 13 a\u00f1os quien perdi\u00f3 la vida cuando toc\u00f3 las luces decorativas que hab\u00eda colocado sobre el arbolito. En Argentina, los accidentes relacionados con la electricidad producen alrededor de mil muertes al a\u00f1o, siendo la principal causa de muerte accidental en el hogar. 10 de\u2026","rel":"","context":"En \u00abPOLICIALES\u00bb","block_context":{"text":"POLICIALES","link":"https:\/\/larevistadigital.com.ar\/blog\/category\/policiales\/"},"img":{"alt_text":"","src":"https:\/\/i0.wp.com\/larevistadigital.com.ar\/blog\/wp-content\/uploads\/20211104120442_polic.jpg?fit=880%2C512&ssl=1&resize=350%2C200","width":350,"height":200,"srcset":"https:\/\/i0.wp.com\/larevistadigital.com.ar\/blog\/wp-content\/uploads\/20211104120442_polic.jpg?fit=880%2C512&ssl=1&resize=350%2C200 1x, https:\/\/i0.wp.com\/larevistadigital.com.ar\/blog\/wp-content\/uploads\/20211104120442_polic.jpg?fit=880%2C512&ssl=1&resize=525%2C300 1.5x, https:\/\/i0.wp.com\/larevistadigital.com.ar\/blog\/wp-content\/uploads\/20211104120442_polic.jpg?fit=880%2C512&ssl=1&resize=700%2C400 2x"},"classes":[]},{"id":735,"url":"https:\/\/larevistadigital.com.ar\/blog\/se-conocio-la-causa-la-muerte-george-michael\/","url_meta":{"origin":47161,"position":3},"title":"Se conoci\u00f3 la causa de la muerte de George Michael","author":"Alejandro Sosa Ruda","date":"8 marzo, 2017","format":false,"excerpt":"Luego de varios meses se conoci\u00f3 finalmente la causa del fallecimiento del cantante George Michael, fallecido el 25 de diciembre del a\u00f1o pasado. George Michael muri\u00f3 el pasado 25 de diciembre y desde entonces hubo varias especulaciones sobre las causas de su muerte. Finalmente, este martes el juez Darren Salter\u2026","rel":"","context":"En \u00abSOCIEDAD\u00bb","block_context":{"text":"SOCIEDAD","link":"https:\/\/larevistadigital.com.ar\/blog\/category\/sociedad\/"},"img":{"alt_text":"","src":"https:\/\/i0.wp.com\/larevistadigital.com.ar\/blog\/wp-content\/uploads\/2017\/03\/gmichael.jpg?fit=1200%2C677&ssl=1&resize=350%2C200","width":350,"height":200,"srcset":"https:\/\/i0.wp.com\/larevistadigital.com.ar\/blog\/wp-content\/uploads\/2017\/03\/gmichael.jpg?fit=1200%2C677&ssl=1&resize=350%2C200 1x, https:\/\/i0.wp.com\/larevistadigital.com.ar\/blog\/wp-content\/uploads\/2017\/03\/gmichael.jpg?fit=1200%2C677&ssl=1&resize=525%2C300 1.5x, https:\/\/i0.wp.com\/larevistadigital.com.ar\/blog\/wp-content\/uploads\/2017\/03\/gmichael.jpg?fit=1200%2C677&ssl=1&resize=700%2C400 2x, https:\/\/i0.wp.com\/larevistadigital.com.ar\/blog\/wp-content\/uploads\/2017\/03\/gmichael.jpg?fit=1200%2C677&ssl=1&resize=1050%2C600 3x"},"classes":[]},{"id":688,"url":"https:\/\/larevistadigital.com.ar\/blog\/la-ballena-azul-macabro-juego-incita-suicidio-adolescentes-rusos\/","url_meta":{"origin":47161,"position":4},"title":"\u00abLa ballena azul\u00bb, un macabro juego que incita el suicidio de adolescentes rusos","author":"editor","date":"8 marzo, 2017","format":false,"excerpt":"Un macabro juego se viraliz\u00f3 en Rusia gener\u00f3 la muerte de 130 adolescentes. Se trata de \"La ballena azul\" y consiste en decenas de pruebas contra la integridad f\u00edsica, siendo el suicidio del jugador la \u00faltima, seg\u00fan informa The Siberian Times. En \"La ballena azul\" los jugadores deben realizar diferentes\u2026","rel":"","context":"En \u00abSOCIEDAD\u00bb","block_context":{"text":"SOCIEDAD","link":"https:\/\/larevistadigital.com.ar\/blog\/category\/sociedad\/"},"img":{"alt_text":"","src":"https:\/\/i0.wp.com\/larevistadigital.com.ar\/blog\/wp-content\/uploads\/2017\/03\/0011272856.jpg?fit=600%2C269&ssl=1&resize=350%2C200","width":350,"height":200,"srcset":"https:\/\/i0.wp.com\/larevistadigital.com.ar\/blog\/wp-content\/uploads\/2017\/03\/0011272856.jpg?fit=600%2C269&ssl=1&resize=350%2C200 1x, https:\/\/i0.wp.com\/larevistadigital.com.ar\/blog\/wp-content\/uploads\/2017\/03\/0011272856.jpg?fit=600%2C269&ssl=1&resize=525%2C300 1.5x"},"classes":[]},{"id":29123,"url":"https:\/\/larevistadigital.com.ar\/blog\/confirman-un-aumento-del-50-en-los-casos-de-covid-en-argentina-en-la-ultima-semana\/","url_meta":{"origin":47161,"position":5},"title":"CONFIRMAN UN AUMENTO DEL 50% EN LOS CASOS DE COVID EN ARGENTINA EN LA \u00daLTIMA SEMANA","author":"Alejandro Sosa Ruda","date":"27 noviembre, 2022","format":false,"excerpt":"Este domingo se informaron 3.323 nuevos contagios de coronavirus y seis muertes en todo el territorio nacional. 27 de noviembre de 2022 El Ministerio de Salud report\u00f3 este domingo\u00a0ocho muertes por coronavirus y 3.323 contagios\u00a0en la \u00faltima semana en\u00a0Argentina, lo que representa\u00a0un 50% m\u00e1s de casos que el domingo pasado\u2026","rel":"","context":"En \u00abINTERES GENERAL\u00bb","block_context":{"text":"INTERES GENERAL","link":"https:\/\/larevistadigital.com.ar\/blog\/category\/interes-general\/"},"img":{"alt_text":"","src":"https:\/\/i0.wp.com\/larevistadigital.com.ar\/blog\/wp-content\/uploads\/1643629303592.jpg?fit=1200%2C594&ssl=1&resize=350%2C200","width":350,"height":200,"srcset":"https:\/\/i0.wp.com\/larevistadigital.com.ar\/blog\/wp-content\/uploads\/1643629303592.jpg?fit=1200%2C594&ssl=1&resize=350%2C200 1x, https:\/\/i0.wp.com\/larevistadigital.com.ar\/blog\/wp-content\/uploads\/1643629303592.jpg?fit=1200%2C594&ssl=1&resize=525%2C300 1.5x, https:\/\/i0.wp.com\/larevistadigital.com.ar\/blog\/wp-content\/uploads\/1643629303592.jpg?fit=1200%2C594&ssl=1&resize=700%2C400 2x, https:\/\/i0.wp.com\/larevistadigital.com.ar\/blog\/wp-content\/uploads\/1643629303592.jpg?fit=1200%2C594&ssl=1&resize=1050%2C600 3x"},"classes":[]}],"_links":{"self":[{"href":"https:\/\/larevistadigital.com.ar\/blog\/wp-json\/wp\/v2\/posts\/47161","targetHints":{"allow":["GET"]}}],"collection":[{"href":"https:\/\/larevistadigital.com.ar\/blog\/wp-json\/wp\/v2\/posts"}],"about":[{"href":"https:\/\/larevistadigital.com.ar\/blog\/wp-json\/wp\/v2\/types\/post"}],"author":[{"embeddable":true,"href":"https:\/\/larevistadigital.com.ar\/blog\/wp-json\/wp\/v2\/users\/3"}],"replies":[{"embeddable":true,"href":"https:\/\/larevistadigital.com.ar\/blog\/wp-json\/wp\/v2\/comments?post=47161"}],"version-history":[{"count":1,"href":"https:\/\/larevistadigital.com.ar\/blog\/wp-json\/wp\/v2\/posts\/47161\/revisions"}],"predecessor-version":[{"id":47163,"href":"https:\/\/larevistadigital.com.ar\/blog\/wp-json\/wp\/v2\/posts\/47161\/revisions\/47163"}],"wp:featuredmedia":[{"embeddable":true,"href":"https:\/\/larevistadigital.com.ar\/blog\/wp-json\/wp\/v2\/media\/47162"}],"wp:attachment":[{"href":"https:\/\/larevistadigital.com.ar\/blog\/wp-json\/wp\/v2\/media?parent=47161"}],"wp:term":[{"taxonomy":"category","embeddable":true,"href":"https:\/\/larevistadigital.com.ar\/blog\/wp-json\/wp\/v2\/categories?post=47161"},{"taxonomy":"post_tag","embeddable":true,"href":"https:\/\/larevistadigital.com.ar\/blog\/wp-json\/wp\/v2\/tags?post=47161"}],"curies":[{"name":"wp","href":"https:\/\/api.w.org\/{rel}","templated":true}]}}