{"id":47164,"date":"2026-09-04T12:06:02","date_gmt":"2026-09-04T15:06:02","guid":{"rendered":"https:\/\/larevistadigital.com.ar\/blog\/?p=47164"},"modified":"2026-09-04T12:06:02","modified_gmt":"2026-09-04T15:06:02","slug":"chascomus-mas-de-4-mil-personas-buscan-trabajo-a-traves-de-la-oficina-de-empleo-municipal","status":"publish","type":"post","link":"https:\/\/larevistadigital.com.ar\/blog\/chascomus-mas-de-4-mil-personas-buscan-trabajo-a-traves-de-la-oficina-de-empleo-municipal\/","title":{"rendered":"Chascom\u00fas: M\u00e1s de 4 mil personas buscan trabajo a trav\u00e9s de la Oficina de Empleo Municipal"},"content":{"rendered":"<h3 class=\"excerpt\">La demanda se mantiene en aumento en un contexto econ\u00f3mico que redujo las oportunidades laborales.<\/h3>\n<p>04 de septiembre de 2026<\/p>\n<div id=\"miDiv1\" class=\"text\">\n<p><strong>CHASCOM\u00daS\u00a0 &#8211;\u00a0<\/strong> \u00a0La situaci\u00f3n econ\u00f3mica y la menor disponibilidad de puestos laborales se reflejan en los registros de la Oficina Municipal de Empleo de Chascom\u00fas. Actualmente, alrededor de 4 mil personas integran la lista de vecinos que buscan trabajo, considerando las inscripciones acumuladas durante los \u00faltimos a\u00f1os.<\/p>\n<blockquote>\n<h3>Entre enero y el 2 de septiembre de 2026, el \u00e1rea registr\u00f3 1.649 personas inscriptas, de las cuales 273 corresponden a nuevos registros. Esta \u00faltima cifra no contempla a quienes se acercaron para actualizar sus datos.<\/h3>\n<\/blockquote>\n<p>El movimiento de las \u00faltimas semanas evidencia una demanda sostenida. Entre el 3 y el 9 de agosto se contabilizaron 53 inscripciones; entre el 10 y el 16, 48; del 17 al 23, 42, y durante la \u00faltima semana de agosto, 32. En tanto, el 1\u00b0 de septiembre se registraron otras 20 incorporaciones.<\/p>\n<blockquote>\n<h3>Desde la Oficina de Empleo se\u00f1alaron que son frecuentes las consultas de vecinos que manifiestan haber perdido esos ingresos y recurren al Municipio ante la falta de nuevas oportunidades.<\/h3>\n<\/blockquote>\n<p>La situaci\u00f3n tambi\u00e9n alcanza al sector productivo local, mientras que la menor actividad econ\u00f3mica dificulta la generaci\u00f3n de nuevos puestos.<\/p>\n<blockquote>\n<h3>A esto se suma el ajuste aplicado a programas nacionales orientados a la inserci\u00f3n laboral, que habr\u00eda incrementado la cantidad de personas que recurren a las oficinas municipales mientras se reduce la oferta disponible.<\/h3>\n<\/blockquote>\n<p>Los datos relevados permiten dimensionar el impacto que tiene el actual contexto econ\u00f3mico sobre el mercado laboral local y, al mismo tiempo, el desaf\u00edo que representa para el gobierno municipal atender una demanda creciente en un escenario de recursos limitados.<\/p>\n<p><span style=\"color: #ff0000\"><strong>Acompa\u00f1amiento a trabajadores y empresas<\/strong><\/span><\/p>\n<p>Ante este escenario, la Municipalidad trabaja en distintas acciones para ampliar las posibilidades de quienes se encuentran desocupados.<\/p>\n<blockquote>\n<h3>El acompa\u00f1amiento contempla las caracter\u00edsticas y posibilidades de cada persona, aunque la principal dificultad se encuentra en la limitada cantidad de ofertas laborales disponibles.<\/h3>\n<\/blockquote>\n<p>En ese sentido, se impulsa el acompa\u00f1amiento a peque\u00f1as unidades productivas y se mantiene el contacto con industrias, pymes y comercios locales para contribuir al sostenimiento de las fuentes laborales existentes.<\/p>\n<p>La estrategia incluye adem\u00e1s el trabajo con estudiantes de escuelas secundarias, con el prop\u00f3sito de acercarlos al mundo laboral y presentarles distintas posibilidades para su futuro. En ese marco, se abordan las tres principales modalidades: el empleo en relaci\u00f3n de dependencia y las alternativas de trabajo independiente, tanto individual como colectivo.<\/p>\n<\/div>\n","protected":false},"excerpt":{"rendered":"<div class=\"mh-excerpt\"><p>La demanda se mantiene en aumento en un contexto econ\u00f3mico que redujo las oportunidades laborales. 04 de septiembre de 2026 CHASCOM\u00daS\u00a0 &#8211;\u00a0 \u00a0La situaci\u00f3n econ\u00f3mica y la menor disponibilidad de puestos laborales se reflejan en <a class=\"mh-excerpt-more\" href=\"https:\/\/larevistadigital.com.ar\/blog\/chascomus-mas-de-4-mil-personas-buscan-trabajo-a-traves-de-la-oficina-de-empleo-municipal\/\" title=\"Chascom\u00fas: M\u00e1s de 4 mil personas buscan trabajo a trav\u00e9s de la Oficina de Empleo Municipal\">[Leer M\u00e1s]<\/a><\/p>\n<\/div>","protected":false},"author":3,"featured_media":47165,"comment_status":"open","ping_status":"open","sticky":false,"template":"","format":"standard","meta":{"_jetpack_memberships_contains_paid_content":false,"footnotes":"","jetpack_publicize_message":"","jetpack_publicize_feature_enabled":true,"jetpack_social_post_already_shared":true,"jetpack_social_options":{"image_generator_settings":{"template":"highway","default_image_id":0,"font":"","enabled":false},"version":2}},"categories":[6],"tags":[],"class_list":{"0":"post-47164","1":"post","2":"type-post","3":"status-publish","4":"format-standard","5":"has-post-thumbnail","7":"category-chascomus"},"jetpack_publicize_connections":[],"jetpack_featured_media_url":"https:\/\/i0.wp.com\/larevistadigital.com.ar\/blog\/wp-content\/uploads\/6a99b1388969e.png?fit=668%2C445&ssl=1","jetpack_sharing_enabled":true,"jetpack_shortlink":"https:\/\/wp.me\/p8qtrQ-cgI","jetpack-related-posts":[{"id":45017,"url":"https:\/\/larevistadigital.com.ar\/blog\/chascomus-se-ofrece-el-taller-proyectando-mi-futuro-laboral-para-jovenes\/","url_meta":{"origin":47164,"position":0},"title":"Chascom\u00fas: Se ofrece el taller \u201cProyectando mi futuro laboral\u201d para j\u00f3venes","author":"Alejandro Sosa Ruda","date":"8 abril, 2026","format":false,"excerpt":"Un espacio de orientaci\u00f3n y contenci\u00f3n, a partir de los 17 a\u00f1os, que apunta a la construcci\u00f3n de sus proyectos de vida, promoviendo el acceso a oportunidades de formaci\u00f3n y empleo. 08 de abril de 2026 CHASCOM\u00daS -\u00a0 \u00a0La Municipalidad de Chascom\u00fas, a trav\u00e9s del \u00e1rea de Desarrollo Productivo, invita\u2026","rel":"","context":"En \u00abCHASCOM\u00daS\u00bb","block_context":{"text":"CHASCOM\u00daS","link":"https:\/\/larevistadigital.com.ar\/blog\/category\/chascomus\/"},"img":{"alt_text":"","src":"https:\/\/i0.wp.com\/larevistadigital.com.ar\/blog\/wp-content\/uploads\/69d685d989315.png?fit=668%2C445&ssl=1&resize=350%2C200","width":350,"height":200,"srcset":"https:\/\/i0.wp.com\/larevistadigital.com.ar\/blog\/wp-content\/uploads\/69d685d989315.png?fit=668%2C445&ssl=1&resize=350%2C200 1x, https:\/\/i0.wp.com\/larevistadigital.com.ar\/blog\/wp-content\/uploads\/69d685d989315.png?fit=668%2C445&ssl=1&resize=525%2C300 1.5x"},"classes":[]},{"id":45444,"url":"https:\/\/larevistadigital.com.ar\/blog\/chascomus-mesa-de-salud-y-seguridad-laboral-en-el-empleo-publico-municipal\/","url_meta":{"origin":47164,"position":1},"title":"Chascom\u00fas: Mesa de salud y seguridad laboral en el empleo p\u00fablico municipal","author":"Alejandro Sosa Ruda","date":"4 mayo, 2026","format":false,"excerpt":"El Departamento Ejecutivo y representantes gremiales se reunieron para dialogar sobre condiciones labores y prevenci\u00f3n de riesgos. 04 de Mayo de 2026 CHASCOM\u00daS -\u00a0 \u00a0La semana pasada se llev\u00f3 a cabo la reuni\u00f3n mensual de la Mesa de Salud y Seguridad en el Empleo P\u00fablico, en la que se abordaron\u2026","rel":"","context":"En \u00abCHASCOM\u00daS\u00bb","block_context":{"text":"CHASCOM\u00daS","link":"https:\/\/larevistadigital.com.ar\/blog\/category\/chascomus\/"},"img":{"alt_text":"","src":"https:\/\/i0.wp.com\/larevistadigital.com.ar\/blog\/wp-content\/uploads\/69f8df19b1343.png?fit=668%2C445&ssl=1&resize=350%2C200","width":350,"height":200,"srcset":"https:\/\/i0.wp.com\/larevistadigital.com.ar\/blog\/wp-content\/uploads\/69f8df19b1343.png?fit=668%2C445&ssl=1&resize=350%2C200 1x, https:\/\/i0.wp.com\/larevistadigital.com.ar\/blog\/wp-content\/uploads\/69f8df19b1343.png?fit=668%2C445&ssl=1&resize=525%2C300 1.5x"},"classes":[]},{"id":40279,"url":"https:\/\/larevistadigital.com.ar\/blog\/chascomus-se-realizo-la-charla-sobre-herramientas-y-habilidades-para-el-mundo-del-trabajo\/","url_meta":{"origin":47164,"position":2},"title":"Chascom\u00fas: Se realiz\u00f3 la charla sobre \u201cHerramientas y habilidades para el mundo del trabajo\u201d","author":"Alejandro Sosa Ruda","date":"2 julio, 2025","format":false,"excerpt":"El objetivo es brindar y fortalecer herramientas que las personas necesitan al momento de insertarse en el mundo laboral 02 de Julio de 2025 CHASCOM\u00daS-\u00a0 \u00a0La Municipalidad de Chascom\u00fas trabaja de manera articulada con el Centro de Formaci\u00f3n Laboral N\u00b0 401, y en este marco, el \u00faltimo martes desde las\u2026","rel":"","context":"En \u00abCHASCOM\u00daS\u00bb","block_context":{"text":"CHASCOM\u00daS","link":"https:\/\/larevistadigital.com.ar\/blog\/category\/chascomus\/"},"img":{"alt_text":"","src":"https:\/\/i0.wp.com\/larevistadigital.com.ar\/blog\/wp-content\/uploads\/686565ee1b9c2.png?fit=668%2C445&ssl=1&resize=350%2C200","width":350,"height":200,"srcset":"https:\/\/i0.wp.com\/larevistadigital.com.ar\/blog\/wp-content\/uploads\/686565ee1b9c2.png?fit=668%2C445&ssl=1&resize=350%2C200 1x, https:\/\/i0.wp.com\/larevistadigital.com.ar\/blog\/wp-content\/uploads\/686565ee1b9c2.png?fit=668%2C445&ssl=1&resize=525%2C300 1.5x"},"classes":[]},{"id":42268,"url":"https:\/\/larevistadigital.com.ar\/blog\/chascomus-formacion-para-el-mundo-del-trabajo-en-la-escuela-nuestra-senora-de-lujan\/","url_meta":{"origin":47164,"position":3},"title":"Chascom\u00fas: Formaci\u00f3n para el mundo del trabajo en la Escuela Nuestra Se\u00f1ora de Luj\u00e1n","author":"Alejandro Sosa Ruda","date":"29 octubre, 2025","format":false,"excerpt":"Este espacio busca brindar a los estudiantes de 5\u00b0 a\u00f1o herramientas clave para su futura inserci\u00f3n laboral. 29 de Octubre de 2025 CHASCOM\u00daS -\u00a0 \u00a0El \u00faltimo martes, en la Escuela Secundaria Nuestra Se\u00f1ora de Luj\u00e1n, la Municipalidad de Chascom\u00fas ofreci\u00f3 un nuevo encuentro del ciclo \u201cHerramientas y habilidades para el\u2026","rel":"","context":"En \u00abCHASCOM\u00daS\u00bb","block_context":{"text":"CHASCOM\u00daS","link":"https:\/\/larevistadigital.com.ar\/blog\/category\/chascomus\/"},"img":{"alt_text":"","src":"https:\/\/i0.wp.com\/larevistadigital.com.ar\/blog\/wp-content\/uploads\/69025525809f1.png?fit=668%2C445&ssl=1&resize=350%2C200","width":350,"height":200,"srcset":"https:\/\/i0.wp.com\/larevistadigital.com.ar\/blog\/wp-content\/uploads\/69025525809f1.png?fit=668%2C445&ssl=1&resize=350%2C200 1x, https:\/\/i0.wp.com\/larevistadigital.com.ar\/blog\/wp-content\/uploads\/69025525809f1.png?fit=668%2C445&ssl=1&resize=525%2C300 1.5x"},"classes":[]},{"id":42010,"url":"https:\/\/larevistadigital.com.ar\/blog\/chascomus-nueva-capacitacion-para-el-mundo-del-trabajo-en-la-escuela-n-9\/","url_meta":{"origin":47164,"position":4},"title":"Chascom\u00fas:  Nueva capacitaci\u00f3n para el mundo del trabajo en la Escuela N\u00b0 9","author":"Alejandro Sosa Ruda","date":"16 octubre, 2025","format":false,"excerpt":"Ofrece a los estudiantes de quinto a\u00f1o herramientas y habilidades claves para su futura inserci\u00f3n laboral. 16 de Octubre de 2025 CHASCOM\u00daS -\u00a0 \u00a0La Municipalidad de Chascom\u00fas ofreci\u00f3 en la Escuela de Educaci\u00f3n Secundaria N 9, ubicada en el barrio El Porte\u00f1o, un nuevo encuentro del ciclo \u201cHerramientas y Habilidades\u2026","rel":"","context":"En \u00abCHASCOM\u00daS\u00bb","block_context":{"text":"CHASCOM\u00daS","link":"https:\/\/larevistadigital.com.ar\/blog\/category\/chascomus\/"},"img":{"alt_text":"","src":"https:\/\/i0.wp.com\/larevistadigital.com.ar\/blog\/wp-content\/uploads\/68f12867797ed.png?fit=668%2C445&ssl=1&resize=350%2C200","width":350,"height":200,"srcset":"https:\/\/i0.wp.com\/larevistadigital.com.ar\/blog\/wp-content\/uploads\/68f12867797ed.png?fit=668%2C445&ssl=1&resize=350%2C200 1x, https:\/\/i0.wp.com\/larevistadigital.com.ar\/blog\/wp-content\/uploads\/68f12867797ed.png?fit=668%2C445&ssl=1&resize=525%2C300 1.5x"},"classes":[]},{"id":45171,"url":"https:\/\/larevistadigital.com.ar\/blog\/chascomus-la-municipalidad-acompana-a-estudiantes-secundarios-en-su-formacion-para-el-mundo-del-trabajo\/","url_meta":{"origin":47164,"position":5},"title":"Chascom\u00fas: La Municipalidad acompa\u00f1a a estudiantes secundarios en su formaci\u00f3n para el mundo del trabajo","author":"Alejandro Sosa Ruda","date":"17 abril, 2026","format":false,"excerpt":"De esta manera se contribuye en la construcci\u00f3n de sus proyectos de vida, promoviendo el acceso a oportunidades de formaci\u00f3n y empleo La Municipalidad de Chascom\u00fas, a trav\u00e9s del \u00e1rea de Desarrollo Productivo, comenz\u00f3 el martes 14 de abril una nueva edici\u00f3n del ciclo de encuentros \u201cHerramientas y habilidades para\u2026","rel":"","context":"En \u00abCHASCOM\u00daS\u00bb","block_context":{"text":"CHASCOM\u00daS","link":"https:\/\/larevistadigital.com.ar\/blog\/category\/chascomus\/"},"img":{"alt_text":"","src":"https:\/\/i0.wp.com\/larevistadigital.com.ar\/blog\/wp-content\/uploads\/69e26dcf4e833.png?fit=668%2C445&ssl=1&resize=350%2C200","width":350,"height":200,"srcset":"https:\/\/i0.wp.com\/larevistadigital.com.ar\/blog\/wp-content\/uploads\/69e26dcf4e833.png?fit=668%2C445&ssl=1&resize=350%2C200 1x, https:\/\/i0.wp.com\/larevistadigital.com.ar\/blog\/wp-content\/uploads\/69e26dcf4e833.png?fit=668%2C445&ssl=1&resize=525%2C300 1.5x"},"classes":[]}],"_links":{"self":[{"href":"https:\/\/larevistadigital.com.ar\/blog\/wp-json\/wp\/v2\/posts\/47164","targetHints":{"allow":["GET"]}}],"collection":[{"href":"https:\/\/larevistadigital.com.ar\/blog\/wp-json\/wp\/v2\/posts"}],"about":[{"href":"https:\/\/larevistadigital.com.ar\/blog\/wp-json\/wp\/v2\/types\/post"}],"author":[{"embeddable":true,"href":"https:\/\/larevistadigital.com.ar\/blog\/wp-json\/wp\/v2\/users\/3"}],"replies":[{"embeddable":true,"href":"https:\/\/larevistadigital.com.ar\/blog\/wp-json\/wp\/v2\/comments?post=47164"}],"version-history":[{"count":1,"href":"https:\/\/larevistadigital.com.ar\/blog\/wp-json\/wp\/v2\/posts\/47164\/revisions"}],"predecessor-version":[{"id":47166,"href":"https:\/\/larevistadigital.com.ar\/blog\/wp-json\/wp\/v2\/posts\/47164\/revisions\/47166"}],"wp:featuredmedia":[{"embeddable":true,"href":"https:\/\/larevistadigital.com.ar\/blog\/wp-json\/wp\/v2\/media\/47165"}],"wp:attachment":[{"href":"https:\/\/larevistadigital.com.ar\/blog\/wp-json\/wp\/v2\/media?parent=47164"}],"wp:term":[{"taxonomy":"category","embeddable":true,"href":"https:\/\/larevistadigital.com.ar\/blog\/wp-json\/wp\/v2\/categories?post=47164"},{"taxonomy":"post_tag","embeddable":true,"href":"https:\/\/larevistadigital.com.ar\/blog\/wp-json\/wp\/v2\/tags?post=47164"}],"curies":[{"name":"wp","href":"https:\/\/api.w.org\/{rel}","templated":true}]}}