{"id":47172,"date":"2026-09-04T16:21:49","date_gmt":"2026-09-04T19:21:49","guid":{"rendered":"https:\/\/larevistadigital.com.ar\/blog\/?p=47172"},"modified":"2026-09-04T16:21:49","modified_gmt":"2026-09-04T19:21:49","slug":"tres-allanamientos-por-el-robo-a-un-supermercado-secuestraron-bebidas-y-una-moto-con-pedido-de-captura","status":"publish","type":"post","link":"https:\/\/larevistadigital.com.ar\/blog\/tres-allanamientos-por-el-robo-a-un-supermercado-secuestraron-bebidas-y-una-moto-con-pedido-de-captura\/","title":{"rendered":"Tres allanamientos por el robo a un supermercado: secuestraron bebidas y una moto con pedido de captura"},"content":{"rendered":"<h3 class=\"PDq2pG_selectionAnchorContainer\" data-start=\"107\" data-end=\"449\">La SubDDI Chascom\u00fas realiz\u00f3 tres allanamientos en el barrio Anah\u00ed por un robo ocurrido d\u00edas atr\u00e1s en un supermercado de avenida Presidente Alfons\u00edn. La investigaci\u00f3n permiti\u00f3 identificar a dos mayores y un menor, todos de la ciudad. Durante los procedimientos tambi\u00e9n fue encontrada una motocicleta con pedido de secuestro activo.<\/h3>\n<p>04 de septiembre de 2026<\/p>\n<p data-start=\"451\" data-end=\"666\"><strong>CHASCOM\u00daS\u00a0 &#8211;\u00a0<\/strong> \u00a0Personal de la <strong data-start=\"466\" data-end=\"486\">SubDDI Chascom\u00fas<\/strong> llev\u00f3 adelante tres allanamientos en el barrio Anah\u00ed, en el marco de la investigaci\u00f3n por el robo cometido d\u00edas atr\u00e1s en un supermercado ubicado sobre avenida Presidente Alfons\u00edn.<\/p>\n<p data-start=\"668\" data-end=\"963\">La investigaci\u00f3n se inici\u00f3 a partir del an\u00e1lisis de <strong data-start=\"720\" data-end=\"810\">im\u00e1genes del Centro de Monitoreo Municipal y de c\u00e1maras privadas aportadas por vecinos<\/strong>, lo que permiti\u00f3 establecer la identidad de tres personas que estar\u00edan vinculadas al hecho: dos mayores de edad y un menor, todos oriundos de Chascom\u00fas.<\/p>\n<h3 data-section-id=\"1u79kot\" data-start=\"965\" data-end=\"994\"><span style=\"color: #ff0000\">Tres domicilios allanados<\/span><\/h3>\n<p data-start=\"996\" data-end=\"1103\">La investigaci\u00f3n estuvo a cargo de la <strong data-start=\"1034\" data-end=\"1063\">Fiscal\u00eda de Menores N.\u00ba 1<\/strong>, a cargo de la Dra. Graciela Andriuolo.<\/p>\n<blockquote>\n<h3 data-start=\"1105\" data-end=\"1354\">A partir de las pruebas reunidas, se solicitaron \u00f3rdenes de allanamiento ante el <strong data-start=\"1186\" data-end=\"1232\">Juzgado de Garant\u00edas de Menores de Dolores<\/strong> y el <strong data-start=\"1238\" data-end=\"1281\">Juzgado de Garant\u00edas N.\u00ba 5 de Chascom\u00fas<\/strong>, que autorizaron los procedimientos en tres domicilios del barrio Anah\u00ed.<\/h3>\n<\/blockquote>\n<p data-start=\"1356\" data-end=\"1510\">Los operativos fueron realizados por efectivos de la SubDDI Chascom\u00fas, con colaboraci\u00f3n de personal de la EPC Chascom\u00fas y del Comando de Prevenci\u00f3n Rural.<\/p>\n<h3 data-section-id=\"ax7zop\" data-start=\"1512\" data-end=\"1558\"><span style=\"color: #ff0000\">Bebidas y una moto con pedido de secuestro<\/span><\/h3>\n<p data-start=\"1560\" data-end=\"1638\">Durante los procedimientos se secuestraron <strong data-start=\"1603\" data-end=\"1637\">envases de bebidas alcoh\u00f3licas<\/strong>.<\/p>\n<blockquote>\n<h3 data-start=\"1640\" data-end=\"1854\">Adem\u00e1s, en uno de los domicilios fue encontrada una <strong data-start=\"1692\" data-end=\"1738\">motocicleta Zanella de 110 cc, color negra<\/strong>, que registraba un pedido de secuestro activo relacionado con un hecho de robo ocurrido en Chascom\u00fas durante junio.<\/h3>\n<\/blockquote>\n<p data-start=\"1856\" data-end=\"2033\">Las tres personas identificadas fueron puestas a disposici\u00f3n de la Justicia, mientras la investigaci\u00f3n contin\u00faa bajo intervenci\u00f3n de las autoridades judiciales correspondientes.<\/p>\n","protected":false},"excerpt":{"rendered":"<div class=\"mh-excerpt\"><p>La SubDDI Chascom\u00fas realiz\u00f3 tres allanamientos en el barrio Anah\u00ed por un robo ocurrido d\u00edas atr\u00e1s en un supermercado de avenida Presidente Alfons\u00edn. La investigaci\u00f3n permiti\u00f3 identificar a dos mayores y un menor, todos de <a class=\"mh-excerpt-more\" href=\"https:\/\/larevistadigital.com.ar\/blog\/tres-allanamientos-por-el-robo-a-un-supermercado-secuestraron-bebidas-y-una-moto-con-pedido-de-captura\/\" title=\"Tres allanamientos por el robo a un supermercado: secuestraron bebidas y una moto con pedido de captura\">[Leer M\u00e1s]<\/a><\/p>\n<\/div>","protected":false},"author":3,"featured_media":24841,"comment_status":"open","ping_status":"open","sticky":false,"template":"","format":"standard","meta":{"_jetpack_memberships_contains_paid_content":false,"footnotes":"","jetpack_publicize_message":"","jetpack_publicize_feature_enabled":true,"jetpack_social_post_already_shared":true,"jetpack_social_options":{"image_generator_settings":{"template":"highway","default_image_id":0,"font":"","enabled":false},"version":2}},"categories":[50,44],"tags":[],"class_list":{"0":"post-47172","1":"post","2":"type-post","3":"status-publish","4":"format-standard","5":"has-post-thumbnail","7":"category-interes-general","8":"category-policiales"},"jetpack_publicize_connections":[],"jetpack_featured_media_url":"https:\/\/i0.wp.com\/larevistadigital.com.ar\/blog\/wp-content\/uploads\/1620734310362-1.jpg?fit=1920%2C950&ssl=1","jetpack_sharing_enabled":true,"jetpack_shortlink":"https:\/\/wp.me\/p8qtrQ-cgQ","jetpack-related-posts":[{"id":31992,"url":"https:\/\/larevistadigital.com.ar\/blog\/chascomus-tres-allanamientos-con-resultado-positivo-por-una-causa-de-robo\/","url_meta":{"origin":47172,"position":0},"title":"CHASCOM\u00daS: TRES ALLANAMIENTOS CON RESULTADO POSITIVO POR UNA CAUSA DE ROBO","author":"Alejandro Sosa Ruda","date":"14 junio, 2023","format":false,"excerpt":"Se hicieron durante la jornada en relaci\u00f3n al robo de un comercio del centro de la ciudad. 13 de junio de 2023 En horas de la tarde se hicieron tres Allanamientos que derivaron de un hecho de robo doblemente agravado por escalamiento y por ser en poblado y banda en\u2026","rel":"","context":"En \u00abINTERES GENERAL\u00bb","block_context":{"text":"INTERES GENERAL","link":"https:\/\/larevistadigital.com.ar\/blog\/category\/interes-general\/"},"img":{"alt_text":"","src":"https:\/\/i0.wp.com\/larevistadigital.com.ar\/blog\/wp-content\/uploads\/2019\/01\/bbx_755050019_comisaria_chasco_01.jpg?fit=800%2C579&ssl=1&resize=350%2C200","width":350,"height":200,"srcset":"https:\/\/i0.wp.com\/larevistadigital.com.ar\/blog\/wp-content\/uploads\/2019\/01\/bbx_755050019_comisaria_chasco_01.jpg?fit=800%2C579&ssl=1&resize=350%2C200 1x, https:\/\/i0.wp.com\/larevistadigital.com.ar\/blog\/wp-content\/uploads\/2019\/01\/bbx_755050019_comisaria_chasco_01.jpg?fit=800%2C579&ssl=1&resize=525%2C300 1.5x, https:\/\/i0.wp.com\/larevistadigital.com.ar\/blog\/wp-content\/uploads\/2019\/01\/bbx_755050019_comisaria_chasco_01.jpg?fit=800%2C579&ssl=1&resize=700%2C400 2x"},"classes":[]},{"id":42913,"url":"https:\/\/larevistadigital.com.ar\/blog\/cuatro-allanamientos-y-tres-detenidos-por-robos-en-chascomus\/","url_meta":{"origin":47172,"position":1},"title":"Cuatro allanamientos y tres detenidos por robos en Chascom\u00fas","author":"Alejandro Sosa Ruda","date":"14 diciembre, 2025","format":false,"excerpt":"El operativo fue realizado por la SUBDDI Chascom\u00fas en el marco de una investigaci\u00f3n por delitos contra la propiedad ocurridos en la zona de Caballito Blanco. Secuestraron elementos de inter\u00e9s para la causa. 14 de Diciembre de 2025 CHASCOM\u00daS -\u00a0El pasado viernes, 12 de diciembre, personal de la SUBDDI Chascom\u00fas\u2026","rel":"","context":"En \u00abINTERES GENERAL\u00bb","block_context":{"text":"INTERES GENERAL","link":"https:\/\/larevistadigital.com.ar\/blog\/category\/interes-general\/"},"img":{"alt_text":"","src":"https:\/\/i0.wp.com\/larevistadigital.com.ar\/blog\/wp-content\/uploads\/1-25.jpg?fit=800%2C602&ssl=1&resize=350%2C200","width":350,"height":200,"srcset":"https:\/\/i0.wp.com\/larevistadigital.com.ar\/blog\/wp-content\/uploads\/1-25.jpg?fit=800%2C602&ssl=1&resize=350%2C200 1x, https:\/\/i0.wp.com\/larevistadigital.com.ar\/blog\/wp-content\/uploads\/1-25.jpg?fit=800%2C602&ssl=1&resize=525%2C300 1.5x, https:\/\/i0.wp.com\/larevistadigital.com.ar\/blog\/wp-content\/uploads\/1-25.jpg?fit=800%2C602&ssl=1&resize=700%2C400 2x"},"classes":[]},{"id":46942,"url":"https:\/\/larevistadigital.com.ar\/blog\/primicia-robo-una-moto-en-chascomus-se-fugo-a-berazategui-y-termino-detenido-por-la-subddi-chascomus\/","url_meta":{"origin":47172,"position":2},"title":"PRIMICIA: Rob\u00f3 una moto en Chascom\u00fas, se fug\u00f3 a Berazategui y termin\u00f3 detenido por la SubDDI Chascom\u00fas.","author":"Alejandro Sosa Ruda","date":"14 agosto, 2026","format":false,"excerpt":"La investigaci\u00f3n de la SubDDI Chascom\u00fas permiti\u00f3 identificar al acusado por el robo de una Honda XRE 300 ocurrido a fines de 2025. Tras conocer que ser\u00eda detenido, se habr\u00eda refugiado en el conurbano bonaerense, donde finalmente fue localizado y aprehendido. 14 de agosto de 2026 CHASCOM\u00daS\u00a0 -\u00a0 \u00a0Personal de\u2026","rel":"","context":"En \u00abDESTACADAS\u00bb","block_context":{"text":"DESTACADAS","link":"https:\/\/larevistadigital.com.ar\/blog\/category\/destacadas\/"},"img":{"alt_text":"","src":"https:\/\/i0.wp.com\/larevistadigital.com.ar\/blog\/wp-content\/uploads\/WhatsApp-Image-2026-08-13-at-09.48.09-2.jpg?fit=731%2C863&ssl=1&resize=350%2C200","width":350,"height":200,"srcset":"https:\/\/i0.wp.com\/larevistadigital.com.ar\/blog\/wp-content\/uploads\/WhatsApp-Image-2026-08-13-at-09.48.09-2.jpg?fit=731%2C863&ssl=1&resize=350%2C200 1x, https:\/\/i0.wp.com\/larevistadigital.com.ar\/blog\/wp-content\/uploads\/WhatsApp-Image-2026-08-13-at-09.48.09-2.jpg?fit=731%2C863&ssl=1&resize=525%2C300 1.5x, https:\/\/i0.wp.com\/larevistadigital.com.ar\/blog\/wp-content\/uploads\/WhatsApp-Image-2026-08-13-at-09.48.09-2.jpg?fit=731%2C863&ssl=1&resize=700%2C400 2x"},"classes":[]},{"id":30908,"url":"https:\/\/larevistadigital.com.ar\/blog\/chascomus-allanamientos-con-resultado-positivo-en-el-barrio-san-luis\/","url_meta":{"origin":47172,"position":3},"title":"CHASCOM\u00daS: ALLANAMIENTOS CON RESULTADO POSITIVO EN EL BARRIO SAN LUIS","author":"Alejandro Sosa Ruda","date":"6 abril, 2023","format":false,"excerpt":"Los allanamientos arrojaron resultados positivos. Estar\u00edan identificados los autores de un hurto. 6 de abril de 2023 CHASCOM\u00daS -\u00a0 Durante la tarde del d\u00eda de ayer, la polic\u00eda realiz\u00f3 dos allanamientos en domicilios ubicados en el Barrio San Luis, dentro de las acciones que se toman para esclarecer un hecho\u2026","rel":"","context":"En \u00abINTERES GENERAL\u00bb","block_context":{"text":"INTERES GENERAL","link":"https:\/\/larevistadigital.com.ar\/blog\/category\/interes-general\/"},"img":{"alt_text":"","src":"https:\/\/i0.wp.com\/larevistadigital.com.ar\/blog\/wp-content\/uploads\/WhatsApp-Image-2023-04-05-at-17.30.04.jpeg?fit=1200%2C674&ssl=1&resize=350%2C200","width":350,"height":200,"srcset":"https:\/\/i0.wp.com\/larevistadigital.com.ar\/blog\/wp-content\/uploads\/WhatsApp-Image-2023-04-05-at-17.30.04.jpeg?fit=1200%2C674&ssl=1&resize=350%2C200 1x, https:\/\/i0.wp.com\/larevistadigital.com.ar\/blog\/wp-content\/uploads\/WhatsApp-Image-2023-04-05-at-17.30.04.jpeg?fit=1200%2C674&ssl=1&resize=525%2C300 1.5x, https:\/\/i0.wp.com\/larevistadigital.com.ar\/blog\/wp-content\/uploads\/WhatsApp-Image-2023-04-05-at-17.30.04.jpeg?fit=1200%2C674&ssl=1&resize=700%2C400 2x, https:\/\/i0.wp.com\/larevistadigital.com.ar\/blog\/wp-content\/uploads\/WhatsApp-Image-2023-04-05-at-17.30.04.jpeg?fit=1200%2C674&ssl=1&resize=1050%2C600 3x"},"classes":[]},{"id":27349,"url":"https:\/\/larevistadigital.com.ar\/blog\/chascomus-dos-allanamientos-con-resultado-positivo-en-relacion-al-robo-sufrido-dias-atras-por-una-pareja-de-adultos-mayores\/","url_meta":{"origin":47172,"position":4},"title":"CHASCOM\u00daS: DOS ALLANAMIENTOS CON RESULTADO POSITIVO EN RELACI\u00d3N AL ROBO SUFRIDO D\u00cdAS ATR\u00c1S POR UNA PAREJA DE ADULTOS MAYORES","author":"Alejandro Sosa Ruda","date":"29 agosto, 2022","format":false,"excerpt":"CHASCOM\u00daS - En la fecha Personal de la Polic\u00eda Comunal en conjunto con GAD y Sub ddi Chascom\u00fas, llevo a cabo una Orden de Allanamiento y Secuestro, otorgada por Juzgado de Garant\u00edas n\u00famero 5 a\/c del Dr Gasquet, la cual se efectivizo arrojando resultado positivo. La misma, surgi\u00f3 en relaci\u00f3n\u2026","rel":"","context":"En \u00abINTERES GENERAL\u00bb","block_context":{"text":"INTERES GENERAL","link":"https:\/\/larevistadigital.com.ar\/blog\/category\/interes-general\/"},"img":{"alt_text":"","src":"https:\/\/i0.wp.com\/larevistadigital.com.ar\/blog\/wp-content\/uploads\/1620734310362.jpg?fit=1200%2C798&ssl=1&resize=350%2C200","width":350,"height":200,"srcset":"https:\/\/i0.wp.com\/larevistadigital.com.ar\/blog\/wp-content\/uploads\/1620734310362.jpg?fit=1200%2C798&ssl=1&resize=350%2C200 1x, https:\/\/i0.wp.com\/larevistadigital.com.ar\/blog\/wp-content\/uploads\/1620734310362.jpg?fit=1200%2C798&ssl=1&resize=525%2C300 1.5x, https:\/\/i0.wp.com\/larevistadigital.com.ar\/blog\/wp-content\/uploads\/1620734310362.jpg?fit=1200%2C798&ssl=1&resize=700%2C400 2x, https:\/\/i0.wp.com\/larevistadigital.com.ar\/blog\/wp-content\/uploads\/1620734310362.jpg?fit=1200%2C798&ssl=1&resize=1050%2C600 3x"},"classes":[]},{"id":40562,"url":"https:\/\/larevistadigital.com.ar\/blog\/desbaratan-banda-que-robaba-y-desguazaba-motos-en-villa-gesell-y-madariaga\/","url_meta":{"origin":47172,"position":5},"title":"Desbaratan banda que robaba y desguazaba motos en Villa Gesell y Madariaga","author":"Alejandro Sosa Ruda","date":"21 julio, 2025","format":false,"excerpt":"Una investigaci\u00f3n de la SubDDI Villa Gesell permiti\u00f3 dar con un taller clandestino y detener a un sospechoso tras una serie de allanamientos en dos distritos. Recuperaron una moto robada y hallaron piezas adulteradas. 21 de Julio de 2025 GRAL. MADARIAGA -\u00a0 \u00a0 Una organizaci\u00f3n delictiva dedicada al robo de\u2026","rel":"","context":"En \u00abREGIONALES\u00bb","block_context":{"text":"REGIONALES","link":"https:\/\/larevistadigital.com.ar\/blog\/category\/regionales\/"},"img":{"alt_text":"","src":"https:\/\/i0.wp.com\/larevistadigital.com.ar\/blog\/wp-content\/uploads\/6abdb7cba6a3118234c5384b1750510a2f07af49.jpg?fit=1140%2C641&ssl=1&resize=350%2C200","width":350,"height":200,"srcset":"https:\/\/i0.wp.com\/larevistadigital.com.ar\/blog\/wp-content\/uploads\/6abdb7cba6a3118234c5384b1750510a2f07af49.jpg?fit=1140%2C641&ssl=1&resize=350%2C200 1x, https:\/\/i0.wp.com\/larevistadigital.com.ar\/blog\/wp-content\/uploads\/6abdb7cba6a3118234c5384b1750510a2f07af49.jpg?fit=1140%2C641&ssl=1&resize=525%2C300 1.5x, https:\/\/i0.wp.com\/larevistadigital.com.ar\/blog\/wp-content\/uploads\/6abdb7cba6a3118234c5384b1750510a2f07af49.jpg?fit=1140%2C641&ssl=1&resize=700%2C400 2x, https:\/\/i0.wp.com\/larevistadigital.com.ar\/blog\/wp-content\/uploads\/6abdb7cba6a3118234c5384b1750510a2f07af49.jpg?fit=1140%2C641&ssl=1&resize=1050%2C600 3x"},"classes":[]}],"_links":{"self":[{"href":"https:\/\/larevistadigital.com.ar\/blog\/wp-json\/wp\/v2\/posts\/47172","targetHints":{"allow":["GET"]}}],"collection":[{"href":"https:\/\/larevistadigital.com.ar\/blog\/wp-json\/wp\/v2\/posts"}],"about":[{"href":"https:\/\/larevistadigital.com.ar\/blog\/wp-json\/wp\/v2\/types\/post"}],"author":[{"embeddable":true,"href":"https:\/\/larevistadigital.com.ar\/blog\/wp-json\/wp\/v2\/users\/3"}],"replies":[{"embeddable":true,"href":"https:\/\/larevistadigital.com.ar\/blog\/wp-json\/wp\/v2\/comments?post=47172"}],"version-history":[{"count":1,"href":"https:\/\/larevistadigital.com.ar\/blog\/wp-json\/wp\/v2\/posts\/47172\/revisions"}],"predecessor-version":[{"id":47173,"href":"https:\/\/larevistadigital.com.ar\/blog\/wp-json\/wp\/v2\/posts\/47172\/revisions\/47173"}],"wp:featuredmedia":[{"embeddable":true,"href":"https:\/\/larevistadigital.com.ar\/blog\/wp-json\/wp\/v2\/media\/24841"}],"wp:attachment":[{"href":"https:\/\/larevistadigital.com.ar\/blog\/wp-json\/wp\/v2\/media?parent=47172"}],"wp:term":[{"taxonomy":"category","embeddable":true,"href":"https:\/\/larevistadigital.com.ar\/blog\/wp-json\/wp\/v2\/categories?post=47172"},{"taxonomy":"post_tag","embeddable":true,"href":"https:\/\/larevistadigital.com.ar\/blog\/wp-json\/wp\/v2\/tags?post=47172"}],"curies":[{"name":"wp","href":"https:\/\/api.w.org\/{rel}","templated":true}]}}