{"id":47174,"date":"2026-09-04T16:52:06","date_gmt":"2026-09-04T19:52:06","guid":{"rendered":"https:\/\/larevistadigital.com.ar\/blog\/?p=47174"},"modified":"2026-09-04T21:02:05","modified_gmt":"2026-09-05T00:02:05","slug":"allanamiento-por-drogas-en-chascomus-secuestraron-cocaina-marihuana-dinero-y-una-moto-robada","status":"publish","type":"post","link":"https:\/\/larevistadigital.com.ar\/blog\/allanamiento-por-drogas-en-chascomus-secuestraron-cocaina-marihuana-dinero-y-una-moto-robada\/","title":{"rendered":"Allanamiento por drogas en Chascom\u00fas: Apreendieron a dos personas, secuestraron coca\u00edna, marihuana, dinero y una moto robada"},"content":{"rendered":"<div class=\"qMYqUG_convSearchResultHighlightRoot\">\n<div class=\"\" data-turn-id-container=\"request-6a887672-ff24-83e9-9cf9-8eaa40d5bb2d-10\" data-is-intersecting=\"true\">\n<section class=\"text-token-text-primary w-full focus:outline-none has-data-writing-block:pointer-events-none [&amp;:has([data-writing-block])&gt;*]:pointer-events-auto R6Vx5W_threadScrollVars scroll-mb-[calc(var(--scroll-root-safe-area-inset-bottom,0px)+var(--thread-response-height))] scroll-mt-[calc(var(--header-height)+min(200px,max(70px,20svh)))]\" dir=\"auto\" data-turn-id=\"request-6a887672-ff24-83e9-9cf9-8eaa40d5bb2d-10\" data-turn-id-container=\"request-6a887672-ff24-83e9-9cf9-8eaa40d5bb2d-10\" data-testid=\"conversation-turn-14\" data-turn=\"assistant\">\n<div class=\"text-base my-auto mx-auto pb-8 [--thread-content-margin:var(--thread-content-margin-xs,calc(var(--spacing)*4))] @w-sm\/main:[--thread-content-margin:var(--thread-content-margin-sm,calc(var(--spacing)*6))] @w-lg\/main:[--thread-content-margin:var(--thread-content-margin-lg,calc(var(--spacing)*16))] px-(--thread-content-margin)\">\n<div class=\"[--thread-content-max-width:40rem] @w-lg\/main:[--thread-content-max-width:48rem] mx-auto max-w-(--thread-content-max-width) flex-1 group\/turn-messages focus-visible:outline-hidden relative flex w-full min-w-0 flex-col agent-turn\" data-conversation-screenshot-content=\"\">\n<div class=\"flex max-w-full flex-col gap-4 grow\">\n<div class=\"min-h-8 text-message relative flex w-full flex-col items-end gap-2 text-start break-words whitespace-normal outline-none keyboard-focused:focus-ring [.text-message+&amp;]:mt-1\" dir=\"auto\" data-message-author-role=\"assistant\" data-message-id=\"b872530b-b7aa-4957-a35a-147ca944dc13\" data-message-model-slug=\"gpt-5-6\" data-turn-start-message=\"true\">\n<div class=\"flex w-full flex-col gap-1 empty:hidden\">\n<div class=\"markdown prose dark:prose-invert wrap-break-word w-full light markdown-new-styling\">\n<h3 class=\"PDq2pG_selectionAnchorContainer\" data-start=\"99\" data-end=\"386\">La Delegaci\u00f3n de Narcotr\u00e1fico Chascom\u00fas realiz\u00f3 un allanamiento en una vivienda de calle Costa Rica y Ameghino. Dos personas fueron aprehendidas y quedaron a disposici\u00f3n de la Justicia, acusadas de tenencia de estupefacientes con fines de comercializaci\u00f3n.<\/h3>\n<p>04 de septiembre de 2026<\/p>\n<p data-start=\"388\" data-end=\"634\"><strong>CHASCOM\u00daS\u00a0 &#8211;<\/strong>\u00a0 \u00a0Un procedimiento contra el narcotr\u00e1fico se llev\u00f3 adelante en las \u00faltimas horas en <strong data-start=\"470\" data-end=\"483\">Chascom\u00fas<\/strong>, donde personal de la Delegaci\u00f3n de Narcotr\u00e1fico realiz\u00f3 un allanamiento en un domicilio ubicado sobre calle Costa Rica y Ameghino.<\/p>\n<blockquote>\n<h3 data-start=\"636\" data-end=\"768\">Durante el registro, los investigadores secuestraron <strong data-start=\"689\" data-end=\"767\">11 envoltorios con clorhidrato de coca\u00edna y tres envoltorios con marihuana<\/strong>.<\/h3>\n<\/blockquote>\n<p data-start=\"770\" data-end=\"985\">Tambi\u00e9n fueron incautados una lata con bicarbonato, se\u00f1alado en el procedimiento como elemento utilizado para el corte y estiramiento de la droga, adem\u00e1s de m\u00faltiples recortes de nylon destinados al fraccionamiento.<\/p>\n<h3 data-section-id=\"a8cnd4\" data-start=\"987\" data-end=\"1026\"><span style=\"color: #ff0000\">Dinero, celulares y una motocicleta<\/span><\/h3>\n<p data-start=\"1028\" data-end=\"1201\">El operativo permiti\u00f3 adem\u00e1s secuestrar <strong data-start=\"1068\" data-end=\"1108\">dos tel\u00e9fonos celulares de alta gama<\/strong>, una importante cantidad de dinero en efectivo de baja y media denominaci\u00f3n y facas caseras.<\/p>\n<p data-start=\"1203\" data-end=\"1380\">Entre los elementos encontrados tambi\u00e9n apareci\u00f3 una <strong data-start=\"1256\" data-end=\"1321\">motocicleta de 110 cc que ten\u00eda un pedido de secuestro activo<\/strong>, quedando a disposici\u00f3n de la U.F.I.D. N.\u00ba 9 de Chascom\u00fas.<\/p>\n<h3 data-section-id=\"wyh25q\" data-start=\"1382\" data-end=\"1402\"><span style=\"color: #ff0000\">Dos aprehendidos<\/span><\/h3>\n<p data-start=\"1404\" data-end=\"1542\">Como resultado del procedimiento fueron aprehendidos <strong data-start=\"1457\" data-end=\"1541\">dos adultos, un masculino y una femenina.<\/strong><\/p>\n<blockquote>\n<h3 data-start=\"1544\" data-end=\"1711\">Ambos quedaron imputados, en principio, por el delito de <strong data-start=\"1601\" data-end=\"1664\">\u201cTenencia de Estupefacientes con Fines de Comercializaci\u00f3n\u201d<\/strong>, con intervenci\u00f3n de la UFIJ N.\u00ba 3 de Dolores.<\/h3>\n<\/blockquote>\n<p data-start=\"1713\" data-end=\"1844\">Se pudo establecer que los dos imputados cuentan con <strong data-start=\"1761\" data-end=\"1843\">antecedentes condenatorios por delitos vinculados al narcotr\u00e1fico en Chascom\u00fas<\/strong>.<\/p>\n<blockquote>\n<h3 data-start=\"1846\" data-end=\"2038\">Est\u00e1 previsto que este <strong data-start=\"1869\" data-end=\"1896\">viernes 4 de septiembre<\/strong> sean trasladados a la sede de la Ayudant\u00eda Fiscal de Estupefacientes de Chascom\u00fas, donde se les recibir\u00e1 declaraci\u00f3n en el marco de la causa.<\/h3>\n<\/blockquote>\n<p data-start=\"2040\" data-end=\"2131\" data-is-last-node=\"\" data-is-only-node=\"\">La investigaci\u00f3n contin\u00faa bajo intervenci\u00f3n de las autoridades judiciales correspondientes.<\/p>\n<\/div>\n<\/div>\n<\/div>\n<\/div>\n<div class=\"z-0 flex min-h-[46px] justify-start\"><\/div>\n<div class=\"mt-3 w-full empty:hidden has-[&gt;_:empty]:hidden\">\n<div class=\"text-center\"><\/div>\n<\/div>\n<\/div>\n<div class=\"[--thread-content-max-width:40rem] @w-lg\/main:[--thread-content-max-width:48rem] mx-auto max-w-(--thread-content-max-width) flex-1\" data-conversation-screenshot-content=\"\">\n<div><\/div>\n<\/div>\n<\/div>\n<\/section>\n<\/div>\n<\/div>\n<div class=\"pointer-events-none -mt-px h-px translate-y-(--scroll-root-safe-area-inset-bottom)\" aria-hidden=\"true\"><\/div>\n","protected":false},"excerpt":{"rendered":"<div class=\"mh-excerpt\"><p>La Delegaci\u00f3n de Narcotr\u00e1fico Chascom\u00fas realiz\u00f3 un allanamiento en una vivienda de calle Costa Rica y Ameghino. Dos personas fueron aprehendidas y quedaron a disposici\u00f3n de la Justicia, acusadas de tenencia de estupefacientes con fines <a class=\"mh-excerpt-more\" href=\"https:\/\/larevistadigital.com.ar\/blog\/allanamiento-por-drogas-en-chascomus-secuestraron-cocaina-marihuana-dinero-y-una-moto-robada\/\" title=\"Allanamiento por drogas en Chascom\u00fas: Apreendieron a dos personas, secuestraron coca\u00edna, marihuana, dinero y una moto robada\">[Leer M\u00e1s]<\/a><\/p>\n<\/div>","protected":false},"author":3,"featured_media":47175,"comment_status":"open","ping_status":"open","sticky":false,"template":"","format":"standard","meta":{"_jetpack_memberships_contains_paid_content":false,"footnotes":"","jetpack_publicize_message":"","jetpack_publicize_feature_enabled":true,"jetpack_social_post_already_shared":true,"jetpack_social_options":{"image_generator_settings":{"template":"highway","default_image_id":0,"font":"","enabled":false},"version":2}},"categories":[41,44],"tags":[],"class_list":{"0":"post-47174","1":"post","2":"type-post","3":"status-publish","4":"format-standard","5":"has-post-thumbnail","7":"category-destacadas","8":"category-policiales"},"jetpack_publicize_connections":[],"jetpack_featured_media_url":"https:\/\/i0.wp.com\/larevistadigital.com.ar\/blog\/wp-content\/uploads\/allanamiento-1.jpg?fit=1200%2C700&ssl=1","jetpack_sharing_enabled":true,"jetpack_shortlink":"https:\/\/wp.me\/p8qtrQ-cgS","jetpack-related-posts":[{"id":35662,"url":"https:\/\/larevistadigital.com.ar\/blog\/primicia-confirmada-en-un-allanamiento-fue-detenido-un-hombre-y-se-secuestraron-1-kg-de-cocaina-y-una-importante-suma-de-dinero\/","url_meta":{"origin":47174,"position":0},"title":"PRIMICIA CONFIRMADA: EN UN ALLANAMIENTO, FUE DETENIDO UN HOMBRE Y SE SECUESTRARON 1 KG. DE COCA\u00cdNA Y UNA IMPORTANTE SUMA DE DINERO","author":"Alejandro Sosa Ruda","date":"21 marzo, 2024","format":false,"excerpt":"Se llev\u00f3 a cabo en calle Inmigrantes Arabes y se logr\u00f3 detener a una persona. Hubo una importante colaboraci\u00f3n de la Secretar\u00eda de Seguridad Ciudadana, con imagenes del Centro de Monitoreo. 21 de marzo de 2024 CHASCOM\u00daS -\u00a0 \u00a0Finalmente se confirm\u00f3 lo que La Revista Digital anticip\u00f3 en primicia ayer\u2026","rel":"","context":"En \u00abDESTACADAS\u00bb","block_context":{"text":"DESTACADAS","link":"https:\/\/larevistadigital.com.ar\/blog\/category\/destacadas\/"},"img":{"alt_text":"","src":"https:\/\/i0.wp.com\/larevistadigital.com.ar\/blog\/wp-content\/uploads\/434078330_389072630565920_4992071101961100517_n.jpg?fit=1160%2C740&ssl=1&resize=350%2C200","width":350,"height":200,"srcset":"https:\/\/i0.wp.com\/larevistadigital.com.ar\/blog\/wp-content\/uploads\/434078330_389072630565920_4992071101961100517_n.jpg?fit=1160%2C740&ssl=1&resize=350%2C200 1x, https:\/\/i0.wp.com\/larevistadigital.com.ar\/blog\/wp-content\/uploads\/434078330_389072630565920_4992071101961100517_n.jpg?fit=1160%2C740&ssl=1&resize=525%2C300 1.5x, https:\/\/i0.wp.com\/larevistadigital.com.ar\/blog\/wp-content\/uploads\/434078330_389072630565920_4992071101961100517_n.jpg?fit=1160%2C740&ssl=1&resize=700%2C400 2x, https:\/\/i0.wp.com\/larevistadigital.com.ar\/blog\/wp-content\/uploads\/434078330_389072630565920_4992071101961100517_n.jpg?fit=1160%2C740&ssl=1&resize=1050%2C600 3x"},"classes":[]},{"id":39270,"url":"https:\/\/larevistadigital.com.ar\/blog\/chascomus-se-secuestraron-estupefacientes-y-se-detuvo-a-un-individuo\/","url_meta":{"origin":47174,"position":1},"title":"Chascom\u00fas: Se secuestraron estupefacientes, y se detuvo a un individuo","author":"Alejandro Sosa Ruda","date":"3 abril, 2025","format":false,"excerpt":"Fue el corolario de una investigaci\u00f3n que demand\u00f3 unos meses. 03 de Abril de 2025 CHASCOM\u00daS -\u00a0\u00a0 Luego de meses de investigar el delito de Comercializaci\u00f3n de estupefacientes, la Subdelegaci\u00f3n de Narcotr\u00e1fico de Chascom\u00fas con intervenci\u00f3n de la U.F.I.J. 3 de Dolores y la Ayudant\u00eda Fiscal de Estupefacientes de chascom\u00fas\u2026","rel":"","context":"En \u00abDESTACADAS\u00bb","block_context":{"text":"DESTACADAS","link":"https:\/\/larevistadigital.com.ar\/blog\/category\/destacadas\/"},"img":{"alt_text":"","src":"https:\/\/i0.wp.com\/larevistadigital.com.ar\/blog\/wp-content\/uploads\/WhatsApp-Image-2025-04-03-at-16.01.44-1.jpeg?fit=900%2C1200&ssl=1&resize=350%2C200","width":350,"height":200,"srcset":"https:\/\/i0.wp.com\/larevistadigital.com.ar\/blog\/wp-content\/uploads\/WhatsApp-Image-2025-04-03-at-16.01.44-1.jpeg?fit=900%2C1200&ssl=1&resize=350%2C200 1x, https:\/\/i0.wp.com\/larevistadigital.com.ar\/blog\/wp-content\/uploads\/WhatsApp-Image-2025-04-03-at-16.01.44-1.jpeg?fit=900%2C1200&ssl=1&resize=525%2C300 1.5x, https:\/\/i0.wp.com\/larevistadigital.com.ar\/blog\/wp-content\/uploads\/WhatsApp-Image-2025-04-03-at-16.01.44-1.jpeg?fit=900%2C1200&ssl=1&resize=700%2C400 2x"},"classes":[]},{"id":40362,"url":"https:\/\/larevistadigital.com.ar\/blog\/recuperan-moto-robada-en-chascomus-tras-un-allanamiento-positivo-en-el-barrio-acceso-norte\/","url_meta":{"origin":47174,"position":2},"title":"Recuperan moto robada en Chascom\u00fas tras un allanamiento positivo en el barrio Acceso Norte","author":"Alejandro Sosa Ruda","date":"7 julio, 2025","format":false,"excerpt":"El operativo fue realizado por personal policial tras una denuncia por hurto. Se secuestraron elementos clave para la investigaci\u00f3n y se notific\u00f3 al principal sospechoso. 07 de Julio de 2025 CHASCOM\u00daS -\u00a0 Una investigaci\u00f3n por el robo de una motocicleta en Chascom\u00fas deriv\u00f3 en un allanamiento con resultado positivo en\u2026","rel":"","context":"En \u00abDESTACADAS\u00bb","block_context":{"text":"DESTACADAS","link":"https:\/\/larevistadigital.com.ar\/blog\/category\/destacadas\/"},"img":{"alt_text":"","src":"https:\/\/i0.wp.com\/larevistadigital.com.ar\/blog\/wp-content\/uploads\/2017\/03\/policia-nino-mata.jpg?fit=745%2C574&ssl=1&resize=350%2C200","width":350,"height":200,"srcset":"https:\/\/i0.wp.com\/larevistadigital.com.ar\/blog\/wp-content\/uploads\/2017\/03\/policia-nino-mata.jpg?fit=745%2C574&ssl=1&resize=350%2C200 1x, https:\/\/i0.wp.com\/larevistadigital.com.ar\/blog\/wp-content\/uploads\/2017\/03\/policia-nino-mata.jpg?fit=745%2C574&ssl=1&resize=525%2C300 1.5x, https:\/\/i0.wp.com\/larevistadigital.com.ar\/blog\/wp-content\/uploads\/2017\/03\/policia-nino-mata.jpg?fit=745%2C574&ssl=1&resize=700%2C400 2x"},"classes":[]},{"id":26403,"url":"https:\/\/larevistadigital.com.ar\/blog\/chascomus-tres-allanamientos-con-resultado-positivo-dos-aprehendidos-y-secuestro-de-marihuana-y-cocaina\/","url_meta":{"origin":47174,"position":3},"title":"CHASCOM\u00daS: TRES ALLANAMIENTOS CON RESULTADO POSITIVO, DOS APREHENDIDOS Y SECUESTRO DE MARIHUANA Y COCA\u00cdNA","author":"Alejandro Sosa Ruda","date":"7 julio, 2022","format":false,"excerpt":"CHASCOM\u00daS -\u00a0 Durante el d\u00eda de ayer, 6 de julio, se llevaron a cabo tres allanamientos por infracci\u00f3n a la ley 23.737 (estupefacientes), luego de que se tom\u00f3 conocimiento de que en tres lugares se estar\u00edan comercializando drogas. De esta manera se dio conocimiento a la UFI 3 a cargo\u2026","rel":"","context":"En \u00abDESTACADAS\u00bb","block_context":{"text":"DESTACADAS","link":"https:\/\/larevistadigital.com.ar\/blog\/category\/destacadas\/"},"img":{"alt_text":"","src":"https:\/\/i0.wp.com\/larevistadigital.com.ar\/blog\/wp-content\/uploads\/WhatsApp-Image-2022-07-06-at-11.11.42-PM-1.jpeg?fit=850%2C813&ssl=1&resize=350%2C200","width":350,"height":200,"srcset":"https:\/\/i0.wp.com\/larevistadigital.com.ar\/blog\/wp-content\/uploads\/WhatsApp-Image-2022-07-06-at-11.11.42-PM-1.jpeg?fit=850%2C813&ssl=1&resize=350%2C200 1x, https:\/\/i0.wp.com\/larevistadigital.com.ar\/blog\/wp-content\/uploads\/WhatsApp-Image-2022-07-06-at-11.11.42-PM-1.jpeg?fit=850%2C813&ssl=1&resize=525%2C300 1.5x, https:\/\/i0.wp.com\/larevistadigital.com.ar\/blog\/wp-content\/uploads\/WhatsApp-Image-2022-07-06-at-11.11.42-PM-1.jpeg?fit=850%2C813&ssl=1&resize=700%2C400 2x"},"classes":[]},{"id":36978,"url":"https:\/\/larevistadigital.com.ar\/blog\/chascomus-otro-allanamiento-por-drogas-con-resultado-positivo\/","url_meta":{"origin":47174,"position":4},"title":"CHASCOM\u00daS: OTRO ALLANAMIENTO POR DROGAS CON RESULTADO POSITIVO","author":"Alejandro Sosa Ruda","date":"15 agosto, 2024","format":false,"excerpt":"La polic\u00eda logr\u00f3 nuevamente desarticular una organizaci\u00f3n dedicada al narcotr\u00e1fico. 15 de Agosto de 2024 CHASCOM\u00daS -\u00a0 \u00a0Luego de que personal de la Subdelegaci\u00f3n Chascom\u00fas de Investigaciones del Tr\u00e1fico de Drogas Il\u00edcitas logr\u00f3 reunir pruebas acerca de la comisi\u00f3n de un delito, se realiz\u00f3 un allanamiento dictado por el fiscal\u2026","rel":"","context":"En \u00abDESTACADAS\u00bb","block_context":{"text":"DESTACADAS","link":"https:\/\/larevistadigital.com.ar\/blog\/category\/destacadas\/"},"img":{"alt_text":"","src":"https:\/\/i0.wp.com\/larevistadigital.com.ar\/blog\/wp-content\/uploads\/Captura-de-pantalla-2024-08-15-201234.png?fit=969%2C575&ssl=1&resize=350%2C200","width":350,"height":200,"srcset":"https:\/\/i0.wp.com\/larevistadigital.com.ar\/blog\/wp-content\/uploads\/Captura-de-pantalla-2024-08-15-201234.png?fit=969%2C575&ssl=1&resize=350%2C200 1x, https:\/\/i0.wp.com\/larevistadigital.com.ar\/blog\/wp-content\/uploads\/Captura-de-pantalla-2024-08-15-201234.png?fit=969%2C575&ssl=1&resize=525%2C300 1.5x, https:\/\/i0.wp.com\/larevistadigital.com.ar\/blog\/wp-content\/uploads\/Captura-de-pantalla-2024-08-15-201234.png?fit=969%2C575&ssl=1&resize=700%2C400 2x"},"classes":[]},{"id":44812,"url":"https:\/\/larevistadigital.com.ar\/blog\/allanamientos-por-venta-de-estupefacientes-en-chascomus-cinco-personas-detenidas-en-operativos-simultaneos\/","url_meta":{"origin":47174,"position":5},"title":"Allanamientos por venta de estupefacientes en Chascom\u00fas: cinco personas detenidas en operativos simult\u00e1neos","author":"Alejandro Sosa Ruda","date":"30 marzo, 2026","format":false,"excerpt":"Los procedimientos se realizaron en dos domicilios y permitieron secuestrar marihuana, coca\u00edna y una moto con pedido de captura. 30 de marzo de 2026 CHASCOM\u00daS -\u00a0 \u00a0La pasada semana se llevaron a cabo dos allanamientos en el marco de una causa por venta de estupefacientes impulsada por la Secretar\u00eda de\u2026","rel":"","context":"En \u00abINTERES GENERAL\u00bb","block_context":{"text":"INTERES GENERAL","link":"https:\/\/larevistadigital.com.ar\/blog\/category\/interes-general\/"},"img":{"alt_text":"","src":"https:\/\/i0.wp.com\/larevistadigital.com.ar\/blog\/wp-content\/uploads\/69cab7115be6f.png?fit=668%2C445&ssl=1&resize=350%2C200","width":350,"height":200,"srcset":"https:\/\/i0.wp.com\/larevistadigital.com.ar\/blog\/wp-content\/uploads\/69cab7115be6f.png?fit=668%2C445&ssl=1&resize=350%2C200 1x, https:\/\/i0.wp.com\/larevistadigital.com.ar\/blog\/wp-content\/uploads\/69cab7115be6f.png?fit=668%2C445&ssl=1&resize=525%2C300 1.5x"},"classes":[]}],"_links":{"self":[{"href":"https:\/\/larevistadigital.com.ar\/blog\/wp-json\/wp\/v2\/posts\/47174","targetHints":{"allow":["GET"]}}],"collection":[{"href":"https:\/\/larevistadigital.com.ar\/blog\/wp-json\/wp\/v2\/posts"}],"about":[{"href":"https:\/\/larevistadigital.com.ar\/blog\/wp-json\/wp\/v2\/types\/post"}],"author":[{"embeddable":true,"href":"https:\/\/larevistadigital.com.ar\/blog\/wp-json\/wp\/v2\/users\/3"}],"replies":[{"embeddable":true,"href":"https:\/\/larevistadigital.com.ar\/blog\/wp-json\/wp\/v2\/comments?post=47174"}],"version-history":[{"count":4,"href":"https:\/\/larevistadigital.com.ar\/blog\/wp-json\/wp\/v2\/posts\/47174\/revisions"}],"predecessor-version":[{"id":47179,"href":"https:\/\/larevistadigital.com.ar\/blog\/wp-json\/wp\/v2\/posts\/47174\/revisions\/47179"}],"wp:featuredmedia":[{"embeddable":true,"href":"https:\/\/larevistadigital.com.ar\/blog\/wp-json\/wp\/v2\/media\/47175"}],"wp:attachment":[{"href":"https:\/\/larevistadigital.com.ar\/blog\/wp-json\/wp\/v2\/media?parent=47174"}],"wp:term":[{"taxonomy":"category","embeddable":true,"href":"https:\/\/larevistadigital.com.ar\/blog\/wp-json\/wp\/v2\/categories?post=47174"},{"taxonomy":"post_tag","embeddable":true,"href":"https:\/\/larevistadigital.com.ar\/blog\/wp-json\/wp\/v2\/tags?post=47174"}],"curies":[{"name":"wp","href":"https:\/\/api.w.org\/{rel}","templated":true}]}}