{"id":47180,"date":"2026-09-04T22:26:07","date_gmt":"2026-09-05T01:26:07","guid":{"rendered":"https:\/\/larevistadigital.com.ar\/blog\/?p=47180"},"modified":"2026-09-04T22:26:07","modified_gmt":"2026-09-05T01:26:07","slug":"operativos-rurales-en-chascomus-cuatro-aprehendidos-una-causa-penal-y-21-infracciones-por-caza-y-pesca","status":"publish","type":"post","link":"https:\/\/larevistadigital.com.ar\/blog\/operativos-rurales-en-chascomus-cuatro-aprehendidos-una-causa-penal-y-21-infracciones-por-caza-y-pesca\/","title":{"rendered":"Operativos rurales en Chascom\u00fas: cuatro aprehendidos, una causa penal y 21 infracciones por caza y pesca"},"content":{"rendered":"<div class=\"relative basis-auto flex-col -mb-(--composer-overlap-px) pb-(--composer-overlap-px) [--composer-overlap-px:28px] grow flex\">\n<div class=\"flex min-h-0 grow flex-col text-sm\">\n<div class=\"qMYqUG_convSearchResultHighlightRoot\">\n<div class=\"\" data-turn-id-container=\"request-6a887672-ff24-83e9-9cf9-8eaa40d5bb2d-12\" data-is-intersecting=\"true\">\n<section class=\"text-token-text-primary w-full focus:outline-none has-data-writing-block:pointer-events-none [&amp;:has([data-writing-block])&gt;*]:pointer-events-auto R6Vx5W_threadScrollVars scroll-mb-[calc(var(--scroll-root-safe-area-inset-bottom,0px)+var(--thread-response-height))] scroll-mt-[calc(var(--header-height)+min(200px,max(70px,20svh)))]\" dir=\"auto\" data-turn-id=\"request-6a887672-ff24-83e9-9cf9-8eaa40d5bb2d-12\" data-turn-id-container=\"request-6a887672-ff24-83e9-9cf9-8eaa40d5bb2d-12\" data-testid=\"conversation-turn-12\" data-turn=\"assistant\">\n<div class=\"text-base my-auto mx-auto pb-8 [--thread-content-margin:var(--thread-content-margin-xs,calc(var(--spacing)*4))] @w-sm\/main:[--thread-content-margin:var(--thread-content-margin-sm,calc(var(--spacing)*6))] @w-lg\/main:[--thread-content-margin:var(--thread-content-margin-lg,calc(var(--spacing)*16))] px-(--thread-content-margin)\">\n<div class=\"[--thread-content-max-width:40rem] @w-lg\/main:[--thread-content-max-width:48rem] mx-auto max-w-(--thread-content-max-width) flex-1 group\/turn-messages focus-visible:outline-hidden relative flex w-full min-w-0 flex-col agent-turn\" data-conversation-screenshot-content=\"\">\n<div class=\"flex max-w-full flex-col gap-4 grow\">\n<div class=\"min-h-8 text-message relative flex w-full flex-col items-end gap-2 text-start break-words whitespace-normal outline-none keyboard-focused:focus-ring [.text-message+&amp;]:mt-1\" dir=\"auto\" data-message-author-role=\"assistant\" data-message-id=\"91c27066-89db-4eb3-b711-d02455f63cb8\" data-message-model-slug=\"gpt-5-6\" data-turn-start-message=\"true\">\n<div class=\"flex w-full flex-col gap-1 empty:hidden\">\n<div class=\"markdown prose dark:prose-invert wrap-break-word w-full light markdown-new-styling\">\n<h3 class=\"PDq2pG_selectionAnchorContainer\" data-start=\"108\" data-end=\"421\">El Comando de Prevenci\u00f3n Rural Chascom\u00fas reforz\u00f3 los controles en establecimientos rurales, caminos y espejos de agua. En los \u00faltimos procedimientos hubo cuatro aprehendidos por un episodio de resistencia a la autoridad, un veh\u00edculo secuestrado y 21 personas infraccionadas por caza y pesca irregular.<\/h3>\n<p>04 de septiembre de 2026<\/p>\n<p data-start=\"423\" data-end=\"587\"><strong>CHASCOM\u00daS\u00a0 &#8211;<\/strong>\u00a0 \u00a0El <strong data-start=\"426\" data-end=\"473\">Comando de Prevenci\u00f3n Rural (CPR) Chascom\u00fas<\/strong> intensific\u00f3 durante los \u00faltimos d\u00edas los operativos preventivos en distintos puntos de la zona rural del partido.<\/p>\n<p data-start=\"589\" data-end=\"935\">Entre los procedimientos realizados se destaca un episodio ocurrido este <strong data-start=\"662\" data-end=\"689\">viernes 4 de septiembre<\/strong>, en inmediaciones de Laguna Vitel, donde cuatro personas fueron aprehendidas inicialmente luego de que, seg\u00fan se inform\u00f3, ingresaran a una propiedad privada y posteriormente intentaran escapar en un autom\u00f3vil al ser identificadas por la Polic\u00eda.<\/p>\n<p data-start=\"937\" data-end=\"1156\">Tras un seguimiento, el veh\u00edculo fue interceptado. Con intervenci\u00f3n del Ministerio P\u00fablico Fiscal, se inici\u00f3 una causa por <strong data-start=\"1060\" data-end=\"1092\">\u201cResistencia a la Autoridad\u201d<\/strong> respecto del conductor y se dispuso el secuestro del autom\u00f3vil.<\/p>\n<p data-start=\"1158\" data-end=\"1286\">Los otros tres ocupantes fueron identificados y posteriormente recuperaron la libertad por disposici\u00f3n de la autoridad judicial.<\/p>\n<h3 data-section-id=\"1yz5hv1\" data-start=\"1288\" data-end=\"1324\">Controles contra la caza furtiva<\/h3>\n<p data-start=\"1326\" data-end=\"1407\">Los procedimientos tambi\u00e9n se extendieron a establecimientos rurales del partido.<\/p>\n<p data-start=\"1409\" data-end=\"1564\">En distintos operativos fueron <strong data-start=\"1440\" data-end=\"1473\">infraccionadas siete personas<\/strong> que se encontraban realizando actividades de caza sin las autorizaciones correspondientes.<\/p>\n<p data-start=\"1566\" data-end=\"1736\">Durante estas intervenciones se constat\u00f3 la utilizaci\u00f3n de <strong data-start=\"1625\" data-end=\"1657\">16 perros similares a galgos<\/strong> y, en uno de los procedimientos, se secuestr\u00f3 <strong data-start=\"1704\" data-end=\"1735\">una liebre europea sin vida<\/strong>.<\/p>\n<h3 data-section-id=\"1klhdsm\" data-start=\"1738\" data-end=\"1773\">Tambi\u00e9n hubo controles de pesca<\/h3>\n<p data-start=\"1775\" data-end=\"1922\">El CPR reforz\u00f3 adem\u00e1s la presencia policial en distintos espejos de agua, principalmente en sectores de la <strong data-start=\"1882\" data-end=\"1921\">Laguna de Chascom\u00fas y Parque Girado<\/strong>.<\/p>\n<p data-start=\"1924\" data-end=\"2066\">Como resultado, <strong data-start=\"1940\" data-end=\"1977\">14 personas fueron infraccionadas<\/strong> por realizar actividades de pesca sin las licencias y\/o autorizaciones correspondientes.<\/p>\n<p data-start=\"2068\" data-end=\"2132\">En estos procedimientos <strong data-start=\"2092\" data-end=\"2131\">no se encontraron piezas capturadas<\/strong>.<\/p>\n<h3 data-section-id=\"1ggh6zn\" data-start=\"2134\" data-end=\"2168\">El resultado de los operativos<\/h3>\n<p data-start=\"2170\" data-end=\"2255\">De acuerdo con el balance informado por el CPR Chascom\u00fas, los procedimientos dejaron:<\/p>\n<ul data-start=\"2257\" data-end=\"2573\">\n<li data-section-id=\"1aq6316\" data-start=\"2257\" data-end=\"2308\"><strong data-start=\"2259\" data-end=\"2308\">1 causa penal por Resistencia a la Autoridad.<\/strong><\/li>\n<li data-section-id=\"1hnl91x\" data-start=\"2309\" data-end=\"2352\"><strong data-start=\"2311\" data-end=\"2352\">4 personas aprehendidas inicialmente.<\/strong><\/li>\n<li data-section-id=\"5zjz72\" data-start=\"2353\" data-end=\"2382\"><strong data-start=\"2355\" data-end=\"2382\">1 veh\u00edculo secuestrado.<\/strong><\/li>\n<li data-section-id=\"1mvsjwu\" data-start=\"2383\" data-end=\"2434\"><strong data-start=\"2385\" data-end=\"2434\">7 personas infraccionadas por caza irregular.<\/strong><\/li>\n<li data-section-id=\"1w9swdc\" data-start=\"2435\" data-end=\"2483\"><strong data-start=\"2437\" data-end=\"2483\">16 perros similares a galgos involucrados.<\/strong><\/li>\n<li data-section-id=\"14ssdf3\" data-start=\"2484\" data-end=\"2519\"><strong data-start=\"2486\" data-end=\"2519\">1 liebre europea secuestrada.<\/strong><\/li>\n<li data-section-id=\"otla75\" data-start=\"2520\" data-end=\"2573\"><strong data-start=\"2522\" data-end=\"2573\">14 personas infraccionadas por pesca irregular.<\/strong><\/li>\n<\/ul>\n<p data-start=\"2575\" data-end=\"2683\">Las actuaciones quedaron bajo intervenci\u00f3n de las autoridades judiciales y administrativas correspondientes.<\/p>\n<p data-start=\"2685\" data-end=\"2846\" data-is-last-node=\"\" data-is-only-node=\"\">Desde el CPR se\u00f1alaron que los controles continuar\u00e1n en distintos sectores rurales del partido, con recorridas sobre caminos, establecimientos y espejos de agua.<\/p>\n<\/div>\n<\/div>\n<\/div>\n<\/div>\n<div class=\"z-0 flex min-h-[46px] justify-start\"><\/div>\n<div class=\"mt-3 w-full empty:hidden has-[&gt;_:empty]:hidden\">\n<div class=\"text-center\"><\/div>\n<\/div>\n<\/div>\n<div class=\"[--thread-content-max-width:40rem] @w-lg\/main:[--thread-content-max-width:48rem] mx-auto max-w-(--thread-content-max-width) flex-1\" data-conversation-screenshot-content=\"\">\n<div><\/div>\n<\/div>\n<\/div>\n<\/section>\n<\/div>\n<\/div>\n<div class=\"pointer-events-none -mt-px h-px translate-y-(--scroll-root-safe-area-inset-bottom)\" aria-hidden=\"true\"><\/div>\n<div class=\"invisible mt-auto grid\">\n<div class=\"col-start-1 row-start-1\">\n<div class=\"pointer-events-none translate-y-(--scroll-root-safe-area-inset-bottom) R6Vx5W_threadScrollVars min-h-(--gutter-remaining-height,0px) group-data-stream-active\/scroll-root:h-[calc(var(--thread-response-height)-16*var(--spacing))]\"><\/div>\n<\/div>\n<div class=\"visible sticky bottom-(--scroll-root-safe-area-inset-bottom,0px) col-start-1 row-start-1 self-end\">\n<div class=\"\" data-testid=\"thread-disclaimer\">\n<div class=\"min-h-9 pt-2 text-center text-xs text-token-text-tertiary [view-transition-name:var(--vt-disclaimer)] pb-4 relative overflow-hidden @w-sm\/main:px-[60px]\">\n<div class=\"text-base mx-auto [--thread-content-margin:var(--thread-content-margin-xs,calc(var(--spacing)*4))] @w-sm\/main:[--thread-content-margin:var(--thread-content-margin-sm,calc(var(--spacing)*6))] @w-lg\/main:[--thread-content-margin:var(--thread-content-margin-lg,calc(var(--spacing)*16))] px-(--thread-content-margin)\">\n<div class=\"[--thread-content-max-width:40rem] @w-lg\/main:[--thread-content-max-width:48rem] mx-auto max-w-(--thread-content-max-width) flex-1\"><\/div>\n<\/div>\n<\/div>\n<\/div>\n<\/div>\n<\/div>\n<\/div>\n<\/div>\n<div id=\"thread-bottom-container\" class=\"sticky bottom-0 z-10 isolate group\/thread-bottom-container w-full basis-auto has-data-has-thread-error:pt-2 has-data-has-thread-error:[box-shadow:var(--sharp-edge-bottom-shadow)] md:border-transparent md:pt-0 dark:border-white\/20 md:dark:border-transparent print:hidden pointer-events-none [--thread-content-max-width:40rem] @w-lg\/main:[--thread-content-max-width:48rem] Ejxyja_threadFooterContentFade flex flex-col\">\n<div class=\"pointer-events-none\" data-thread-footer-overflow-spacer=\"\" data-testid=\"thread-footer-overflow-spacer\" aria-hidden=\"true\"><\/div>\n<div class=\"w-full\">\n<div class=\"text-base mx-auto [--thread-content-margin:var(--thread-content-margin-xs,calc(var(--spacing)*4))] @w-sm\/main:[--thread-content-margin:var(--thread-content-margin-sm,calc(var(--spacing)*6))] @w-lg\/main:[--thread-content-margin:var(--thread-content-margin-lg,calc(var(--spacing)*16))] px-(--thread-content-margin)\">\n<div class=\"[--thread-content-max-width:40rem] @w-lg\/main:[--thread-content-max-width:48rem] mx-auto max-w-(--thread-content-max-width) flex-1 pointer-events-auto @[53.5rem]\/main:[--thread-content-max-width:48rem] w-full\">\n<div class=\"pointer-events-auto mb-(--thread-component-gap,24px) w-full empty:hidden\"><\/div>\n<\/div>\n<\/div>\n<\/div>\n<div class=\"pointer-events-auto relative mx-auto h-0\">\n<div class=\"flex h-0 items-end justify-center motion-safe:transition-all motion-safe:delay-300 motion-safe:duration-300 group-[:not([data-scroll-from-end])]\/scroll-root:scale-50 group-[:not([data-scroll-from-end])]\/scroll-root:translate-y-2 group-[:not([data-scroll-from-end])]\/scroll-root:opacity-0 group-[:not([data-scroll-from-end])]\/scroll-root:pointer-events-none group-[:not([data-scroll-from-end])]\/scroll-root:duration-100 group-[:not([data-scroll-from-end])]\/scroll-root:delay-0 absolute start-1\/2 z-10 -translate-x-1\/2 bottom-[calc(100%+3*var(--spacing)+var(--thread-scroll-to-bottom-banner-offset,0px))]\"><\/div>\n<\/div>\n<div id=\"thread-bottom\" class=\"relative sm:group-data-[work-home-expanded]\/thread:sticky sm:group-data-[work-home-expanded]\/thread:top-[calc(var(--sticky-padding-top,0px)+var(--work-home-greeting-height,96px))] sm:group-data-[work-home-expanded]\/thread:z-10\">\n<div class=\"relative z-1\">\n<div class=\"text-base mx-auto [--thread-content-margin:var(--thread-content-margin-xs,calc(var(--spacing)*4))] @w-sm\/main:[--thread-content-margin:var(--thread-content-margin-sm,calc(var(--spacing)*6))] @w-lg\/main:[--thread-content-margin:var(--thread-content-margin-lg,calc(var(--spacing)*16))] px-(--thread-content-margin)\">\n<div>\n<div class=\"[--thread-content-max-width:40rem] @w-lg\/main:[--thread-content-max-width:48rem] mx-auto max-w-(--thread-content-max-width) flex-1 mb-(--thread-component-gap,24px) sm:group-data-[work-home-expanded]\/thread:mb-0 pointer-events-auto\">\n<div class=\"w-full\">\n<div class=\"pointer-events-auto relative z-1 flex h-(--composer-container-height,100%) max-w-full flex-(--composer-container-flex,1) flex-col\">\n<div class=\"flex justify-center empty:hidden\"><\/div>\n<div class=\"absolute start-0 end-0 bottom-full z-20\" data-prompt-textarea-header=\"\"><\/div>\n<div class=\"hidden\"><\/div>\n<div class=\"relative\">\n<div class=\"bg-(--composer-surface-primary) grid cursor-text flex-col overflow-clip bg-clip-padding contain-inline-size motion-safe:transition-colors motion-safe:duration-200 motion-safe:ease-in-out group-not-data-expanded\/composer:min-h-[52px] grid-cols-[minmax(0,1fr)] grid-rows-[max-content_0_auto] [grid-template-areas:'eyebrow'_'controls'_'body'] shadow-short-composer max-sm:not-dark:shadow-[0_0_0_1px_rgba(0,_0,_0,_0.04),0_2px_8px_0_rgba(0,_0,_0,_0.04),0px_4px_40px_8px_rgba(0,_0,_0,_0.025)]\" data-composer-surface=\"true\">\n<div class=\"relative row-start-2 row-end-3 col-start-1 col-end-2 h-0 shrink-0\" data-composer-controls-anchor=\"\"><\/div>\n<div class=\"row-start-3 row-end-4 col-start-1 col-end-2 min-h-0 min-w-0 flex-1 px-2 py-[9px] group-not-data-expanded\/composer:py-[5px] max-sm:group-not-data-expanded\/composer:pb-2 grid grid-cols-[auto_1fr_auto] [grid-template-areas:'header_header_header'_'leading_primary_trailing'_'._footer_.'] group-data-expanded\/composer:[grid-template-areas:'header_header_header'_'primary_primary_primary'_'leading_footer_trailing'] max-sm:[grid-template-areas:'header_header_header'_'primary_primary_primary'_'leading_footer_trailing']\" data-composer-body=\"\" data-composer-grid=\"\">\n<div class=\"self-center [grid-area:leading]\" data-composer-transition-slot=\"leading\">\n<div id=\"_r_182_\" class=\"fixed inset-s-[calc(anchor(center)+var(--oai-anchor-align-offset,0px))] inset-e-auto top-[calc(anchor(bottom)+var(--spacing))] bottom-auto h-fit -translate-x-1\/2 [position-try-fallbacks:flip-block] flex flex-col overflow-visible bg-transparent z-50 [inset-inline:auto]! translate-none! [position-area:span-all]\" role=\"tooltip\" hidden=\"\"><\/div>\n<p><button id=\"composer-plus-btn\" class=\"composer-btn\" type=\"button\" data-testid=\"composer-plus-btn\" aria-label=\"Agregar archivos y m\u00e1s\" aria-describedby=\"_r_182_\" aria-expanded=\"false\"><\/button><\/div>\n<div class=\"-my-2.5 flex overflow-x-hidden ps-1.75 pe-1.5 [grid-area:primary] group-data-expanded\/composer:mb-0 group-data-expanded\/composer:ps-2.5 group-data-expanded\/composer:pe-2.5 min-h-14 items-center\">\n<div class=\"wcDTda_prosemirror-parent text-token-text-primary max-h-[max(30svh,5rem)] max-h-52 min-h-[var(--deep-research-composer-extra-height,unset)] flex-1 scroll-py-4 overflow-auto [scrollbar-width:thin] default-browser vertical-scroll-fade-mask group-data-[expanded-composer-mode-button]\/composer:pe-9\"><textarea class=\"wcDTda_fallbackTextarea\" dir=\"auto\" name=\"prompt-textarea\" aria-label=\"Chatear con ChatGPT\" data-virtualkeyboard=\"true\"><\/textarea><\/p>\n<div id=\"prompt-textarea\" class=\"ProseMirror\" role=\"textbox\" data-virtualkeyboard=\"true\" aria-label=\"Chatear con ChatGPT\"><\/div>\n<\/div>\n<\/div>\n<\/div>\n<\/div>\n<\/div>\n<\/div>\n<\/div>\n<\/div>\n<\/div>\n<\/div>\n<\/div>\n<\/div>\n<\/div>\n","protected":false},"excerpt":{"rendered":"<div class=\"mh-excerpt\"><p>El Comando de Prevenci\u00f3n Rural Chascom\u00fas reforz\u00f3 los controles en establecimientos rurales, caminos y espejos de agua. En los \u00faltimos procedimientos hubo cuatro aprehendidos por un episodio de resistencia a la autoridad, un veh\u00edculo secuestrado <a class=\"mh-excerpt-more\" href=\"https:\/\/larevistadigital.com.ar\/blog\/operativos-rurales-en-chascomus-cuatro-aprehendidos-una-causa-penal-y-21-infracciones-por-caza-y-pesca\/\" title=\"Operativos rurales en Chascom\u00fas: cuatro aprehendidos, una causa penal y 21 infracciones por caza y pesca\">[Leer M\u00e1s]<\/a><\/p>\n<\/div>","protected":false},"author":3,"featured_media":47181,"comment_status":"open","ping_status":"open","sticky":false,"template":"","format":"standard","meta":{"_jetpack_memberships_contains_paid_content":false,"footnotes":"","jetpack_publicize_message":"","jetpack_publicize_feature_enabled":true,"jetpack_social_post_already_shared":true,"jetpack_social_options":{"image_generator_settings":{"template":"highway","default_image_id":0,"font":"","enabled":false},"version":2}},"categories":[44,51],"tags":[],"class_list":{"0":"post-47180","1":"post","2":"type-post","3":"status-publish","4":"format-standard","5":"has-post-thumbnail","7":"category-policiales","8":"category-regionales"},"jetpack_publicize_connections":[],"jetpack_featured_media_url":"https:\/\/i0.wp.com\/larevistadigital.com.ar\/blog\/wp-content\/uploads\/WhatsApp-Image-2026-09-04-at-17.58.44-e1788571539359.jpeg?fit=1333%2C930&ssl=1","jetpack_sharing_enabled":true,"jetpack_shortlink":"https:\/\/wp.me\/p8qtrQ-cgY","jetpack-related-posts":[{"id":47023,"url":"https:\/\/larevistadigital.com.ar\/blog\/controles-en-chascomus-31-personas-fueron-infraccionadas-por-pesca-irregular-y-caza-furtiva\/","url_meta":{"origin":47180,"position":0},"title":"Controles en Chascom\u00fas: 31 personas fueron infraccionadas por pesca irregular y caza furtiva","author":"Alejandro Sosa Ruda","date":"23 agosto, 2026","format":false,"excerpt":"El Comando de Prevenci\u00f3n Rural Chascom\u00fas intensific\u00f3 durante los \u00faltimos d\u00edas los operativos de prevenci\u00f3n y control en distintos sectores rurales y espejos de agua del partido. Entre el 14 y el 23 de agosto se realizaron 12 procedimientos que terminaron con 31 personas infraccionadas. Controles por pesca irregular En\u2026","rel":"","context":"En \u00abINTERES GENERAL\u00bb","block_context":{"text":"INTERES GENERAL","link":"https:\/\/larevistadigital.com.ar\/blog\/category\/interes-general\/"},"img":{"alt_text":"","src":"https:\/\/i0.wp.com\/larevistadigital.com.ar\/blog\/wp-content\/uploads\/Captura-de-pantalla-2026-08-23-235055.jpg?fit=650%2C284&ssl=1&resize=350%2C200","width":350,"height":200,"srcset":"https:\/\/i0.wp.com\/larevistadigital.com.ar\/blog\/wp-content\/uploads\/Captura-de-pantalla-2026-08-23-235055.jpg?fit=650%2C284&ssl=1&resize=350%2C200 1x, https:\/\/i0.wp.com\/larevistadigital.com.ar\/blog\/wp-content\/uploads\/Captura-de-pantalla-2026-08-23-235055.jpg?fit=650%2C284&ssl=1&resize=525%2C300 1.5x"},"classes":[]},{"id":44063,"url":"https:\/\/larevistadigital.com.ar\/blog\/operativos-rurales-en-accion-cazadores-demorados-amenazas-y-un-detenido-con-captura-vigente\/","url_meta":{"origin":47180,"position":1},"title":"Operativos rurales en acci\u00f3n: cazadores demorados, amenazas y un detenido con captura vigente","author":"Alejandro Sosa Ruda","date":"20 febrero, 2026","format":false,"excerpt":"Los procedimientos se realizaron en distintos puntos del distrito. Hubo actuaciones por caza furtiva, una causa por amenazas y la aprehensi\u00f3n de un sujeto con requerimientos judiciales vigentes. Tambi\u00e9n se investiga la faena ilegal de animales. 20 de febrero de 2026 CHASCOM\u00daS -\u00a0 \u00a0El Comando de Prevenci\u00f3n Rural de Chascom\u00fas\u2026","rel":"","context":"En \u00abINTERES GENERAL\u00bb","block_context":{"text":"INTERES GENERAL","link":"https:\/\/larevistadigital.com.ar\/blog\/category\/interes-general\/"},"img":{"alt_text":"","src":"https:\/\/i0.wp.com\/larevistadigital.com.ar\/blog\/wp-content\/uploads\/2017\/08\/CPR-2.png?fit=565%2C313&ssl=1&resize=350%2C200","width":350,"height":200,"srcset":"https:\/\/i0.wp.com\/larevistadigital.com.ar\/blog\/wp-content\/uploads\/2017\/08\/CPR-2.png?fit=565%2C313&ssl=1&resize=350%2C200 1x, https:\/\/i0.wp.com\/larevistadigital.com.ar\/blog\/wp-content\/uploads\/2017\/08\/CPR-2.png?fit=565%2C313&ssl=1&resize=525%2C300 1.5x"},"classes":[]},{"id":41686,"url":"https:\/\/larevistadigital.com.ar\/blog\/allanamiento-positivo-en-chascomus-por-causas-de-caza-ilegal-y-carreras-de-perros\/","url_meta":{"origin":47180,"position":2},"title":"Allanamiento positivo en Chascom\u00fas por causas de caza ilegal y carreras de perros","author":"Alejandro Sosa Ruda","date":"30 septiembre, 2025","format":false,"excerpt":"El operativo se realiz\u00f3 tras una investigaci\u00f3n iniciada por la Patrulla de Prevenci\u00f3n Municipal, con apoyo del sistema de monitoreo y testimonios de productores rurales. 30 de septiembre de 2025 CHASCOM\u00daS\u00a0 -\u00a0 \u00a0Un allanamiento realizado en las \u00faltimas horas en Chascom\u00fas arroj\u00f3 resultados positivos, con la aprehensi\u00f3n de un sospechoso\u2026","rel":"","context":"En \u00abDESTACADAS\u00bb","block_context":{"text":"DESTACADAS","link":"https:\/\/larevistadigital.com.ar\/blog\/category\/destacadas\/"},"img":{"alt_text":"","src":"https:\/\/i0.wp.com\/larevistadigital.com.ar\/blog\/wp-content\/uploads\/WhatsApp-Image-2025-09-30-at-20.20.jpg?fit=891%2C704&ssl=1&resize=350%2C200","width":350,"height":200,"srcset":"https:\/\/i0.wp.com\/larevistadigital.com.ar\/blog\/wp-content\/uploads\/WhatsApp-Image-2025-09-30-at-20.20.jpg?fit=891%2C704&ssl=1&resize=350%2C200 1x, https:\/\/i0.wp.com\/larevistadigital.com.ar\/blog\/wp-content\/uploads\/WhatsApp-Image-2025-09-30-at-20.20.jpg?fit=891%2C704&ssl=1&resize=525%2C300 1.5x, https:\/\/i0.wp.com\/larevistadigital.com.ar\/blog\/wp-content\/uploads\/WhatsApp-Image-2025-09-30-at-20.20.jpg?fit=891%2C704&ssl=1&resize=700%2C400 2x"},"classes":[]},{"id":46460,"url":"https:\/\/larevistadigital.com.ar\/blog\/chascomus-el-comando-de-prevencion-rural-reforzo-los-controles-trece-infractores-por-caza-furtiva-y-un-vehiculo-recuperado\/","url_meta":{"origin":47180,"position":3},"title":"Chascom\u00fas: El Comando de Prevenci\u00f3n Rural reforz\u00f3 los controles. Trece infractores por caza furtiva y un veh\u00edculo recuperado","author":"Alejandro Sosa Ruda","date":"5 julio, 2026","format":false,"excerpt":"Durante la \u00faltima semana se intensificaron los operativos en distintos sectores rurales del distrito. Tambi\u00e9n se despleg\u00f3 un amplio operativo de b\u00fasqueda con drones, ocho m\u00f3viles y 26 efectivos. 05 de Julio de 2026 CHASCOM\u00daS\u00a0 -\u00a0 \u00a0El Comando de Prevenci\u00f3n Rural (CPR) Chascom\u00fas intensific\u00f3 durante la \u00faltima semana los operativos\u2026","rel":"","context":"En \u00abCHASCOM\u00daS\u00bb","block_context":{"text":"CHASCOM\u00daS","link":"https:\/\/larevistadigital.com.ar\/blog\/category\/chascomus\/"},"img":{"alt_text":"","src":"https:\/\/i0.wp.com\/larevistadigital.com.ar\/blog\/wp-content\/uploads\/2018\/12\/Patrulla-Rural-4.jpg?fit=1200%2C675&ssl=1&resize=350%2C200","width":350,"height":200,"srcset":"https:\/\/i0.wp.com\/larevistadigital.com.ar\/blog\/wp-content\/uploads\/2018\/12\/Patrulla-Rural-4.jpg?fit=1200%2C675&ssl=1&resize=350%2C200 1x, https:\/\/i0.wp.com\/larevistadigital.com.ar\/blog\/wp-content\/uploads\/2018\/12\/Patrulla-Rural-4.jpg?fit=1200%2C675&ssl=1&resize=525%2C300 1.5x, https:\/\/i0.wp.com\/larevistadigital.com.ar\/blog\/wp-content\/uploads\/2018\/12\/Patrulla-Rural-4.jpg?fit=1200%2C675&ssl=1&resize=700%2C400 2x, https:\/\/i0.wp.com\/larevistadigital.com.ar\/blog\/wp-content\/uploads\/2018\/12\/Patrulla-Rural-4.jpg?fit=1200%2C675&ssl=1&resize=1050%2C600 3x"},"classes":[]},{"id":37326,"url":"https:\/\/larevistadigital.com.ar\/blog\/chascomus-exitoso-operativo-para-evitar-la-caza-ilegal-en-zonas-rurales\/","url_meta":{"origin":47180,"position":4},"title":"Chascom\u00fas: Exitoso operativo para evitar la caza ilegal en zonas rurales","author":"Alejandro Sosa Ruda","date":"26 septiembre, 2024","format":false,"excerpt":"El Comando de Patrulla Rural intercept\u00f3 a cazadores en una acci\u00f3n conjunta con la Patrulla Municipal. 26 de Septiembre de 2024 CHASCOM\u00daS -\u00a0 A trav\u00e9s de un llamado recibido en el 911, se advirti\u00f3 la presencia de un veh\u00edculo sospechoso en Ruta 20 y el camino del Vado, lo que\u2026","rel":"","context":"En \u00abDESTACADAS\u00bb","block_context":{"text":"DESTACADAS","link":"https:\/\/larevistadigital.com.ar\/blog\/category\/destacadas\/"},"img":{"alt_text":"","src":"https:\/\/i0.wp.com\/larevistadigital.com.ar\/blog\/wp-content\/uploads\/66f5998486548.png?fit=668%2C445&ssl=1&resize=350%2C200","width":350,"height":200,"srcset":"https:\/\/i0.wp.com\/larevistadigital.com.ar\/blog\/wp-content\/uploads\/66f5998486548.png?fit=668%2C445&ssl=1&resize=350%2C200 1x, https:\/\/i0.wp.com\/larevistadigital.com.ar\/blog\/wp-content\/uploads\/66f5998486548.png?fit=668%2C445&ssl=1&resize=525%2C300 1.5x"},"classes":[]},{"id":45653,"url":"https:\/\/larevistadigital.com.ar\/blog\/desarticularon-presuntos-puntos-de-venta-de-droga-en-chascomus-hay-cuatro-aprehendidos\/","url_meta":{"origin":47180,"position":5},"title":"Desarticularon presuntos puntos de venta de droga en Chascom\u00fas: hay cuatro aprehendidos","author":"Alejandro Sosa Ruda","date":"17 mayo, 2026","format":false,"excerpt":"La Subdelegaci\u00f3n de Investigaciones del Tr\u00e1fico de Drogas Il\u00edcitas realiz\u00f3 dos allanamientos en la ciudad tras una extensa investigaci\u00f3n coordinada con la Justicia. Secuestraron marihuana fraccionada, celulares y elementos utilizados para el procesamiento de estupefacientes. La Polic\u00eda de la Provincia de Buenos Aires llev\u00f3 adelante una serie de allanamientos en\u2026","rel":"","context":"En \u00abINTERES GENERAL\u00bb","block_context":{"text":"INTERES GENERAL","link":"https:\/\/larevistadigital.com.ar\/blog\/category\/interes-general\/"},"img":{"alt_text":"","src":"https:\/\/i0.wp.com\/larevistadigital.com.ar\/blog\/wp-content\/uploads\/c2728acf85a63a49cfbbf9fff249c657c9aa068d.png?fit=1140%2C640&ssl=1&resize=350%2C200","width":350,"height":200,"srcset":"https:\/\/i0.wp.com\/larevistadigital.com.ar\/blog\/wp-content\/uploads\/c2728acf85a63a49cfbbf9fff249c657c9aa068d.png?fit=1140%2C640&ssl=1&resize=350%2C200 1x, https:\/\/i0.wp.com\/larevistadigital.com.ar\/blog\/wp-content\/uploads\/c2728acf85a63a49cfbbf9fff249c657c9aa068d.png?fit=1140%2C640&ssl=1&resize=525%2C300 1.5x, https:\/\/i0.wp.com\/larevistadigital.com.ar\/blog\/wp-content\/uploads\/c2728acf85a63a49cfbbf9fff249c657c9aa068d.png?fit=1140%2C640&ssl=1&resize=700%2C400 2x, https:\/\/i0.wp.com\/larevistadigital.com.ar\/blog\/wp-content\/uploads\/c2728acf85a63a49cfbbf9fff249c657c9aa068d.png?fit=1140%2C640&ssl=1&resize=1050%2C600 3x"},"classes":[]}],"_links":{"self":[{"href":"https:\/\/larevistadigital.com.ar\/blog\/wp-json\/wp\/v2\/posts\/47180","targetHints":{"allow":["GET"]}}],"collection":[{"href":"https:\/\/larevistadigital.com.ar\/blog\/wp-json\/wp\/v2\/posts"}],"about":[{"href":"https:\/\/larevistadigital.com.ar\/blog\/wp-json\/wp\/v2\/types\/post"}],"author":[{"embeddable":true,"href":"https:\/\/larevistadigital.com.ar\/blog\/wp-json\/wp\/v2\/users\/3"}],"replies":[{"embeddable":true,"href":"https:\/\/larevistadigital.com.ar\/blog\/wp-json\/wp\/v2\/comments?post=47180"}],"version-history":[{"count":1,"href":"https:\/\/larevistadigital.com.ar\/blog\/wp-json\/wp\/v2\/posts\/47180\/revisions"}],"predecessor-version":[{"id":47182,"href":"https:\/\/larevistadigital.com.ar\/blog\/wp-json\/wp\/v2\/posts\/47180\/revisions\/47182"}],"wp:featuredmedia":[{"embeddable":true,"href":"https:\/\/larevistadigital.com.ar\/blog\/wp-json\/wp\/v2\/media\/47181"}],"wp:attachment":[{"href":"https:\/\/larevistadigital.com.ar\/blog\/wp-json\/wp\/v2\/media?parent=47180"}],"wp:term":[{"taxonomy":"category","embeddable":true,"href":"https:\/\/larevistadigital.com.ar\/blog\/wp-json\/wp\/v2\/categories?post=47180"},{"taxonomy":"post_tag","embeddable":true,"href":"https:\/\/larevistadigital.com.ar\/blog\/wp-json\/wp\/v2\/tags?post=47180"}],"curies":[{"name":"wp","href":"https:\/\/api.w.org\/{rel}","templated":true}]}}