{"id":47184,"date":"2026-09-05T15:07:58","date_gmt":"2026-09-05T18:07:58","guid":{"rendered":"https:\/\/larevistadigital.com.ar\/blog\/?p=47184"},"modified":"2026-09-05T15:07:58","modified_gmt":"2026-09-05T18:07:58","slug":"chascomus-detuvieron-a-un-hombre-acusado-de-dos-robos-en-un-comercio-de-avenida-alfonsin","status":"publish","type":"post","link":"https:\/\/larevistadigital.com.ar\/blog\/chascomus-detuvieron-a-un-hombre-acusado-de-dos-robos-en-un-comercio-de-avenida-alfonsin\/","title":{"rendered":"Chascom\u00fas: Detuvieron a un hombre acusado de dos robos en un comercio de avenida Alfons\u00edn"},"content":{"rendered":"<div class=\"qMYqUG_convSearchResultHighlightRoot\">\n<div class=\"\" data-turn-id-container=\"request-6a887672-ff24-83e9-9cf9-8eaa40d5bb2d-0\" data-is-intersecting=\"true\">\n<section class=\"text-token-text-primary w-full focus:outline-none has-data-writing-block:pointer-events-none [&amp;:has([data-writing-block])&gt;*]:pointer-events-auto R6Vx5W_threadScrollVars scroll-mb-[calc(var(--scroll-root-safe-area-inset-bottom,0px)+var(--thread-response-height))] scroll-mt-[calc(var(--header-height)+min(200px,max(70px,20svh)))]\" dir=\"auto\" data-turn-id=\"request-6a887672-ff24-83e9-9cf9-8eaa40d5bb2d-0\" data-turn-id-container=\"request-6a887672-ff24-83e9-9cf9-8eaa40d5bb2d-0\" data-testid=\"conversation-turn-12\" data-turn=\"assistant\">\n<div class=\"text-base my-auto mx-auto pb-8 [--thread-content-margin:var(--thread-content-margin-xs,calc(var(--spacing)*4))] @w-sm\/main:[--thread-content-margin:var(--thread-content-margin-sm,calc(var(--spacing)*6))] @w-lg\/main:[--thread-content-margin:var(--thread-content-margin-lg,calc(var(--spacing)*16))] px-(--thread-content-margin)\">\n<div class=\"[--thread-content-max-width:40rem] @w-lg\/main:[--thread-content-max-width:48rem] mx-auto max-w-(--thread-content-max-width) flex-1 group\/turn-messages focus-visible:outline-hidden relative flex w-full min-w-0 flex-col agent-turn\" data-conversation-screenshot-content=\"\">\n<div class=\"flex max-w-full flex-col gap-4 grow\">\n<div class=\"min-h-8 text-message relative flex w-full flex-col items-end gap-2 text-start break-words whitespace-normal outline-none keyboard-focused:focus-ring [.text-message+&amp;]:mt-1\" dir=\"auto\" data-message-author-role=\"assistant\" data-message-id=\"954e40ac-b6fb-4abf-844b-66871b20ae78\" data-message-model-slug=\"gpt-5-6\" data-turn-start-message=\"true\">\n<div class=\"flex w-full flex-col gap-1 empty:hidden\">\n<div class=\"markdown prose dark:prose-invert wrap-break-word w-full light markdown-new-styling\">\n<h3 class=\"PDq2pG_selectionAnchorContainer\" data-start=\"82\" data-end=\"366\">Personal de la SubDDI Chascom\u00fas detuvo a un hombre de 27 a\u00f1os, se\u00f1alado como presunto autor de dos robos ocurridos durante marzo en un comercio de avenida Presidente Alfons\u00edn. La investigaci\u00f3n se apoy\u00f3 en c\u00e1maras de seguridad y registros del Centro de Monitoreo Municipal.<\/h3>\n<p>05 de septiembre de 2026<\/p>\n<p data-start=\"368\" data-end=\"681\"><strong>CHASCOM\u00daS\u00a0 &#8211;\u00a0<\/strong> \u00a0 Personal de la <strong data-start=\"383\" data-end=\"403\">SubDDI Chascom\u00fas<\/strong>, con colaboraci\u00f3n de efectivos de la EPC local, detuvo en la v\u00eda p\u00fablica a un hombre de 27 a\u00f1os, oriundo de esta ciudad, que se encontraba imputado en una investigaci\u00f3n por <strong data-start=\"577\" data-end=\"599\">dos hechos de robo<\/strong> ocurridos durante marzo en un comercio ubicado sobre avenida Presidente Alfons\u00edn.<\/p>\n<blockquote>\n<h3 data-start=\"683\" data-end=\"782\">La causa est\u00e1 a cargo de la <strong data-start=\"711\" data-end=\"738\">UFID N.\u00ba 9 de Chascom\u00fas<\/strong>, encabezada por la Dra. Daniela Bertoletti.<\/h3>\n<\/blockquote>\n<p data-start=\"784\" data-end=\"1026\">De acuerdo con la investigaci\u00f3n, el an\u00e1lisis de las c\u00e1maras de seguridad internas del comercio y de las im\u00e1genes aportadas por el <strong data-start=\"914\" data-end=\"947\">Centro de Monitoreo Municipal<\/strong> permiti\u00f3 establecer la identidad del sospechoso y vincularlo con ambos hechos.<\/p>\n<h3 data-section-id=\"aibesa\" data-start=\"1028\" data-end=\"1075\"><span style=\"color: #ff0000\">Ya hab\u00eda sido aprehendido tras otro intento<\/span><\/h3>\n<p data-start=\"1077\" data-end=\"1238\">La investigaci\u00f3n tambi\u00e9n estableci\u00f3 que, luego de aquellos dos episodios, el mismo hombre habr\u00eda regresado durante marzo al comercio con presuntos fines de robo.<\/p>\n<blockquote>\n<h3 data-start=\"1240\" data-end=\"1477\">En esa oportunidad, la alerta temprana emitida por los serenos del lugar permiti\u00f3 la intervenci\u00f3n de la SubDDI y de la EPC Chascom\u00fas, que lograron aprehenderlo y ponerlo a disposici\u00f3n de la Justicia. Posteriormente, recuper\u00f3 la libertad.<\/h3>\n<\/blockquote>\n<p data-start=\"1479\" data-end=\"1670\">Con los elementos reunidos en la investigaci\u00f3n, la titular de la UFID N.\u00ba 9 solicit\u00f3 al <strong data-start=\"1567\" data-end=\"1610\">Juzgado de Garant\u00edas N.\u00ba 5 de Chascom\u00fas<\/strong>, a cargo del <strong>Dr. Christian Gasquet<\/strong>, una orden de detenci\u00f3n.<\/p>\n<p data-start=\"1672\" data-end=\"1765\">El pedido fue avalado por el juzgado y la medida fue otorgada <strong data-start=\"1734\" data-end=\"1764\">el viernes 4 de septiembre<\/strong>.<\/p>\n<h3 data-section-id=\"q1yxh4\" data-start=\"1767\" data-end=\"1810\"><span style=\"color: #ff0000\">Detenido y a disposici\u00f3n de la Justicia<\/span><\/h3>\n<p data-start=\"1812\" data-end=\"1929\">Finalmente, efectivos de la SubDDI Chascom\u00fas, con colaboraci\u00f3n de la EPC, concretaron la detenci\u00f3n en la v\u00eda p\u00fablica.<\/p>\n<blockquote>\n<h3 data-start=\"1931\" data-end=\"2072\">El hombre fue trasladado a sede policial, donde permanecer\u00e1 detenido a disposici\u00f3n de las autoridades judiciales que intervienen en la causa.<\/h3>\n<\/blockquote>\n<p data-start=\"2074\" data-end=\"2289\">Adem\u00e1s, seg\u00fan se inform\u00f3, el detenido habr\u00eda sido se\u00f1alado en el marco de <strong data-start=\"2148\" data-end=\"2245\">otras investigaciones por hechos delictivos recientes ocurridos en comercios de la misma zona<\/strong>, algunos de ellos junto con otras personas.<\/p>\n<p data-start=\"2291\" data-end=\"2415\" data-is-last-node=\"\" data-is-only-node=\"\">En ese sentido, no se descarta que puedan surgir nuevas medidas judiciales mientras contin\u00faan avanzando las investigaciones.<\/p>\n<\/div>\n<\/div>\n<\/div>\n<\/div>\n<div class=\"z-0 flex min-h-[46px] justify-start\"><\/div>\n<div class=\"mt-3 w-full empty:hidden has-[&gt;_:empty]:hidden\">\n<div class=\"text-center\"><\/div>\n<\/div>\n<\/div>\n<div class=\"[--thread-content-max-width:40rem] @w-lg\/main:[--thread-content-max-width:48rem] mx-auto max-w-(--thread-content-max-width) flex-1\" data-conversation-screenshot-content=\"\">\n<div><\/div>\n<\/div>\n<\/div>\n<\/section>\n<\/div>\n<\/div>\n<div class=\"pointer-events-none -mt-px h-px translate-y-(--scroll-root-safe-area-inset-bottom)\" aria-hidden=\"true\"><\/div>\n","protected":false},"excerpt":{"rendered":"<div class=\"mh-excerpt\"><p>Personal de la SubDDI Chascom\u00fas detuvo a un hombre de 27 a\u00f1os, se\u00f1alado como presunto autor de dos robos ocurridos durante marzo en un comercio de avenida Presidente Alfons\u00edn. La investigaci\u00f3n se apoy\u00f3 en c\u00e1maras <a class=\"mh-excerpt-more\" href=\"https:\/\/larevistadigital.com.ar\/blog\/chascomus-detuvieron-a-un-hombre-acusado-de-dos-robos-en-un-comercio-de-avenida-alfonsin\/\" title=\"Chascom\u00fas: Detuvieron a un hombre acusado de dos robos en un comercio de avenida Alfons\u00edn\">[Leer M\u00e1s]<\/a><\/p>\n<\/div>","protected":false},"author":3,"featured_media":47185,"comment_status":"open","ping_status":"open","sticky":false,"template":"","format":"standard","meta":{"_jetpack_memberships_contains_paid_content":false,"footnotes":"","jetpack_publicize_message":"","jetpack_publicize_feature_enabled":true,"jetpack_social_post_already_shared":true,"jetpack_social_options":{"image_generator_settings":{"template":"highway","default_image_id":0,"font":"","enabled":false},"version":2}},"categories":[41,44],"tags":[],"class_list":{"0":"post-47184","1":"post","2":"type-post","3":"status-publish","4":"format-standard","5":"has-post-thumbnail","7":"category-destacadas","8":"category-policiales"},"jetpack_publicize_connections":[],"jetpack_featured_media_url":"https:\/\/i0.wp.com\/larevistadigital.com.ar\/blog\/wp-content\/uploads\/WhatsApp-Image-2026-09-05-at-11.42.09.jpeg?fit=1039%2C1256&ssl=1","jetpack_sharing_enabled":true,"jetpack_shortlink":"https:\/\/wp.me\/p8qtrQ-ch2","jetpack-related-posts":[{"id":44381,"url":"https:\/\/larevistadigital.com.ar\/blog\/chascomus-intento-robar-en-un-comercio-rompio-un-ventanal-y-termino-aprehendido\/","url_meta":{"origin":47184,"position":0},"title":"Chascom\u00fas: Intent\u00f3 robar en un comercio, rompi\u00f3 un ventanal y termin\u00f3 aprehendido","author":"Alejandro Sosa Ruda","date":"7 marzo, 2026","format":false,"excerpt":"El hecho ocurri\u00f3 durante la madrugada. Serenos del lugar advirtieron la situaci\u00f3n y el sospechoso fue localizado con las c\u00e1maras de monitoreo a pocos metros tras un operativo policial. 07 de marzo de 2026 CHASCOM\u00daS -\u00a0 \u00a0Un hombre fue aprehendido luego de intentar ingresar a robar en un comercio ubicado\u2026","rel":"","context":"En \u00abDESTACADAS\u00bb","block_context":{"text":"DESTACADAS","link":"https:\/\/larevistadigital.com.ar\/blog\/category\/destacadas\/"},"img":{"alt_text":"","src":"https:\/\/i0.wp.com\/larevistadigital.com.ar\/blog\/wp-content\/uploads\/INTENTO-DE-ROBO.jpg?fit=675%2C1200&ssl=1&resize=350%2C200","width":350,"height":200,"srcset":"https:\/\/i0.wp.com\/larevistadigital.com.ar\/blog\/wp-content\/uploads\/INTENTO-DE-ROBO.jpg?fit=675%2C1200&ssl=1&resize=350%2C200 1x, https:\/\/i0.wp.com\/larevistadigital.com.ar\/blog\/wp-content\/uploads\/INTENTO-DE-ROBO.jpg?fit=675%2C1200&ssl=1&resize=525%2C300 1.5x"},"classes":[]},{"id":41327,"url":"https:\/\/larevistadigital.com.ar\/blog\/chascomus-detuvieron-a-un-hombre-acusado-de-vender-drogas-al-menudeo\/","url_meta":{"origin":47184,"position":1},"title":"Chascom\u00fas: detuvieron a un hombre acusado de vender drogas al menudeo","author":"Alejandro Sosa Ruda","date":"6 septiembre, 2025","format":false,"excerpt":"La investigaci\u00f3n estuvo a cargo de la Subdelegaci\u00f3n de Drogas Il\u00edcitas y deriv\u00f3 en un allanamiento en el que se secuestraron dosis listas para la venta, celulares y elementos de fraccionamiento. 06 de septiembre de 2025 CHASCOM\u00daS -\u00a0 Un operativo realizado por la Subdelegaci\u00f3n Chascom\u00fas de Drogas Il\u00edcitas termin\u00f3 con\u2026","rel":"","context":"En \u00abCHASCOM\u00daS\u00bb","block_context":{"text":"CHASCOM\u00daS","link":"https:\/\/larevistadigital.com.ar\/blog\/category\/chascomus\/"},"img":{"alt_text":"","src":"https:\/\/i0.wp.com\/larevistadigital.com.ar\/blog\/wp-content\/uploads\/WhatsApp-Image-2025-09-06-at-11.53.38.jpeg?fit=900%2C1200&ssl=1&resize=350%2C200","width":350,"height":200,"srcset":"https:\/\/i0.wp.com\/larevistadigital.com.ar\/blog\/wp-content\/uploads\/WhatsApp-Image-2025-09-06-at-11.53.38.jpeg?fit=900%2C1200&ssl=1&resize=350%2C200 1x, https:\/\/i0.wp.com\/larevistadigital.com.ar\/blog\/wp-content\/uploads\/WhatsApp-Image-2025-09-06-at-11.53.38.jpeg?fit=900%2C1200&ssl=1&resize=525%2C300 1.5x, https:\/\/i0.wp.com\/larevistadigital.com.ar\/blog\/wp-content\/uploads\/WhatsApp-Image-2025-09-06-at-11.53.38.jpeg?fit=900%2C1200&ssl=1&resize=700%2C400 2x"},"classes":[]},{"id":46656,"url":"https:\/\/larevistadigital.com.ar\/blog\/detuvieron-a-un-hombre-por-presunta-caza-furtiva-en-un-establecimiento-rural-de-chascomus\/","url_meta":{"origin":47184,"position":2},"title":"Detuvieron a un hombre por presunta caza furtiva en un establecimiento rural de Chascom\u00fas","author":"Alejandro Sosa Ruda","date":"23 julio, 2026","format":false,"excerpt":"El procedimiento se realiz\u00f3 en un campo del Cuartel VII, donde un autom\u00f3vil intent\u00f3 escapar durante varios kil\u00f3metros. En el ba\u00fal del veh\u00edculo la Polic\u00eda secuestr\u00f3 14 liebres europeas sin vida. Otros dos sospechosos lograron huir. 23 de julio de 2026 CHASCOM\u00daS -\u00a0 \u00a0Un hombre de 42 a\u00f1os fue aprehendido\u2026","rel":"","context":"En \u00abDESTACADAS\u00bb","block_context":{"text":"DESTACADAS","link":"https:\/\/larevistadigital.com.ar\/blog\/category\/destacadas\/"},"img":{"alt_text":"","src":"https:\/\/i0.wp.com\/larevistadigital.com.ar\/blog\/wp-content\/uploads\/Sin-titulo-1-3.jpg?fit=653%2C355&ssl=1&resize=350%2C200","width":350,"height":200,"srcset":"https:\/\/i0.wp.com\/larevistadigital.com.ar\/blog\/wp-content\/uploads\/Sin-titulo-1-3.jpg?fit=653%2C355&ssl=1&resize=350%2C200 1x, https:\/\/i0.wp.com\/larevistadigital.com.ar\/blog\/wp-content\/uploads\/Sin-titulo-1-3.jpg?fit=653%2C355&ssl=1&resize=525%2C300 1.5x"},"classes":[]},{"id":46103,"url":"https:\/\/larevistadigital.com.ar\/blog\/detuvieron-en-chascomus-a-un-joven-acusado-por-el-robo-de-una-motocicleta\/","url_meta":{"origin":47184,"position":3},"title":"Detuvieron en Chascom\u00fas a un joven acusado por el robo de una motocicleta","author":"Alejandro Sosa Ruda","date":"10 junio, 2026","format":false,"excerpt":"10 de junio de 2026 CHASCOM\u00daS -\u00a0 \u00a0Personal de la Estaci\u00f3n de Polic\u00eda Comunal de Chascom\u00fas concret\u00f3 la detenci\u00f3n de un joven de 20 a\u00f1os acusado de participar en el robo de una motocicleta, en el marco de una investigaci\u00f3n que tramita ante la Unidad Funcional de Instrucci\u00f3n y Juicio\u2026","rel":"","context":"En \u00abDESTACADAS\u00bb","block_context":{"text":"DESTACADAS","link":"https:\/\/larevistadigital.com.ar\/blog\/category\/destacadas\/"},"img":{"alt_text":"","src":"https:\/\/i0.wp.com\/larevistadigital.com.ar\/blog\/wp-content\/uploads\/WhatsApp-Image-2026-06-10-at-07.02.24.jpg?fit=1007%2C1200&ssl=1&resize=350%2C200","width":350,"height":200,"srcset":"https:\/\/i0.wp.com\/larevistadigital.com.ar\/blog\/wp-content\/uploads\/WhatsApp-Image-2026-06-10-at-07.02.24.jpg?fit=1007%2C1200&ssl=1&resize=350%2C200 1x, https:\/\/i0.wp.com\/larevistadigital.com.ar\/blog\/wp-content\/uploads\/WhatsApp-Image-2026-06-10-at-07.02.24.jpg?fit=1007%2C1200&ssl=1&resize=525%2C300 1.5x, https:\/\/i0.wp.com\/larevistadigital.com.ar\/blog\/wp-content\/uploads\/WhatsApp-Image-2026-06-10-at-07.02.24.jpg?fit=1007%2C1200&ssl=1&resize=700%2C400 2x"},"classes":[]},{"id":46767,"url":"https:\/\/larevistadigital.com.ar\/blog\/robaron-en-una-gomeria-de-chascomus-tras-romper-el-vidrio-de-la-puerta\/","url_meta":{"origin":47184,"position":4},"title":"Robaron en una gomer\u00eda de Chascom\u00fas tras romper el vidrio de la puerta","author":"Alejandro Sosa Ruda","date":"28 julio, 2026","format":false,"excerpt":"El hecho ocurri\u00f3 durante la madrugada en un comercio ubicado sobre la avenida Presidente Alfons\u00edn. Los delincuentes se llevaron dinero en efectivo, una bater\u00eda, una cadena para nieve y un cuchillo. La Polic\u00eda analiza c\u00e1maras de seguridad para intentar identificarlos. 28 de julio de 2026 CHASCOM\u00daS\u00a0 -\u00a0 \u00a0Un nuevo hecho\u2026","rel":"","context":"En \u00abDESTACADAS\u00bb","block_context":{"text":"DESTACADAS","link":"https:\/\/larevistadigital.com.ar\/blog\/category\/destacadas\/"},"img":{"alt_text":"","src":"https:\/\/i0.wp.com\/larevistadigital.com.ar\/blog\/wp-content\/uploads\/una-mujer-fue-rescatada-la-policia-la-plata.jpg?fit=1200%2C675&ssl=1&resize=350%2C200","width":350,"height":200,"srcset":"https:\/\/i0.wp.com\/larevistadigital.com.ar\/blog\/wp-content\/uploads\/una-mujer-fue-rescatada-la-policia-la-plata.jpg?fit=1200%2C675&ssl=1&resize=350%2C200 1x, https:\/\/i0.wp.com\/larevistadigital.com.ar\/blog\/wp-content\/uploads\/una-mujer-fue-rescatada-la-policia-la-plata.jpg?fit=1200%2C675&ssl=1&resize=525%2C300 1.5x, https:\/\/i0.wp.com\/larevistadigital.com.ar\/blog\/wp-content\/uploads\/una-mujer-fue-rescatada-la-policia-la-plata.jpg?fit=1200%2C675&ssl=1&resize=700%2C400 2x, https:\/\/i0.wp.com\/larevistadigital.com.ar\/blog\/wp-content\/uploads\/una-mujer-fue-rescatada-la-policia-la-plata.jpg?fit=1200%2C675&ssl=1&resize=1050%2C600 3x"},"classes":[]},{"id":42125,"url":"https:\/\/larevistadigital.com.ar\/blog\/detuvieron-a-un-hombre-acusado-de-abandonar-el-cuerpo-de-una-anciana-en-un-camino-rural-de-general-belgrano\/","url_meta":{"origin":47184,"position":5},"title":"Detuvieron a un hombre acusado de abandonar el cuerpo de una anciana en un camino rural de General Belgrano","author":"Alejandro Sosa Ruda","date":"20 octubre, 2025","format":false,"excerpt":"La v\u00edctima, de 84 a\u00f1os, hab\u00eda sido hallada envuelta en una frazada cerca del Puente El Zapallar. El detenido, de 53 a\u00f1os, era su apoderado y estaba a cargo de su cuidado. 20 de Octubre de 2025 GRAL. BELGRANO -\u00a0 \u00a0Un hombre de 53 a\u00f1os fue detenido en las \u00faltimas\u2026","rel":"","context":"En \u00abPOLICIALES\u00bb","block_context":{"text":"POLICIALES","link":"https:\/\/larevistadigital.com.ar\/blog\/category\/policiales\/"},"img":{"alt_text":"","src":"https:\/\/i0.wp.com\/larevistadigital.com.ar\/blog\/wp-content\/uploads\/99bbe206ef87c9567318d87379d157f8af23583a.jpg?fit=1140%2C734&ssl=1&resize=350%2C200","width":350,"height":200,"srcset":"https:\/\/i0.wp.com\/larevistadigital.com.ar\/blog\/wp-content\/uploads\/99bbe206ef87c9567318d87379d157f8af23583a.jpg?fit=1140%2C734&ssl=1&resize=350%2C200 1x, https:\/\/i0.wp.com\/larevistadigital.com.ar\/blog\/wp-content\/uploads\/99bbe206ef87c9567318d87379d157f8af23583a.jpg?fit=1140%2C734&ssl=1&resize=525%2C300 1.5x, https:\/\/i0.wp.com\/larevistadigital.com.ar\/blog\/wp-content\/uploads\/99bbe206ef87c9567318d87379d157f8af23583a.jpg?fit=1140%2C734&ssl=1&resize=700%2C400 2x, https:\/\/i0.wp.com\/larevistadigital.com.ar\/blog\/wp-content\/uploads\/99bbe206ef87c9567318d87379d157f8af23583a.jpg?fit=1140%2C734&ssl=1&resize=1050%2C600 3x"},"classes":[]}],"_links":{"self":[{"href":"https:\/\/larevistadigital.com.ar\/blog\/wp-json\/wp\/v2\/posts\/47184","targetHints":{"allow":["GET"]}}],"collection":[{"href":"https:\/\/larevistadigital.com.ar\/blog\/wp-json\/wp\/v2\/posts"}],"about":[{"href":"https:\/\/larevistadigital.com.ar\/blog\/wp-json\/wp\/v2\/types\/post"}],"author":[{"embeddable":true,"href":"https:\/\/larevistadigital.com.ar\/blog\/wp-json\/wp\/v2\/users\/3"}],"replies":[{"embeddable":true,"href":"https:\/\/larevistadigital.com.ar\/blog\/wp-json\/wp\/v2\/comments?post=47184"}],"version-history":[{"count":1,"href":"https:\/\/larevistadigital.com.ar\/blog\/wp-json\/wp\/v2\/posts\/47184\/revisions"}],"predecessor-version":[{"id":47186,"href":"https:\/\/larevistadigital.com.ar\/blog\/wp-json\/wp\/v2\/posts\/47184\/revisions\/47186"}],"wp:featuredmedia":[{"embeddable":true,"href":"https:\/\/larevistadigital.com.ar\/blog\/wp-json\/wp\/v2\/media\/47185"}],"wp:attachment":[{"href":"https:\/\/larevistadigital.com.ar\/blog\/wp-json\/wp\/v2\/media?parent=47184"}],"wp:term":[{"taxonomy":"category","embeddable":true,"href":"https:\/\/larevistadigital.com.ar\/blog\/wp-json\/wp\/v2\/categories?post=47184"},{"taxonomy":"post_tag","embeddable":true,"href":"https:\/\/larevistadigital.com.ar\/blog\/wp-json\/wp\/v2\/tags?post=47184"}],"curies":[{"name":"wp","href":"https:\/\/api.w.org\/{rel}","templated":true}]}}