{"id":47187,"date":"2026-09-06T01:12:21","date_gmt":"2026-09-06T04:12:21","guid":{"rendered":"https:\/\/larevistadigital.com.ar\/blog\/?p=47187"},"modified":"2026-09-06T01:12:21","modified_gmt":"2026-09-06T04:12:21","slug":"grabo-a-su-esposa-con-un-robot-aspirador-para-descubrir-una-infidelidad-y-termino-en-prision","status":"publish","type":"post","link":"https:\/\/larevistadigital.com.ar\/blog\/grabo-a-su-esposa-con-un-robot-aspirador-para-descubrir-una-infidelidad-y-termino-en-prision\/","title":{"rendered":"Grab\u00f3 a su esposa con un robot aspirador para descubrir una infidelidad y termin\u00f3 en prisi\u00f3n"},"content":{"rendered":"<h3 class=\"isSelectedEnd\">Un hombre de Taiw\u00e1n utiliz\u00f3 de manera remota la c\u00e1mara de un robot aspirador para registrar a su esposa junto a otro hombre. Las im\u00e1genes le sirvieron inicialmente en una demanda civil, pero luego fue condenado a cinco meses de prisi\u00f3n por violar la privacidad de la mujer.<\/h3>\n<p>06 de septiembre de 2026<\/p>\n<p class=\"isSelectedEnd\">La tecnolog\u00eda que utiliz\u00f3 para descubrir una presunta infidelidad termin\u00f3 convirti\u00e9ndose en la prueba que lo llev\u00f3 a una condena.<\/p>\n<blockquote>\n<h3 class=\"isSelectedEnd\">El caso ocurri\u00f3 en <strong>Taiw\u00e1n<\/strong>, donde un hombre fue condenado a cinco meses de prisi\u00f3n despu\u00e9s de utilizar la c\u00e1mara incorporada en un robot aspirador para grabar sin consentimiento a su esposa dentro de una vivienda.<\/h3>\n<\/blockquote>\n<p class=\"isSelectedEnd\">El hombre hab\u00eda comenzado a sospechar de su pareja despu\u00e9s de encontrar objetos que no le pertenec\u00edan y observar, mediante las c\u00e1maras del estacionamiento, que otro hombre hab\u00eda ingresado junto a ella a la vivienda.<\/p>\n<h3><span style=\"color: #ff0000\">El robot como \u201cesp\u00eda\u201d<\/span><\/h3>\n<p class=\"isSelectedEnd\">Meses despu\u00e9s decidi\u00f3 utilizar uno de los dispositivos inteligentes que ten\u00eda en la casa.<\/p>\n<blockquote>\n<h3 class=\"isSelectedEnd\"><strong>Desde su tel\u00e9fono celular activ\u00f3 de manera remota el robot aspirador y utiliz\u00f3 su c\u00e1mara para observar lo que ocurr\u00eda dentro de la vivienda. Al detectar que el otro hombre estaba all\u00ed, comenz\u00f3 a grabar.<\/strong><\/h3>\n<\/blockquote>\n<p class=\"isSelectedEnd\">Las im\u00e1genes registraron a su esposa junto al hombre y tambi\u00e9n escenas de intimidad.<\/p>\n<p class=\"isSelectedEnd\">El material fue utilizado posteriormente como prueba en una demanda civil contra su esposa y el supuesto amante. En ese proceso obtuvo una compensaci\u00f3n econ\u00f3mica, aunque muy inferior a los dos millones de d\u00f3lares taiwaneses que hab\u00eda reclamado.<\/p>\n<p class=\"isSelectedEnd\">Pero la historia tuvo un giro inesperado.<\/p>\n<h3><span style=\"color: #ff0000\">De prueba de infidelidad a prueba en su contra<\/span><\/h3>\n<p class=\"isSelectedEnd\">La esposa present\u00f3 una denuncia contra \u00e9l por haberla grabado sin autorizaci\u00f3n.<\/p>\n<blockquote>\n<h3 class=\"isSelectedEnd\">Durante el proceso penal, el hombre reconoci\u00f3 que hab\u00eda realizado la grabaci\u00f3n, aunque sostuvo que su intenci\u00f3n era proteger sus derechos dentro del matrimonio y obtener pruebas de la relaci\u00f3n.<\/h3>\n<\/blockquote>\n<p class=\"isSelectedEnd\">El tribunal de Taoyuan rechaz\u00f3 ese argumento.<\/p>\n<p class=\"isSelectedEnd\">Los jueces consideraron que la mujer ten\u00eda una <strong>expectativa razonable de privacidad dentro de su propia vivienda<\/strong>, particularmente mientras se encontraba desnuda, y determinaron que el inter\u00e9s del hombre por demostrar una infidelidad no justificaba la grabaci\u00f3n clandestina.<\/p>\n<p class=\"isSelectedEnd\">Finalmente fue condenado a <strong>cinco meses de prisi\u00f3n<\/strong>, aunque la pena puede ser sustituida por el pago de una multa cercana a los 4.000 euros.<\/p>\n<h3><span style=\"color: #ff0000\">El lado oscuro de los dispositivos inteligentes<\/span><\/h3>\n<p class=\"isSelectedEnd\">El caso tambi\u00e9n puso nuevamente sobre la mesa un aspecto cada vez m\u00e1s relevante de la tecnolog\u00eda dom\u00e9stica.<\/p>\n<blockquote>\n<h3 class=\"isSelectedEnd\">Robots aspiradores, c\u00e1maras, asistentes virtuales y otros dispositivos conectados a internet pueden incorporar micr\u00f3fonos, c\u00e1maras y sistemas de control remoto.<\/h3>\n<\/blockquote>\n<p class=\"isSelectedEnd\">Lo que para una persona puede ser simplemente una herramienta para limpiar la casa, tambi\u00e9n puede convertirse en un mecanismo de vigilancia si sus funciones son utilizadas de manera indebida.<\/p>\n<p class=\"isSelectedEnd\">En este caso, el tribunal dej\u00f3 claro que <strong>querer demostrar una infidelidad no habilita a una persona a vulnerar la privacidad de otra<\/strong>.<\/p>\n<p><strong>Fuente: Infobae.<\/strong><\/p>\n","protected":false},"excerpt":{"rendered":"<div class=\"mh-excerpt\"><p>Un hombre de Taiw\u00e1n utiliz\u00f3 de manera remota la c\u00e1mara de un robot aspirador para registrar a su esposa junto a otro hombre. Las im\u00e1genes le sirvieron inicialmente en una demanda civil, pero luego fue <a class=\"mh-excerpt-more\" href=\"https:\/\/larevistadigital.com.ar\/blog\/grabo-a-su-esposa-con-un-robot-aspirador-para-descubrir-una-infidelidad-y-termino-en-prision\/\" title=\"Grab\u00f3 a su esposa con un robot aspirador para descubrir una infidelidad y termin\u00f3 en prisi\u00f3n\">[Leer M\u00e1s]<\/a><\/p>\n<\/div>","protected":false},"author":3,"featured_media":47189,"comment_status":"open","ping_status":"open","sticky":false,"template":"","format":"standard","meta":{"_jetpack_memberships_contains_paid_content":false,"footnotes":"","jetpack_publicize_message":"","jetpack_publicize_feature_enabled":true,"jetpack_social_post_already_shared":true,"jetpack_social_options":{"image_generator_settings":{"template":"highway","default_image_id":0,"font":"","enabled":false},"version":2}},"categories":[50],"tags":[],"class_list":{"0":"post-47187","1":"post","2":"type-post","3":"status-publish","4":"format-standard","5":"has-post-thumbnail","7":"category-interes-general"},"jetpack_publicize_connections":[],"jetpack_featured_media_url":"https:\/\/i0.wp.com\/larevistadigital.com.ar\/blog\/wp-content\/uploads\/Captura-de-pantalla-2026-09-06-011138.jpg?fit=906%2C373&ssl=1","jetpack_sharing_enabled":true,"jetpack_shortlink":"https:\/\/wp.me\/p8qtrQ-ch5","jetpack-related-posts":[{"id":39268,"url":"https:\/\/larevistadigital.com.ar\/blog\/prision-perpetua-para-el-hombre-que-abuso-y-asesino-a-su-hija-de-8-meses\/","url_meta":{"origin":47187,"position":0},"title":"Prisi\u00f3n perpetua para el hombre que abus\u00f3 y asesin\u00f3 a su hija de 8 meses","author":"Alejandro Sosa Ruda","date":"2 abril, 2025","format":false,"excerpt":"Un tribunal de Salta conden\u00f3 a prisi\u00f3n perpetua a un hombre de 33 a\u00f1os por un crimen que estremeci\u00f3 a la comunidad: el abuso y asesinato de su propia hija de tan solo 8 meses. 02 de Abril de 2025 SALTA\u00a0 -\u00a0 El caso sali\u00f3 a la luz el 11\u2026","rel":"","context":"En \u00abINTERES GENERAL\u00bb","block_context":{"text":"INTERES GENERAL","link":"https:\/\/larevistadigital.com.ar\/blog\/category\/interes-general\/"},"img":{"alt_text":"","src":"https:\/\/i0.wp.com\/larevistadigital.com.ar\/blog\/wp-content\/uploads\/2017\/10\/movil-policial-camioneta_02-10-2015.jpg?fit=800%2C476&ssl=1&resize=350%2C200","width":350,"height":200,"srcset":"https:\/\/i0.wp.com\/larevistadigital.com.ar\/blog\/wp-content\/uploads\/2017\/10\/movil-policial-camioneta_02-10-2015.jpg?fit=800%2C476&ssl=1&resize=350%2C200 1x, https:\/\/i0.wp.com\/larevistadigital.com.ar\/blog\/wp-content\/uploads\/2017\/10\/movil-policial-camioneta_02-10-2015.jpg?fit=800%2C476&ssl=1&resize=525%2C300 1.5x, https:\/\/i0.wp.com\/larevistadigital.com.ar\/blog\/wp-content\/uploads\/2017\/10\/movil-policial-camioneta_02-10-2015.jpg?fit=800%2C476&ssl=1&resize=700%2C400 2x"},"classes":[]},{"id":24986,"url":"https:\/\/larevistadigital.com.ar\/blog\/violencia-de-genero-instalo-una-camara-en-la-puerta-de-su-ex-para-vigilarla\/","url_meta":{"origin":47187,"position":1},"title":"VIOLENCIA DE G\u00c9NERO: INSTAL\u00d3 UNA C\u00c1MARA EN LA PUERTA DE SU EX, PARA VIGILARLA","author":"Alejandro Sosa Ruda","date":"6 abril, 2022","format":false,"excerpt":"El hombre, de 53 a\u00f1os, fue condenado a tres a\u00f1os de prisi\u00f3n de ejecuci\u00f3n condicional En Santa Fe, un hombre de 53 a\u00f1os fue condenado a tres a\u00f1os de prisi\u00f3n de ejecuci\u00f3n condicional por delitos cometidos en contexto de violencia de g\u00e9nero, entre ellos haber instalado una c\u00e1mara frente a\u2026","rel":"","context":"En \u00abINTERES GENERAL\u00bb","block_context":{"text":"INTERES GENERAL","link":"https:\/\/larevistadigital.com.ar\/blog\/category\/interes-general\/"},"img":{"alt_text":"","src":"https:\/\/i0.wp.com\/larevistadigital.com.ar\/blog\/wp-content\/uploads\/72bb46fb1eca2bc2deeff9f319595eea3f8f4adf.jpeg?fit=1140%2C760&ssl=1&resize=350%2C200","width":350,"height":200,"srcset":"https:\/\/i0.wp.com\/larevistadigital.com.ar\/blog\/wp-content\/uploads\/72bb46fb1eca2bc2deeff9f319595eea3f8f4adf.jpeg?fit=1140%2C760&ssl=1&resize=350%2C200 1x, https:\/\/i0.wp.com\/larevistadigital.com.ar\/blog\/wp-content\/uploads\/72bb46fb1eca2bc2deeff9f319595eea3f8f4adf.jpeg?fit=1140%2C760&ssl=1&resize=525%2C300 1.5x, https:\/\/i0.wp.com\/larevistadigital.com.ar\/blog\/wp-content\/uploads\/72bb46fb1eca2bc2deeff9f319595eea3f8f4adf.jpeg?fit=1140%2C760&ssl=1&resize=700%2C400 2x, https:\/\/i0.wp.com\/larevistadigital.com.ar\/blog\/wp-content\/uploads\/72bb46fb1eca2bc2deeff9f319595eea3f8f4adf.jpeg?fit=1140%2C760&ssl=1&resize=1050%2C600 3x"},"classes":[]},{"id":23947,"url":"https:\/\/larevistadigital.com.ar\/blog\/revocan-la-prision-domiciliaria-del-hombre-detenido-por-abusar-de-su-bisnieta-de-3-meses\/","url_meta":{"origin":47187,"position":2},"title":"REVOCAN LA PRISI\u00d3N DOMICILIARIA DEL HOMBRE DETENIDO POR ABUSAR DE SU BISNIETA DE 3 MESES","author":"Alejandro Sosa Ruda","date":"12 febrero, 2022","format":false,"excerpt":"El jueves pasado cuando la Polic\u00eda Bonaerense detuvo a un hombre de 63 a\u00f1os acusado de haber abusado sexualmente de su bisnieta de tres meses, uno de los datos que emergi\u00f3 r\u00e1pidamente entre los investigadores era que en esa casa el imputado cumpl\u00eda prisi\u00f3n domiciliaria por una causa previa, tambi\u00e9n\u2026","rel":"","context":"En \u00abINTERES GENERAL\u00bb","block_context":{"text":"INTERES GENERAL","link":"https:\/\/larevistadigital.com.ar\/blog\/category\/interes-general\/"},"img":{"alt_text":"","src":"https:\/\/i0.wp.com\/larevistadigital.com.ar\/blog\/wp-content\/uploads\/20220211154836_tribunal-oral-federal-mar-del-plata.jpg?fit=880%2C512&ssl=1&resize=350%2C200","width":350,"height":200,"srcset":"https:\/\/i0.wp.com\/larevistadigital.com.ar\/blog\/wp-content\/uploads\/20220211154836_tribunal-oral-federal-mar-del-plata.jpg?fit=880%2C512&ssl=1&resize=350%2C200 1x, https:\/\/i0.wp.com\/larevistadigital.com.ar\/blog\/wp-content\/uploads\/20220211154836_tribunal-oral-federal-mar-del-plata.jpg?fit=880%2C512&ssl=1&resize=525%2C300 1.5x, https:\/\/i0.wp.com\/larevistadigital.com.ar\/blog\/wp-content\/uploads\/20220211154836_tribunal-oral-federal-mar-del-plata.jpg?fit=880%2C512&ssl=1&resize=700%2C400 2x"},"classes":[]},{"id":10307,"url":"https:\/\/larevistadigital.com.ar\/blog\/15-anos-de-prision-para-jorge-lantano-por-el-homicidio-de-raul-onnainty\/","url_meta":{"origin":47187,"position":3},"title":"15 A\u00d1OS DE PRISI\u00d3N PARA JORGE LANTA\u00d1O, POR EL HOMICIDIO DE RA\u00daL ONNAINTY","author":"Alejandro Sosa Ruda","date":"24 mayo, 2019","format":false,"excerpt":"El Tribunal que juzg\u00f3 el homicidio del comerciante y ex campe\u00f3n mundial de pelota paleta, Ra\u00fal Onnainty ocurrido en el mes de agosto de 2013 en Chascom\u00fas, conden\u00f3 a Jorge Lanta\u00f1o a 15 a\u00f1os de prisi\u00f3n. Ayer se conoci\u00f3 el veredicto, luego que la semana pasada finalizaran los alegatos del\u2026","rel":"","context":"En \u00abDESTACADAS\u00bb","block_context":{"text":"DESTACADAS","link":"https:\/\/larevistadigital.com.ar\/blog\/category\/destacadas\/"},"img":{"alt_text":"","src":"https:\/\/i0.wp.com\/larevistadigital.com.ar\/blog\/wp-content\/uploads\/2019\/05\/esposado.jpg?fit=1200%2C748&ssl=1&resize=350%2C200","width":350,"height":200,"srcset":"https:\/\/i0.wp.com\/larevistadigital.com.ar\/blog\/wp-content\/uploads\/2019\/05\/esposado.jpg?fit=1200%2C748&ssl=1&resize=350%2C200 1x, https:\/\/i0.wp.com\/larevistadigital.com.ar\/blog\/wp-content\/uploads\/2019\/05\/esposado.jpg?fit=1200%2C748&ssl=1&resize=525%2C300 1.5x, https:\/\/i0.wp.com\/larevistadigital.com.ar\/blog\/wp-content\/uploads\/2019\/05\/esposado.jpg?fit=1200%2C748&ssl=1&resize=700%2C400 2x, https:\/\/i0.wp.com\/larevistadigital.com.ar\/blog\/wp-content\/uploads\/2019\/05\/esposado.jpg?fit=1200%2C748&ssl=1&resize=1050%2C600 3x"},"classes":[]},{"id":8544,"url":"https:\/\/larevistadigital.com.ar\/blog\/amado-boudou-regresa-a-prision-por-el-caso-ciccone\/","url_meta":{"origin":47187,"position":4},"title":"AMADO BOUDOU REGRESA A PRISI\u00d3N POR EL CASO CICCONE","author":"Alejandro Sosa Ruda","date":"18 febrero, 2019","format":false,"excerpt":"Esto sucede a ra\u00edz de un fallo de la C\u00e1mara de Casaci\u00f3n. La C\u00e1mara Federal de Casaci\u00f3n Penal orden\u00f3 este lunes volver a detener al ex vicepresidente Amado Boudou en el marco del caso Ciccone. El m\u00e1ximo tribunal penal decidi\u00f3 revocarle a Boudou el beneficio de la excarcelaci\u00f3n tras hacer\u2026","rel":"","context":"En \u00abPOLITICA\u00bb","block_context":{"text":"POLITICA","link":"https:\/\/larevistadigital.com.ar\/blog\/category\/politica\/"},"img":{"alt_text":"","src":"https:\/\/i0.wp.com\/larevistadigital.com.ar\/blog\/wp-content\/uploads\/2019\/02\/amado-boudou_1_jpg_1956802537.jpg_258117318.jpg?fit=829%2C466&ssl=1&resize=350%2C200","width":350,"height":200,"srcset":"https:\/\/i0.wp.com\/larevistadigital.com.ar\/blog\/wp-content\/uploads\/2019\/02\/amado-boudou_1_jpg_1956802537.jpg_258117318.jpg?fit=829%2C466&ssl=1&resize=350%2C200 1x, https:\/\/i0.wp.com\/larevistadigital.com.ar\/blog\/wp-content\/uploads\/2019\/02\/amado-boudou_1_jpg_1956802537.jpg_258117318.jpg?fit=829%2C466&ssl=1&resize=525%2C300 1.5x, https:\/\/i0.wp.com\/larevistadigital.com.ar\/blog\/wp-content\/uploads\/2019\/02\/amado-boudou_1_jpg_1956802537.jpg_258117318.jpg?fit=829%2C466&ssl=1&resize=700%2C400 2x"},"classes":[]},{"id":31214,"url":"https:\/\/larevistadigital.com.ar\/blog\/dolores-fue-condenado-por-abusar-de-los-alumnos-particulares-de-su-esposa-la-mujer-fue-absuelta\/","url_meta":{"origin":47187,"position":5},"title":"DOLORES: FUE CONDENADO POR ABUSAR DE LOS ALUMNOS PARTICULARES DE SU ESPOSA. LA MUJER FUE ABSUELTA","author":"Alejandro Sosa Ruda","date":"24 abril, 2023","format":false,"excerpt":"Esteban Sosa abus\u00f3 de ni\u00f1os que ten\u00edan entre 6 y 10 a\u00f1os y concurr\u00edan a su casa para tomar clases particulares con su esposa, no qued\u00f3 acreditada la participaci\u00f3n de la mujer. 24 de abril de 2023 DOLORES -\u00a0 El Tribunal Oral N\u00ba 1 dict\u00f3 la sentencia en el caso\u2026","rel":"","context":"En \u00abDOLORES\u00bb","block_context":{"text":"DOLORES","link":"https:\/\/larevistadigital.com.ar\/blog\/category\/dolores\/"},"img":{"alt_text":"","src":"https:\/\/i0.wp.com\/larevistadigital.com.ar\/blog\/wp-content\/uploads\/1a0f30622921843faa2c9781eb37b3e59202a671.jpg?fit=1140%2C684&ssl=1&resize=350%2C200","width":350,"height":200,"srcset":"https:\/\/i0.wp.com\/larevistadigital.com.ar\/blog\/wp-content\/uploads\/1a0f30622921843faa2c9781eb37b3e59202a671.jpg?fit=1140%2C684&ssl=1&resize=350%2C200 1x, https:\/\/i0.wp.com\/larevistadigital.com.ar\/blog\/wp-content\/uploads\/1a0f30622921843faa2c9781eb37b3e59202a671.jpg?fit=1140%2C684&ssl=1&resize=525%2C300 1.5x, https:\/\/i0.wp.com\/larevistadigital.com.ar\/blog\/wp-content\/uploads\/1a0f30622921843faa2c9781eb37b3e59202a671.jpg?fit=1140%2C684&ssl=1&resize=700%2C400 2x, https:\/\/i0.wp.com\/larevistadigital.com.ar\/blog\/wp-content\/uploads\/1a0f30622921843faa2c9781eb37b3e59202a671.jpg?fit=1140%2C684&ssl=1&resize=1050%2C600 3x"},"classes":[]}],"_links":{"self":[{"href":"https:\/\/larevistadigital.com.ar\/blog\/wp-json\/wp\/v2\/posts\/47187","targetHints":{"allow":["GET"]}}],"collection":[{"href":"https:\/\/larevistadigital.com.ar\/blog\/wp-json\/wp\/v2\/posts"}],"about":[{"href":"https:\/\/larevistadigital.com.ar\/blog\/wp-json\/wp\/v2\/types\/post"}],"author":[{"embeddable":true,"href":"https:\/\/larevistadigital.com.ar\/blog\/wp-json\/wp\/v2\/users\/3"}],"replies":[{"embeddable":true,"href":"https:\/\/larevistadigital.com.ar\/blog\/wp-json\/wp\/v2\/comments?post=47187"}],"version-history":[{"count":1,"href":"https:\/\/larevistadigital.com.ar\/blog\/wp-json\/wp\/v2\/posts\/47187\/revisions"}],"predecessor-version":[{"id":47190,"href":"https:\/\/larevistadigital.com.ar\/blog\/wp-json\/wp\/v2\/posts\/47187\/revisions\/47190"}],"wp:featuredmedia":[{"embeddable":true,"href":"https:\/\/larevistadigital.com.ar\/blog\/wp-json\/wp\/v2\/media\/47189"}],"wp:attachment":[{"href":"https:\/\/larevistadigital.com.ar\/blog\/wp-json\/wp\/v2\/media?parent=47187"}],"wp:term":[{"taxonomy":"category","embeddable":true,"href":"https:\/\/larevistadigital.com.ar\/blog\/wp-json\/wp\/v2\/categories?post=47187"},{"taxonomy":"post_tag","embeddable":true,"href":"https:\/\/larevistadigital.com.ar\/blog\/wp-json\/wp\/v2\/tags?post=47187"}],"curies":[{"name":"wp","href":"https:\/\/api.w.org\/{rel}","templated":true}]}}